{"id":89932,"date":"2021-12-20T12:17:21","date_gmt":"2021-12-20T11:17:21","guid":{"rendered":"https:\/\/territorialchallenges.com\/?p=89932"},"modified":"2022-05-02T21:53:30","modified_gmt":"2022-05-02T19:53:30","slug":"afrique-la-suede-soutient-un-projet-de-gestion-des-dechets-au-nigeria","status":"publish","type":"post","link":"https:\/\/territorialchallenges.com\/es\/2021\/12\/20\/afrique-la-suede-soutient-un-projet-de-gestion-des-dechets-au-nigeria\/89932\/","title":{"rendered":"\u00c1frica: Suecia apoya un proyecto de gesti\u00f3n de residuos en Nigeria"},"content":{"rendered":"<p>El gobierno sueco, a trav\u00e9s de su plataforma de exportaci\u00f3n Smart City Sweden, ha aprobado apoyo financiero para el proyecto de gesti\u00f3n de residuos en Karu, una ciudad de m\u00e1s de 162.000 habitantes en el estado de Nasarawa, Nigeria. El proyecto propuesto busca reducir la cantidad de residuos que se depositan en vertederos y vertederos en\u2026 <\/p>\n<div class=\"pmpro_content_message\">Art\u00edculo disponible s\u00f3lo para suscriptores.<br \/><a href=\"https:\/\/territorialchallenges.com\/wp-login.php\">Acceso<\/a><br \/><a href=\"https:\/\/territorialchallenges.com\/es\/wp-login.php\/?action=register\">Registro<\/a><\/div>","protected":false},"excerpt":{"rendered":"<p>Le gouvernement su\u00e9dois a approuv\u00e9 par le biais de sa plateforme d&rsquo;exportation Smart City Sweden, un soutien financier au projet de gestion des d\u00e9chets de Karu, localit\u00e9 de plus de 162000 habitants, dans l&rsquo;\u00c9tat de Nasarawa au Nig\u00e9ria. Le projet propos\u00e9 vise \u00e0 r\u00e9duire la quantit\u00e9 de d\u00e9chets destin\u00e9s \u00e0 l&rsquo;enfouissement et au d\u00e9versement \u00e0... <\/p>\n<div class=\"pmpro_content_message\">Art\u00edculo disponible s\u00f3lo para suscriptores.<br \/><a href=\"https:\/\/territorialchallenges.com\/wp-login.php\">Acceso<\/a><br \/><a href=\"https:\/\/territorialchallenges.com\/es\/wp-login.php\/?action=register\">Registro<\/a><\/div>","protected":false},"author":11,"featured_media":89933,"comment_status":"open","ping_status":"open","sticky":true,"template":"","format":"standard","meta":{"pmpro_default_level":0,"footnotes":""},"categories":[19,124],"tags":[],"blocksy_meta":"","yoast_head":"<!-- This site is optimized with the Yoast SEO plugin v21.5 - https:\/\/yoast.com\/wordpress\/plugins\/seo\/ -->\n<title>Afrique : La Su\u00e8de soutient un projet de gestion des d\u00e9chets au Nig\u00e9ria - Territorial Challenges<\/title>\n<meta name=\"robots\" content=\"index, follow, max-snippet:-1, max-image-preview:large, max-video-preview:-1\" \/>\n<link rel=\"canonical\" href=\"https:\/\/territorialchallenges.com\/es\/2021\/12\/20\/afrique-la-suede-soutient-un-projet-de-gestion-des-dechets-au-nigeria\/89932\/\" \/>\n<meta property=\"og:locale\" content=\"es_ES\" \/>\n<meta property=\"og:type\" content=\"article\" \/>\n<meta property=\"og:title\" content=\"Afrique : La Su\u00e8de soutient un projet de gestion des d\u00e9chets au Nig\u00e9ria - Territorial Challenges\" \/>\n<meta property=\"og:description\" content=\"Le gouvernement su\u00e9dois a approuv\u00e9 par le biais de sa plateforme d&rsquo;exportation Smart City Sweden, un soutien financier au projet de gestion des d\u00e9chets de Karu, localit\u00e9 de plus de 162000 habitants, dans l&rsquo;\u00c9tat de Nasarawa au Nig\u00e9ria. Le projet propos\u00e9 vise \u00e0 r\u00e9duire la quantit\u00e9 de d\u00e9chets destin\u00e9s \u00e0 l&rsquo;enfouissement et au d\u00e9versement \u00e0 [&hellip;]\" \/>\n<meta property=\"og:url\" content=\"https:\/\/territorialchallenges.com\/es\/2021\/12\/20\/afrique-la-suede-soutient-un-projet-de-gestion-des-dechets-au-nigeria\/89932\/\" \/>\n<meta property=\"og:site_name\" content=\"Territorial Challenges\" \/>\n<meta property=\"article:published_time\" content=\"2021-12-20T11:17:21+00:00\" \/>\n<meta property=\"article:modified_time\" content=\"2022-05-02T19:53:30+00:00\" \/>\n<meta property=\"og:image\" content=\"https:\/\/territorialchallenges.com\/wp-content\/uploads\/2021\/03\/smaertcitieskaruafricaimage.jpg\" \/>\n\t<meta property=\"og:image:width\" content=\"1280\" \/>\n\t<meta property=\"og:image:height\" content=\"564\" \/>\n\t<meta property=\"og:image:type\" content=\"image\/jpeg\" \/>\n<meta name=\"author\" content=\"ni.abdi\" \/>\n<meta name=\"twitter:card\" content=\"summary_large_image\" \/>\n<meta name=\"twitter:creator\" content=\"@Ni.abdi\" \/>\n<meta name=\"twitter:label1\" content=\"Escrito por\" \/>\n\t<meta name=\"twitter:data1\" content=\"ni.abdi\" \/>\n\t<meta name=\"twitter:label2\" content=\"Tiempo de lectura\" \/>\n\t<meta name=\"twitter:data2\" content=\"5 minutos\" \/>\n<script type=\"application\/ld+json\" class=\"yoast-schema-graph\">{\"@context\":\"https:\/\/schema.org\",\"@graph\":[{\"@type\":\"Article\",\"@id\":\"https:\/\/territorialchallenges.com\/2021\/12\/20\/afrique-la-suede-soutient-un-projet-de-gestion-des-dechets-au-nigeria\/89932\/#article\",\"isPartOf\":{\"@id\":\"https:\/\/territorialchallenges.com\/2021\/12\/20\/afrique-la-suede-soutient-un-projet-de-gestion-des-dechets-au-nigeria\/89932\/\"},\"author\":{\"name\":\"ni.abdi\",\"@id\":\"https:\/\/territorialchallenges.com\/#\/schema\/person\/098f145c7c61a021c425e010f840080f\"},\"headline\":\"Afrique : La Su\u00e8de soutient un projet de gestion des d\u00e9chets au Nig\u00e9ria\",\"datePublished\":\"2021-12-20T11:17:21+00:00\",\"dateModified\":\"2022-05-02T19:53:30+00:00\",\"mainEntityOfPage\":{\"@id\":\"https:\/\/territorialchallenges.com\/2021\/12\/20\/afrique-la-suede-soutient-un-projet-de-gestion-des-dechets-au-nigeria\/89932\/\"},\"wordCount\":960,\"commentCount\":0,\"publisher\":{\"@id\":\"https:\/\/territorialchallenges.com\/#organization\"},\"articleSection\":[\"Territoires Intelligents\",\"Actualit\u00e9 internationale\"],\"inLanguage\":\"es\"},{\"@type\":\"WebPage\",\"@id\":\"https:\/\/territorialchallenges.com\/2021\/12\/20\/afrique-la-suede-soutient-un-projet-de-gestion-des-dechets-au-nigeria\/89932\/\",\"url\":\"https:\/\/territorialchallenges.com\/2021\/12\/20\/afrique-la-suede-soutient-un-projet-de-gestion-des-dechets-au-nigeria\/89932\/\",\"name\":\"Afrique : La Su\u00e8de soutient un projet de gestion des d\u00e9chets au Nig\u00e9ria - Territorial Challenges\",\"isPartOf\":{\"@id\":\"https:\/\/territorialchallenges.com\/#website\"},\"datePublished\":\"2021-12-20T11:17:21+00:00\",\"dateModified\":\"2022-05-02T19:53:30+00:00\",\"breadcrumb\":{\"@id\":\"https:\/\/territorialchallenges.com\/2021\/12\/20\/afrique-la-suede-soutient-un-projet-de-gestion-des-dechets-au-nigeria\/89932\/#breadcrumb\"},\"inLanguage\":\"es\",\"potentialAction\":[{\"@type\":\"ReadAction\",\"target\":[\"https:\/\/territorialchallenges.com\/2021\/12\/20\/afrique-la-suede-soutient-un-projet-de-gestion-des-dechets-au-nigeria\/89932\/\"]}]},{\"@type\":\"BreadcrumbList\",\"@id\":\"https:\/\/territorialchallenges.com\/2021\/12\/20\/afrique-la-suede-soutient-un-projet-de-gestion-des-dechets-au-nigeria\/89932\/#breadcrumb\",\"itemListElement\":[{\"@type\":\"ListItem\",\"position\":1,\"name\":\"Home\",\"item\":\"https:\/\/territorialchallenges.com\/\"},{\"@type\":\"ListItem\",\"position\":2,\"name\":\"Afrique : La Su\u00e8de soutient un projet de gestion des d\u00e9chets au Nig\u00e9ria\"}]},{\"@type\":\"WebSite\",\"@id\":\"https:\/\/territorialchallenges.com\/#website\",\"url\":\"https:\/\/territorialchallenges.com\/\",\"name\":\"Territorial Challenges\",\"description\":\"Veille Internationale - Strat\u00e9gie Intelligentes - Bonnes pratiques\",\"publisher\":{\"@id\":\"https:\/\/territorialchallenges.com\/#organization\"},\"potentialAction\":[{\"@type\":\"SearchAction\",\"target\":{\"@type\":\"EntryPoint\",\"urlTemplate\":\"https:\/\/territorialchallenges.com\/?s={search_term_string}\"},\"query-input\":\"required name=search_term_string\"}],\"inLanguage\":\"es\"},{\"@type\":\"Organization\",\"@id\":\"https:\/\/territorialchallenges.com\/#organization\",\"name\":\"Territorial Challenges\",\"url\":\"https:\/\/territorialchallenges.com\/\",\"logo\":{\"@type\":\"ImageObject\",\"inLanguage\":\"es\",\"@id\":\"https:\/\/territorialchallenges.com\/#\/schema\/logo\/image\/\",\"url\":\"https:\/\/territorialchallenges.com\/wp-content\/uploads\/2023\/10\/logo-1.png\",\"contentUrl\":\"https:\/\/territorialchallenges.com\/wp-content\/uploads\/2023\/10\/logo-1.png\",\"width\":1832,\"height\":576,\"caption\":\"Territorial Challenges\"},\"image\":{\"@id\":\"https:\/\/territorialchallenges.com\/#\/schema\/logo\/image\/\"}},{\"@type\":\"Person\",\"@id\":\"https:\/\/territorialchallenges.com\/#\/schema\/person\/098f145c7c61a021c425e010f840080f\",\"name\":\"ni.abdi\",\"image\":{\"@type\":\"ImageObject\",\"inLanguage\":\"es\",\"@id\":\"https:\/\/territorialchallenges.com\/#\/schema\/person\/image\/\",\"url\":\"https:\/\/secure.gravatar.com\/avatar\/2a2f2491f3c80039986ba989b1e4b510?s=96&d=identicon&r=g\",\"contentUrl\":\"https:\/\/secure.gravatar.com\/avatar\/2a2f2491f3c80039986ba989b1e4b510?s=96&d=identicon&r=g\",\"caption\":\"ni.abdi\"},\"sameAs\":[\"https:\/\/twitter.com\/Ni.abdi\"],\"url\":\"https:\/\/territorialchallenges.com\/es\/author\/ni-abdi\/\"}]}<\/script>\n<!-- \/ Yoast SEO plugin. -->","yoast_head_json":{"title":"Afrique : La Su\u00e8de soutient un projet de gestion des d\u00e9chets au Nig\u00e9ria - Territorial Challenges","robots":{"index":"index","follow":"follow","max-snippet":"max-snippet:-1","max-image-preview":"max-image-preview:large","max-video-preview":"max-video-preview:-1"},"canonical":"https:\/\/territorialchallenges.com\/es\/2021\/12\/20\/afrique-la-suede-soutient-un-projet-de-gestion-des-dechets-au-nigeria\/89932\/","og_locale":"es_ES","og_type":"article","og_title":"Afrique : La Su\u00e8de soutient un projet de gestion des d\u00e9chets au Nig\u00e9ria - Territorial Challenges","og_description":"Le gouvernement su\u00e9dois a approuv\u00e9 par le biais de sa plateforme d&rsquo;exportation Smart City Sweden, un soutien financier au projet de gestion des d\u00e9chets de Karu, localit\u00e9 de plus de 162000 habitants, dans l&rsquo;\u00c9tat de Nasarawa au Nig\u00e9ria. Le projet propos\u00e9 vise \u00e0 r\u00e9duire la quantit\u00e9 de d\u00e9chets destin\u00e9s \u00e0 l&rsquo;enfouissement et au d\u00e9versement \u00e0 [&hellip;]","og_url":"https:\/\/territorialchallenges.com\/es\/2021\/12\/20\/afrique-la-suede-soutient-un-projet-de-gestion-des-dechets-au-nigeria\/89932\/","og_site_name":"Territorial Challenges","article_published_time":"2021-12-20T11:17:21+00:00","article_modified_time":"2022-05-02T19:53:30+00:00","og_image":[{"width":1280,"height":564,"url":"https:\/\/territorialchallenges.com\/wp-content\/uploads\/2021\/03\/smaertcitieskaruafricaimage.jpg","type":"image\/jpeg"}],"author":"ni.abdi","twitter_card":"summary_large_image","twitter_creator":"@Ni.abdi","twitter_misc":{"Escrito por":"ni.abdi","Tiempo de lectura":"5 minutos"},"schema":{"@context":"https:\/\/schema.org","@graph":[{"@type":"Article","@id":"https:\/\/territorialchallenges.com\/2021\/12\/20\/afrique-la-suede-soutient-un-projet-de-gestion-des-dechets-au-nigeria\/89932\/#article","isPartOf":{"@id":"https:\/\/territorialchallenges.com\/2021\/12\/20\/afrique-la-suede-soutient-un-projet-de-gestion-des-dechets-au-nigeria\/89932\/"},"author":{"name":"ni.abdi","@id":"https:\/\/territorialchallenges.com\/#\/schema\/person\/098f145c7c61a021c425e010f840080f"},"headline":"Afrique : La Su\u00e8de soutient un projet de gestion des d\u00e9chets au Nig\u00e9ria","datePublished":"2021-12-20T11:17:21+00:00","dateModified":"2022-05-02T19:53:30+00:00","mainEntityOfPage":{"@id":"https:\/\/territorialchallenges.com\/2021\/12\/20\/afrique-la-suede-soutient-un-projet-de-gestion-des-dechets-au-nigeria\/89932\/"},"wordCount":960,"commentCount":0,"publisher":{"@id":"https:\/\/territorialchallenges.com\/#organization"},"articleSection":["Territoires Intelligents","Actualit\u00e9 internationale"],"inLanguage":"es"},{"@type":"WebPage","@id":"https:\/\/territorialchallenges.com\/2021\/12\/20\/afrique-la-suede-soutient-un-projet-de-gestion-des-dechets-au-nigeria\/89932\/","url":"https:\/\/territorialchallenges.com\/2021\/12\/20\/afrique-la-suede-soutient-un-projet-de-gestion-des-dechets-au-nigeria\/89932\/","name":"Afrique : La Su\u00e8de soutient un projet de gestion des d\u00e9chets au Nig\u00e9ria - Territorial Challenges","isPartOf":{"@id":"https:\/\/territorialchallenges.com\/#website"},"datePublished":"2021-12-20T11:17:21+00:00","dateModified":"2022-05-02T19:53:30+00:00","breadcrumb":{"@id":"https:\/\/territorialchallenges.com\/2021\/12\/20\/afrique-la-suede-soutient-un-projet-de-gestion-des-dechets-au-nigeria\/89932\/#breadcrumb"},"inLanguage":"es","potentialAction":[{"@type":"ReadAction","target":["https:\/\/territorialchallenges.com\/2021\/12\/20\/afrique-la-suede-soutient-un-projet-de-gestion-des-dechets-au-nigeria\/89932\/"]}]},{"@type":"BreadcrumbList","@id":"https:\/\/territorialchallenges.com\/2021\/12\/20\/afrique-la-suede-soutient-un-projet-de-gestion-des-dechets-au-nigeria\/89932\/#breadcrumb","itemListElement":[{"@type":"ListItem","position":1,"name":"Home","item":"https:\/\/territorialchallenges.com\/"},{"@type":"ListItem","position":2,"name":"Afrique : La Su\u00e8de soutient un projet de gestion des d\u00e9chets au Nig\u00e9ria"}]},{"@type":"WebSite","@id":"https:\/\/territorialchallenges.com\/#website","url":"https:\/\/territorialchallenges.com\/","name":"Desaf\u00edos territoriales","description":"Monitoreo Internacional - Estrategias Inteligentes - Mejores Pr\u00e1cticas","publisher":{"@id":"https:\/\/territorialchallenges.com\/#organization"},"potentialAction":[{"@type":"SearchAction","target":{"@type":"EntryPoint","urlTemplate":"https:\/\/territorialchallenges.com\/?s={search_term_string}"},"query-input":"required name=search_term_string"}],"inLanguage":"es"},{"@type":"Organization","@id":"https:\/\/territorialchallenges.com\/#organization","name":"Desaf\u00edos territoriales","url":"https:\/\/territorialchallenges.com\/","logo":{"@type":"ImageObject","inLanguage":"es","@id":"https:\/\/territorialchallenges.com\/#\/schema\/logo\/image\/","url":"https:\/\/territorialchallenges.com\/wp-content\/uploads\/2023\/10\/logo-1.png","contentUrl":"https:\/\/territorialchallenges.com\/wp-content\/uploads\/2023\/10\/logo-1.png","width":1832,"height":576,"caption":"Territorial Challenges"},"image":{"@id":"https:\/\/territorialchallenges.com\/#\/schema\/logo\/image\/"}},{"@type":"Person","@id":"https:\/\/territorialchallenges.com\/#\/schema\/person\/098f145c7c61a021c425e010f840080f","name":"ni.abdi","image":{"@type":"ImageObject","inLanguage":"es","@id":"https:\/\/territorialchallenges.com\/#\/schema\/person\/image\/","url":"https:\/\/secure.gravatar.com\/avatar\/2a2f2491f3c80039986ba989b1e4b510?s=96&d=identicon&r=g","contentUrl":"https:\/\/secure.gravatar.com\/avatar\/2a2f2491f3c80039986ba989b1e4b510?s=96&d=identicon&r=g","caption":"ni.abdi"},"sameAs":["https:\/\/twitter.com\/Ni.abdi"],"url":"https:\/\/territorialchallenges.com\/es\/author\/ni-abdi\/"}]}},"_links":{"self":[{"href":"https:\/\/territorialchallenges.com\/es\/wp-json\/wp\/v2\/posts\/89932"}],"collection":[{"href":"https:\/\/territorialchallenges.com\/es\/wp-json\/wp\/v2\/posts"}],"about":[{"href":"https:\/\/territorialchallenges.com\/es\/wp-json\/wp\/v2\/types\/post"}],"author":[{"embeddable":true,"href":"https:\/\/territorialchallenges.com\/es\/wp-json\/wp\/v2\/users\/11"}],"replies":[{"embeddable":true,"href":"https:\/\/territorialchallenges.com\/es\/wp-json\/wp\/v2\/comments?post=89932"}],"version-history":[{"count":1,"href":"https:\/\/territorialchallenges.com\/es\/wp-json\/wp\/v2\/posts\/89932\/revisions"}],"predecessor-version":[{"id":89937,"href":"https:\/\/territorialchallenges.com\/es\/wp-json\/wp\/v2\/posts\/89932\/revisions\/89937"}],"wp:featuredmedia":[{"embeddable":true,"href":"https:\/\/territorialchallenges.com\/es\/wp-json\/wp\/v2\/media\/89933"}],"wp:attachment":[{"href":"https:\/\/territorialchallenges.com\/es\/wp-json\/wp\/v2\/media?parent=89932"}],"wp:term":[{"taxonomy":"category","embeddable":true,"href":"https:\/\/territorialchallenges.com\/es\/wp-json\/wp\/v2\/categories?post=89932"},{"taxonomy":"post_tag","embeddable":true,"href":"https:\/\/territorialchallenges.com\/es\/wp-json\/wp\/v2\/tags?post=89932"}],"curies":[{"name":"gracias","href":"https:\/\/api.w.org\/{rel}","templated":true}]}}