{"id":89563,"date":"2021-11-25T17:32:49","date_gmt":"2021-11-25T16:32:49","guid":{"rendered":"https:\/\/territorialchallenges.com\/?p=89563"},"modified":"2022-05-02T21:57:09","modified_gmt":"2022-05-02T19:57:09","slug":"lettre-daffection-et-de-soutien-aux-maires-de-france","status":"publish","type":"post","link":"https:\/\/territorialchallenges.com\/es\/2021\/11\/25\/lettre-daffection-et-de-soutien-aux-maires-de-france\/89563\/","title":{"rendered":"Carta de cari\u00f1o y apoyo a los alcaldes de Francia"},"content":{"rendered":"<p>Estimados alcaldes de Francia, comprendo su actual consternaci\u00f3n. Siendo v\u00edctimas de dos flagelos a la vez en su pa\u00eds y estancados en cuanto a soluciones y remedios. En estos tiempos en que deben afrontar simult\u00e1neamente una crisis sanitaria y ciberataques, necesitan... <\/p>\n<div class=\"pmpro_content_message\">Art\u00edculo disponible s\u00f3lo para suscriptores.<br \/><a href=\"https:\/\/territorialchallenges.com\/wp-login.php\">Acceso<\/a><br \/><a href=\"https:\/\/territorialchallenges.com\/es\/wp-login.php\/?action=register\">Registro<\/a><\/div>","protected":false},"excerpt":{"rendered":"<p>Chers Maires de France, Je comprends votre d\u00e9sarroi actuel. Etre victime sur son territoire de deux fl\u00e9aux \u00e0 la fois et \u00eatre paralys\u00e9 en termes de solutions et rem\u00e8des. Dans ces moments o\u00f9 vous devez tout \u00e0 la fois faire front face \u00e0 une crise sanitaire et \u00e0 des attaques informatiques, vous avez besoin de... <\/p>\n<div class=\"pmpro_content_message\">Art\u00edculo disponible s\u00f3lo para suscriptores.<br \/><a href=\"https:\/\/territorialchallenges.com\/wp-login.php\">Acceso<\/a><br \/><a href=\"https:\/\/territorialchallenges.com\/es\/wp-login.php\/?action=register\">Registro<\/a><\/div>","protected":false},"author":11,"featured_media":89565,"comment_status":"open","ping_status":"open","sticky":true,"template":"","format":"standard","meta":{"pmpro_default_level":0,"footnotes":""},"categories":[130,117],"tags":[],"blocksy_meta":"","yoast_head":"<!-- This site is optimized with the Yoast SEO plugin v21.5 - https:\/\/yoast.com\/wordpress\/plugins\/seo\/ -->\n<title>Lettre d&#039;affection et de soutien aux maires de France - Territorial Challenges<\/title>\n<meta name=\"robots\" content=\"index, follow, max-snippet:-1, max-image-preview:large, max-video-preview:-1\" \/>\n<link rel=\"canonical\" href=\"https:\/\/territorialchallenges.com\/es\/2021\/11\/25\/lettre-daffection-et-de-soutien-aux-maires-de-france\/89563\/\" \/>\n<meta property=\"og:locale\" content=\"es_ES\" \/>\n<meta property=\"og:type\" content=\"article\" \/>\n<meta property=\"og:title\" content=\"Lettre d&#039;affection et de soutien aux maires de France - Territorial Challenges\" \/>\n<meta property=\"og:description\" content=\"Chers Maires de France, Je comprends votre d\u00e9sarroi actuel. Etre victime sur son territoire de deux fl\u00e9aux \u00e0 la fois et \u00eatre paralys\u00e9 en termes de solutions et rem\u00e8des. Dans ces moments o\u00f9 vous devez tout \u00e0 la fois faire front face \u00e0 une crise sanitaire et \u00e0 des attaques informatiques, vous avez besoin de [&hellip;]\" \/>\n<meta property=\"og:url\" content=\"https:\/\/territorialchallenges.com\/es\/2021\/11\/25\/lettre-daffection-et-de-soutien-aux-maires-de-france\/89563\/\" \/>\n<meta property=\"og:site_name\" content=\"Territorial Challenges\" \/>\n<meta property=\"article:published_time\" content=\"2021-11-25T16:32:49+00:00\" \/>\n<meta property=\"article:modified_time\" content=\"2022-05-02T19:57:09+00:00\" \/>\n<meta property=\"og:image\" content=\"https:\/\/territorialchallenges.com\/wp-content\/uploads\/2021\/02\/marianne.jpg\" \/>\n\t<meta property=\"og:image:width\" content=\"920\" \/>\n\t<meta property=\"og:image:height\" content=\"523\" \/>\n\t<meta property=\"og:image:type\" content=\"image\/jpeg\" \/>\n<meta name=\"author\" content=\"ni.abdi\" \/>\n<meta name=\"twitter:card\" content=\"summary_large_image\" \/>\n<meta name=\"twitter:creator\" content=\"@Ni.abdi\" \/>\n<meta name=\"twitter:label1\" content=\"Escrito por\" \/>\n\t<meta name=\"twitter:data1\" content=\"ni.abdi\" \/>\n\t<meta name=\"twitter:label2\" content=\"Tiempo de lectura\" \/>\n\t<meta name=\"twitter:data2\" content=\"3 minutos\" \/>\n<script type=\"application\/ld+json\" class=\"yoast-schema-graph\">{\"@context\":\"https:\/\/schema.org\",\"@graph\":[{\"@type\":\"Article\",\"@id\":\"https:\/\/territorialchallenges.com\/2021\/11\/25\/lettre-daffection-et-de-soutien-aux-maires-de-france\/89563\/#article\",\"isPartOf\":{\"@id\":\"https:\/\/territorialchallenges.com\/2021\/11\/25\/lettre-daffection-et-de-soutien-aux-maires-de-france\/89563\/\"},\"author\":{\"name\":\"ni.abdi\",\"@id\":\"https:\/\/territorialchallenges.com\/#\/schema\/person\/098f145c7c61a021c425e010f840080f\"},\"headline\":\"Lettre d&rsquo;affection et de soutien aux maires de France\",\"datePublished\":\"2021-11-25T16:32:49+00:00\",\"dateModified\":\"2022-05-02T19:57:09+00:00\",\"mainEntityOfPage\":{\"@id\":\"https:\/\/territorialchallenges.com\/2021\/11\/25\/lettre-daffection-et-de-soutien-aux-maires-de-france\/89563\/\"},\"wordCount\":702,\"commentCount\":0,\"publisher\":{\"@id\":\"https:\/\/territorialchallenges.com\/#organization\"},\"articleSection\":[\"R\u00e9flexion faite\",\"\u00c9cosyst\u00e8me\"],\"inLanguage\":\"es\"},{\"@type\":\"WebPage\",\"@id\":\"https:\/\/territorialchallenges.com\/2021\/11\/25\/lettre-daffection-et-de-soutien-aux-maires-de-france\/89563\/\",\"url\":\"https:\/\/territorialchallenges.com\/2021\/11\/25\/lettre-daffection-et-de-soutien-aux-maires-de-france\/89563\/\",\"name\":\"Lettre d'affection et de soutien aux maires de France - Territorial Challenges\",\"isPartOf\":{\"@id\":\"https:\/\/territorialchallenges.com\/#website\"},\"datePublished\":\"2021-11-25T16:32:49+00:00\",\"dateModified\":\"2022-05-02T19:57:09+00:00\",\"breadcrumb\":{\"@id\":\"https:\/\/territorialchallenges.com\/2021\/11\/25\/lettre-daffection-et-de-soutien-aux-maires-de-france\/89563\/#breadcrumb\"},\"inLanguage\":\"es\",\"potentialAction\":[{\"@type\":\"ReadAction\",\"target\":[\"https:\/\/territorialchallenges.com\/2021\/11\/25\/lettre-daffection-et-de-soutien-aux-maires-de-france\/89563\/\"]}]},{\"@type\":\"BreadcrumbList\",\"@id\":\"https:\/\/territorialchallenges.com\/2021\/11\/25\/lettre-daffection-et-de-soutien-aux-maires-de-france\/89563\/#breadcrumb\",\"itemListElement\":[{\"@type\":\"ListItem\",\"position\":1,\"name\":\"Home\",\"item\":\"https:\/\/territorialchallenges.com\/\"},{\"@type\":\"ListItem\",\"position\":2,\"name\":\"Lettre d&rsquo;affection et de soutien aux maires de France\"}]},{\"@type\":\"WebSite\",\"@id\":\"https:\/\/territorialchallenges.com\/#website\",\"url\":\"https:\/\/territorialchallenges.com\/\",\"name\":\"Territorial Challenges\",\"description\":\"Veille Internationale - Strat\u00e9gie Intelligentes - Bonnes pratiques\",\"publisher\":{\"@id\":\"https:\/\/territorialchallenges.com\/#organization\"},\"potentialAction\":[{\"@type\":\"SearchAction\",\"target\":{\"@type\":\"EntryPoint\",\"urlTemplate\":\"https:\/\/territorialchallenges.com\/?s={search_term_string}\"},\"query-input\":\"required name=search_term_string\"}],\"inLanguage\":\"es\"},{\"@type\":\"Organization\",\"@id\":\"https:\/\/territorialchallenges.com\/#organization\",\"name\":\"Territorial Challenges\",\"url\":\"https:\/\/territorialchallenges.com\/\",\"logo\":{\"@type\":\"ImageObject\",\"inLanguage\":\"es\",\"@id\":\"https:\/\/territorialchallenges.com\/#\/schema\/logo\/image\/\",\"url\":\"https:\/\/territorialchallenges.com\/wp-content\/uploads\/2023\/10\/logo-1.png\",\"contentUrl\":\"https:\/\/territorialchallenges.com\/wp-content\/uploads\/2023\/10\/logo-1.png\",\"width\":1832,\"height\":576,\"caption\":\"Territorial Challenges\"},\"image\":{\"@id\":\"https:\/\/territorialchallenges.com\/#\/schema\/logo\/image\/\"}},{\"@type\":\"Person\",\"@id\":\"https:\/\/territorialchallenges.com\/#\/schema\/person\/098f145c7c61a021c425e010f840080f\",\"name\":\"ni.abdi\",\"image\":{\"@type\":\"ImageObject\",\"inLanguage\":\"es\",\"@id\":\"https:\/\/territorialchallenges.com\/#\/schema\/person\/image\/\",\"url\":\"https:\/\/secure.gravatar.com\/avatar\/2a2f2491f3c80039986ba989b1e4b510?s=96&d=identicon&r=g\",\"contentUrl\":\"https:\/\/secure.gravatar.com\/avatar\/2a2f2491f3c80039986ba989b1e4b510?s=96&d=identicon&r=g\",\"caption\":\"ni.abdi\"},\"sameAs\":[\"https:\/\/twitter.com\/Ni.abdi\"],\"url\":\"https:\/\/territorialchallenges.com\/es\/author\/ni-abdi\/\"}]}<\/script>\n<!-- \/ Yoast SEO plugin. -->","yoast_head_json":{"title":"Lettre d'affection et de soutien aux maires de France - Territorial Challenges","robots":{"index":"index","follow":"follow","max-snippet":"max-snippet:-1","max-image-preview":"max-image-preview:large","max-video-preview":"max-video-preview:-1"},"canonical":"https:\/\/territorialchallenges.com\/es\/2021\/11\/25\/lettre-daffection-et-de-soutien-aux-maires-de-france\/89563\/","og_locale":"es_ES","og_type":"article","og_title":"Lettre d'affection et de soutien aux maires de France - Territorial Challenges","og_description":"Chers Maires de France, Je comprends votre d\u00e9sarroi actuel. Etre victime sur son territoire de deux fl\u00e9aux \u00e0 la fois et \u00eatre paralys\u00e9 en termes de solutions et rem\u00e8des. Dans ces moments o\u00f9 vous devez tout \u00e0 la fois faire front face \u00e0 une crise sanitaire et \u00e0 des attaques informatiques, vous avez besoin de [&hellip;]","og_url":"https:\/\/territorialchallenges.com\/es\/2021\/11\/25\/lettre-daffection-et-de-soutien-aux-maires-de-france\/89563\/","og_site_name":"Territorial Challenges","article_published_time":"2021-11-25T16:32:49+00:00","article_modified_time":"2022-05-02T19:57:09+00:00","og_image":[{"width":920,"height":523,"url":"https:\/\/territorialchallenges.com\/wp-content\/uploads\/2021\/02\/marianne.jpg","type":"image\/jpeg"}],"author":"ni.abdi","twitter_card":"summary_large_image","twitter_creator":"@Ni.abdi","twitter_misc":{"Escrito por":"ni.abdi","Tiempo de lectura":"3 minutos"},"schema":{"@context":"https:\/\/schema.org","@graph":[{"@type":"Article","@id":"https:\/\/territorialchallenges.com\/2021\/11\/25\/lettre-daffection-et-de-soutien-aux-maires-de-france\/89563\/#article","isPartOf":{"@id":"https:\/\/territorialchallenges.com\/2021\/11\/25\/lettre-daffection-et-de-soutien-aux-maires-de-france\/89563\/"},"author":{"name":"ni.abdi","@id":"https:\/\/territorialchallenges.com\/#\/schema\/person\/098f145c7c61a021c425e010f840080f"},"headline":"Lettre d&rsquo;affection et de soutien aux maires de France","datePublished":"2021-11-25T16:32:49+00:00","dateModified":"2022-05-02T19:57:09+00:00","mainEntityOfPage":{"@id":"https:\/\/territorialchallenges.com\/2021\/11\/25\/lettre-daffection-et-de-soutien-aux-maires-de-france\/89563\/"},"wordCount":702,"commentCount":0,"publisher":{"@id":"https:\/\/territorialchallenges.com\/#organization"},"articleSection":["R\u00e9flexion faite","\u00c9cosyst\u00e8me"],"inLanguage":"es"},{"@type":"WebPage","@id":"https:\/\/territorialchallenges.com\/2021\/11\/25\/lettre-daffection-et-de-soutien-aux-maires-de-france\/89563\/","url":"https:\/\/territorialchallenges.com\/2021\/11\/25\/lettre-daffection-et-de-soutien-aux-maires-de-france\/89563\/","name":"Lettre d'affection et de soutien aux maires de France - Territorial Challenges","isPartOf":{"@id":"https:\/\/territorialchallenges.com\/#website"},"datePublished":"2021-11-25T16:32:49+00:00","dateModified":"2022-05-02T19:57:09+00:00","breadcrumb":{"@id":"https:\/\/territorialchallenges.com\/2021\/11\/25\/lettre-daffection-et-de-soutien-aux-maires-de-france\/89563\/#breadcrumb"},"inLanguage":"es","potentialAction":[{"@type":"ReadAction","target":["https:\/\/territorialchallenges.com\/2021\/11\/25\/lettre-daffection-et-de-soutien-aux-maires-de-france\/89563\/"]}]},{"@type":"BreadcrumbList","@id":"https:\/\/territorialchallenges.com\/2021\/11\/25\/lettre-daffection-et-de-soutien-aux-maires-de-france\/89563\/#breadcrumb","itemListElement":[{"@type":"ListItem","position":1,"name":"Home","item":"https:\/\/territorialchallenges.com\/"},{"@type":"ListItem","position":2,"name":"Lettre d&rsquo;affection et de soutien aux maires de France"}]},{"@type":"WebSite","@id":"https:\/\/territorialchallenges.com\/#website","url":"https:\/\/territorialchallenges.com\/","name":"Desaf\u00edos territoriales","description":"Monitoreo Internacional - Estrategias Inteligentes - Mejores Pr\u00e1cticas","publisher":{"@id":"https:\/\/territorialchallenges.com\/#organization"},"potentialAction":[{"@type":"SearchAction","target":{"@type":"EntryPoint","urlTemplate":"https:\/\/territorialchallenges.com\/?s={search_term_string}"},"query-input":"required name=search_term_string"}],"inLanguage":"es"},{"@type":"Organization","@id":"https:\/\/territorialchallenges.com\/#organization","name":"Desaf\u00edos territoriales","url":"https:\/\/territorialchallenges.com\/","logo":{"@type":"ImageObject","inLanguage":"es","@id":"https:\/\/territorialchallenges.com\/#\/schema\/logo\/image\/","url":"https:\/\/territorialchallenges.com\/wp-content\/uploads\/2023\/10\/logo-1.png","contentUrl":"https:\/\/territorialchallenges.com\/wp-content\/uploads\/2023\/10\/logo-1.png","width":1832,"height":576,"caption":"Territorial Challenges"},"image":{"@id":"https:\/\/territorialchallenges.com\/#\/schema\/logo\/image\/"}},{"@type":"Person","@id":"https:\/\/territorialchallenges.com\/#\/schema\/person\/098f145c7c61a021c425e010f840080f","name":"ni.abdi","image":{"@type":"ImageObject","inLanguage":"es","@id":"https:\/\/territorialchallenges.com\/#\/schema\/person\/image\/","url":"https:\/\/secure.gravatar.com\/avatar\/2a2f2491f3c80039986ba989b1e4b510?s=96&d=identicon&r=g","contentUrl":"https:\/\/secure.gravatar.com\/avatar\/2a2f2491f3c80039986ba989b1e4b510?s=96&d=identicon&r=g","caption":"ni.abdi"},"sameAs":["https:\/\/twitter.com\/Ni.abdi"],"url":"https:\/\/territorialchallenges.com\/es\/author\/ni-abdi\/"}]}},"_links":{"self":[{"href":"https:\/\/territorialchallenges.com\/es\/wp-json\/wp\/v2\/posts\/89563"}],"collection":[{"href":"https:\/\/territorialchallenges.com\/es\/wp-json\/wp\/v2\/posts"}],"about":[{"href":"https:\/\/territorialchallenges.com\/es\/wp-json\/wp\/v2\/types\/post"}],"author":[{"embeddable":true,"href":"https:\/\/territorialchallenges.com\/es\/wp-json\/wp\/v2\/users\/11"}],"replies":[{"embeddable":true,"href":"https:\/\/territorialchallenges.com\/es\/wp-json\/wp\/v2\/comments?post=89563"}],"version-history":[{"count":1,"href":"https:\/\/territorialchallenges.com\/es\/wp-json\/wp\/v2\/posts\/89563\/revisions"}],"predecessor-version":[{"id":89569,"href":"https:\/\/territorialchallenges.com\/es\/wp-json\/wp\/v2\/posts\/89563\/revisions\/89569"}],"wp:featuredmedia":[{"embeddable":true,"href":"https:\/\/territorialchallenges.com\/es\/wp-json\/wp\/v2\/media\/89565"}],"wp:attachment":[{"href":"https:\/\/territorialchallenges.com\/es\/wp-json\/wp\/v2\/media?parent=89563"}],"wp:term":[{"taxonomy":"category","embeddable":true,"href":"https:\/\/territorialchallenges.com\/es\/wp-json\/wp\/v2\/categories?post=89563"},{"taxonomy":"post_tag","embeddable":true,"href":"https:\/\/territorialchallenges.com\/es\/wp-json\/wp\/v2\/tags?post=89563"}],"curies":[{"name":"gracias","href":"https:\/\/api.w.org\/{rel}","templated":true}]}}