{"id":89491,"date":"2021-11-23T18:01:56","date_gmt":"2021-11-23T17:01:56","guid":{"rendered":"https:\/\/territorialchallenges.com\/?p=89491"},"modified":"2022-05-02T21:58:25","modified_gmt":"2022-05-02T19:58:25","slug":"jusqua-2027-le-marche-mondial-des-compteurs-intelligents-augmentera-de-pres-de-9","status":"publish","type":"post","link":"https:\/\/territorialchallenges.com\/es\/2021\/11\/23\/jusqua-2027-le-marche-mondial-des-compteurs-intelligents-augmentera-de-pres-de-9\/89491\/","title":{"rendered":"El mercado mundial de medidores inteligentes crecer\u00e1 casi un 91% hasta 2027"},"content":{"rendered":"<p>Se espera que el mercado global de medidores inteligentes, valorado en 21.130 millones de d\u00f3lares en 2019, crezca a una tasa de crecimiento anual compuesta (TCAC) del 8,81 % hasta alcanzar los 39.200 millones de d\u00f3lares en 2027, seg\u00fan algunos expertos. Esta importante tasa de crecimiento del mercado se ver\u00e1 impulsada por las iniciativas gubernamentales en las principales econom\u00edas que exigen el uso de medidores inteligentes\u2026 <\/p>\n<div class=\"pmpro_content_message\">Art\u00edculo disponible s\u00f3lo para suscriptores.<br \/><a href=\"https:\/\/territorialchallenges.com\/wp-login.php\">Acceso<\/a><br \/><a href=\"https:\/\/territorialchallenges.com\/es\/wp-login.php\/?action=register\">Registro<\/a><\/div>","protected":false},"excerpt":{"rendered":"<p>Le march\u00e9 mondial des compteurs intelligents, \u00e9valu\u00e9 \u00e0 21,13 milliards de dollars en 2019, devrait cro\u00eetre \u00e0 un TCAC de 8,8%, pour atteindre 39,2 milliards de dollars d&rsquo;ici 2027, selon certains experts. Le taux de croissance significatif du march\u00e9 sera aliment\u00e9 par les initiatives gouvernementales dans les principales \u00e9conomies qui imposent des compteurs intelligents, des... <\/p>\n<div class=\"pmpro_content_message\">Art\u00edculo disponible s\u00f3lo para suscriptores.<br \/><a href=\"https:\/\/territorialchallenges.com\/wp-login.php\">Acceso<\/a><br \/><a href=\"https:\/\/territorialchallenges.com\/es\/wp-login.php\/?action=register\">Registro<\/a><\/div>","protected":false},"author":11,"featured_media":89492,"comment_status":"open","ping_status":"open","sticky":true,"template":"","format":"standard","meta":{"pmpro_default_level":0,"footnotes":""},"categories":[18,124],"tags":[],"blocksy_meta":"","yoast_head":"<!-- This site is optimized with the Yoast SEO plugin v21.5 - https:\/\/yoast.com\/wordpress\/plugins\/seo\/ -->\n<title>Jusqu\u2019\u00e0 2027, le march\u00e9 mondial des compteurs intelligents augmentera de pr\u00e8s de 9% - Territorial Challenges<\/title>\n<meta name=\"robots\" content=\"index, follow, max-snippet:-1, max-image-preview:large, max-video-preview:-1\" \/>\n<link rel=\"canonical\" href=\"https:\/\/territorialchallenges.com\/es\/2021\/11\/23\/jusqua-2027-le-marche-mondial-des-compteurs-intelligents-augmentera-de-pres-de-9\/89491\/\" \/>\n<meta property=\"og:locale\" content=\"es_ES\" \/>\n<meta property=\"og:type\" content=\"article\" \/>\n<meta property=\"og:title\" content=\"Jusqu\u2019\u00e0 2027, le march\u00e9 mondial des compteurs intelligents augmentera de pr\u00e8s de 9% - Territorial Challenges\" \/>\n<meta property=\"og:description\" content=\"Le march\u00e9 mondial des compteurs intelligents, \u00e9valu\u00e9 \u00e0 21,13 milliards de dollars en 2019, devrait cro\u00eetre \u00e0 un TCAC de 8,8%, pour atteindre 39,2 milliards de dollars d&rsquo;ici 2027, selon certains experts. Le taux de croissance significatif du march\u00e9 sera aliment\u00e9 par les initiatives gouvernementales dans les principales \u00e9conomies qui imposent des compteurs intelligents, des [&hellip;]\" \/>\n<meta property=\"og:url\" content=\"https:\/\/territorialchallenges.com\/es\/2021\/11\/23\/jusqua-2027-le-marche-mondial-des-compteurs-intelligents-augmentera-de-pres-de-9\/89491\/\" \/>\n<meta property=\"og:site_name\" content=\"Territorial Challenges\" \/>\n<meta property=\"article:published_time\" content=\"2021-11-23T17:01:56+00:00\" \/>\n<meta property=\"article:modified_time\" content=\"2022-05-02T19:58:25+00:00\" \/>\n<meta property=\"og:image\" content=\"https:\/\/territorialchallenges.com\/wp-content\/uploads\/2021\/02\/smartenergyimage230221.jpg\" \/>\n\t<meta property=\"og:image:width\" content=\"1920\" \/>\n\t<meta property=\"og:image:height\" content=\"1280\" \/>\n\t<meta property=\"og:image:type\" content=\"image\/jpeg\" \/>\n<meta name=\"author\" content=\"ni.abdi\" \/>\n<meta name=\"twitter:card\" content=\"summary_large_image\" \/>\n<meta name=\"twitter:creator\" content=\"@Ni.abdi\" \/>\n<meta name=\"twitter:label1\" content=\"Escrito por\" \/>\n\t<meta name=\"twitter:data1\" content=\"ni.abdi\" \/>\n\t<meta name=\"twitter:label2\" content=\"Tiempo de lectura\" \/>\n\t<meta name=\"twitter:data2\" content=\"2 minutos\" \/>\n<script type=\"application\/ld+json\" class=\"yoast-schema-graph\">{\"@context\":\"https:\/\/schema.org\",\"@graph\":[{\"@type\":\"Article\",\"@id\":\"https:\/\/territorialchallenges.com\/2021\/11\/23\/jusqua-2027-le-marche-mondial-des-compteurs-intelligents-augmentera-de-pres-de-9\/89491\/#article\",\"isPartOf\":{\"@id\":\"https:\/\/territorialchallenges.com\/2021\/11\/23\/jusqua-2027-le-marche-mondial-des-compteurs-intelligents-augmentera-de-pres-de-9\/89491\/\"},\"author\":{\"name\":\"ni.abdi\",\"@id\":\"https:\/\/territorialchallenges.com\/#\/schema\/person\/098f145c7c61a021c425e010f840080f\"},\"headline\":\"Jusqu\u2019\u00e0 2027, le march\u00e9 mondial des compteurs intelligents augmentera de pr\u00e8s de 9%\",\"datePublished\":\"2021-11-23T17:01:56+00:00\",\"dateModified\":\"2022-05-02T19:58:25+00:00\",\"mainEntityOfPage\":{\"@id\":\"https:\/\/territorialchallenges.com\/2021\/11\/23\/jusqua-2027-le-marche-mondial-des-compteurs-intelligents-augmentera-de-pres-de-9\/89491\/\"},\"wordCount\":404,\"commentCount\":0,\"publisher\":{\"@id\":\"https:\/\/territorialchallenges.com\/#organization\"},\"articleSection\":[\"Transition \u00c9nerg\u00e9tique\",\"Actualit\u00e9 internationale\"],\"inLanguage\":\"es\"},{\"@type\":\"WebPage\",\"@id\":\"https:\/\/territorialchallenges.com\/2021\/11\/23\/jusqua-2027-le-marche-mondial-des-compteurs-intelligents-augmentera-de-pres-de-9\/89491\/\",\"url\":\"https:\/\/territorialchallenges.com\/2021\/11\/23\/jusqua-2027-le-marche-mondial-des-compteurs-intelligents-augmentera-de-pres-de-9\/89491\/\",\"name\":\"Jusqu\u2019\u00e0 2027, le march\u00e9 mondial des compteurs intelligents augmentera de pr\u00e8s de 9% - Territorial Challenges\",\"isPartOf\":{\"@id\":\"https:\/\/territorialchallenges.com\/#website\"},\"datePublished\":\"2021-11-23T17:01:56+00:00\",\"dateModified\":\"2022-05-02T19:58:25+00:00\",\"breadcrumb\":{\"@id\":\"https:\/\/territorialchallenges.com\/2021\/11\/23\/jusqua-2027-le-marche-mondial-des-compteurs-intelligents-augmentera-de-pres-de-9\/89491\/#breadcrumb\"},\"inLanguage\":\"es\",\"potentialAction\":[{\"@type\":\"ReadAction\",\"target\":[\"https:\/\/territorialchallenges.com\/2021\/11\/23\/jusqua-2027-le-marche-mondial-des-compteurs-intelligents-augmentera-de-pres-de-9\/89491\/\"]}]},{\"@type\":\"BreadcrumbList\",\"@id\":\"https:\/\/territorialchallenges.com\/2021\/11\/23\/jusqua-2027-le-marche-mondial-des-compteurs-intelligents-augmentera-de-pres-de-9\/89491\/#breadcrumb\",\"itemListElement\":[{\"@type\":\"ListItem\",\"position\":1,\"name\":\"Home\",\"item\":\"https:\/\/territorialchallenges.com\/\"},{\"@type\":\"ListItem\",\"position\":2,\"name\":\"Jusqu\u2019\u00e0 2027, le march\u00e9 mondial des compteurs intelligents augmentera de pr\u00e8s de 9%\"}]},{\"@type\":\"WebSite\",\"@id\":\"https:\/\/territorialchallenges.com\/#website\",\"url\":\"https:\/\/territorialchallenges.com\/\",\"name\":\"Territorial Challenges\",\"description\":\"Veille Internationale - Strat\u00e9gie Intelligentes - Bonnes pratiques\",\"publisher\":{\"@id\":\"https:\/\/territorialchallenges.com\/#organization\"},\"potentialAction\":[{\"@type\":\"SearchAction\",\"target\":{\"@type\":\"EntryPoint\",\"urlTemplate\":\"https:\/\/territorialchallenges.com\/?s={search_term_string}\"},\"query-input\":\"required name=search_term_string\"}],\"inLanguage\":\"es\"},{\"@type\":\"Organization\",\"@id\":\"https:\/\/territorialchallenges.com\/#organization\",\"name\":\"Territorial Challenges\",\"url\":\"https:\/\/territorialchallenges.com\/\",\"logo\":{\"@type\":\"ImageObject\",\"inLanguage\":\"es\",\"@id\":\"https:\/\/territorialchallenges.com\/#\/schema\/logo\/image\/\",\"url\":\"https:\/\/territorialchallenges.com\/wp-content\/uploads\/2023\/10\/logo-1.png\",\"contentUrl\":\"https:\/\/territorialchallenges.com\/wp-content\/uploads\/2023\/10\/logo-1.png\",\"width\":1832,\"height\":576,\"caption\":\"Territorial Challenges\"},\"image\":{\"@id\":\"https:\/\/territorialchallenges.com\/#\/schema\/logo\/image\/\"}},{\"@type\":\"Person\",\"@id\":\"https:\/\/territorialchallenges.com\/#\/schema\/person\/098f145c7c61a021c425e010f840080f\",\"name\":\"ni.abdi\",\"image\":{\"@type\":\"ImageObject\",\"inLanguage\":\"es\",\"@id\":\"https:\/\/territorialchallenges.com\/#\/schema\/person\/image\/\",\"url\":\"https:\/\/secure.gravatar.com\/avatar\/2a2f2491f3c80039986ba989b1e4b510?s=96&d=identicon&r=g\",\"contentUrl\":\"https:\/\/secure.gravatar.com\/avatar\/2a2f2491f3c80039986ba989b1e4b510?s=96&d=identicon&r=g\",\"caption\":\"ni.abdi\"},\"sameAs\":[\"https:\/\/twitter.com\/Ni.abdi\"],\"url\":\"https:\/\/territorialchallenges.com\/es\/author\/ni-abdi\/\"}]}<\/script>\n<!-- \/ Yoast SEO plugin. -->","yoast_head_json":{"title":"Jusqu\u2019\u00e0 2027, le march\u00e9 mondial des compteurs intelligents augmentera de pr\u00e8s de 9% - Territorial Challenges","robots":{"index":"index","follow":"follow","max-snippet":"max-snippet:-1","max-image-preview":"max-image-preview:large","max-video-preview":"max-video-preview:-1"},"canonical":"https:\/\/territorialchallenges.com\/es\/2021\/11\/23\/jusqua-2027-le-marche-mondial-des-compteurs-intelligents-augmentera-de-pres-de-9\/89491\/","og_locale":"es_ES","og_type":"article","og_title":"Jusqu\u2019\u00e0 2027, le march\u00e9 mondial des compteurs intelligents augmentera de pr\u00e8s de 9% - Territorial Challenges","og_description":"Le march\u00e9 mondial des compteurs intelligents, \u00e9valu\u00e9 \u00e0 21,13 milliards de dollars en 2019, devrait cro\u00eetre \u00e0 un TCAC de 8,8%, pour atteindre 39,2 milliards de dollars d&rsquo;ici 2027, selon certains experts. Le taux de croissance significatif du march\u00e9 sera aliment\u00e9 par les initiatives gouvernementales dans les principales \u00e9conomies qui imposent des compteurs intelligents, des [&hellip;]","og_url":"https:\/\/territorialchallenges.com\/es\/2021\/11\/23\/jusqua-2027-le-marche-mondial-des-compteurs-intelligents-augmentera-de-pres-de-9\/89491\/","og_site_name":"Territorial Challenges","article_published_time":"2021-11-23T17:01:56+00:00","article_modified_time":"2022-05-02T19:58:25+00:00","og_image":[{"width":1920,"height":1280,"url":"https:\/\/territorialchallenges.com\/wp-content\/uploads\/2021\/02\/smartenergyimage230221.jpg","type":"image\/jpeg"}],"author":"ni.abdi","twitter_card":"summary_large_image","twitter_creator":"@Ni.abdi","twitter_misc":{"Escrito por":"ni.abdi","Tiempo de lectura":"2 minutos"},"schema":{"@context":"https:\/\/schema.org","@graph":[{"@type":"Article","@id":"https:\/\/territorialchallenges.com\/2021\/11\/23\/jusqua-2027-le-marche-mondial-des-compteurs-intelligents-augmentera-de-pres-de-9\/89491\/#article","isPartOf":{"@id":"https:\/\/territorialchallenges.com\/2021\/11\/23\/jusqua-2027-le-marche-mondial-des-compteurs-intelligents-augmentera-de-pres-de-9\/89491\/"},"author":{"name":"ni.abdi","@id":"https:\/\/territorialchallenges.com\/#\/schema\/person\/098f145c7c61a021c425e010f840080f"},"headline":"Jusqu\u2019\u00e0 2027, le march\u00e9 mondial des compteurs intelligents augmentera de pr\u00e8s de 9%","datePublished":"2021-11-23T17:01:56+00:00","dateModified":"2022-05-02T19:58:25+00:00","mainEntityOfPage":{"@id":"https:\/\/territorialchallenges.com\/2021\/11\/23\/jusqua-2027-le-marche-mondial-des-compteurs-intelligents-augmentera-de-pres-de-9\/89491\/"},"wordCount":404,"commentCount":0,"publisher":{"@id":"https:\/\/territorialchallenges.com\/#organization"},"articleSection":["Transition \u00c9nerg\u00e9tique","Actualit\u00e9 internationale"],"inLanguage":"es"},{"@type":"WebPage","@id":"https:\/\/territorialchallenges.com\/2021\/11\/23\/jusqua-2027-le-marche-mondial-des-compteurs-intelligents-augmentera-de-pres-de-9\/89491\/","url":"https:\/\/territorialchallenges.com\/2021\/11\/23\/jusqua-2027-le-marche-mondial-des-compteurs-intelligents-augmentera-de-pres-de-9\/89491\/","name":"Jusqu\u2019\u00e0 2027, le march\u00e9 mondial des compteurs intelligents augmentera de pr\u00e8s de 9% - Territorial Challenges","isPartOf":{"@id":"https:\/\/territorialchallenges.com\/#website"},"datePublished":"2021-11-23T17:01:56+00:00","dateModified":"2022-05-02T19:58:25+00:00","breadcrumb":{"@id":"https:\/\/territorialchallenges.com\/2021\/11\/23\/jusqua-2027-le-marche-mondial-des-compteurs-intelligents-augmentera-de-pres-de-9\/89491\/#breadcrumb"},"inLanguage":"es","potentialAction":[{"@type":"ReadAction","target":["https:\/\/territorialchallenges.com\/2021\/11\/23\/jusqua-2027-le-marche-mondial-des-compteurs-intelligents-augmentera-de-pres-de-9\/89491\/"]}]},{"@type":"BreadcrumbList","@id":"https:\/\/territorialchallenges.com\/2021\/11\/23\/jusqua-2027-le-marche-mondial-des-compteurs-intelligents-augmentera-de-pres-de-9\/89491\/#breadcrumb","itemListElement":[{"@type":"ListItem","position":1,"name":"Home","item":"https:\/\/territorialchallenges.com\/"},{"@type":"ListItem","position":2,"name":"Jusqu\u2019\u00e0 2027, le march\u00e9 mondial des compteurs intelligents augmentera de pr\u00e8s de 9%"}]},{"@type":"WebSite","@id":"https:\/\/territorialchallenges.com\/#website","url":"https:\/\/territorialchallenges.com\/","name":"Desaf\u00edos territoriales","description":"Monitoreo Internacional - Estrategias Inteligentes - Mejores Pr\u00e1cticas","publisher":{"@id":"https:\/\/territorialchallenges.com\/#organization"},"potentialAction":[{"@type":"SearchAction","target":{"@type":"EntryPoint","urlTemplate":"https:\/\/territorialchallenges.com\/?s={search_term_string}"},"query-input":"required name=search_term_string"}],"inLanguage":"es"},{"@type":"Organization","@id":"https:\/\/territorialchallenges.com\/#organization","name":"Desaf\u00edos territoriales","url":"https:\/\/territorialchallenges.com\/","logo":{"@type":"ImageObject","inLanguage":"es","@id":"https:\/\/territorialchallenges.com\/#\/schema\/logo\/image\/","url":"https:\/\/territorialchallenges.com\/wp-content\/uploads\/2023\/10\/logo-1.png","contentUrl":"https:\/\/territorialchallenges.com\/wp-content\/uploads\/2023\/10\/logo-1.png","width":1832,"height":576,"caption":"Territorial Challenges"},"image":{"@id":"https:\/\/territorialchallenges.com\/#\/schema\/logo\/image\/"}},{"@type":"Person","@id":"https:\/\/territorialchallenges.com\/#\/schema\/person\/098f145c7c61a021c425e010f840080f","name":"ni.abdi","image":{"@type":"ImageObject","inLanguage":"es","@id":"https:\/\/territorialchallenges.com\/#\/schema\/person\/image\/","url":"https:\/\/secure.gravatar.com\/avatar\/2a2f2491f3c80039986ba989b1e4b510?s=96&d=identicon&r=g","contentUrl":"https:\/\/secure.gravatar.com\/avatar\/2a2f2491f3c80039986ba989b1e4b510?s=96&d=identicon&r=g","caption":"ni.abdi"},"sameAs":["https:\/\/twitter.com\/Ni.abdi"],"url":"https:\/\/territorialchallenges.com\/es\/author\/ni-abdi\/"}]}},"_links":{"self":[{"href":"https:\/\/territorialchallenges.com\/es\/wp-json\/wp\/v2\/posts\/89491"}],"collection":[{"href":"https:\/\/territorialchallenges.com\/es\/wp-json\/wp\/v2\/posts"}],"about":[{"href":"https:\/\/territorialchallenges.com\/es\/wp-json\/wp\/v2\/types\/post"}],"author":[{"embeddable":true,"href":"https:\/\/territorialchallenges.com\/es\/wp-json\/wp\/v2\/users\/11"}],"replies":[{"embeddable":true,"href":"https:\/\/territorialchallenges.com\/es\/wp-json\/wp\/v2\/comments?post=89491"}],"version-history":[{"count":1,"href":"https:\/\/territorialchallenges.com\/es\/wp-json\/wp\/v2\/posts\/89491\/revisions"}],"predecessor-version":[{"id":89496,"href":"https:\/\/territorialchallenges.com\/es\/wp-json\/wp\/v2\/posts\/89491\/revisions\/89496"}],"wp:featuredmedia":[{"embeddable":true,"href":"https:\/\/territorialchallenges.com\/es\/wp-json\/wp\/v2\/media\/89492"}],"wp:attachment":[{"href":"https:\/\/territorialchallenges.com\/es\/wp-json\/wp\/v2\/media?parent=89491"}],"wp:term":[{"taxonomy":"category","embeddable":true,"href":"https:\/\/territorialchallenges.com\/es\/wp-json\/wp\/v2\/categories?post=89491"},{"taxonomy":"post_tag","embeddable":true,"href":"https:\/\/territorialchallenges.com\/es\/wp-json\/wp\/v2\/tags?post=89491"}],"curies":[{"name":"gracias","href":"https:\/\/api.w.org\/{rel}","templated":true}]}}