{"id":89244,"date":"2021-11-16T00:14:27","date_gmt":"2021-11-15T23:14:27","guid":{"rendered":"https:\/\/territorialchallenges.com\/?p=89244"},"modified":"2022-05-02T22:01:01","modified_gmt":"2022-05-02T20:01:01","slug":"andalousie-partenariat-gagnant-entre-larmee-et-la-collectivite-de-cordoue","status":"publish","type":"post","link":"https:\/\/territorialchallenges.com\/es\/2021\/11\/16\/andalousie-partenariat-gagnant-entre-larmee-et-la-collectivite-de-cordoue\/89244\/","title":{"rendered":"Andaluc\u00eda: Una alianza ganadora entre el Ej\u00e9rcito y la Comunidad de C\u00f3rdoba"},"content":{"rendered":"<p>A principios de febrero, el Ministerio de Defensa espa\u00f1ol anunci\u00f3 que C\u00f3rdoba hab\u00eda sido seleccionada para el futurista proyecto tecnol\u00f3gico de la base log\u00edstica del Ej\u00e9rcito. Esto ha tenido un impacto directo en la econom\u00eda local, con la creaci\u00f3n de m\u00e1s de 1.600 empleos y el desarrollo de la Industria 4.0, que ha servido de catalizador para otros... <\/p>\n<div class=\"pmpro_content_message\">Art\u00edculo disponible s\u00f3lo para suscriptores.<br \/><a href=\"https:\/\/territorialchallenges.com\/wp-login.php\">Acceso<\/a><br \/><a href=\"https:\/\/territorialchallenges.com\/es\/wp-login.php\/?action=register\">Registro<\/a><\/div>","protected":false},"excerpt":{"rendered":"<p>D\u00e9but f\u00e9vrier, le minist\u00e8re de la D\u00e9fense espagnole a annonc\u00e9 que Cordoue avait \u00e9t\u00e9 retenue pour le projet technologique futuriste de la base logistique de l&rsquo;arm\u00e9e. C\u2019est un impact direct sur l\u2019\u00e9conomie locale, avec la cr\u00e9ation de plus de 1 600 emplois et le d\u00e9veloppement d&rsquo;une industrie 4.0, qui a \u00e9t\u00e9 un catalyseur pour d&rsquo;autres... <\/p>\n<div class=\"pmpro_content_message\">Art\u00edculo disponible s\u00f3lo para suscriptores.<br \/><a href=\"https:\/\/territorialchallenges.com\/wp-login.php\">Acceso<\/a><br \/><a href=\"https:\/\/territorialchallenges.com\/es\/wp-login.php\/?action=register\">Registro<\/a><\/div>","protected":false},"author":11,"featured_media":89245,"comment_status":"open","ping_status":"open","sticky":true,"template":"","format":"standard","meta":{"pmpro_default_level":0,"footnotes":""},"categories":[17,127],"tags":[],"blocksy_meta":"","yoast_head":"<!-- This site is optimized with the Yoast SEO plugin v21.5 - https:\/\/yoast.com\/wordpress\/plugins\/seo\/ -->\n<title>Andalousie : partenariat gagnant entre l\u2019arm\u00e9e et la collectivit\u00e9 de Cordoue - Territorial Challenges<\/title>\n<meta name=\"robots\" content=\"index, follow, max-snippet:-1, max-image-preview:large, max-video-preview:-1\" \/>\n<link rel=\"canonical\" href=\"https:\/\/territorialchallenges.com\/es\/2021\/11\/16\/andalousie-partenariat-gagnant-entre-larmee-et-la-collectivite-de-cordoue\/89244\/\" \/>\n<meta property=\"og:locale\" content=\"es_ES\" \/>\n<meta property=\"og:type\" content=\"article\" \/>\n<meta property=\"og:title\" content=\"Andalousie : partenariat gagnant entre l\u2019arm\u00e9e et la collectivit\u00e9 de Cordoue - Territorial Challenges\" \/>\n<meta property=\"og:description\" content=\"D\u00e9but f\u00e9vrier, le minist\u00e8re de la D\u00e9fense espagnole a annonc\u00e9 que Cordoue avait \u00e9t\u00e9 retenue pour le projet technologique futuriste de la base logistique de l&rsquo;arm\u00e9e. C\u2019est un impact direct sur l\u2019\u00e9conomie locale, avec la cr\u00e9ation de plus de 1 600 emplois et le d\u00e9veloppement d&rsquo;une industrie 4.0, qui a \u00e9t\u00e9 un catalyseur pour d&rsquo;autres [&hellip;]\" \/>\n<meta property=\"og:url\" content=\"https:\/\/territorialchallenges.com\/es\/2021\/11\/16\/andalousie-partenariat-gagnant-entre-larmee-et-la-collectivite-de-cordoue\/89244\/\" \/>\n<meta property=\"og:site_name\" content=\"Territorial Challenges\" \/>\n<meta property=\"article:published_time\" content=\"2021-11-15T23:14:27+00:00\" \/>\n<meta property=\"article:modified_time\" content=\"2022-05-02T20:01:01+00:00\" \/>\n<meta property=\"og:image\" content=\"https:\/\/territorialchallenges.com\/wp-content\/uploads\/2021\/02\/smartindustrycordoba.png\" \/>\n\t<meta property=\"og:image:width\" content=\"624\" \/>\n\t<meta property=\"og:image:height\" content=\"210\" \/>\n\t<meta property=\"og:image:type\" content=\"image\/png\" \/>\n<meta name=\"author\" content=\"ni.abdi\" \/>\n<meta name=\"twitter:card\" content=\"summary_large_image\" \/>\n<meta name=\"twitter:creator\" content=\"@Ni.abdi\" \/>\n<meta name=\"twitter:label1\" content=\"Escrito por\" \/>\n\t<meta name=\"twitter:data1\" content=\"ni.abdi\" \/>\n\t<meta name=\"twitter:label2\" content=\"Tiempo de lectura\" \/>\n\t<meta name=\"twitter:data2\" content=\"3 minutos\" \/>\n<script type=\"application\/ld+json\" class=\"yoast-schema-graph\">{\"@context\":\"https:\/\/schema.org\",\"@graph\":[{\"@type\":\"Article\",\"@id\":\"https:\/\/territorialchallenges.com\/2021\/11\/16\/andalousie-partenariat-gagnant-entre-larmee-et-la-collectivite-de-cordoue\/89244\/#article\",\"isPartOf\":{\"@id\":\"https:\/\/territorialchallenges.com\/2021\/11\/16\/andalousie-partenariat-gagnant-entre-larmee-et-la-collectivite-de-cordoue\/89244\/\"},\"author\":{\"name\":\"ni.abdi\",\"@id\":\"https:\/\/territorialchallenges.com\/#\/schema\/person\/098f145c7c61a021c425e010f840080f\"},\"headline\":\"Andalousie : partenariat gagnant entre l\u2019arm\u00e9e et la collectivit\u00e9 de Cordoue\",\"datePublished\":\"2021-11-15T23:14:27+00:00\",\"dateModified\":\"2022-05-02T20:01:01+00:00\",\"mainEntityOfPage\":{\"@id\":\"https:\/\/territorialchallenges.com\/2021\/11\/16\/andalousie-partenariat-gagnant-entre-larmee-et-la-collectivite-de-cordoue\/89244\/\"},\"wordCount\":730,\"commentCount\":0,\"publisher\":{\"@id\":\"https:\/\/territorialchallenges.com\/#organization\"},\"articleSection\":[\"Industrie 5.0\",\"Actualit\u00e9 Europe\"],\"inLanguage\":\"es\"},{\"@type\":\"WebPage\",\"@id\":\"https:\/\/territorialchallenges.com\/2021\/11\/16\/andalousie-partenariat-gagnant-entre-larmee-et-la-collectivite-de-cordoue\/89244\/\",\"url\":\"https:\/\/territorialchallenges.com\/2021\/11\/16\/andalousie-partenariat-gagnant-entre-larmee-et-la-collectivite-de-cordoue\/89244\/\",\"name\":\"Andalousie : partenariat gagnant entre l\u2019arm\u00e9e et la collectivit\u00e9 de Cordoue - Territorial Challenges\",\"isPartOf\":{\"@id\":\"https:\/\/territorialchallenges.com\/#website\"},\"datePublished\":\"2021-11-15T23:14:27+00:00\",\"dateModified\":\"2022-05-02T20:01:01+00:00\",\"breadcrumb\":{\"@id\":\"https:\/\/territorialchallenges.com\/2021\/11\/16\/andalousie-partenariat-gagnant-entre-larmee-et-la-collectivite-de-cordoue\/89244\/#breadcrumb\"},\"inLanguage\":\"es\",\"potentialAction\":[{\"@type\":\"ReadAction\",\"target\":[\"https:\/\/territorialchallenges.com\/2021\/11\/16\/andalousie-partenariat-gagnant-entre-larmee-et-la-collectivite-de-cordoue\/89244\/\"]}]},{\"@type\":\"BreadcrumbList\",\"@id\":\"https:\/\/territorialchallenges.com\/2021\/11\/16\/andalousie-partenariat-gagnant-entre-larmee-et-la-collectivite-de-cordoue\/89244\/#breadcrumb\",\"itemListElement\":[{\"@type\":\"ListItem\",\"position\":1,\"name\":\"Home\",\"item\":\"https:\/\/territorialchallenges.com\/\"},{\"@type\":\"ListItem\",\"position\":2,\"name\":\"Andalousie : partenariat gagnant entre l\u2019arm\u00e9e et la collectivit\u00e9 de Cordoue\"}]},{\"@type\":\"WebSite\",\"@id\":\"https:\/\/territorialchallenges.com\/#website\",\"url\":\"https:\/\/territorialchallenges.com\/\",\"name\":\"Territorial Challenges\",\"description\":\"Veille Internationale - Strat\u00e9gie Intelligentes - Bonnes pratiques\",\"publisher\":{\"@id\":\"https:\/\/territorialchallenges.com\/#organization\"},\"potentialAction\":[{\"@type\":\"SearchAction\",\"target\":{\"@type\":\"EntryPoint\",\"urlTemplate\":\"https:\/\/territorialchallenges.com\/?s={search_term_string}\"},\"query-input\":\"required name=search_term_string\"}],\"inLanguage\":\"es\"},{\"@type\":\"Organization\",\"@id\":\"https:\/\/territorialchallenges.com\/#organization\",\"name\":\"Territorial Challenges\",\"url\":\"https:\/\/territorialchallenges.com\/\",\"logo\":{\"@type\":\"ImageObject\",\"inLanguage\":\"es\",\"@id\":\"https:\/\/territorialchallenges.com\/#\/schema\/logo\/image\/\",\"url\":\"https:\/\/territorialchallenges.com\/wp-content\/uploads\/2023\/10\/logo-1.png\",\"contentUrl\":\"https:\/\/territorialchallenges.com\/wp-content\/uploads\/2023\/10\/logo-1.png\",\"width\":1832,\"height\":576,\"caption\":\"Territorial Challenges\"},\"image\":{\"@id\":\"https:\/\/territorialchallenges.com\/#\/schema\/logo\/image\/\"}},{\"@type\":\"Person\",\"@id\":\"https:\/\/territorialchallenges.com\/#\/schema\/person\/098f145c7c61a021c425e010f840080f\",\"name\":\"ni.abdi\",\"image\":{\"@type\":\"ImageObject\",\"inLanguage\":\"es\",\"@id\":\"https:\/\/territorialchallenges.com\/#\/schema\/person\/image\/\",\"url\":\"https:\/\/secure.gravatar.com\/avatar\/2a2f2491f3c80039986ba989b1e4b510?s=96&d=identicon&r=g\",\"contentUrl\":\"https:\/\/secure.gravatar.com\/avatar\/2a2f2491f3c80039986ba989b1e4b510?s=96&d=identicon&r=g\",\"caption\":\"ni.abdi\"},\"sameAs\":[\"https:\/\/twitter.com\/Ni.abdi\"],\"url\":\"https:\/\/territorialchallenges.com\/es\/author\/ni-abdi\/\"}]}<\/script>\n<!-- \/ Yoast SEO plugin. -->","yoast_head_json":{"title":"Andalousie : partenariat gagnant entre l\u2019arm\u00e9e et la collectivit\u00e9 de Cordoue - Territorial Challenges","robots":{"index":"index","follow":"follow","max-snippet":"max-snippet:-1","max-image-preview":"max-image-preview:large","max-video-preview":"max-video-preview:-1"},"canonical":"https:\/\/territorialchallenges.com\/es\/2021\/11\/16\/andalousie-partenariat-gagnant-entre-larmee-et-la-collectivite-de-cordoue\/89244\/","og_locale":"es_ES","og_type":"article","og_title":"Andalousie : partenariat gagnant entre l\u2019arm\u00e9e et la collectivit\u00e9 de Cordoue - Territorial Challenges","og_description":"D\u00e9but f\u00e9vrier, le minist\u00e8re de la D\u00e9fense espagnole a annonc\u00e9 que Cordoue avait \u00e9t\u00e9 retenue pour le projet technologique futuriste de la base logistique de l&rsquo;arm\u00e9e. C\u2019est un impact direct sur l\u2019\u00e9conomie locale, avec la cr\u00e9ation de plus de 1 600 emplois et le d\u00e9veloppement d&rsquo;une industrie 4.0, qui a \u00e9t\u00e9 un catalyseur pour d&rsquo;autres [&hellip;]","og_url":"https:\/\/territorialchallenges.com\/es\/2021\/11\/16\/andalousie-partenariat-gagnant-entre-larmee-et-la-collectivite-de-cordoue\/89244\/","og_site_name":"Territorial Challenges","article_published_time":"2021-11-15T23:14:27+00:00","article_modified_time":"2022-05-02T20:01:01+00:00","og_image":[{"width":624,"height":210,"url":"https:\/\/territorialchallenges.com\/wp-content\/uploads\/2021\/02\/smartindustrycordoba.png","type":"image\/png"}],"author":"ni.abdi","twitter_card":"summary_large_image","twitter_creator":"@Ni.abdi","twitter_misc":{"Escrito por":"ni.abdi","Tiempo de lectura":"3 minutos"},"schema":{"@context":"https:\/\/schema.org","@graph":[{"@type":"Article","@id":"https:\/\/territorialchallenges.com\/2021\/11\/16\/andalousie-partenariat-gagnant-entre-larmee-et-la-collectivite-de-cordoue\/89244\/#article","isPartOf":{"@id":"https:\/\/territorialchallenges.com\/2021\/11\/16\/andalousie-partenariat-gagnant-entre-larmee-et-la-collectivite-de-cordoue\/89244\/"},"author":{"name":"ni.abdi","@id":"https:\/\/territorialchallenges.com\/#\/schema\/person\/098f145c7c61a021c425e010f840080f"},"headline":"Andalousie : partenariat gagnant entre l\u2019arm\u00e9e et la collectivit\u00e9 de Cordoue","datePublished":"2021-11-15T23:14:27+00:00","dateModified":"2022-05-02T20:01:01+00:00","mainEntityOfPage":{"@id":"https:\/\/territorialchallenges.com\/2021\/11\/16\/andalousie-partenariat-gagnant-entre-larmee-et-la-collectivite-de-cordoue\/89244\/"},"wordCount":730,"commentCount":0,"publisher":{"@id":"https:\/\/territorialchallenges.com\/#organization"},"articleSection":["Industrie 5.0","Actualit\u00e9 Europe"],"inLanguage":"es"},{"@type":"WebPage","@id":"https:\/\/territorialchallenges.com\/2021\/11\/16\/andalousie-partenariat-gagnant-entre-larmee-et-la-collectivite-de-cordoue\/89244\/","url":"https:\/\/territorialchallenges.com\/2021\/11\/16\/andalousie-partenariat-gagnant-entre-larmee-et-la-collectivite-de-cordoue\/89244\/","name":"Andalousie : partenariat gagnant entre l\u2019arm\u00e9e et la collectivit\u00e9 de Cordoue - Territorial Challenges","isPartOf":{"@id":"https:\/\/territorialchallenges.com\/#website"},"datePublished":"2021-11-15T23:14:27+00:00","dateModified":"2022-05-02T20:01:01+00:00","breadcrumb":{"@id":"https:\/\/territorialchallenges.com\/2021\/11\/16\/andalousie-partenariat-gagnant-entre-larmee-et-la-collectivite-de-cordoue\/89244\/#breadcrumb"},"inLanguage":"es","potentialAction":[{"@type":"ReadAction","target":["https:\/\/territorialchallenges.com\/2021\/11\/16\/andalousie-partenariat-gagnant-entre-larmee-et-la-collectivite-de-cordoue\/89244\/"]}]},{"@type":"BreadcrumbList","@id":"https:\/\/territorialchallenges.com\/2021\/11\/16\/andalousie-partenariat-gagnant-entre-larmee-et-la-collectivite-de-cordoue\/89244\/#breadcrumb","itemListElement":[{"@type":"ListItem","position":1,"name":"Home","item":"https:\/\/territorialchallenges.com\/"},{"@type":"ListItem","position":2,"name":"Andalousie : partenariat gagnant entre l\u2019arm\u00e9e et la collectivit\u00e9 de Cordoue"}]},{"@type":"WebSite","@id":"https:\/\/territorialchallenges.com\/#website","url":"https:\/\/territorialchallenges.com\/","name":"Desaf\u00edos territoriales","description":"Monitoreo Internacional - Estrategias Inteligentes - Mejores Pr\u00e1cticas","publisher":{"@id":"https:\/\/territorialchallenges.com\/#organization"},"potentialAction":[{"@type":"SearchAction","target":{"@type":"EntryPoint","urlTemplate":"https:\/\/territorialchallenges.com\/?s={search_term_string}"},"query-input":"required name=search_term_string"}],"inLanguage":"es"},{"@type":"Organization","@id":"https:\/\/territorialchallenges.com\/#organization","name":"Desaf\u00edos territoriales","url":"https:\/\/territorialchallenges.com\/","logo":{"@type":"ImageObject","inLanguage":"es","@id":"https:\/\/territorialchallenges.com\/#\/schema\/logo\/image\/","url":"https:\/\/territorialchallenges.com\/wp-content\/uploads\/2023\/10\/logo-1.png","contentUrl":"https:\/\/territorialchallenges.com\/wp-content\/uploads\/2023\/10\/logo-1.png","width":1832,"height":576,"caption":"Territorial Challenges"},"image":{"@id":"https:\/\/territorialchallenges.com\/#\/schema\/logo\/image\/"}},{"@type":"Person","@id":"https:\/\/territorialchallenges.com\/#\/schema\/person\/098f145c7c61a021c425e010f840080f","name":"ni.abdi","image":{"@type":"ImageObject","inLanguage":"es","@id":"https:\/\/territorialchallenges.com\/#\/schema\/person\/image\/","url":"https:\/\/secure.gravatar.com\/avatar\/2a2f2491f3c80039986ba989b1e4b510?s=96&d=identicon&r=g","contentUrl":"https:\/\/secure.gravatar.com\/avatar\/2a2f2491f3c80039986ba989b1e4b510?s=96&d=identicon&r=g","caption":"ni.abdi"},"sameAs":["https:\/\/twitter.com\/Ni.abdi"],"url":"https:\/\/territorialchallenges.com\/es\/author\/ni-abdi\/"}]}},"_links":{"self":[{"href":"https:\/\/territorialchallenges.com\/es\/wp-json\/wp\/v2\/posts\/89244"}],"collection":[{"href":"https:\/\/territorialchallenges.com\/es\/wp-json\/wp\/v2\/posts"}],"about":[{"href":"https:\/\/territorialchallenges.com\/es\/wp-json\/wp\/v2\/types\/post"}],"author":[{"embeddable":true,"href":"https:\/\/territorialchallenges.com\/es\/wp-json\/wp\/v2\/users\/11"}],"replies":[{"embeddable":true,"href":"https:\/\/territorialchallenges.com\/es\/wp-json\/wp\/v2\/comments?post=89244"}],"version-history":[{"count":1,"href":"https:\/\/territorialchallenges.com\/es\/wp-json\/wp\/v2\/posts\/89244\/revisions"}],"predecessor-version":[{"id":89249,"href":"https:\/\/territorialchallenges.com\/es\/wp-json\/wp\/v2\/posts\/89244\/revisions\/89249"}],"wp:featuredmedia":[{"embeddable":true,"href":"https:\/\/territorialchallenges.com\/es\/wp-json\/wp\/v2\/media\/89245"}],"wp:attachment":[{"href":"https:\/\/territorialchallenges.com\/es\/wp-json\/wp\/v2\/media?parent=89244"}],"wp:term":[{"taxonomy":"category","embeddable":true,"href":"https:\/\/territorialchallenges.com\/es\/wp-json\/wp\/v2\/categories?post=89244"},{"taxonomy":"post_tag","embeddable":true,"href":"https:\/\/territorialchallenges.com\/es\/wp-json\/wp\/v2\/tags?post=89244"}],"curies":[{"name":"gracias","href":"https:\/\/api.w.org\/{rel}","templated":true}]}}