{"id":89238,"date":"2021-11-16T00:11:19","date_gmt":"2021-11-15T23:11:19","guid":{"rendered":"https:\/\/territorialchallenges.com\/?p=89238"},"modified":"2022-05-02T22:01:15","modified_gmt":"2022-05-02T20:01:15","slug":"la-gestion-des-dechets-a-lheure-des-robots-de-recyclage","status":"publish","type":"post","link":"https:\/\/territorialchallenges.com\/es\/2021\/11\/16\/la-gestion-des-dechets-a-lheure-des-robots-de-recyclage\/89238\/","title":{"rendered":"La gesti\u00f3n de residuos en la era de los robots de reciclaje"},"content":{"rendered":"<p>Los robots impulsar\u00e1n la pr\u00f3xima ola tecnol\u00f3gica disruptiva en el reciclaje. Esta es la revoluci\u00f3n industrial que se est\u00e1 gestando en el sector de los residuos, especialmente en los gobiernos locales. La automatizaci\u00f3n rob\u00f3tica se ha infiltrado en todos los sectores industriales y en las tareas cotidianas. Ahora, los robots tambi\u00e9n est\u00e1n revolucionando la industria del reciclaje. Estas m\u00e1quinas son capaces de realizar m\u00faltiples tareas, son escalables y... <\/p>\n<div class=\"pmpro_content_message\">Art\u00edculo disponible s\u00f3lo para suscriptores.<br \/><a href=\"https:\/\/territorialchallenges.com\/wp-login.php\">Acceso<\/a><br \/><a href=\"https:\/\/territorialchallenges.com\/es\/wp-login.php\/?action=register\">Registro<\/a><\/div>","protected":false},"excerpt":{"rendered":"<p>Des robots pour activer la prochaine vague technologique disruptive dans le recyclage. Voil\u00e0 la r\u00e9volution industrielle qui se pr\u00e9pare dans le secteur des d\u00e9chets et notamment celui des collectivit\u00e9s territoriales. L\u2019automatisation\u00a0par\u00a0robotique\u00a0s&rsquo;est infiltr\u00e9e dans tous les secteurs industriels et les t\u00e2ches du quotidien.\u00a0D\u00e9sormais, les robots perturbent \u00e9galement l&rsquo;industrie du recyclage.\u00a0Ces machines sont aptes aux multit\u00e2ches, \u00e9volutives... <\/p>\n<div class=\"pmpro_content_message\">Art\u00edculo disponible s\u00f3lo para suscriptores.<br \/><a href=\"https:\/\/territorialchallenges.com\/wp-login.php\">Acceso<\/a><br \/><a href=\"https:\/\/territorialchallenges.com\/es\/wp-login.php\/?action=register\">Registro<\/a><\/div>","protected":false},"author":11,"featured_media":89239,"comment_status":"open","ping_status":"open","sticky":true,"template":"","format":"standard","meta":{"pmpro_default_level":0,"footnotes":""},"categories":[16,124],"tags":[],"blocksy_meta":"","yoast_head":"<!-- This site is optimized with the Yoast SEO plugin v21.5 - https:\/\/yoast.com\/wordpress\/plugins\/seo\/ -->\n<title>La gestion des d\u00e9chets \u00e0 l\u2019heure des robots de recyclage - Territorial Challenges<\/title>\n<meta name=\"robots\" content=\"index, follow, max-snippet:-1, max-image-preview:large, max-video-preview:-1\" \/>\n<link rel=\"canonical\" href=\"https:\/\/territorialchallenges.com\/es\/2021\/11\/16\/la-gestion-des-dechets-a-lheure-des-robots-de-recyclage\/89238\/\" \/>\n<meta property=\"og:locale\" content=\"es_ES\" \/>\n<meta property=\"og:type\" content=\"article\" \/>\n<meta property=\"og:title\" content=\"La gestion des d\u00e9chets \u00e0 l\u2019heure des robots de recyclage - Territorial Challenges\" \/>\n<meta property=\"og:description\" content=\"Des robots pour activer la prochaine vague technologique disruptive dans le recyclage. Voil\u00e0 la r\u00e9volution industrielle qui se pr\u00e9pare dans le secteur des d\u00e9chets et notamment celui des collectivit\u00e9s territoriales. L\u2019automatisation\u00a0par\u00a0robotique\u00a0s&rsquo;est infiltr\u00e9e dans tous les secteurs industriels et les t\u00e2ches du quotidien.\u00a0D\u00e9sormais, les robots perturbent \u00e9galement l&rsquo;industrie du recyclage.\u00a0Ces machines sont aptes aux multit\u00e2ches, \u00e9volutives [&hellip;]\" \/>\n<meta property=\"og:url\" content=\"https:\/\/territorialchallenges.com\/es\/2021\/11\/16\/la-gestion-des-dechets-a-lheure-des-robots-de-recyclage\/89238\/\" \/>\n<meta property=\"og:site_name\" content=\"Territorial Challenges\" \/>\n<meta property=\"article:published_time\" content=\"2021-11-15T23:11:19+00:00\" \/>\n<meta property=\"article:modified_time\" content=\"2022-05-02T20:01:15+00:00\" \/>\n<meta property=\"og:image\" content=\"https:\/\/territorialchallenges.com\/wp-content\/uploads\/2021\/02\/iotimage150221.jpg\" \/>\n\t<meta property=\"og:image:width\" content=\"1920\" \/>\n\t<meta property=\"og:image:height\" content=\"929\" \/>\n\t<meta property=\"og:image:type\" content=\"image\/jpeg\" \/>\n<meta name=\"author\" content=\"ni.abdi\" \/>\n<meta name=\"twitter:card\" content=\"summary_large_image\" \/>\n<meta name=\"twitter:creator\" content=\"@Ni.abdi\" \/>\n<meta name=\"twitter:label1\" content=\"Escrito por\" \/>\n\t<meta name=\"twitter:data1\" content=\"ni.abdi\" \/>\n\t<meta name=\"twitter:label2\" content=\"Tiempo de lectura\" \/>\n\t<meta name=\"twitter:data2\" content=\"5 minutos\" \/>\n<script type=\"application\/ld+json\" class=\"yoast-schema-graph\">{\"@context\":\"https:\/\/schema.org\",\"@graph\":[{\"@type\":\"Article\",\"@id\":\"https:\/\/territorialchallenges.com\/2021\/11\/16\/la-gestion-des-dechets-a-lheure-des-robots-de-recyclage\/89238\/#article\",\"isPartOf\":{\"@id\":\"https:\/\/territorialchallenges.com\/2021\/11\/16\/la-gestion-des-dechets-a-lheure-des-robots-de-recyclage\/89238\/\"},\"author\":{\"name\":\"ni.abdi\",\"@id\":\"https:\/\/territorialchallenges.com\/#\/schema\/person\/098f145c7c61a021c425e010f840080f\"},\"headline\":\"La gestion des d\u00e9chets \u00e0 l\u2019heure des robots de recyclage\",\"datePublished\":\"2021-11-15T23:11:19+00:00\",\"dateModified\":\"2022-05-02T20:01:15+00:00\",\"mainEntityOfPage\":{\"@id\":\"https:\/\/territorialchallenges.com\/2021\/11\/16\/la-gestion-des-dechets-a-lheure-des-robots-de-recyclage\/89238\/\"},\"wordCount\":1068,\"commentCount\":0,\"publisher\":{\"@id\":\"https:\/\/territorialchallenges.com\/#organization\"},\"articleSection\":[\"Donn\u00e9es\/Objets Connect\u00e9s\",\"Actualit\u00e9 internationale\"],\"inLanguage\":\"es\"},{\"@type\":\"WebPage\",\"@id\":\"https:\/\/territorialchallenges.com\/2021\/11\/16\/la-gestion-des-dechets-a-lheure-des-robots-de-recyclage\/89238\/\",\"url\":\"https:\/\/territorialchallenges.com\/2021\/11\/16\/la-gestion-des-dechets-a-lheure-des-robots-de-recyclage\/89238\/\",\"name\":\"La gestion des d\u00e9chets \u00e0 l\u2019heure des robots de recyclage - Territorial Challenges\",\"isPartOf\":{\"@id\":\"https:\/\/territorialchallenges.com\/#website\"},\"datePublished\":\"2021-11-15T23:11:19+00:00\",\"dateModified\":\"2022-05-02T20:01:15+00:00\",\"breadcrumb\":{\"@id\":\"https:\/\/territorialchallenges.com\/2021\/11\/16\/la-gestion-des-dechets-a-lheure-des-robots-de-recyclage\/89238\/#breadcrumb\"},\"inLanguage\":\"es\",\"potentialAction\":[{\"@type\":\"ReadAction\",\"target\":[\"https:\/\/territorialchallenges.com\/2021\/11\/16\/la-gestion-des-dechets-a-lheure-des-robots-de-recyclage\/89238\/\"]}]},{\"@type\":\"BreadcrumbList\",\"@id\":\"https:\/\/territorialchallenges.com\/2021\/11\/16\/la-gestion-des-dechets-a-lheure-des-robots-de-recyclage\/89238\/#breadcrumb\",\"itemListElement\":[{\"@type\":\"ListItem\",\"position\":1,\"name\":\"Home\",\"item\":\"https:\/\/territorialchallenges.com\/\"},{\"@type\":\"ListItem\",\"position\":2,\"name\":\"La gestion des d\u00e9chets \u00e0 l\u2019heure des robots de recyclage\"}]},{\"@type\":\"WebSite\",\"@id\":\"https:\/\/territorialchallenges.com\/#website\",\"url\":\"https:\/\/territorialchallenges.com\/\",\"name\":\"Territorial Challenges\",\"description\":\"Veille Internationale - Strat\u00e9gie Intelligentes - Bonnes pratiques\",\"publisher\":{\"@id\":\"https:\/\/territorialchallenges.com\/#organization\"},\"potentialAction\":[{\"@type\":\"SearchAction\",\"target\":{\"@type\":\"EntryPoint\",\"urlTemplate\":\"https:\/\/territorialchallenges.com\/?s={search_term_string}\"},\"query-input\":\"required name=search_term_string\"}],\"inLanguage\":\"es\"},{\"@type\":\"Organization\",\"@id\":\"https:\/\/territorialchallenges.com\/#organization\",\"name\":\"Territorial Challenges\",\"url\":\"https:\/\/territorialchallenges.com\/\",\"logo\":{\"@type\":\"ImageObject\",\"inLanguage\":\"es\",\"@id\":\"https:\/\/territorialchallenges.com\/#\/schema\/logo\/image\/\",\"url\":\"https:\/\/territorialchallenges.com\/wp-content\/uploads\/2023\/10\/logo-1.png\",\"contentUrl\":\"https:\/\/territorialchallenges.com\/wp-content\/uploads\/2023\/10\/logo-1.png\",\"width\":1832,\"height\":576,\"caption\":\"Territorial Challenges\"},\"image\":{\"@id\":\"https:\/\/territorialchallenges.com\/#\/schema\/logo\/image\/\"}},{\"@type\":\"Person\",\"@id\":\"https:\/\/territorialchallenges.com\/#\/schema\/person\/098f145c7c61a021c425e010f840080f\",\"name\":\"ni.abdi\",\"image\":{\"@type\":\"ImageObject\",\"inLanguage\":\"es\",\"@id\":\"https:\/\/territorialchallenges.com\/#\/schema\/person\/image\/\",\"url\":\"https:\/\/secure.gravatar.com\/avatar\/2a2f2491f3c80039986ba989b1e4b510?s=96&d=identicon&r=g\",\"contentUrl\":\"https:\/\/secure.gravatar.com\/avatar\/2a2f2491f3c80039986ba989b1e4b510?s=96&d=identicon&r=g\",\"caption\":\"ni.abdi\"},\"sameAs\":[\"https:\/\/twitter.com\/Ni.abdi\"],\"url\":\"https:\/\/territorialchallenges.com\/es\/author\/ni-abdi\/\"}]}<\/script>\n<!-- \/ Yoast SEO plugin. -->","yoast_head_json":{"title":"La gestion des d\u00e9chets \u00e0 l\u2019heure des robots de recyclage - Territorial Challenges","robots":{"index":"index","follow":"follow","max-snippet":"max-snippet:-1","max-image-preview":"max-image-preview:large","max-video-preview":"max-video-preview:-1"},"canonical":"https:\/\/territorialchallenges.com\/es\/2021\/11\/16\/la-gestion-des-dechets-a-lheure-des-robots-de-recyclage\/89238\/","og_locale":"es_ES","og_type":"article","og_title":"La gestion des d\u00e9chets \u00e0 l\u2019heure des robots de recyclage - Territorial Challenges","og_description":"Des robots pour activer la prochaine vague technologique disruptive dans le recyclage. Voil\u00e0 la r\u00e9volution industrielle qui se pr\u00e9pare dans le secteur des d\u00e9chets et notamment celui des collectivit\u00e9s territoriales. L\u2019automatisation\u00a0par\u00a0robotique\u00a0s&rsquo;est infiltr\u00e9e dans tous les secteurs industriels et les t\u00e2ches du quotidien.\u00a0D\u00e9sormais, les robots perturbent \u00e9galement l&rsquo;industrie du recyclage.\u00a0Ces machines sont aptes aux multit\u00e2ches, \u00e9volutives [&hellip;]","og_url":"https:\/\/territorialchallenges.com\/es\/2021\/11\/16\/la-gestion-des-dechets-a-lheure-des-robots-de-recyclage\/89238\/","og_site_name":"Territorial Challenges","article_published_time":"2021-11-15T23:11:19+00:00","article_modified_time":"2022-05-02T20:01:15+00:00","og_image":[{"width":1920,"height":929,"url":"https:\/\/territorialchallenges.com\/wp-content\/uploads\/2021\/02\/iotimage150221.jpg","type":"image\/jpeg"}],"author":"ni.abdi","twitter_card":"summary_large_image","twitter_creator":"@Ni.abdi","twitter_misc":{"Escrito por":"ni.abdi","Tiempo de lectura":"5 minutos"},"schema":{"@context":"https:\/\/schema.org","@graph":[{"@type":"Article","@id":"https:\/\/territorialchallenges.com\/2021\/11\/16\/la-gestion-des-dechets-a-lheure-des-robots-de-recyclage\/89238\/#article","isPartOf":{"@id":"https:\/\/territorialchallenges.com\/2021\/11\/16\/la-gestion-des-dechets-a-lheure-des-robots-de-recyclage\/89238\/"},"author":{"name":"ni.abdi","@id":"https:\/\/territorialchallenges.com\/#\/schema\/person\/098f145c7c61a021c425e010f840080f"},"headline":"La gestion des d\u00e9chets \u00e0 l\u2019heure des robots de recyclage","datePublished":"2021-11-15T23:11:19+00:00","dateModified":"2022-05-02T20:01:15+00:00","mainEntityOfPage":{"@id":"https:\/\/territorialchallenges.com\/2021\/11\/16\/la-gestion-des-dechets-a-lheure-des-robots-de-recyclage\/89238\/"},"wordCount":1068,"commentCount":0,"publisher":{"@id":"https:\/\/territorialchallenges.com\/#organization"},"articleSection":["Donn\u00e9es\/Objets Connect\u00e9s","Actualit\u00e9 internationale"],"inLanguage":"es"},{"@type":"WebPage","@id":"https:\/\/territorialchallenges.com\/2021\/11\/16\/la-gestion-des-dechets-a-lheure-des-robots-de-recyclage\/89238\/","url":"https:\/\/territorialchallenges.com\/2021\/11\/16\/la-gestion-des-dechets-a-lheure-des-robots-de-recyclage\/89238\/","name":"La gestion des d\u00e9chets \u00e0 l\u2019heure des robots de recyclage - Territorial Challenges","isPartOf":{"@id":"https:\/\/territorialchallenges.com\/#website"},"datePublished":"2021-11-15T23:11:19+00:00","dateModified":"2022-05-02T20:01:15+00:00","breadcrumb":{"@id":"https:\/\/territorialchallenges.com\/2021\/11\/16\/la-gestion-des-dechets-a-lheure-des-robots-de-recyclage\/89238\/#breadcrumb"},"inLanguage":"es","potentialAction":[{"@type":"ReadAction","target":["https:\/\/territorialchallenges.com\/2021\/11\/16\/la-gestion-des-dechets-a-lheure-des-robots-de-recyclage\/89238\/"]}]},{"@type":"BreadcrumbList","@id":"https:\/\/territorialchallenges.com\/2021\/11\/16\/la-gestion-des-dechets-a-lheure-des-robots-de-recyclage\/89238\/#breadcrumb","itemListElement":[{"@type":"ListItem","position":1,"name":"Home","item":"https:\/\/territorialchallenges.com\/"},{"@type":"ListItem","position":2,"name":"La gestion des d\u00e9chets \u00e0 l\u2019heure des robots de recyclage"}]},{"@type":"WebSite","@id":"https:\/\/territorialchallenges.com\/#website","url":"https:\/\/territorialchallenges.com\/","name":"Desaf\u00edos territoriales","description":"Monitoreo Internacional - Estrategias Inteligentes - Mejores Pr\u00e1cticas","publisher":{"@id":"https:\/\/territorialchallenges.com\/#organization"},"potentialAction":[{"@type":"SearchAction","target":{"@type":"EntryPoint","urlTemplate":"https:\/\/territorialchallenges.com\/?s={search_term_string}"},"query-input":"required name=search_term_string"}],"inLanguage":"es"},{"@type":"Organization","@id":"https:\/\/territorialchallenges.com\/#organization","name":"Desaf\u00edos territoriales","url":"https:\/\/territorialchallenges.com\/","logo":{"@type":"ImageObject","inLanguage":"es","@id":"https:\/\/territorialchallenges.com\/#\/schema\/logo\/image\/","url":"https:\/\/territorialchallenges.com\/wp-content\/uploads\/2023\/10\/logo-1.png","contentUrl":"https:\/\/territorialchallenges.com\/wp-content\/uploads\/2023\/10\/logo-1.png","width":1832,"height":576,"caption":"Territorial Challenges"},"image":{"@id":"https:\/\/territorialchallenges.com\/#\/schema\/logo\/image\/"}},{"@type":"Person","@id":"https:\/\/territorialchallenges.com\/#\/schema\/person\/098f145c7c61a021c425e010f840080f","name":"ni.abdi","image":{"@type":"ImageObject","inLanguage":"es","@id":"https:\/\/territorialchallenges.com\/#\/schema\/person\/image\/","url":"https:\/\/secure.gravatar.com\/avatar\/2a2f2491f3c80039986ba989b1e4b510?s=96&d=identicon&r=g","contentUrl":"https:\/\/secure.gravatar.com\/avatar\/2a2f2491f3c80039986ba989b1e4b510?s=96&d=identicon&r=g","caption":"ni.abdi"},"sameAs":["https:\/\/twitter.com\/Ni.abdi"],"url":"https:\/\/territorialchallenges.com\/es\/author\/ni-abdi\/"}]}},"_links":{"self":[{"href":"https:\/\/territorialchallenges.com\/es\/wp-json\/wp\/v2\/posts\/89238"}],"collection":[{"href":"https:\/\/territorialchallenges.com\/es\/wp-json\/wp\/v2\/posts"}],"about":[{"href":"https:\/\/territorialchallenges.com\/es\/wp-json\/wp\/v2\/types\/post"}],"author":[{"embeddable":true,"href":"https:\/\/territorialchallenges.com\/es\/wp-json\/wp\/v2\/users\/11"}],"replies":[{"embeddable":true,"href":"https:\/\/territorialchallenges.com\/es\/wp-json\/wp\/v2\/comments?post=89238"}],"version-history":[{"count":1,"href":"https:\/\/territorialchallenges.com\/es\/wp-json\/wp\/v2\/posts\/89238\/revisions"}],"predecessor-version":[{"id":89243,"href":"https:\/\/territorialchallenges.com\/es\/wp-json\/wp\/v2\/posts\/89238\/revisions\/89243"}],"wp:featuredmedia":[{"embeddable":true,"href":"https:\/\/territorialchallenges.com\/es\/wp-json\/wp\/v2\/media\/89239"}],"wp:attachment":[{"href":"https:\/\/territorialchallenges.com\/es\/wp-json\/wp\/v2\/media?parent=89238"}],"wp:term":[{"taxonomy":"category","embeddable":true,"href":"https:\/\/territorialchallenges.com\/es\/wp-json\/wp\/v2\/categories?post=89238"},{"taxonomy":"post_tag","embeddable":true,"href":"https:\/\/territorialchallenges.com\/es\/wp-json\/wp\/v2\/tags?post=89238"}],"curies":[{"name":"gracias","href":"https:\/\/api.w.org\/{rel}","templated":true}]}}