{"id":86871,"date":"2021-10-01T21:57:56","date_gmt":"2021-10-01T19:57:56","guid":{"rendered":"https:\/\/territorialchallenges.com\/?p=86871"},"modified":"2022-05-03T10:09:35","modified_gmt":"2022-05-03T08:09:35","slug":"voeux-2021-la-recherche-scientifique-associee-a-lesprit-dentreprise-dun-territoire-allemand","status":"publish","type":"post","link":"https:\/\/territorialchallenges.com\/es\/2021\/10\/01\/voeux-2021-la-recherche-scientifique-associee-a-lesprit-dentreprise-dun-territoire-allemand\/86871\/","title":{"rendered":"Deseos 2021: Investigaci\u00f3n cient\u00edfica combinada con el esp\u00edritu emprendedor de un territorio alem\u00e1n"},"content":{"rendered":"<p>Como cada semana, les traigo un editorial para darles un resumen de todo lo publicado para SUSCRIPTORES sobre Desaf\u00edos Territoriales. Gracias. Esta es la regi\u00f3n donde se desarroll\u00f3 la vacuna de Pfizer\/BioNTech. Esta Renania-Palatinado, fronteriza con Francia, donde el esp\u00edritu emprendedor no es... <\/p>\n<div class=\"pmpro_content_message\">Art\u00edculo disponible s\u00f3lo para suscriptores.<br \/><a href=\"https:\/\/territorialchallenges.com\/wp-login.php\">Acceso<\/a><br \/><a href=\"https:\/\/territorialchallenges.com\/es\/wp-login.php\/?action=register\">Registro<\/a><\/div>","protected":false},"excerpt":{"rendered":"<p>Comme chaque semaine, je viens vers vous avec un \u00e9dito, afin de vous donner un aper\u00e7u de tout ce qui est publi\u00e9 pour les ABONNES sur Territorial Challenges ! Merci \u00e0 vous. C\u2019est dans cette r\u00e9gion que le vaccin Pfizer\/BioNTech a vu le jour. Cette Rh\u00e9nanie-Palatinat frontali\u00e8re de la France o\u00f9 l&rsquo;esprit entrepreneurial, ne consiste... <\/p>\n<div class=\"pmpro_content_message\">Art\u00edculo disponible s\u00f3lo para suscriptores.<br \/><a href=\"https:\/\/territorialchallenges.com\/wp-login.php\">Acceso<\/a><br \/><a href=\"https:\/\/territorialchallenges.com\/es\/wp-login.php\/?action=register\">Registro<\/a><\/div>","protected":false},"author":11,"featured_media":86872,"comment_status":"open","ping_status":"open","sticky":true,"template":"","format":"standard","meta":{"pmpro_default_level":0,"footnotes":""},"categories":[130,117],"tags":[],"blocksy_meta":"","yoast_head":"<!-- This site is optimized with the Yoast SEO plugin v21.5 - https:\/\/yoast.com\/wordpress\/plugins\/seo\/ -->\n<title>V\u0153ux 2021 : La recherche scientifique associ\u00e9e \u00e0 l&#039;esprit d&#039;entreprise d\u2019un territoire allemand - Territorial Challenges<\/title>\n<meta name=\"robots\" content=\"index, follow, max-snippet:-1, max-image-preview:large, max-video-preview:-1\" \/>\n<link rel=\"canonical\" href=\"https:\/\/territorialchallenges.com\/es\/2021\/10\/01\/voeux-2021-la-recherche-scientifique-associee-a-lesprit-dentreprise-dun-territoire-allemand\/86871\/\" \/>\n<meta property=\"og:locale\" content=\"es_ES\" \/>\n<meta property=\"og:type\" content=\"article\" \/>\n<meta property=\"og:title\" content=\"V\u0153ux 2021 : La recherche scientifique associ\u00e9e \u00e0 l&#039;esprit d&#039;entreprise d\u2019un territoire allemand - Territorial Challenges\" \/>\n<meta property=\"og:description\" content=\"Comme chaque semaine, je viens vers vous avec un \u00e9dito, afin de vous donner un aper\u00e7u de tout ce qui est publi\u00e9 pour les ABONNES sur Territorial Challenges ! Merci \u00e0 vous. C\u2019est dans cette r\u00e9gion que le vaccin Pfizer\/BioNTech a vu le jour. Cette Rh\u00e9nanie-Palatinat frontali\u00e8re de la France o\u00f9 l&rsquo;esprit entrepreneurial, ne consiste [&hellip;]\" \/>\n<meta property=\"og:url\" content=\"https:\/\/territorialchallenges.com\/es\/2021\/10\/01\/voeux-2021-la-recherche-scientifique-associee-a-lesprit-dentreprise-dun-territoire-allemand\/86871\/\" \/>\n<meta property=\"og:site_name\" content=\"Territorial Challenges\" \/>\n<meta property=\"article:published_time\" content=\"2021-10-01T19:57:56+00:00\" \/>\n<meta property=\"article:modified_time\" content=\"2022-05-03T08:09:35+00:00\" \/>\n<meta property=\"og:image\" content=\"https:\/\/territorialchallenges.com\/wp-content\/uploads\/2021\/01\/rhenaniepalatinat.jpg\" \/>\n\t<meta property=\"og:image:width\" content=\"1920\" \/>\n\t<meta property=\"og:image:height\" content=\"1080\" \/>\n\t<meta property=\"og:image:type\" content=\"image\/jpeg\" \/>\n<meta name=\"author\" content=\"ni.abdi\" \/>\n<meta name=\"twitter:card\" content=\"summary_large_image\" \/>\n<meta name=\"twitter:creator\" content=\"@Ni.abdi\" \/>\n<meta name=\"twitter:label1\" content=\"Escrito por\" \/>\n\t<meta name=\"twitter:data1\" content=\"ni.abdi\" \/>\n\t<meta name=\"twitter:label2\" content=\"Tiempo de lectura\" \/>\n\t<meta name=\"twitter:data2\" content=\"4 minutos\" \/>\n<script type=\"application\/ld+json\" class=\"yoast-schema-graph\">{\"@context\":\"https:\/\/schema.org\",\"@graph\":[{\"@type\":\"Article\",\"@id\":\"https:\/\/territorialchallenges.com\/2021\/10\/01\/voeux-2021-la-recherche-scientifique-associee-a-lesprit-dentreprise-dun-territoire-allemand\/86871\/#article\",\"isPartOf\":{\"@id\":\"https:\/\/territorialchallenges.com\/2021\/10\/01\/voeux-2021-la-recherche-scientifique-associee-a-lesprit-dentreprise-dun-territoire-allemand\/86871\/\"},\"author\":{\"name\":\"ni.abdi\",\"@id\":\"https:\/\/territorialchallenges.com\/#\/schema\/person\/098f145c7c61a021c425e010f840080f\"},\"headline\":\"V\u0153ux 2021 : La recherche scientifique associ\u00e9e \u00e0 l&rsquo;esprit d&rsquo;entreprise d\u2019un territoire allemand\",\"datePublished\":\"2021-10-01T19:57:56+00:00\",\"dateModified\":\"2022-05-03T08:09:35+00:00\",\"mainEntityOfPage\":{\"@id\":\"https:\/\/territorialchallenges.com\/2021\/10\/01\/voeux-2021-la-recherche-scientifique-associee-a-lesprit-dentreprise-dun-territoire-allemand\/86871\/\"},\"wordCount\":761,\"commentCount\":0,\"publisher\":{\"@id\":\"https:\/\/territorialchallenges.com\/#organization\"},\"articleSection\":[\"R\u00e9flexion faite\",\"\u00c9cosyst\u00e8me\"],\"inLanguage\":\"es\"},{\"@type\":\"WebPage\",\"@id\":\"https:\/\/territorialchallenges.com\/2021\/10\/01\/voeux-2021-la-recherche-scientifique-associee-a-lesprit-dentreprise-dun-territoire-allemand\/86871\/\",\"url\":\"https:\/\/territorialchallenges.com\/2021\/10\/01\/voeux-2021-la-recherche-scientifique-associee-a-lesprit-dentreprise-dun-territoire-allemand\/86871\/\",\"name\":\"V\u0153ux 2021 : La recherche scientifique associ\u00e9e \u00e0 l'esprit d'entreprise d\u2019un territoire allemand - Territorial Challenges\",\"isPartOf\":{\"@id\":\"https:\/\/territorialchallenges.com\/#website\"},\"datePublished\":\"2021-10-01T19:57:56+00:00\",\"dateModified\":\"2022-05-03T08:09:35+00:00\",\"breadcrumb\":{\"@id\":\"https:\/\/territorialchallenges.com\/2021\/10\/01\/voeux-2021-la-recherche-scientifique-associee-a-lesprit-dentreprise-dun-territoire-allemand\/86871\/#breadcrumb\"},\"inLanguage\":\"es\",\"potentialAction\":[{\"@type\":\"ReadAction\",\"target\":[\"https:\/\/territorialchallenges.com\/2021\/10\/01\/voeux-2021-la-recherche-scientifique-associee-a-lesprit-dentreprise-dun-territoire-allemand\/86871\/\"]}]},{\"@type\":\"BreadcrumbList\",\"@id\":\"https:\/\/territorialchallenges.com\/2021\/10\/01\/voeux-2021-la-recherche-scientifique-associee-a-lesprit-dentreprise-dun-territoire-allemand\/86871\/#breadcrumb\",\"itemListElement\":[{\"@type\":\"ListItem\",\"position\":1,\"name\":\"Home\",\"item\":\"https:\/\/territorialchallenges.com\/\"},{\"@type\":\"ListItem\",\"position\":2,\"name\":\"V\u0153ux 2021 : La recherche scientifique associ\u00e9e \u00e0 l&rsquo;esprit d&rsquo;entreprise d\u2019un territoire allemand\"}]},{\"@type\":\"WebSite\",\"@id\":\"https:\/\/territorialchallenges.com\/#website\",\"url\":\"https:\/\/territorialchallenges.com\/\",\"name\":\"Territorial Challenges\",\"description\":\"Veille Internationale - Strat\u00e9gie Intelligentes - Bonnes pratiques\",\"publisher\":{\"@id\":\"https:\/\/territorialchallenges.com\/#organization\"},\"potentialAction\":[{\"@type\":\"SearchAction\",\"target\":{\"@type\":\"EntryPoint\",\"urlTemplate\":\"https:\/\/territorialchallenges.com\/?s={search_term_string}\"},\"query-input\":\"required name=search_term_string\"}],\"inLanguage\":\"es\"},{\"@type\":\"Organization\",\"@id\":\"https:\/\/territorialchallenges.com\/#organization\",\"name\":\"Territorial Challenges\",\"url\":\"https:\/\/territorialchallenges.com\/\",\"logo\":{\"@type\":\"ImageObject\",\"inLanguage\":\"es\",\"@id\":\"https:\/\/territorialchallenges.com\/#\/schema\/logo\/image\/\",\"url\":\"https:\/\/territorialchallenges.com\/wp-content\/uploads\/2023\/10\/logo-1.png\",\"contentUrl\":\"https:\/\/territorialchallenges.com\/wp-content\/uploads\/2023\/10\/logo-1.png\",\"width\":1832,\"height\":576,\"caption\":\"Territorial Challenges\"},\"image\":{\"@id\":\"https:\/\/territorialchallenges.com\/#\/schema\/logo\/image\/\"}},{\"@type\":\"Person\",\"@id\":\"https:\/\/territorialchallenges.com\/#\/schema\/person\/098f145c7c61a021c425e010f840080f\",\"name\":\"ni.abdi\",\"image\":{\"@type\":\"ImageObject\",\"inLanguage\":\"es\",\"@id\":\"https:\/\/territorialchallenges.com\/#\/schema\/person\/image\/\",\"url\":\"https:\/\/secure.gravatar.com\/avatar\/2a2f2491f3c80039986ba989b1e4b510?s=96&d=identicon&r=g\",\"contentUrl\":\"https:\/\/secure.gravatar.com\/avatar\/2a2f2491f3c80039986ba989b1e4b510?s=96&d=identicon&r=g\",\"caption\":\"ni.abdi\"},\"sameAs\":[\"https:\/\/twitter.com\/Ni.abdi\"],\"url\":\"https:\/\/territorialchallenges.com\/es\/author\/ni-abdi\/\"}]}<\/script>\n<!-- \/ Yoast SEO plugin. -->","yoast_head_json":{"title":"V\u0153ux 2021 : La recherche scientifique associ\u00e9e \u00e0 l'esprit d'entreprise d\u2019un territoire allemand - Territorial Challenges","robots":{"index":"index","follow":"follow","max-snippet":"max-snippet:-1","max-image-preview":"max-image-preview:large","max-video-preview":"max-video-preview:-1"},"canonical":"https:\/\/territorialchallenges.com\/es\/2021\/10\/01\/voeux-2021-la-recherche-scientifique-associee-a-lesprit-dentreprise-dun-territoire-allemand\/86871\/","og_locale":"es_ES","og_type":"article","og_title":"V\u0153ux 2021 : La recherche scientifique associ\u00e9e \u00e0 l'esprit d'entreprise d\u2019un territoire allemand - Territorial Challenges","og_description":"Comme chaque semaine, je viens vers vous avec un \u00e9dito, afin de vous donner un aper\u00e7u de tout ce qui est publi\u00e9 pour les ABONNES sur Territorial Challenges ! Merci \u00e0 vous. C\u2019est dans cette r\u00e9gion que le vaccin Pfizer\/BioNTech a vu le jour. Cette Rh\u00e9nanie-Palatinat frontali\u00e8re de la France o\u00f9 l&rsquo;esprit entrepreneurial, ne consiste [&hellip;]","og_url":"https:\/\/territorialchallenges.com\/es\/2021\/10\/01\/voeux-2021-la-recherche-scientifique-associee-a-lesprit-dentreprise-dun-territoire-allemand\/86871\/","og_site_name":"Territorial Challenges","article_published_time":"2021-10-01T19:57:56+00:00","article_modified_time":"2022-05-03T08:09:35+00:00","og_image":[{"width":1920,"height":1080,"url":"https:\/\/territorialchallenges.com\/wp-content\/uploads\/2021\/01\/rhenaniepalatinat.jpg","type":"image\/jpeg"}],"author":"ni.abdi","twitter_card":"summary_large_image","twitter_creator":"@Ni.abdi","twitter_misc":{"Escrito por":"ni.abdi","Tiempo de lectura":"4 minutos"},"schema":{"@context":"https:\/\/schema.org","@graph":[{"@type":"Article","@id":"https:\/\/territorialchallenges.com\/2021\/10\/01\/voeux-2021-la-recherche-scientifique-associee-a-lesprit-dentreprise-dun-territoire-allemand\/86871\/#article","isPartOf":{"@id":"https:\/\/territorialchallenges.com\/2021\/10\/01\/voeux-2021-la-recherche-scientifique-associee-a-lesprit-dentreprise-dun-territoire-allemand\/86871\/"},"author":{"name":"ni.abdi","@id":"https:\/\/territorialchallenges.com\/#\/schema\/person\/098f145c7c61a021c425e010f840080f"},"headline":"V\u0153ux 2021 : La recherche scientifique associ\u00e9e \u00e0 l&rsquo;esprit d&rsquo;entreprise d\u2019un territoire allemand","datePublished":"2021-10-01T19:57:56+00:00","dateModified":"2022-05-03T08:09:35+00:00","mainEntityOfPage":{"@id":"https:\/\/territorialchallenges.com\/2021\/10\/01\/voeux-2021-la-recherche-scientifique-associee-a-lesprit-dentreprise-dun-territoire-allemand\/86871\/"},"wordCount":761,"commentCount":0,"publisher":{"@id":"https:\/\/territorialchallenges.com\/#organization"},"articleSection":["R\u00e9flexion faite","\u00c9cosyst\u00e8me"],"inLanguage":"es"},{"@type":"WebPage","@id":"https:\/\/territorialchallenges.com\/2021\/10\/01\/voeux-2021-la-recherche-scientifique-associee-a-lesprit-dentreprise-dun-territoire-allemand\/86871\/","url":"https:\/\/territorialchallenges.com\/2021\/10\/01\/voeux-2021-la-recherche-scientifique-associee-a-lesprit-dentreprise-dun-territoire-allemand\/86871\/","name":"V\u0153ux 2021 : La recherche scientifique associ\u00e9e \u00e0 l'esprit d'entreprise d\u2019un territoire allemand - Territorial Challenges","isPartOf":{"@id":"https:\/\/territorialchallenges.com\/#website"},"datePublished":"2021-10-01T19:57:56+00:00","dateModified":"2022-05-03T08:09:35+00:00","breadcrumb":{"@id":"https:\/\/territorialchallenges.com\/2021\/10\/01\/voeux-2021-la-recherche-scientifique-associee-a-lesprit-dentreprise-dun-territoire-allemand\/86871\/#breadcrumb"},"inLanguage":"es","potentialAction":[{"@type":"ReadAction","target":["https:\/\/territorialchallenges.com\/2021\/10\/01\/voeux-2021-la-recherche-scientifique-associee-a-lesprit-dentreprise-dun-territoire-allemand\/86871\/"]}]},{"@type":"BreadcrumbList","@id":"https:\/\/territorialchallenges.com\/2021\/10\/01\/voeux-2021-la-recherche-scientifique-associee-a-lesprit-dentreprise-dun-territoire-allemand\/86871\/#breadcrumb","itemListElement":[{"@type":"ListItem","position":1,"name":"Home","item":"https:\/\/territorialchallenges.com\/"},{"@type":"ListItem","position":2,"name":"V\u0153ux 2021 : La recherche scientifique associ\u00e9e \u00e0 l&rsquo;esprit d&rsquo;entreprise d\u2019un territoire allemand"}]},{"@type":"WebSite","@id":"https:\/\/territorialchallenges.com\/#website","url":"https:\/\/territorialchallenges.com\/","name":"Desaf\u00edos territoriales","description":"Monitoreo Internacional - Estrategias Inteligentes - Mejores Pr\u00e1cticas","publisher":{"@id":"https:\/\/territorialchallenges.com\/#organization"},"potentialAction":[{"@type":"SearchAction","target":{"@type":"EntryPoint","urlTemplate":"https:\/\/territorialchallenges.com\/?s={search_term_string}"},"query-input":"required name=search_term_string"}],"inLanguage":"es"},{"@type":"Organization","@id":"https:\/\/territorialchallenges.com\/#organization","name":"Desaf\u00edos territoriales","url":"https:\/\/territorialchallenges.com\/","logo":{"@type":"ImageObject","inLanguage":"es","@id":"https:\/\/territorialchallenges.com\/#\/schema\/logo\/image\/","url":"https:\/\/territorialchallenges.com\/wp-content\/uploads\/2023\/10\/logo-1.png","contentUrl":"https:\/\/territorialchallenges.com\/wp-content\/uploads\/2023\/10\/logo-1.png","width":1832,"height":576,"caption":"Territorial Challenges"},"image":{"@id":"https:\/\/territorialchallenges.com\/#\/schema\/logo\/image\/"}},{"@type":"Person","@id":"https:\/\/territorialchallenges.com\/#\/schema\/person\/098f145c7c61a021c425e010f840080f","name":"ni.abdi","image":{"@type":"ImageObject","inLanguage":"es","@id":"https:\/\/territorialchallenges.com\/#\/schema\/person\/image\/","url":"https:\/\/secure.gravatar.com\/avatar\/2a2f2491f3c80039986ba989b1e4b510?s=96&d=identicon&r=g","contentUrl":"https:\/\/secure.gravatar.com\/avatar\/2a2f2491f3c80039986ba989b1e4b510?s=96&d=identicon&r=g","caption":"ni.abdi"},"sameAs":["https:\/\/twitter.com\/Ni.abdi"],"url":"https:\/\/territorialchallenges.com\/es\/author\/ni-abdi\/"}]}},"_links":{"self":[{"href":"https:\/\/territorialchallenges.com\/es\/wp-json\/wp\/v2\/posts\/86871"}],"collection":[{"href":"https:\/\/territorialchallenges.com\/es\/wp-json\/wp\/v2\/posts"}],"about":[{"href":"https:\/\/territorialchallenges.com\/es\/wp-json\/wp\/v2\/types\/post"}],"author":[{"embeddable":true,"href":"https:\/\/territorialchallenges.com\/es\/wp-json\/wp\/v2\/users\/11"}],"replies":[{"embeddable":true,"href":"https:\/\/territorialchallenges.com\/es\/wp-json\/wp\/v2\/comments?post=86871"}],"version-history":[{"count":1,"href":"https:\/\/territorialchallenges.com\/es\/wp-json\/wp\/v2\/posts\/86871\/revisions"}],"predecessor-version":[{"id":86876,"href":"https:\/\/territorialchallenges.com\/es\/wp-json\/wp\/v2\/posts\/86871\/revisions\/86876"}],"wp:featuredmedia":[{"embeddable":true,"href":"https:\/\/territorialchallenges.com\/es\/wp-json\/wp\/v2\/media\/86872"}],"wp:attachment":[{"href":"https:\/\/territorialchallenges.com\/es\/wp-json\/wp\/v2\/media?parent=86871"}],"wp:term":[{"taxonomy":"category","embeddable":true,"href":"https:\/\/territorialchallenges.com\/es\/wp-json\/wp\/v2\/categories?post=86871"},{"taxonomy":"post_tag","embeddable":true,"href":"https:\/\/territorialchallenges.com\/es\/wp-json\/wp\/v2\/tags?post=86871"}],"curies":[{"name":"gracias","href":"https:\/\/api.w.org\/{rel}","templated":true}]}}