{"id":86824,"date":"2021-09-24T16:53:05","date_gmt":"2021-09-24T14:53:05","guid":{"rendered":"https:\/\/territorialchallenges.com\/?p=86824"},"modified":"2022-05-03T10:11:27","modified_gmt":"2022-05-03T08:11:27","slug":"les-technologies-de-linformation-et-des-communications-renforcent-les-projets-denergie-renouvelable","status":"publish","type":"post","link":"https:\/\/territorialchallenges.com\/es\/2021\/09\/24\/les-technologies-de-linformation-et-des-communications-renforcent-les-projets-denergie-renouvelable\/86824\/","title":{"rendered":"Las tecnolog\u00edas de la informaci\u00f3n y las comunicaciones fortalecen los proyectos de energ\u00edas renovables"},"content":{"rendered":"<p>El sector de internet y las comunicaciones presenta nuevas maneras de aprovechar el potencial de las energ\u00edas renovables. A mediados y finales de la d\u00e9cada de 2000, el consultor australiano Paul Budde fund\u00f3 la asociaci\u00f3n industrial Smart Grid Australia (SGA). Su raz\u00f3n para involucrarse en el sector de la energ\u00eda inteligente fue que, a principios de\u2026 <\/p>\n<div class=\"pmpro_content_message\">Art\u00edculo disponible s\u00f3lo para suscriptores.<br \/><a href=\"https:\/\/territorialchallenges.com\/wp-login.php\">Acceso<\/a><br \/><a href=\"https:\/\/territorialchallenges.com\/es\/wp-login.php\/?action=register\">Registro<\/a><\/div>","protected":false},"excerpt":{"rendered":"<p>Le domaine de l&rsquo;Internet et des communications pr\u00e9sente de nouvelles fa\u00e7ons d&rsquo;exploiter les possibilit\u00e9s des \u00e9nergies renouvelables. Entre le milieu et la fin des ann\u00e9es 2000, l&rsquo;expert-consultant australien, Paul Budde, avait cr\u00e9\u00e9 l&rsquo;association industrielle Smart Grid Australia (SGA). La raison pour laquelle il s&rsquo;est impliqu\u00e9 dans le secteur de l&rsquo;\u00e9nergie intelligente \u00e9tait qu&rsquo;au d\u00e9but de... <\/p>\n<div class=\"pmpro_content_message\">Art\u00edculo disponible s\u00f3lo para suscriptores.<br \/><a href=\"https:\/\/territorialchallenges.com\/wp-login.php\">Acceso<\/a><br \/><a href=\"https:\/\/territorialchallenges.com\/es\/wp-login.php\/?action=register\">Registro<\/a><\/div>","protected":false},"author":11,"featured_media":86825,"comment_status":"open","ping_status":"open","sticky":true,"template":"","format":"standard","meta":{"pmpro_default_level":0,"footnotes":""},"categories":[18,124],"tags":[],"blocksy_meta":"","yoast_head":"<!-- This site is optimized with the Yoast SEO plugin v21.5 - https:\/\/yoast.com\/wordpress\/plugins\/seo\/ -->\n<title>Les technologies de l&#039;information et des communications renforcent les projets d&#039;\u00e9nergie renouvelable - Territorial Challenges<\/title>\n<meta name=\"robots\" content=\"index, follow, max-snippet:-1, max-image-preview:large, max-video-preview:-1\" \/>\n<link rel=\"canonical\" href=\"https:\/\/territorialchallenges.com\/es\/2021\/09\/24\/les-technologies-de-linformation-et-des-communications-renforcent-les-projets-denergie-renouvelable\/86824\/\" \/>\n<meta property=\"og:locale\" content=\"es_ES\" \/>\n<meta property=\"og:type\" content=\"article\" \/>\n<meta property=\"og:title\" content=\"Les technologies de l&#039;information et des communications renforcent les projets d&#039;\u00e9nergie renouvelable - Territorial Challenges\" \/>\n<meta property=\"og:description\" content=\"Le domaine de l&rsquo;Internet et des communications pr\u00e9sente de nouvelles fa\u00e7ons d&rsquo;exploiter les possibilit\u00e9s des \u00e9nergies renouvelables. Entre le milieu et la fin des ann\u00e9es 2000, l&rsquo;expert-consultant australien, Paul Budde, avait cr\u00e9\u00e9 l&rsquo;association industrielle Smart Grid Australia (SGA). La raison pour laquelle il s&rsquo;est impliqu\u00e9 dans le secteur de l&rsquo;\u00e9nergie intelligente \u00e9tait qu&rsquo;au d\u00e9but de [&hellip;]\" \/>\n<meta property=\"og:url\" content=\"https:\/\/territorialchallenges.com\/es\/2021\/09\/24\/les-technologies-de-linformation-et-des-communications-renforcent-les-projets-denergie-renouvelable\/86824\/\" \/>\n<meta property=\"og:site_name\" content=\"Territorial Challenges\" \/>\n<meta property=\"article:published_time\" content=\"2021-09-24T14:53:05+00:00\" \/>\n<meta property=\"article:modified_time\" content=\"2022-05-03T08:11:27+00:00\" \/>\n<meta property=\"og:image\" content=\"https:\/\/territorialchallenges.com\/wp-content\/uploads\/2020\/12\/smart-grid-planausyralia.png\" \/>\n\t<meta property=\"og:image:width\" content=\"800\" \/>\n\t<meta property=\"og:image:height\" content=\"375\" \/>\n\t<meta property=\"og:image:type\" content=\"image\/png\" \/>\n<meta name=\"author\" content=\"ni.abdi\" \/>\n<meta name=\"twitter:card\" content=\"summary_large_image\" \/>\n<meta name=\"twitter:creator\" content=\"@Ni.abdi\" \/>\n<meta name=\"twitter:label1\" content=\"Escrito por\" \/>\n\t<meta name=\"twitter:data1\" content=\"ni.abdi\" \/>\n\t<meta name=\"twitter:label2\" content=\"Tiempo de lectura\" \/>\n\t<meta name=\"twitter:data2\" content=\"3 minutos\" \/>\n<script type=\"application\/ld+json\" class=\"yoast-schema-graph\">{\"@context\":\"https:\/\/schema.org\",\"@graph\":[{\"@type\":\"Article\",\"@id\":\"https:\/\/territorialchallenges.com\/2021\/09\/24\/les-technologies-de-linformation-et-des-communications-renforcent-les-projets-denergie-renouvelable\/86824\/#article\",\"isPartOf\":{\"@id\":\"https:\/\/territorialchallenges.com\/2021\/09\/24\/les-technologies-de-linformation-et-des-communications-renforcent-les-projets-denergie-renouvelable\/86824\/\"},\"author\":{\"name\":\"ni.abdi\",\"@id\":\"https:\/\/territorialchallenges.com\/#\/schema\/person\/098f145c7c61a021c425e010f840080f\"},\"headline\":\"Les technologies de l&rsquo;information et des communications renforcent les projets d&rsquo;\u00e9nergie renouvelable\",\"datePublished\":\"2021-09-24T14:53:05+00:00\",\"dateModified\":\"2022-05-03T08:11:27+00:00\",\"mainEntityOfPage\":{\"@id\":\"https:\/\/territorialchallenges.com\/2021\/09\/24\/les-technologies-de-linformation-et-des-communications-renforcent-les-projets-denergie-renouvelable\/86824\/\"},\"wordCount\":608,\"commentCount\":0,\"publisher\":{\"@id\":\"https:\/\/territorialchallenges.com\/#organization\"},\"articleSection\":[\"Transition \u00c9nerg\u00e9tique\",\"Actualit\u00e9 internationale\"],\"inLanguage\":\"es\"},{\"@type\":\"WebPage\",\"@id\":\"https:\/\/territorialchallenges.com\/2021\/09\/24\/les-technologies-de-linformation-et-des-communications-renforcent-les-projets-denergie-renouvelable\/86824\/\",\"url\":\"https:\/\/territorialchallenges.com\/2021\/09\/24\/les-technologies-de-linformation-et-des-communications-renforcent-les-projets-denergie-renouvelable\/86824\/\",\"name\":\"Les technologies de l'information et des communications renforcent les projets d'\u00e9nergie renouvelable - Territorial Challenges\",\"isPartOf\":{\"@id\":\"https:\/\/territorialchallenges.com\/#website\"},\"datePublished\":\"2021-09-24T14:53:05+00:00\",\"dateModified\":\"2022-05-03T08:11:27+00:00\",\"breadcrumb\":{\"@id\":\"https:\/\/territorialchallenges.com\/2021\/09\/24\/les-technologies-de-linformation-et-des-communications-renforcent-les-projets-denergie-renouvelable\/86824\/#breadcrumb\"},\"inLanguage\":\"es\",\"potentialAction\":[{\"@type\":\"ReadAction\",\"target\":[\"https:\/\/territorialchallenges.com\/2021\/09\/24\/les-technologies-de-linformation-et-des-communications-renforcent-les-projets-denergie-renouvelable\/86824\/\"]}]},{\"@type\":\"BreadcrumbList\",\"@id\":\"https:\/\/territorialchallenges.com\/2021\/09\/24\/les-technologies-de-linformation-et-des-communications-renforcent-les-projets-denergie-renouvelable\/86824\/#breadcrumb\",\"itemListElement\":[{\"@type\":\"ListItem\",\"position\":1,\"name\":\"Home\",\"item\":\"https:\/\/territorialchallenges.com\/\"},{\"@type\":\"ListItem\",\"position\":2,\"name\":\"Les technologies de l&rsquo;information et des communications renforcent les projets d&rsquo;\u00e9nergie renouvelable\"}]},{\"@type\":\"WebSite\",\"@id\":\"https:\/\/territorialchallenges.com\/#website\",\"url\":\"https:\/\/territorialchallenges.com\/\",\"name\":\"Territorial Challenges\",\"description\":\"Veille Internationale - Strat\u00e9gie Intelligentes - Bonnes pratiques\",\"publisher\":{\"@id\":\"https:\/\/territorialchallenges.com\/#organization\"},\"potentialAction\":[{\"@type\":\"SearchAction\",\"target\":{\"@type\":\"EntryPoint\",\"urlTemplate\":\"https:\/\/territorialchallenges.com\/?s={search_term_string}\"},\"query-input\":\"required name=search_term_string\"}],\"inLanguage\":\"es\"},{\"@type\":\"Organization\",\"@id\":\"https:\/\/territorialchallenges.com\/#organization\",\"name\":\"Territorial Challenges\",\"url\":\"https:\/\/territorialchallenges.com\/\",\"logo\":{\"@type\":\"ImageObject\",\"inLanguage\":\"es\",\"@id\":\"https:\/\/territorialchallenges.com\/#\/schema\/logo\/image\/\",\"url\":\"https:\/\/territorialchallenges.com\/wp-content\/uploads\/2023\/10\/logo-1.png\",\"contentUrl\":\"https:\/\/territorialchallenges.com\/wp-content\/uploads\/2023\/10\/logo-1.png\",\"width\":1832,\"height\":576,\"caption\":\"Territorial Challenges\"},\"image\":{\"@id\":\"https:\/\/territorialchallenges.com\/#\/schema\/logo\/image\/\"}},{\"@type\":\"Person\",\"@id\":\"https:\/\/territorialchallenges.com\/#\/schema\/person\/098f145c7c61a021c425e010f840080f\",\"name\":\"ni.abdi\",\"image\":{\"@type\":\"ImageObject\",\"inLanguage\":\"es\",\"@id\":\"https:\/\/territorialchallenges.com\/#\/schema\/person\/image\/\",\"url\":\"https:\/\/secure.gravatar.com\/avatar\/2a2f2491f3c80039986ba989b1e4b510?s=96&d=identicon&r=g\",\"contentUrl\":\"https:\/\/secure.gravatar.com\/avatar\/2a2f2491f3c80039986ba989b1e4b510?s=96&d=identicon&r=g\",\"caption\":\"ni.abdi\"},\"sameAs\":[\"https:\/\/twitter.com\/Ni.abdi\"],\"url\":\"https:\/\/territorialchallenges.com\/es\/author\/ni-abdi\/\"}]}<\/script>\n<!-- \/ Yoast SEO plugin. -->","yoast_head_json":{"title":"Les technologies de l'information et des communications renforcent les projets d'\u00e9nergie renouvelable - Territorial Challenges","robots":{"index":"index","follow":"follow","max-snippet":"max-snippet:-1","max-image-preview":"max-image-preview:large","max-video-preview":"max-video-preview:-1"},"canonical":"https:\/\/territorialchallenges.com\/es\/2021\/09\/24\/les-technologies-de-linformation-et-des-communications-renforcent-les-projets-denergie-renouvelable\/86824\/","og_locale":"es_ES","og_type":"article","og_title":"Les technologies de l'information et des communications renforcent les projets d'\u00e9nergie renouvelable - Territorial Challenges","og_description":"Le domaine de l&rsquo;Internet et des communications pr\u00e9sente de nouvelles fa\u00e7ons d&rsquo;exploiter les possibilit\u00e9s des \u00e9nergies renouvelables. Entre le milieu et la fin des ann\u00e9es 2000, l&rsquo;expert-consultant australien, Paul Budde, avait cr\u00e9\u00e9 l&rsquo;association industrielle Smart Grid Australia (SGA). La raison pour laquelle il s&rsquo;est impliqu\u00e9 dans le secteur de l&rsquo;\u00e9nergie intelligente \u00e9tait qu&rsquo;au d\u00e9but de [&hellip;]","og_url":"https:\/\/territorialchallenges.com\/es\/2021\/09\/24\/les-technologies-de-linformation-et-des-communications-renforcent-les-projets-denergie-renouvelable\/86824\/","og_site_name":"Territorial Challenges","article_published_time":"2021-09-24T14:53:05+00:00","article_modified_time":"2022-05-03T08:11:27+00:00","og_image":[{"width":800,"height":375,"url":"https:\/\/territorialchallenges.com\/wp-content\/uploads\/2020\/12\/smart-grid-planausyralia.png","type":"image\/png"}],"author":"ni.abdi","twitter_card":"summary_large_image","twitter_creator":"@Ni.abdi","twitter_misc":{"Escrito por":"ni.abdi","Tiempo de lectura":"3 minutos"},"schema":{"@context":"https:\/\/schema.org","@graph":[{"@type":"Article","@id":"https:\/\/territorialchallenges.com\/2021\/09\/24\/les-technologies-de-linformation-et-des-communications-renforcent-les-projets-denergie-renouvelable\/86824\/#article","isPartOf":{"@id":"https:\/\/territorialchallenges.com\/2021\/09\/24\/les-technologies-de-linformation-et-des-communications-renforcent-les-projets-denergie-renouvelable\/86824\/"},"author":{"name":"ni.abdi","@id":"https:\/\/territorialchallenges.com\/#\/schema\/person\/098f145c7c61a021c425e010f840080f"},"headline":"Les technologies de l&rsquo;information et des communications renforcent les projets d&rsquo;\u00e9nergie renouvelable","datePublished":"2021-09-24T14:53:05+00:00","dateModified":"2022-05-03T08:11:27+00:00","mainEntityOfPage":{"@id":"https:\/\/territorialchallenges.com\/2021\/09\/24\/les-technologies-de-linformation-et-des-communications-renforcent-les-projets-denergie-renouvelable\/86824\/"},"wordCount":608,"commentCount":0,"publisher":{"@id":"https:\/\/territorialchallenges.com\/#organization"},"articleSection":["Transition \u00c9nerg\u00e9tique","Actualit\u00e9 internationale"],"inLanguage":"es"},{"@type":"WebPage","@id":"https:\/\/territorialchallenges.com\/2021\/09\/24\/les-technologies-de-linformation-et-des-communications-renforcent-les-projets-denergie-renouvelable\/86824\/","url":"https:\/\/territorialchallenges.com\/2021\/09\/24\/les-technologies-de-linformation-et-des-communications-renforcent-les-projets-denergie-renouvelable\/86824\/","name":"Les technologies de l'information et des communications renforcent les projets d'\u00e9nergie renouvelable - Territorial Challenges","isPartOf":{"@id":"https:\/\/territorialchallenges.com\/#website"},"datePublished":"2021-09-24T14:53:05+00:00","dateModified":"2022-05-03T08:11:27+00:00","breadcrumb":{"@id":"https:\/\/territorialchallenges.com\/2021\/09\/24\/les-technologies-de-linformation-et-des-communications-renforcent-les-projets-denergie-renouvelable\/86824\/#breadcrumb"},"inLanguage":"es","potentialAction":[{"@type":"ReadAction","target":["https:\/\/territorialchallenges.com\/2021\/09\/24\/les-technologies-de-linformation-et-des-communications-renforcent-les-projets-denergie-renouvelable\/86824\/"]}]},{"@type":"BreadcrumbList","@id":"https:\/\/territorialchallenges.com\/2021\/09\/24\/les-technologies-de-linformation-et-des-communications-renforcent-les-projets-denergie-renouvelable\/86824\/#breadcrumb","itemListElement":[{"@type":"ListItem","position":1,"name":"Home","item":"https:\/\/territorialchallenges.com\/"},{"@type":"ListItem","position":2,"name":"Les technologies de l&rsquo;information et des communications renforcent les projets d&rsquo;\u00e9nergie renouvelable"}]},{"@type":"WebSite","@id":"https:\/\/territorialchallenges.com\/#website","url":"https:\/\/territorialchallenges.com\/","name":"Desaf\u00edos territoriales","description":"Monitoreo Internacional - Estrategias Inteligentes - Mejores Pr\u00e1cticas","publisher":{"@id":"https:\/\/territorialchallenges.com\/#organization"},"potentialAction":[{"@type":"SearchAction","target":{"@type":"EntryPoint","urlTemplate":"https:\/\/territorialchallenges.com\/?s={search_term_string}"},"query-input":"required name=search_term_string"}],"inLanguage":"es"},{"@type":"Organization","@id":"https:\/\/territorialchallenges.com\/#organization","name":"Desaf\u00edos territoriales","url":"https:\/\/territorialchallenges.com\/","logo":{"@type":"ImageObject","inLanguage":"es","@id":"https:\/\/territorialchallenges.com\/#\/schema\/logo\/image\/","url":"https:\/\/territorialchallenges.com\/wp-content\/uploads\/2023\/10\/logo-1.png","contentUrl":"https:\/\/territorialchallenges.com\/wp-content\/uploads\/2023\/10\/logo-1.png","width":1832,"height":576,"caption":"Territorial Challenges"},"image":{"@id":"https:\/\/territorialchallenges.com\/#\/schema\/logo\/image\/"}},{"@type":"Person","@id":"https:\/\/territorialchallenges.com\/#\/schema\/person\/098f145c7c61a021c425e010f840080f","name":"ni.abdi","image":{"@type":"ImageObject","inLanguage":"es","@id":"https:\/\/territorialchallenges.com\/#\/schema\/person\/image\/","url":"https:\/\/secure.gravatar.com\/avatar\/2a2f2491f3c80039986ba989b1e4b510?s=96&d=identicon&r=g","contentUrl":"https:\/\/secure.gravatar.com\/avatar\/2a2f2491f3c80039986ba989b1e4b510?s=96&d=identicon&r=g","caption":"ni.abdi"},"sameAs":["https:\/\/twitter.com\/Ni.abdi"],"url":"https:\/\/territorialchallenges.com\/es\/author\/ni-abdi\/"}]}},"_links":{"self":[{"href":"https:\/\/territorialchallenges.com\/es\/wp-json\/wp\/v2\/posts\/86824"}],"collection":[{"href":"https:\/\/territorialchallenges.com\/es\/wp-json\/wp\/v2\/posts"}],"about":[{"href":"https:\/\/territorialchallenges.com\/es\/wp-json\/wp\/v2\/types\/post"}],"author":[{"embeddable":true,"href":"https:\/\/territorialchallenges.com\/es\/wp-json\/wp\/v2\/users\/11"}],"replies":[{"embeddable":true,"href":"https:\/\/territorialchallenges.com\/es\/wp-json\/wp\/v2\/comments?post=86824"}],"version-history":[{"count":2,"href":"https:\/\/territorialchallenges.com\/es\/wp-json\/wp\/v2\/posts\/86824\/revisions"}],"predecessor-version":[{"id":86830,"href":"https:\/\/territorialchallenges.com\/es\/wp-json\/wp\/v2\/posts\/86824\/revisions\/86830"}],"wp:featuredmedia":[{"embeddable":true,"href":"https:\/\/territorialchallenges.com\/es\/wp-json\/wp\/v2\/media\/86825"}],"wp:attachment":[{"href":"https:\/\/territorialchallenges.com\/es\/wp-json\/wp\/v2\/media?parent=86824"}],"wp:term":[{"taxonomy":"category","embeddable":true,"href":"https:\/\/territorialchallenges.com\/es\/wp-json\/wp\/v2\/categories?post=86824"},{"taxonomy":"post_tag","embeddable":true,"href":"https:\/\/territorialchallenges.com\/es\/wp-json\/wp\/v2\/tags?post=86824"}],"curies":[{"name":"gracias","href":"https:\/\/api.w.org\/{rel}","templated":true}]}}