{"id":86385,"date":"2020-10-13T10:37:17","date_gmt":"2020-10-13T08:37:17","guid":{"rendered":"https:\/\/territorialchallenges.com\/?p=86385"},"modified":"2020-10-13T12:39:21","modified_gmt":"2020-10-13T10:39:21","slug":"face-a-linconnu-la-transition-ecologique-francaise-doit-regarder-ailleurs","status":"publish","type":"post","link":"https:\/\/territorialchallenges.com\/es\/2020\/10\/13\/face-a-linconnu-la-transition-ecologique-francaise-doit-regarder-ailleurs\/86385\/","title":{"rendered":"Ante lo desconocido, la transici\u00f3n ecol\u00f3gica francesa debe mirar hacia otro lado"},"content":{"rendered":"<p>Como cada semana, les traigo un editorial para darles un resumen de todo lo que se publica para los SUSCRIPTORES sobre Desaf\u00edos Territoriales. Gracias. En un per\u00edodo de crisis sanitaria y econ\u00f3mica, e incertidumbre en cuanto a soluciones, los responsables de la toma de decisiones compiten en conceptos de mensajes y herramientas de comunicaci\u00f3n\u2026 <\/p>\n<div class=\"pmpro_content_message\">Art\u00edculo disponible s\u00f3lo para suscriptores.<br \/><a href=\"https:\/\/territorialchallenges.com\/wp-login.php\">Acceso<\/a><br \/><a href=\"https:\/\/territorialchallenges.com\/es\/wp-login.php\/?action=register\">Registro<\/a><\/div>","protected":false},"excerpt":{"rendered":"<p>Comme chaque semaine, je viens vers vous avec un \u00e9dito, afin de vous donner un aper\u00e7u de tout ce qui est publi\u00e9 pour les ABONNES sur Territorial Challenges! Merci \u00e0 vous. Dans une p\u00e9riode de crise sanitaire, \u00e9conomique et d\u2019incertitude en termes de solutions, les d\u00e9cideurs rivalisent de concepts de messages et d\u2019outils de communication.... <\/p>\n<div class=\"pmpro_content_message\">Art\u00edculo disponible s\u00f3lo para suscriptores.<br \/><a href=\"https:\/\/territorialchallenges.com\/wp-login.php\">Acceso<\/a><br \/><a href=\"https:\/\/territorialchallenges.com\/es\/wp-login.php\/?action=register\">Registro<\/a><\/div>","protected":false},"author":11,"featured_media":86386,"comment_status":"open","ping_status":"open","sticky":true,"template":"","format":"standard","meta":{"pmpro_default_level":0,"footnotes":""},"categories":[130,117],"tags":[],"blocksy_meta":"","yoast_head":"<!-- This site is optimized with the Yoast SEO plugin v21.5 - https:\/\/yoast.com\/wordpress\/plugins\/seo\/ -->\n<title>Face \u00e0 l&#039;inconnu, la transition \u00e9cologique fran\u00e7aise doit regarder ailleurs - Territorial Challenges<\/title>\n<meta name=\"robots\" content=\"index, follow, max-snippet:-1, max-image-preview:large, max-video-preview:-1\" \/>\n<link rel=\"canonical\" href=\"https:\/\/territorialchallenges.com\/es\/2020\/10\/13\/face-a-linconnu-la-transition-ecologique-francaise-doit-regarder-ailleurs\/86385\/\" \/>\n<meta property=\"og:locale\" content=\"es_ES\" \/>\n<meta property=\"og:type\" content=\"article\" \/>\n<meta property=\"og:title\" content=\"Face \u00e0 l&#039;inconnu, la transition \u00e9cologique fran\u00e7aise doit regarder ailleurs - Territorial Challenges\" \/>\n<meta property=\"og:description\" content=\"Comme chaque semaine, je viens vers vous avec un \u00e9dito, afin de vous donner un aper\u00e7u de tout ce qui est publi\u00e9 pour les ABONNES sur Territorial Challenges! Merci \u00e0 vous. Dans une p\u00e9riode de crise sanitaire, \u00e9conomique et d\u2019incertitude en termes de solutions, les d\u00e9cideurs rivalisent de concepts de messages et d\u2019outils de communication. [&hellip;]\" \/>\n<meta property=\"og:url\" content=\"https:\/\/territorialchallenges.com\/es\/2020\/10\/13\/face-a-linconnu-la-transition-ecologique-francaise-doit-regarder-ailleurs\/86385\/\" \/>\n<meta property=\"og:site_name\" content=\"Territorial Challenges\" \/>\n<meta property=\"article:published_time\" content=\"2020-10-13T08:37:17+00:00\" \/>\n<meta property=\"article:modified_time\" content=\"2020-10-13T10:39:21+00:00\" \/>\n<meta property=\"og:image\" content=\"https:\/\/territorialchallenges.com\/wp-content\/uploads\/2020\/10\/reflexionfaite151020.jpg\" \/>\n\t<meta property=\"og:image:width\" content=\"1920\" \/>\n\t<meta property=\"og:image:height\" content=\"1198\" \/>\n\t<meta property=\"og:image:type\" content=\"image\/jpeg\" \/>\n<meta name=\"author\" content=\"ni.abdi\" \/>\n<meta name=\"twitter:card\" content=\"summary_large_image\" \/>\n<meta name=\"twitter:creator\" content=\"@Ni.abdi\" \/>\n<meta name=\"twitter:label1\" content=\"Escrito por\" \/>\n\t<meta name=\"twitter:data1\" content=\"ni.abdi\" \/>\n\t<meta name=\"twitter:label2\" content=\"Tiempo de lectura\" \/>\n\t<meta name=\"twitter:data2\" content=\"4 minutos\" \/>\n<script type=\"application\/ld+json\" class=\"yoast-schema-graph\">{\"@context\":\"https:\/\/schema.org\",\"@graph\":[{\"@type\":\"Article\",\"@id\":\"https:\/\/territorialchallenges.com\/2020\/10\/13\/face-a-linconnu-la-transition-ecologique-francaise-doit-regarder-ailleurs\/86385\/#article\",\"isPartOf\":{\"@id\":\"https:\/\/territorialchallenges.com\/2020\/10\/13\/face-a-linconnu-la-transition-ecologique-francaise-doit-regarder-ailleurs\/86385\/\"},\"author\":{\"name\":\"ni.abdi\",\"@id\":\"https:\/\/territorialchallenges.com\/#\/schema\/person\/098f145c7c61a021c425e010f840080f\"},\"headline\":\"Face \u00e0 l&rsquo;inconnu, la transition \u00e9cologique fran\u00e7aise doit regarder ailleurs\",\"datePublished\":\"2020-10-13T08:37:17+00:00\",\"dateModified\":\"2020-10-13T10:39:21+00:00\",\"mainEntityOfPage\":{\"@id\":\"https:\/\/territorialchallenges.com\/2020\/10\/13\/face-a-linconnu-la-transition-ecologique-francaise-doit-regarder-ailleurs\/86385\/\"},\"wordCount\":725,\"commentCount\":0,\"publisher\":{\"@id\":\"https:\/\/territorialchallenges.com\/#organization\"},\"articleSection\":[\"R\u00e9flexion faite\",\"\u00c9cosyst\u00e8me\"],\"inLanguage\":\"es\"},{\"@type\":\"WebPage\",\"@id\":\"https:\/\/territorialchallenges.com\/2020\/10\/13\/face-a-linconnu-la-transition-ecologique-francaise-doit-regarder-ailleurs\/86385\/\",\"url\":\"https:\/\/territorialchallenges.com\/2020\/10\/13\/face-a-linconnu-la-transition-ecologique-francaise-doit-regarder-ailleurs\/86385\/\",\"name\":\"Face \u00e0 l'inconnu, la transition \u00e9cologique fran\u00e7aise doit regarder ailleurs - Territorial Challenges\",\"isPartOf\":{\"@id\":\"https:\/\/territorialchallenges.com\/#website\"},\"datePublished\":\"2020-10-13T08:37:17+00:00\",\"dateModified\":\"2020-10-13T10:39:21+00:00\",\"breadcrumb\":{\"@id\":\"https:\/\/territorialchallenges.com\/2020\/10\/13\/face-a-linconnu-la-transition-ecologique-francaise-doit-regarder-ailleurs\/86385\/#breadcrumb\"},\"inLanguage\":\"es\",\"potentialAction\":[{\"@type\":\"ReadAction\",\"target\":[\"https:\/\/territorialchallenges.com\/2020\/10\/13\/face-a-linconnu-la-transition-ecologique-francaise-doit-regarder-ailleurs\/86385\/\"]}]},{\"@type\":\"BreadcrumbList\",\"@id\":\"https:\/\/territorialchallenges.com\/2020\/10\/13\/face-a-linconnu-la-transition-ecologique-francaise-doit-regarder-ailleurs\/86385\/#breadcrumb\",\"itemListElement\":[{\"@type\":\"ListItem\",\"position\":1,\"name\":\"Home\",\"item\":\"https:\/\/territorialchallenges.com\/\"},{\"@type\":\"ListItem\",\"position\":2,\"name\":\"Face \u00e0 l&rsquo;inconnu, la transition \u00e9cologique fran\u00e7aise doit regarder ailleurs\"}]},{\"@type\":\"WebSite\",\"@id\":\"https:\/\/territorialchallenges.com\/#website\",\"url\":\"https:\/\/territorialchallenges.com\/\",\"name\":\"Territorial Challenges\",\"description\":\"Veille Internationale - Strat\u00e9gie Intelligentes - Bonnes pratiques\",\"publisher\":{\"@id\":\"https:\/\/territorialchallenges.com\/#organization\"},\"potentialAction\":[{\"@type\":\"SearchAction\",\"target\":{\"@type\":\"EntryPoint\",\"urlTemplate\":\"https:\/\/territorialchallenges.com\/?s={search_term_string}\"},\"query-input\":\"required name=search_term_string\"}],\"inLanguage\":\"es\"},{\"@type\":\"Organization\",\"@id\":\"https:\/\/territorialchallenges.com\/#organization\",\"name\":\"Territorial Challenges\",\"url\":\"https:\/\/territorialchallenges.com\/\",\"logo\":{\"@type\":\"ImageObject\",\"inLanguage\":\"es\",\"@id\":\"https:\/\/territorialchallenges.com\/#\/schema\/logo\/image\/\",\"url\":\"https:\/\/territorialchallenges.com\/wp-content\/uploads\/2023\/10\/logo-1.png\",\"contentUrl\":\"https:\/\/territorialchallenges.com\/wp-content\/uploads\/2023\/10\/logo-1.png\",\"width\":1832,\"height\":576,\"caption\":\"Territorial Challenges\"},\"image\":{\"@id\":\"https:\/\/territorialchallenges.com\/#\/schema\/logo\/image\/\"}},{\"@type\":\"Person\",\"@id\":\"https:\/\/territorialchallenges.com\/#\/schema\/person\/098f145c7c61a021c425e010f840080f\",\"name\":\"ni.abdi\",\"image\":{\"@type\":\"ImageObject\",\"inLanguage\":\"es\",\"@id\":\"https:\/\/territorialchallenges.com\/#\/schema\/person\/image\/\",\"url\":\"https:\/\/secure.gravatar.com\/avatar\/2a2f2491f3c80039986ba989b1e4b510?s=96&d=identicon&r=g\",\"contentUrl\":\"https:\/\/secure.gravatar.com\/avatar\/2a2f2491f3c80039986ba989b1e4b510?s=96&d=identicon&r=g\",\"caption\":\"ni.abdi\"},\"sameAs\":[\"https:\/\/twitter.com\/Ni.abdi\"],\"url\":\"https:\/\/territorialchallenges.com\/es\/author\/ni-abdi\/\"}]}<\/script>\n<!-- \/ Yoast SEO plugin. -->","yoast_head_json":{"title":"Face \u00e0 l'inconnu, la transition \u00e9cologique fran\u00e7aise doit regarder ailleurs - Territorial Challenges","robots":{"index":"index","follow":"follow","max-snippet":"max-snippet:-1","max-image-preview":"max-image-preview:large","max-video-preview":"max-video-preview:-1"},"canonical":"https:\/\/territorialchallenges.com\/es\/2020\/10\/13\/face-a-linconnu-la-transition-ecologique-francaise-doit-regarder-ailleurs\/86385\/","og_locale":"es_ES","og_type":"article","og_title":"Face \u00e0 l'inconnu, la transition \u00e9cologique fran\u00e7aise doit regarder ailleurs - Territorial Challenges","og_description":"Comme chaque semaine, je viens vers vous avec un \u00e9dito, afin de vous donner un aper\u00e7u de tout ce qui est publi\u00e9 pour les ABONNES sur Territorial Challenges! Merci \u00e0 vous. Dans une p\u00e9riode de crise sanitaire, \u00e9conomique et d\u2019incertitude en termes de solutions, les d\u00e9cideurs rivalisent de concepts de messages et d\u2019outils de communication. [&hellip;]","og_url":"https:\/\/territorialchallenges.com\/es\/2020\/10\/13\/face-a-linconnu-la-transition-ecologique-francaise-doit-regarder-ailleurs\/86385\/","og_site_name":"Territorial Challenges","article_published_time":"2020-10-13T08:37:17+00:00","article_modified_time":"2020-10-13T10:39:21+00:00","og_image":[{"width":1920,"height":1198,"url":"https:\/\/territorialchallenges.com\/wp-content\/uploads\/2020\/10\/reflexionfaite151020.jpg","type":"image\/jpeg"}],"author":"ni.abdi","twitter_card":"summary_large_image","twitter_creator":"@Ni.abdi","twitter_misc":{"Escrito por":"ni.abdi","Tiempo de lectura":"4 minutos"},"schema":{"@context":"https:\/\/schema.org","@graph":[{"@type":"Article","@id":"https:\/\/territorialchallenges.com\/2020\/10\/13\/face-a-linconnu-la-transition-ecologique-francaise-doit-regarder-ailleurs\/86385\/#article","isPartOf":{"@id":"https:\/\/territorialchallenges.com\/2020\/10\/13\/face-a-linconnu-la-transition-ecologique-francaise-doit-regarder-ailleurs\/86385\/"},"author":{"name":"ni.abdi","@id":"https:\/\/territorialchallenges.com\/#\/schema\/person\/098f145c7c61a021c425e010f840080f"},"headline":"Face \u00e0 l&rsquo;inconnu, la transition \u00e9cologique fran\u00e7aise doit regarder ailleurs","datePublished":"2020-10-13T08:37:17+00:00","dateModified":"2020-10-13T10:39:21+00:00","mainEntityOfPage":{"@id":"https:\/\/territorialchallenges.com\/2020\/10\/13\/face-a-linconnu-la-transition-ecologique-francaise-doit-regarder-ailleurs\/86385\/"},"wordCount":725,"commentCount":0,"publisher":{"@id":"https:\/\/territorialchallenges.com\/#organization"},"articleSection":["R\u00e9flexion faite","\u00c9cosyst\u00e8me"],"inLanguage":"es"},{"@type":"WebPage","@id":"https:\/\/territorialchallenges.com\/2020\/10\/13\/face-a-linconnu-la-transition-ecologique-francaise-doit-regarder-ailleurs\/86385\/","url":"https:\/\/territorialchallenges.com\/2020\/10\/13\/face-a-linconnu-la-transition-ecologique-francaise-doit-regarder-ailleurs\/86385\/","name":"Face \u00e0 l'inconnu, la transition \u00e9cologique fran\u00e7aise doit regarder ailleurs - Territorial Challenges","isPartOf":{"@id":"https:\/\/territorialchallenges.com\/#website"},"datePublished":"2020-10-13T08:37:17+00:00","dateModified":"2020-10-13T10:39:21+00:00","breadcrumb":{"@id":"https:\/\/territorialchallenges.com\/2020\/10\/13\/face-a-linconnu-la-transition-ecologique-francaise-doit-regarder-ailleurs\/86385\/#breadcrumb"},"inLanguage":"es","potentialAction":[{"@type":"ReadAction","target":["https:\/\/territorialchallenges.com\/2020\/10\/13\/face-a-linconnu-la-transition-ecologique-francaise-doit-regarder-ailleurs\/86385\/"]}]},{"@type":"BreadcrumbList","@id":"https:\/\/territorialchallenges.com\/2020\/10\/13\/face-a-linconnu-la-transition-ecologique-francaise-doit-regarder-ailleurs\/86385\/#breadcrumb","itemListElement":[{"@type":"ListItem","position":1,"name":"Home","item":"https:\/\/territorialchallenges.com\/"},{"@type":"ListItem","position":2,"name":"Face \u00e0 l&rsquo;inconnu, la transition \u00e9cologique fran\u00e7aise doit regarder ailleurs"}]},{"@type":"WebSite","@id":"https:\/\/territorialchallenges.com\/#website","url":"https:\/\/territorialchallenges.com\/","name":"Desaf\u00edos territoriales","description":"Monitoreo Internacional - Estrategias Inteligentes - Mejores Pr\u00e1cticas","publisher":{"@id":"https:\/\/territorialchallenges.com\/#organization"},"potentialAction":[{"@type":"SearchAction","target":{"@type":"EntryPoint","urlTemplate":"https:\/\/territorialchallenges.com\/?s={search_term_string}"},"query-input":"required name=search_term_string"}],"inLanguage":"es"},{"@type":"Organization","@id":"https:\/\/territorialchallenges.com\/#organization","name":"Desaf\u00edos territoriales","url":"https:\/\/territorialchallenges.com\/","logo":{"@type":"ImageObject","inLanguage":"es","@id":"https:\/\/territorialchallenges.com\/#\/schema\/logo\/image\/","url":"https:\/\/territorialchallenges.com\/wp-content\/uploads\/2023\/10\/logo-1.png","contentUrl":"https:\/\/territorialchallenges.com\/wp-content\/uploads\/2023\/10\/logo-1.png","width":1832,"height":576,"caption":"Territorial Challenges"},"image":{"@id":"https:\/\/territorialchallenges.com\/#\/schema\/logo\/image\/"}},{"@type":"Person","@id":"https:\/\/territorialchallenges.com\/#\/schema\/person\/098f145c7c61a021c425e010f840080f","name":"ni.abdi","image":{"@type":"ImageObject","inLanguage":"es","@id":"https:\/\/territorialchallenges.com\/#\/schema\/person\/image\/","url":"https:\/\/secure.gravatar.com\/avatar\/2a2f2491f3c80039986ba989b1e4b510?s=96&d=identicon&r=g","contentUrl":"https:\/\/secure.gravatar.com\/avatar\/2a2f2491f3c80039986ba989b1e4b510?s=96&d=identicon&r=g","caption":"ni.abdi"},"sameAs":["https:\/\/twitter.com\/Ni.abdi"],"url":"https:\/\/territorialchallenges.com\/es\/author\/ni-abdi\/"}]}},"_links":{"self":[{"href":"https:\/\/territorialchallenges.com\/es\/wp-json\/wp\/v2\/posts\/86385"}],"collection":[{"href":"https:\/\/territorialchallenges.com\/es\/wp-json\/wp\/v2\/posts"}],"about":[{"href":"https:\/\/territorialchallenges.com\/es\/wp-json\/wp\/v2\/types\/post"}],"author":[{"embeddable":true,"href":"https:\/\/territorialchallenges.com\/es\/wp-json\/wp\/v2\/users\/11"}],"replies":[{"embeddable":true,"href":"https:\/\/territorialchallenges.com\/es\/wp-json\/wp\/v2\/comments?post=86385"}],"version-history":[{"count":2,"href":"https:\/\/territorialchallenges.com\/es\/wp-json\/wp\/v2\/posts\/86385\/revisions"}],"predecessor-version":[{"id":86392,"href":"https:\/\/territorialchallenges.com\/es\/wp-json\/wp\/v2\/posts\/86385\/revisions\/86392"}],"wp:featuredmedia":[{"embeddable":true,"href":"https:\/\/territorialchallenges.com\/es\/wp-json\/wp\/v2\/media\/86386"}],"wp:attachment":[{"href":"https:\/\/territorialchallenges.com\/es\/wp-json\/wp\/v2\/media?parent=86385"}],"wp:term":[{"taxonomy":"category","embeddable":true,"href":"https:\/\/territorialchallenges.com\/es\/wp-json\/wp\/v2\/categories?post=86385"},{"taxonomy":"post_tag","embeddable":true,"href":"https:\/\/territorialchallenges.com\/es\/wp-json\/wp\/v2\/tags?post=86385"}],"curies":[{"name":"gracias","href":"https:\/\/api.w.org\/{rel}","templated":true}]}}