{"id":86116,"date":"2020-09-12T19:32:42","date_gmt":"2020-09-12T17:32:42","guid":{"rendered":"https:\/\/territorialchallenges.com\/?p=86116"},"modified":"2020-09-12T19:34:10","modified_gmt":"2020-09-12T17:34:10","slug":"grandes-villes-de-la-necessite-a-adopter-le-numerique-a-lheure-de-la-pandemie","status":"publish","type":"post","link":"https:\/\/territorialchallenges.com\/es\/2020\/09\/12\/grandes-villes-de-la-necessite-a-adopter-le-numerique-a-lheure-de-la-pandemie\/86116\/","title":{"rendered":"Grandes ciudades: la necesidad de adoptar tecnolog\u00eda digital en tiempos de pandemia"},"content":{"rendered":"<p>Las capacidades digitales de una ciudad inteligente mejorar\u00e1n la calidad de los servicios que se prestan a los ciudadanos, como la medicina, la educaci\u00f3n, la videovigilancia y el transporte p\u00fablico. Para 2050, las Naciones Unidas estiman que 701.000 personas de la poblaci\u00f3n mundial vivir\u00e1n en grandes ciudades. Esto significa que m\u00e1s de 5.000 millones de personas se concentrar\u00e1n en tan solo\u2026 <\/p>\n<div class=\"pmpro_content_message\">Art\u00edculo disponible s\u00f3lo para suscriptores.<br \/><a href=\"https:\/\/territorialchallenges.com\/wp-login.php\">Acceso<\/a><br \/><a href=\"https:\/\/territorialchallenges.com\/es\/wp-login.php\/?action=register\">Registro<\/a><\/div>","protected":false},"excerpt":{"rendered":"<p>Les capacit\u00e9s num\u00e9riques d&rsquo;une ville intelligente am\u00e9lioreront les niveaux de services aux citoyens, tels que la m\u00e9decine, l&rsquo;\u00e9ducation, la vid\u00e9osurveillance et les transports publics. D&rsquo;ici 2050, l&rsquo;Organisation des Nations Unies estime que 70% de la population mondiale vivra dans les grandes villes. Cela signifie que plus de 5 milliards de personnes seront regroup\u00e9es dans seulement... <\/p>\n<div class=\"pmpro_content_message\">Art\u00edculo disponible s\u00f3lo para suscriptores.<br \/><a href=\"https:\/\/territorialchallenges.com\/wp-login.php\">Acceso<\/a><br \/><a href=\"https:\/\/territorialchallenges.com\/es\/wp-login.php\/?action=register\">Registro<\/a><\/div>","protected":false},"author":11,"featured_media":86117,"comment_status":"open","ping_status":"open","sticky":true,"template":"","format":"standard","meta":{"pmpro_default_level":0,"footnotes":""},"categories":[130,117],"tags":[],"blocksy_meta":"","yoast_head":"<!-- This site is optimized with the Yoast SEO plugin v21.5 - https:\/\/yoast.com\/wordpress\/plugins\/seo\/ -->\n<title>Grandes villes : de la n\u00e9cessit\u00e9 \u00e0 adopter le num\u00e9rique \u00e0 l&#039;heure de la pand\u00e9mie - Territorial Challenges<\/title>\n<meta name=\"robots\" content=\"index, follow, max-snippet:-1, max-image-preview:large, max-video-preview:-1\" \/>\n<link rel=\"canonical\" href=\"https:\/\/territorialchallenges.com\/es\/2020\/09\/12\/grandes-villes-de-la-necessite-a-adopter-le-numerique-a-lheure-de-la-pandemie\/86116\/\" \/>\n<meta property=\"og:locale\" content=\"es_ES\" \/>\n<meta property=\"og:type\" content=\"article\" \/>\n<meta property=\"og:title\" content=\"Grandes villes : de la n\u00e9cessit\u00e9 \u00e0 adopter le num\u00e9rique \u00e0 l&#039;heure de la pand\u00e9mie - Territorial Challenges\" \/>\n<meta property=\"og:description\" content=\"Les capacit\u00e9s num\u00e9riques d&rsquo;une ville intelligente am\u00e9lioreront les niveaux de services aux citoyens, tels que la m\u00e9decine, l&rsquo;\u00e9ducation, la vid\u00e9osurveillance et les transports publics. D&rsquo;ici 2050, l&rsquo;Organisation des Nations Unies estime que 70% de la population mondiale vivra dans les grandes villes. Cela signifie que plus de 5 milliards de personnes seront regroup\u00e9es dans seulement [&hellip;]\" \/>\n<meta property=\"og:url\" content=\"https:\/\/territorialchallenges.com\/es\/2020\/09\/12\/grandes-villes-de-la-necessite-a-adopter-le-numerique-a-lheure-de-la-pandemie\/86116\/\" \/>\n<meta property=\"og:site_name\" content=\"Territorial Challenges\" \/>\n<meta property=\"article:published_time\" content=\"2020-09-12T17:32:42+00:00\" \/>\n<meta property=\"article:modified_time\" content=\"2020-09-12T17:34:10+00:00\" \/>\n<meta property=\"og:image\" content=\"https:\/\/territorialchallenges.com\/wp-content\/uploads\/2020\/09\/parisreflexionfaite.jpg\" \/>\n\t<meta property=\"og:image:width\" content=\"1920\" \/>\n\t<meta property=\"og:image:height\" content=\"1079\" \/>\n\t<meta property=\"og:image:type\" content=\"image\/jpeg\" \/>\n<meta name=\"author\" content=\"ni.abdi\" \/>\n<meta name=\"twitter:card\" content=\"summary_large_image\" \/>\n<meta name=\"twitter:creator\" content=\"@Ni.abdi\" \/>\n<meta name=\"twitter:label1\" content=\"Escrito por\" \/>\n\t<meta name=\"twitter:data1\" content=\"ni.abdi\" \/>\n\t<meta name=\"twitter:label2\" content=\"Tiempo de lectura\" \/>\n\t<meta name=\"twitter:data2\" content=\"4 minutos\" \/>\n<script type=\"application\/ld+json\" class=\"yoast-schema-graph\">{\"@context\":\"https:\/\/schema.org\",\"@graph\":[{\"@type\":\"Article\",\"@id\":\"https:\/\/territorialchallenges.com\/2020\/09\/12\/grandes-villes-de-la-necessite-a-adopter-le-numerique-a-lheure-de-la-pandemie\/86116\/#article\",\"isPartOf\":{\"@id\":\"https:\/\/territorialchallenges.com\/2020\/09\/12\/grandes-villes-de-la-necessite-a-adopter-le-numerique-a-lheure-de-la-pandemie\/86116\/\"},\"author\":{\"name\":\"ni.abdi\",\"@id\":\"https:\/\/territorialchallenges.com\/#\/schema\/person\/098f145c7c61a021c425e010f840080f\"},\"headline\":\"Grandes villes : de la n\u00e9cessit\u00e9 \u00e0 adopter le num\u00e9rique \u00e0 l&rsquo;heure de la pand\u00e9mie\",\"datePublished\":\"2020-09-12T17:32:42+00:00\",\"dateModified\":\"2020-09-12T17:34:10+00:00\",\"mainEntityOfPage\":{\"@id\":\"https:\/\/territorialchallenges.com\/2020\/09\/12\/grandes-villes-de-la-necessite-a-adopter-le-numerique-a-lheure-de-la-pandemie\/86116\/\"},\"wordCount\":934,\"commentCount\":0,\"publisher\":{\"@id\":\"https:\/\/territorialchallenges.com\/#organization\"},\"articleSection\":[\"R\u00e9flexion faite\",\"\u00c9cosyst\u00e8me\"],\"inLanguage\":\"es\"},{\"@type\":\"WebPage\",\"@id\":\"https:\/\/territorialchallenges.com\/2020\/09\/12\/grandes-villes-de-la-necessite-a-adopter-le-numerique-a-lheure-de-la-pandemie\/86116\/\",\"url\":\"https:\/\/territorialchallenges.com\/2020\/09\/12\/grandes-villes-de-la-necessite-a-adopter-le-numerique-a-lheure-de-la-pandemie\/86116\/\",\"name\":\"Grandes villes : de la n\u00e9cessit\u00e9 \u00e0 adopter le num\u00e9rique \u00e0 l'heure de la pand\u00e9mie - Territorial Challenges\",\"isPartOf\":{\"@id\":\"https:\/\/territorialchallenges.com\/#website\"},\"datePublished\":\"2020-09-12T17:32:42+00:00\",\"dateModified\":\"2020-09-12T17:34:10+00:00\",\"breadcrumb\":{\"@id\":\"https:\/\/territorialchallenges.com\/2020\/09\/12\/grandes-villes-de-la-necessite-a-adopter-le-numerique-a-lheure-de-la-pandemie\/86116\/#breadcrumb\"},\"inLanguage\":\"es\",\"potentialAction\":[{\"@type\":\"ReadAction\",\"target\":[\"https:\/\/territorialchallenges.com\/2020\/09\/12\/grandes-villes-de-la-necessite-a-adopter-le-numerique-a-lheure-de-la-pandemie\/86116\/\"]}]},{\"@type\":\"BreadcrumbList\",\"@id\":\"https:\/\/territorialchallenges.com\/2020\/09\/12\/grandes-villes-de-la-necessite-a-adopter-le-numerique-a-lheure-de-la-pandemie\/86116\/#breadcrumb\",\"itemListElement\":[{\"@type\":\"ListItem\",\"position\":1,\"name\":\"Home\",\"item\":\"https:\/\/territorialchallenges.com\/\"},{\"@type\":\"ListItem\",\"position\":2,\"name\":\"Grandes villes : de la n\u00e9cessit\u00e9 \u00e0 adopter le num\u00e9rique \u00e0 l&rsquo;heure de la pand\u00e9mie\"}]},{\"@type\":\"WebSite\",\"@id\":\"https:\/\/territorialchallenges.com\/#website\",\"url\":\"https:\/\/territorialchallenges.com\/\",\"name\":\"Territorial Challenges\",\"description\":\"Veille Internationale - Strat\u00e9gie Intelligentes - Bonnes pratiques\",\"publisher\":{\"@id\":\"https:\/\/territorialchallenges.com\/#organization\"},\"potentialAction\":[{\"@type\":\"SearchAction\",\"target\":{\"@type\":\"EntryPoint\",\"urlTemplate\":\"https:\/\/territorialchallenges.com\/?s={search_term_string}\"},\"query-input\":\"required name=search_term_string\"}],\"inLanguage\":\"es\"},{\"@type\":\"Organization\",\"@id\":\"https:\/\/territorialchallenges.com\/#organization\",\"name\":\"Territorial Challenges\",\"url\":\"https:\/\/territorialchallenges.com\/\",\"logo\":{\"@type\":\"ImageObject\",\"inLanguage\":\"es\",\"@id\":\"https:\/\/territorialchallenges.com\/#\/schema\/logo\/image\/\",\"url\":\"https:\/\/territorialchallenges.com\/wp-content\/uploads\/2023\/10\/logo-1.png\",\"contentUrl\":\"https:\/\/territorialchallenges.com\/wp-content\/uploads\/2023\/10\/logo-1.png\",\"width\":1832,\"height\":576,\"caption\":\"Territorial Challenges\"},\"image\":{\"@id\":\"https:\/\/territorialchallenges.com\/#\/schema\/logo\/image\/\"}},{\"@type\":\"Person\",\"@id\":\"https:\/\/territorialchallenges.com\/#\/schema\/person\/098f145c7c61a021c425e010f840080f\",\"name\":\"ni.abdi\",\"image\":{\"@type\":\"ImageObject\",\"inLanguage\":\"es\",\"@id\":\"https:\/\/territorialchallenges.com\/#\/schema\/person\/image\/\",\"url\":\"https:\/\/secure.gravatar.com\/avatar\/2a2f2491f3c80039986ba989b1e4b510?s=96&d=identicon&r=g\",\"contentUrl\":\"https:\/\/secure.gravatar.com\/avatar\/2a2f2491f3c80039986ba989b1e4b510?s=96&d=identicon&r=g\",\"caption\":\"ni.abdi\"},\"sameAs\":[\"https:\/\/twitter.com\/Ni.abdi\"],\"url\":\"https:\/\/territorialchallenges.com\/es\/author\/ni-abdi\/\"}]}<\/script>\n<!-- \/ Yoast SEO plugin. -->","yoast_head_json":{"title":"Grandes villes : de la n\u00e9cessit\u00e9 \u00e0 adopter le num\u00e9rique \u00e0 l'heure de la pand\u00e9mie - Territorial Challenges","robots":{"index":"index","follow":"follow","max-snippet":"max-snippet:-1","max-image-preview":"max-image-preview:large","max-video-preview":"max-video-preview:-1"},"canonical":"https:\/\/territorialchallenges.com\/es\/2020\/09\/12\/grandes-villes-de-la-necessite-a-adopter-le-numerique-a-lheure-de-la-pandemie\/86116\/","og_locale":"es_ES","og_type":"article","og_title":"Grandes villes : de la n\u00e9cessit\u00e9 \u00e0 adopter le num\u00e9rique \u00e0 l'heure de la pand\u00e9mie - Territorial Challenges","og_description":"Les capacit\u00e9s num\u00e9riques d&rsquo;une ville intelligente am\u00e9lioreront les niveaux de services aux citoyens, tels que la m\u00e9decine, l&rsquo;\u00e9ducation, la vid\u00e9osurveillance et les transports publics. D&rsquo;ici 2050, l&rsquo;Organisation des Nations Unies estime que 70% de la population mondiale vivra dans les grandes villes. Cela signifie que plus de 5 milliards de personnes seront regroup\u00e9es dans seulement [&hellip;]","og_url":"https:\/\/territorialchallenges.com\/es\/2020\/09\/12\/grandes-villes-de-la-necessite-a-adopter-le-numerique-a-lheure-de-la-pandemie\/86116\/","og_site_name":"Territorial Challenges","article_published_time":"2020-09-12T17:32:42+00:00","article_modified_time":"2020-09-12T17:34:10+00:00","og_image":[{"width":1920,"height":1079,"url":"https:\/\/territorialchallenges.com\/wp-content\/uploads\/2020\/09\/parisreflexionfaite.jpg","type":"image\/jpeg"}],"author":"ni.abdi","twitter_card":"summary_large_image","twitter_creator":"@Ni.abdi","twitter_misc":{"Escrito por":"ni.abdi","Tiempo de lectura":"4 minutos"},"schema":{"@context":"https:\/\/schema.org","@graph":[{"@type":"Article","@id":"https:\/\/territorialchallenges.com\/2020\/09\/12\/grandes-villes-de-la-necessite-a-adopter-le-numerique-a-lheure-de-la-pandemie\/86116\/#article","isPartOf":{"@id":"https:\/\/territorialchallenges.com\/2020\/09\/12\/grandes-villes-de-la-necessite-a-adopter-le-numerique-a-lheure-de-la-pandemie\/86116\/"},"author":{"name":"ni.abdi","@id":"https:\/\/territorialchallenges.com\/#\/schema\/person\/098f145c7c61a021c425e010f840080f"},"headline":"Grandes villes : de la n\u00e9cessit\u00e9 \u00e0 adopter le num\u00e9rique \u00e0 l&rsquo;heure de la pand\u00e9mie","datePublished":"2020-09-12T17:32:42+00:00","dateModified":"2020-09-12T17:34:10+00:00","mainEntityOfPage":{"@id":"https:\/\/territorialchallenges.com\/2020\/09\/12\/grandes-villes-de-la-necessite-a-adopter-le-numerique-a-lheure-de-la-pandemie\/86116\/"},"wordCount":934,"commentCount":0,"publisher":{"@id":"https:\/\/territorialchallenges.com\/#organization"},"articleSection":["R\u00e9flexion faite","\u00c9cosyst\u00e8me"],"inLanguage":"es"},{"@type":"WebPage","@id":"https:\/\/territorialchallenges.com\/2020\/09\/12\/grandes-villes-de-la-necessite-a-adopter-le-numerique-a-lheure-de-la-pandemie\/86116\/","url":"https:\/\/territorialchallenges.com\/2020\/09\/12\/grandes-villes-de-la-necessite-a-adopter-le-numerique-a-lheure-de-la-pandemie\/86116\/","name":"Grandes villes : de la n\u00e9cessit\u00e9 \u00e0 adopter le num\u00e9rique \u00e0 l'heure de la pand\u00e9mie - Territorial Challenges","isPartOf":{"@id":"https:\/\/territorialchallenges.com\/#website"},"datePublished":"2020-09-12T17:32:42+00:00","dateModified":"2020-09-12T17:34:10+00:00","breadcrumb":{"@id":"https:\/\/territorialchallenges.com\/2020\/09\/12\/grandes-villes-de-la-necessite-a-adopter-le-numerique-a-lheure-de-la-pandemie\/86116\/#breadcrumb"},"inLanguage":"es","potentialAction":[{"@type":"ReadAction","target":["https:\/\/territorialchallenges.com\/2020\/09\/12\/grandes-villes-de-la-necessite-a-adopter-le-numerique-a-lheure-de-la-pandemie\/86116\/"]}]},{"@type":"BreadcrumbList","@id":"https:\/\/territorialchallenges.com\/2020\/09\/12\/grandes-villes-de-la-necessite-a-adopter-le-numerique-a-lheure-de-la-pandemie\/86116\/#breadcrumb","itemListElement":[{"@type":"ListItem","position":1,"name":"Home","item":"https:\/\/territorialchallenges.com\/"},{"@type":"ListItem","position":2,"name":"Grandes villes : de la n\u00e9cessit\u00e9 \u00e0 adopter le num\u00e9rique \u00e0 l&rsquo;heure de la pand\u00e9mie"}]},{"@type":"WebSite","@id":"https:\/\/territorialchallenges.com\/#website","url":"https:\/\/territorialchallenges.com\/","name":"Desaf\u00edos territoriales","description":"Monitoreo Internacional - Estrategias Inteligentes - Mejores Pr\u00e1cticas","publisher":{"@id":"https:\/\/territorialchallenges.com\/#organization"},"potentialAction":[{"@type":"SearchAction","target":{"@type":"EntryPoint","urlTemplate":"https:\/\/territorialchallenges.com\/?s={search_term_string}"},"query-input":"required name=search_term_string"}],"inLanguage":"es"},{"@type":"Organization","@id":"https:\/\/territorialchallenges.com\/#organization","name":"Desaf\u00edos territoriales","url":"https:\/\/territorialchallenges.com\/","logo":{"@type":"ImageObject","inLanguage":"es","@id":"https:\/\/territorialchallenges.com\/#\/schema\/logo\/image\/","url":"https:\/\/territorialchallenges.com\/wp-content\/uploads\/2023\/10\/logo-1.png","contentUrl":"https:\/\/territorialchallenges.com\/wp-content\/uploads\/2023\/10\/logo-1.png","width":1832,"height":576,"caption":"Territorial Challenges"},"image":{"@id":"https:\/\/territorialchallenges.com\/#\/schema\/logo\/image\/"}},{"@type":"Person","@id":"https:\/\/territorialchallenges.com\/#\/schema\/person\/098f145c7c61a021c425e010f840080f","name":"ni.abdi","image":{"@type":"ImageObject","inLanguage":"es","@id":"https:\/\/territorialchallenges.com\/#\/schema\/person\/image\/","url":"https:\/\/secure.gravatar.com\/avatar\/2a2f2491f3c80039986ba989b1e4b510?s=96&d=identicon&r=g","contentUrl":"https:\/\/secure.gravatar.com\/avatar\/2a2f2491f3c80039986ba989b1e4b510?s=96&d=identicon&r=g","caption":"ni.abdi"},"sameAs":["https:\/\/twitter.com\/Ni.abdi"],"url":"https:\/\/territorialchallenges.com\/es\/author\/ni-abdi\/"}]}},"_links":{"self":[{"href":"https:\/\/territorialchallenges.com\/es\/wp-json\/wp\/v2\/posts\/86116"}],"collection":[{"href":"https:\/\/territorialchallenges.com\/es\/wp-json\/wp\/v2\/posts"}],"about":[{"href":"https:\/\/territorialchallenges.com\/es\/wp-json\/wp\/v2\/types\/post"}],"author":[{"embeddable":true,"href":"https:\/\/territorialchallenges.com\/es\/wp-json\/wp\/v2\/users\/11"}],"replies":[{"embeddable":true,"href":"https:\/\/territorialchallenges.com\/es\/wp-json\/wp\/v2\/comments?post=86116"}],"version-history":[{"count":2,"href":"https:\/\/territorialchallenges.com\/es\/wp-json\/wp\/v2\/posts\/86116\/revisions"}],"predecessor-version":[{"id":86122,"href":"https:\/\/territorialchallenges.com\/es\/wp-json\/wp\/v2\/posts\/86116\/revisions\/86122"}],"wp:featuredmedia":[{"embeddable":true,"href":"https:\/\/territorialchallenges.com\/es\/wp-json\/wp\/v2\/media\/86117"}],"wp:attachment":[{"href":"https:\/\/territorialchallenges.com\/es\/wp-json\/wp\/v2\/media?parent=86116"}],"wp:term":[{"taxonomy":"category","embeddable":true,"href":"https:\/\/territorialchallenges.com\/es\/wp-json\/wp\/v2\/categories?post=86116"},{"taxonomy":"post_tag","embeddable":true,"href":"https:\/\/territorialchallenges.com\/es\/wp-json\/wp\/v2\/tags?post=86116"}],"curies":[{"name":"gracias","href":"https:\/\/api.w.org\/{rel}","templated":true}]}}