{"id":86064,"date":"2020-09-04T22:14:47","date_gmt":"2020-09-04T20:14:47","guid":{"rendered":"https:\/\/territorialchallenges.com\/?p=86064"},"modified":"2020-09-04T22:14:47","modified_gmt":"2020-09-04T20:14:47","slug":"francois-william-croteau-lelu-ville-intelligente-de-montreal-pense-mobilite-et-alimentation","status":"publish","type":"post","link":"https:\/\/territorialchallenges.com\/es\/2020\/09\/04\/francois-william-croteau-lelu-ville-intelligente-de-montreal-pense-mobilite-et-alimentation\/86064\/","title":{"rendered":"Fran\u00e7ois William Croteau: el concejal inteligente de Montreal, piensa en la movilidad y la alimentaci\u00f3n"},"content":{"rendered":"<p>El 30 de septiembre de 2020 es una fecha anotada en la agenda del responsable de Ciudades Inteligentes, Tecnolog\u00edas de la Informaci\u00f3n e Innovaci\u00f3n del comit\u00e9 ejecutivo de la Ciudad de Montreal. Ese d\u00eda, las autoridades locales presentar\u00e1n los proyectos financiados por el Gobierno de Canad\u00e1 con un presupuesto de 50 millones de d\u00f3lares. <\/p>\n<div class=\"pmpro_content_message\">Art\u00edculo disponible s\u00f3lo para suscriptores.<br \/><a href=\"https:\/\/territorialchallenges.com\/wp-login.php\">Acceso<\/a><br \/><a href=\"https:\/\/territorialchallenges.com\/es\/wp-login.php\/?action=register\">Registro<\/a><\/div>","protected":false},"excerpt":{"rendered":"<p>Le 30 septembre 2020, c&rsquo;est une date inscrite en grand dans l&rsquo;agenda de ce responsable des dossiers Ville intelligente, Technologies de l&rsquo;information et Innovation au comit\u00e9 ex\u00e9cutif de la Ville de Montr\u00e9al. Ce jour l\u00e0, les autorit\u00e9s locales pr\u00e9senteront les projets destin\u00e9s \u00e0 \u00eatre financ\u00e9s par le gouvernement du Canada \u00e0 hauteur de 50 millions... <\/p>\n<div class=\"pmpro_content_message\">Art\u00edculo disponible s\u00f3lo para suscriptores.<br \/><a href=\"https:\/\/territorialchallenges.com\/wp-login.php\">Acceso<\/a><br \/><a href=\"https:\/\/territorialchallenges.com\/es\/wp-login.php\/?action=register\">Registro<\/a><\/div>","protected":false},"author":11,"featured_media":86065,"comment_status":"open","ping_status":"open","sticky":true,"template":"","format":"standard","meta":{"pmpro_default_level":0,"footnotes":""},"categories":[126,117],"tags":[],"blocksy_meta":"","yoast_head":"<!-- This site is optimized with the Yoast SEO plugin v21.5 - https:\/\/yoast.com\/wordpress\/plugins\/seo\/ -->\n<title>Fran\u00e7ois William Croteau: l&#039;\u00e9lu ville intelligente de Montreal, pense mobilit\u00e9 et alimentation - Territorial Challenges<\/title>\n<meta name=\"robots\" content=\"index, follow, max-snippet:-1, max-image-preview:large, max-video-preview:-1\" \/>\n<link rel=\"canonical\" href=\"https:\/\/territorialchallenges.com\/es\/2020\/09\/04\/francois-william-croteau-lelu-ville-intelligente-de-montreal-pense-mobilite-et-alimentation\/86064\/\" \/>\n<meta property=\"og:locale\" content=\"es_ES\" \/>\n<meta property=\"og:type\" content=\"article\" \/>\n<meta property=\"og:title\" content=\"Fran\u00e7ois William Croteau: l&#039;\u00e9lu ville intelligente de Montreal, pense mobilit\u00e9 et alimentation - Territorial Challenges\" \/>\n<meta property=\"og:description\" content=\"Le 30 septembre 2020, c&rsquo;est une date inscrite en grand dans l&rsquo;agenda de ce responsable des dossiers Ville intelligente, Technologies de l&rsquo;information et Innovation au comit\u00e9 ex\u00e9cutif de la Ville de Montr\u00e9al. Ce jour l\u00e0, les autorit\u00e9s locales pr\u00e9senteront les projets destin\u00e9s \u00e0 \u00eatre financ\u00e9s par le gouvernement du Canada \u00e0 hauteur de 50 millions [&hellip;]\" \/>\n<meta property=\"og:url\" content=\"https:\/\/territorialchallenges.com\/es\/2020\/09\/04\/francois-william-croteau-lelu-ville-intelligente-de-montreal-pense-mobilite-et-alimentation\/86064\/\" \/>\n<meta property=\"og:site_name\" content=\"Territorial Challenges\" \/>\n<meta property=\"article:published_time\" content=\"2020-09-04T20:14:47+00:00\" \/>\n<meta property=\"og:image\" content=\"https:\/\/territorialchallenges.com\/wp-content\/uploads\/2020\/09\/corteau.jpg\" \/>\n\t<meta property=\"og:image:width\" content=\"1792\" \/>\n\t<meta property=\"og:image:height\" content=\"1002\" \/>\n\t<meta property=\"og:image:type\" content=\"image\/jpeg\" \/>\n<meta name=\"author\" content=\"ni.abdi\" \/>\n<meta name=\"twitter:card\" content=\"summary_large_image\" \/>\n<meta name=\"twitter:creator\" content=\"@Ni.abdi\" \/>\n<meta name=\"twitter:label1\" content=\"Escrito por\" \/>\n\t<meta name=\"twitter:data1\" content=\"ni.abdi\" \/>\n\t<meta name=\"twitter:label2\" content=\"Tiempo de lectura\" \/>\n\t<meta name=\"twitter:data2\" content=\"2 minutos\" \/>\n<script type=\"application\/ld+json\" class=\"yoast-schema-graph\">{\"@context\":\"https:\/\/schema.org\",\"@graph\":[{\"@type\":\"Article\",\"@id\":\"https:\/\/territorialchallenges.com\/2020\/09\/04\/francois-william-croteau-lelu-ville-intelligente-de-montreal-pense-mobilite-et-alimentation\/86064\/#article\",\"isPartOf\":{\"@id\":\"https:\/\/territorialchallenges.com\/2020\/09\/04\/francois-william-croteau-lelu-ville-intelligente-de-montreal-pense-mobilite-et-alimentation\/86064\/\"},\"author\":{\"name\":\"ni.abdi\",\"@id\":\"https:\/\/territorialchallenges.com\/#\/schema\/person\/098f145c7c61a021c425e010f840080f\"},\"headline\":\"Fran\u00e7ois William Croteau: l&rsquo;\u00e9lu ville intelligente de Montreal, pense mobilit\u00e9 et alimentation\",\"datePublished\":\"2020-09-04T20:14:47+00:00\",\"dateModified\":\"2020-09-04T20:14:47+00:00\",\"mainEntityOfPage\":{\"@id\":\"https:\/\/territorialchallenges.com\/2020\/09\/04\/francois-william-croteau-lelu-ville-intelligente-de-montreal-pense-mobilite-et-alimentation\/86064\/\"},\"wordCount\":509,\"commentCount\":0,\"publisher\":{\"@id\":\"https:\/\/territorialchallenges.com\/#organization\"},\"articleSection\":[\"On parle d'eux\",\"\u00c9cosyst\u00e8me\"],\"inLanguage\":\"es\"},{\"@type\":\"WebPage\",\"@id\":\"https:\/\/territorialchallenges.com\/2020\/09\/04\/francois-william-croteau-lelu-ville-intelligente-de-montreal-pense-mobilite-et-alimentation\/86064\/\",\"url\":\"https:\/\/territorialchallenges.com\/2020\/09\/04\/francois-william-croteau-lelu-ville-intelligente-de-montreal-pense-mobilite-et-alimentation\/86064\/\",\"name\":\"Fran\u00e7ois William Croteau: l'\u00e9lu ville intelligente de Montreal, pense mobilit\u00e9 et alimentation - Territorial Challenges\",\"isPartOf\":{\"@id\":\"https:\/\/territorialchallenges.com\/#website\"},\"datePublished\":\"2020-09-04T20:14:47+00:00\",\"dateModified\":\"2020-09-04T20:14:47+00:00\",\"breadcrumb\":{\"@id\":\"https:\/\/territorialchallenges.com\/2020\/09\/04\/francois-william-croteau-lelu-ville-intelligente-de-montreal-pense-mobilite-et-alimentation\/86064\/#breadcrumb\"},\"inLanguage\":\"es\",\"potentialAction\":[{\"@type\":\"ReadAction\",\"target\":[\"https:\/\/territorialchallenges.com\/2020\/09\/04\/francois-william-croteau-lelu-ville-intelligente-de-montreal-pense-mobilite-et-alimentation\/86064\/\"]}]},{\"@type\":\"BreadcrumbList\",\"@id\":\"https:\/\/territorialchallenges.com\/2020\/09\/04\/francois-william-croteau-lelu-ville-intelligente-de-montreal-pense-mobilite-et-alimentation\/86064\/#breadcrumb\",\"itemListElement\":[{\"@type\":\"ListItem\",\"position\":1,\"name\":\"Home\",\"item\":\"https:\/\/territorialchallenges.com\/\"},{\"@type\":\"ListItem\",\"position\":2,\"name\":\"Fran\u00e7ois William Croteau: l&rsquo;\u00e9lu ville intelligente de Montreal, pense mobilit\u00e9 et alimentation\"}]},{\"@type\":\"WebSite\",\"@id\":\"https:\/\/territorialchallenges.com\/#website\",\"url\":\"https:\/\/territorialchallenges.com\/\",\"name\":\"Territorial Challenges\",\"description\":\"Veille Internationale - Strat\u00e9gie Intelligentes - Bonnes pratiques\",\"publisher\":{\"@id\":\"https:\/\/territorialchallenges.com\/#organization\"},\"potentialAction\":[{\"@type\":\"SearchAction\",\"target\":{\"@type\":\"EntryPoint\",\"urlTemplate\":\"https:\/\/territorialchallenges.com\/?s={search_term_string}\"},\"query-input\":\"required name=search_term_string\"}],\"inLanguage\":\"es\"},{\"@type\":\"Organization\",\"@id\":\"https:\/\/territorialchallenges.com\/#organization\",\"name\":\"Territorial Challenges\",\"url\":\"https:\/\/territorialchallenges.com\/\",\"logo\":{\"@type\":\"ImageObject\",\"inLanguage\":\"es\",\"@id\":\"https:\/\/territorialchallenges.com\/#\/schema\/logo\/image\/\",\"url\":\"https:\/\/territorialchallenges.com\/wp-content\/uploads\/2023\/10\/logo-1.png\",\"contentUrl\":\"https:\/\/territorialchallenges.com\/wp-content\/uploads\/2023\/10\/logo-1.png\",\"width\":1832,\"height\":576,\"caption\":\"Territorial Challenges\"},\"image\":{\"@id\":\"https:\/\/territorialchallenges.com\/#\/schema\/logo\/image\/\"}},{\"@type\":\"Person\",\"@id\":\"https:\/\/territorialchallenges.com\/#\/schema\/person\/098f145c7c61a021c425e010f840080f\",\"name\":\"ni.abdi\",\"image\":{\"@type\":\"ImageObject\",\"inLanguage\":\"es\",\"@id\":\"https:\/\/territorialchallenges.com\/#\/schema\/person\/image\/\",\"url\":\"https:\/\/secure.gravatar.com\/avatar\/2a2f2491f3c80039986ba989b1e4b510?s=96&d=identicon&r=g\",\"contentUrl\":\"https:\/\/secure.gravatar.com\/avatar\/2a2f2491f3c80039986ba989b1e4b510?s=96&d=identicon&r=g\",\"caption\":\"ni.abdi\"},\"sameAs\":[\"https:\/\/twitter.com\/Ni.abdi\"],\"url\":\"https:\/\/territorialchallenges.com\/es\/author\/ni-abdi\/\"}]}<\/script>\n<!-- \/ Yoast SEO plugin. -->","yoast_head_json":{"title":"Fran\u00e7ois William Croteau: l'\u00e9lu ville intelligente de Montreal, pense mobilit\u00e9 et alimentation - Territorial Challenges","robots":{"index":"index","follow":"follow","max-snippet":"max-snippet:-1","max-image-preview":"max-image-preview:large","max-video-preview":"max-video-preview:-1"},"canonical":"https:\/\/territorialchallenges.com\/es\/2020\/09\/04\/francois-william-croteau-lelu-ville-intelligente-de-montreal-pense-mobilite-et-alimentation\/86064\/","og_locale":"es_ES","og_type":"article","og_title":"Fran\u00e7ois William Croteau: l'\u00e9lu ville intelligente de Montreal, pense mobilit\u00e9 et alimentation - Territorial Challenges","og_description":"Le 30 septembre 2020, c&rsquo;est une date inscrite en grand dans l&rsquo;agenda de ce responsable des dossiers Ville intelligente, Technologies de l&rsquo;information et Innovation au comit\u00e9 ex\u00e9cutif de la Ville de Montr\u00e9al. Ce jour l\u00e0, les autorit\u00e9s locales pr\u00e9senteront les projets destin\u00e9s \u00e0 \u00eatre financ\u00e9s par le gouvernement du Canada \u00e0 hauteur de 50 millions [&hellip;]","og_url":"https:\/\/territorialchallenges.com\/es\/2020\/09\/04\/francois-william-croteau-lelu-ville-intelligente-de-montreal-pense-mobilite-et-alimentation\/86064\/","og_site_name":"Territorial Challenges","article_published_time":"2020-09-04T20:14:47+00:00","og_image":[{"width":1792,"height":1002,"url":"https:\/\/territorialchallenges.com\/wp-content\/uploads\/2020\/09\/corteau.jpg","type":"image\/jpeg"}],"author":"ni.abdi","twitter_card":"summary_large_image","twitter_creator":"@Ni.abdi","twitter_misc":{"Escrito por":"ni.abdi","Tiempo de lectura":"2 minutos"},"schema":{"@context":"https:\/\/schema.org","@graph":[{"@type":"Article","@id":"https:\/\/territorialchallenges.com\/2020\/09\/04\/francois-william-croteau-lelu-ville-intelligente-de-montreal-pense-mobilite-et-alimentation\/86064\/#article","isPartOf":{"@id":"https:\/\/territorialchallenges.com\/2020\/09\/04\/francois-william-croteau-lelu-ville-intelligente-de-montreal-pense-mobilite-et-alimentation\/86064\/"},"author":{"name":"ni.abdi","@id":"https:\/\/territorialchallenges.com\/#\/schema\/person\/098f145c7c61a021c425e010f840080f"},"headline":"Fran\u00e7ois William Croteau: l&rsquo;\u00e9lu ville intelligente de Montreal, pense mobilit\u00e9 et alimentation","datePublished":"2020-09-04T20:14:47+00:00","dateModified":"2020-09-04T20:14:47+00:00","mainEntityOfPage":{"@id":"https:\/\/territorialchallenges.com\/2020\/09\/04\/francois-william-croteau-lelu-ville-intelligente-de-montreal-pense-mobilite-et-alimentation\/86064\/"},"wordCount":509,"commentCount":0,"publisher":{"@id":"https:\/\/territorialchallenges.com\/#organization"},"articleSection":["On parle d'eux","\u00c9cosyst\u00e8me"],"inLanguage":"es"},{"@type":"WebPage","@id":"https:\/\/territorialchallenges.com\/2020\/09\/04\/francois-william-croteau-lelu-ville-intelligente-de-montreal-pense-mobilite-et-alimentation\/86064\/","url":"https:\/\/territorialchallenges.com\/2020\/09\/04\/francois-william-croteau-lelu-ville-intelligente-de-montreal-pense-mobilite-et-alimentation\/86064\/","name":"Fran\u00e7ois William Croteau: l'\u00e9lu ville intelligente de Montreal, pense mobilit\u00e9 et alimentation - Territorial Challenges","isPartOf":{"@id":"https:\/\/territorialchallenges.com\/#website"},"datePublished":"2020-09-04T20:14:47+00:00","dateModified":"2020-09-04T20:14:47+00:00","breadcrumb":{"@id":"https:\/\/territorialchallenges.com\/2020\/09\/04\/francois-william-croteau-lelu-ville-intelligente-de-montreal-pense-mobilite-et-alimentation\/86064\/#breadcrumb"},"inLanguage":"es","potentialAction":[{"@type":"ReadAction","target":["https:\/\/territorialchallenges.com\/2020\/09\/04\/francois-william-croteau-lelu-ville-intelligente-de-montreal-pense-mobilite-et-alimentation\/86064\/"]}]},{"@type":"BreadcrumbList","@id":"https:\/\/territorialchallenges.com\/2020\/09\/04\/francois-william-croteau-lelu-ville-intelligente-de-montreal-pense-mobilite-et-alimentation\/86064\/#breadcrumb","itemListElement":[{"@type":"ListItem","position":1,"name":"Home","item":"https:\/\/territorialchallenges.com\/"},{"@type":"ListItem","position":2,"name":"Fran\u00e7ois William Croteau: l&rsquo;\u00e9lu ville intelligente de Montreal, pense mobilit\u00e9 et alimentation"}]},{"@type":"WebSite","@id":"https:\/\/territorialchallenges.com\/#website","url":"https:\/\/territorialchallenges.com\/","name":"Desaf\u00edos territoriales","description":"Monitoreo Internacional - Estrategias Inteligentes - Mejores Pr\u00e1cticas","publisher":{"@id":"https:\/\/territorialchallenges.com\/#organization"},"potentialAction":[{"@type":"SearchAction","target":{"@type":"EntryPoint","urlTemplate":"https:\/\/territorialchallenges.com\/?s={search_term_string}"},"query-input":"required name=search_term_string"}],"inLanguage":"es"},{"@type":"Organization","@id":"https:\/\/territorialchallenges.com\/#organization","name":"Desaf\u00edos territoriales","url":"https:\/\/territorialchallenges.com\/","logo":{"@type":"ImageObject","inLanguage":"es","@id":"https:\/\/territorialchallenges.com\/#\/schema\/logo\/image\/","url":"https:\/\/territorialchallenges.com\/wp-content\/uploads\/2023\/10\/logo-1.png","contentUrl":"https:\/\/territorialchallenges.com\/wp-content\/uploads\/2023\/10\/logo-1.png","width":1832,"height":576,"caption":"Territorial Challenges"},"image":{"@id":"https:\/\/territorialchallenges.com\/#\/schema\/logo\/image\/"}},{"@type":"Person","@id":"https:\/\/territorialchallenges.com\/#\/schema\/person\/098f145c7c61a021c425e010f840080f","name":"ni.abdi","image":{"@type":"ImageObject","inLanguage":"es","@id":"https:\/\/territorialchallenges.com\/#\/schema\/person\/image\/","url":"https:\/\/secure.gravatar.com\/avatar\/2a2f2491f3c80039986ba989b1e4b510?s=96&d=identicon&r=g","contentUrl":"https:\/\/secure.gravatar.com\/avatar\/2a2f2491f3c80039986ba989b1e4b510?s=96&d=identicon&r=g","caption":"ni.abdi"},"sameAs":["https:\/\/twitter.com\/Ni.abdi"],"url":"https:\/\/territorialchallenges.com\/es\/author\/ni-abdi\/"}]}},"_links":{"self":[{"href":"https:\/\/territorialchallenges.com\/es\/wp-json\/wp\/v2\/posts\/86064"}],"collection":[{"href":"https:\/\/territorialchallenges.com\/es\/wp-json\/wp\/v2\/posts"}],"about":[{"href":"https:\/\/territorialchallenges.com\/es\/wp-json\/wp\/v2\/types\/post"}],"author":[{"embeddable":true,"href":"https:\/\/territorialchallenges.com\/es\/wp-json\/wp\/v2\/users\/11"}],"replies":[{"embeddable":true,"href":"https:\/\/territorialchallenges.com\/es\/wp-json\/wp\/v2\/comments?post=86064"}],"version-history":[{"count":1,"href":"https:\/\/territorialchallenges.com\/es\/wp-json\/wp\/v2\/posts\/86064\/revisions"}],"predecessor-version":[{"id":86069,"href":"https:\/\/territorialchallenges.com\/es\/wp-json\/wp\/v2\/posts\/86064\/revisions\/86069"}],"wp:featuredmedia":[{"embeddable":true,"href":"https:\/\/territorialchallenges.com\/es\/wp-json\/wp\/v2\/media\/86065"}],"wp:attachment":[{"href":"https:\/\/territorialchallenges.com\/es\/wp-json\/wp\/v2\/media?parent=86064"}],"wp:term":[{"taxonomy":"category","embeddable":true,"href":"https:\/\/territorialchallenges.com\/es\/wp-json\/wp\/v2\/categories?post=86064"},{"taxonomy":"post_tag","embeddable":true,"href":"https:\/\/territorialchallenges.com\/es\/wp-json\/wp\/v2\/tags?post=86064"}],"curies":[{"name":"gracias","href":"https:\/\/api.w.org\/{rel}","templated":true}]}}