{"id":86056,"date":"2020-09-03T13:52:17","date_gmt":"2020-09-03T11:52:17","guid":{"rendered":"https:\/\/territorialchallenges.com\/?p=86056"},"modified":"2020-09-03T14:30:04","modified_gmt":"2020-09-03T12:30:04","slug":"francais-ayez-confiance-dans-lexpertise","status":"publish","type":"post","link":"https:\/\/territorialchallenges.com\/es\/2020\/09\/03\/francais-ayez-confiance-dans-lexpertise\/86056\/","title":{"rendered":"Franceses, conf\u00eden en la experiencia"},"content":{"rendered":"<p>Trece a\u00f1os despu\u00e9s del Foro Grenelle sobre Medio Ambiente, es hora de hacer balance. El gobierno actual, que gestiona una crisis sanitaria sin precedentes, debe integrar la cuesti\u00f3n social del empleo, la necesidad de una pol\u00edtica sanitaria predictiva y la dimensi\u00f3n territorial en su discurso sobre la transici\u00f3n ecol\u00f3gica. Para ponerlo todo en perspectiva... <\/p>\n<div class=\"pmpro_content_message\">Art\u00edculo disponible s\u00f3lo para suscriptores.<br \/><a href=\"https:\/\/territorialchallenges.com\/wp-login.php\">Acceso<\/a><br \/><a href=\"https:\/\/territorialchallenges.com\/es\/wp-login.php\/?action=register\">Registro<\/a><\/div>","protected":false},"excerpt":{"rendered":"<p>Treize ann\u00e9es apr\u00e8s la tenue du Grenelle de l\u2019environnement, il est tant de faire un \u00e9ni\u00e8me bilan. L&rsquo;ex\u00e9cutif actuel qui g\u00e8re une crise sanitaire in\u00e9dite, doit int\u00e9grer \u00e0 son discours sur la transition \u00e9cologique, la question sociale li\u00e9e \u00e0 l&#8217;emploi, le besoin d&rsquo;une politique de la sant\u00e9 pr\u00e9dictive et la dimension territoriale. Pour mettre tout... <\/p>\n<div class=\"pmpro_content_message\">Art\u00edculo disponible s\u00f3lo para suscriptores.<br \/><a href=\"https:\/\/territorialchallenges.com\/wp-login.php\">Acceso<\/a><br \/><a href=\"https:\/\/territorialchallenges.com\/es\/wp-login.php\/?action=register\">Registro<\/a><\/div>","protected":false},"author":11,"featured_media":86057,"comment_status":"open","ping_status":"open","sticky":true,"template":"","format":"standard","meta":{"pmpro_default_level":0,"footnotes":""},"categories":[130,117],"tags":[],"blocksy_meta":"","yoast_head":"<!-- This site is optimized with the Yoast SEO plugin v21.5 - https:\/\/yoast.com\/wordpress\/plugins\/seo\/ -->\n<title>Fran\u00e7ais, ayez confiance dans l&#039;expertise - Territorial Challenges<\/title>\n<meta name=\"robots\" content=\"index, follow, max-snippet:-1, max-image-preview:large, max-video-preview:-1\" \/>\n<link rel=\"canonical\" href=\"https:\/\/territorialchallenges.com\/es\/2020\/09\/03\/francais-ayez-confiance-dans-lexpertise\/86056\/\" \/>\n<meta property=\"og:locale\" content=\"es_ES\" \/>\n<meta property=\"og:type\" content=\"article\" \/>\n<meta property=\"og:title\" content=\"Fran\u00e7ais, ayez confiance dans l&#039;expertise - Territorial Challenges\" \/>\n<meta property=\"og:description\" content=\"Treize ann\u00e9es apr\u00e8s la tenue du Grenelle de l\u2019environnement, il est tant de faire un \u00e9ni\u00e8me bilan. L&rsquo;ex\u00e9cutif actuel qui g\u00e8re une crise sanitaire in\u00e9dite, doit int\u00e9grer \u00e0 son discours sur la transition \u00e9cologique, la question sociale li\u00e9e \u00e0 l&#8217;emploi, le besoin d&rsquo;une politique de la sant\u00e9 pr\u00e9dictive et la dimension territoriale. Pour mettre tout [&hellip;]\" \/>\n<meta property=\"og:url\" content=\"https:\/\/territorialchallenges.com\/es\/2020\/09\/03\/francais-ayez-confiance-dans-lexpertise\/86056\/\" \/>\n<meta property=\"og:site_name\" content=\"Territorial Challenges\" \/>\n<meta property=\"article:published_time\" content=\"2020-09-03T11:52:17+00:00\" \/>\n<meta property=\"article:modified_time\" content=\"2020-09-03T12:30:04+00:00\" \/>\n<meta property=\"og:image\" content=\"https:\/\/territorialchallenges.com\/wp-content\/uploads\/2020\/09\/popsu2.jpg\" \/>\n\t<meta property=\"og:image:width\" content=\"1920\" \/>\n\t<meta property=\"og:image:height\" content=\"1280\" \/>\n\t<meta property=\"og:image:type\" content=\"image\/jpeg\" \/>\n<meta name=\"author\" content=\"ni.abdi\" \/>\n<meta name=\"twitter:card\" content=\"summary_large_image\" \/>\n<meta name=\"twitter:creator\" content=\"@Ni.abdi\" \/>\n<meta name=\"twitter:label1\" content=\"Escrito por\" \/>\n\t<meta name=\"twitter:data1\" content=\"ni.abdi\" \/>\n\t<meta name=\"twitter:label2\" content=\"Tiempo de lectura\" \/>\n\t<meta name=\"twitter:data2\" content=\"3 minutos\" \/>\n<script type=\"application\/ld+json\" class=\"yoast-schema-graph\">{\"@context\":\"https:\/\/schema.org\",\"@graph\":[{\"@type\":\"Article\",\"@id\":\"https:\/\/territorialchallenges.com\/2020\/09\/03\/francais-ayez-confiance-dans-lexpertise\/86056\/#article\",\"isPartOf\":{\"@id\":\"https:\/\/territorialchallenges.com\/2020\/09\/03\/francais-ayez-confiance-dans-lexpertise\/86056\/\"},\"author\":{\"name\":\"ni.abdi\",\"@id\":\"https:\/\/territorialchallenges.com\/#\/schema\/person\/098f145c7c61a021c425e010f840080f\"},\"headline\":\"Fran\u00e7ais, ayez confiance dans l&rsquo;expertise\",\"datePublished\":\"2020-09-03T11:52:17+00:00\",\"dateModified\":\"2020-09-03T12:30:04+00:00\",\"mainEntityOfPage\":{\"@id\":\"https:\/\/territorialchallenges.com\/2020\/09\/03\/francais-ayez-confiance-dans-lexpertise\/86056\/\"},\"wordCount\":568,\"commentCount\":0,\"publisher\":{\"@id\":\"https:\/\/territorialchallenges.com\/#organization\"},\"articleSection\":[\"R\u00e9flexion faite\",\"\u00c9cosyst\u00e8me\"],\"inLanguage\":\"es\"},{\"@type\":\"WebPage\",\"@id\":\"https:\/\/territorialchallenges.com\/2020\/09\/03\/francais-ayez-confiance-dans-lexpertise\/86056\/\",\"url\":\"https:\/\/territorialchallenges.com\/2020\/09\/03\/francais-ayez-confiance-dans-lexpertise\/86056\/\",\"name\":\"Fran\u00e7ais, ayez confiance dans l'expertise - Territorial Challenges\",\"isPartOf\":{\"@id\":\"https:\/\/territorialchallenges.com\/#website\"},\"datePublished\":\"2020-09-03T11:52:17+00:00\",\"dateModified\":\"2020-09-03T12:30:04+00:00\",\"breadcrumb\":{\"@id\":\"https:\/\/territorialchallenges.com\/2020\/09\/03\/francais-ayez-confiance-dans-lexpertise\/86056\/#breadcrumb\"},\"inLanguage\":\"es\",\"potentialAction\":[{\"@type\":\"ReadAction\",\"target\":[\"https:\/\/territorialchallenges.com\/2020\/09\/03\/francais-ayez-confiance-dans-lexpertise\/86056\/\"]}]},{\"@type\":\"BreadcrumbList\",\"@id\":\"https:\/\/territorialchallenges.com\/2020\/09\/03\/francais-ayez-confiance-dans-lexpertise\/86056\/#breadcrumb\",\"itemListElement\":[{\"@type\":\"ListItem\",\"position\":1,\"name\":\"Home\",\"item\":\"https:\/\/territorialchallenges.com\/\"},{\"@type\":\"ListItem\",\"position\":2,\"name\":\"Fran\u00e7ais, ayez confiance dans l&rsquo;expertise\"}]},{\"@type\":\"WebSite\",\"@id\":\"https:\/\/territorialchallenges.com\/#website\",\"url\":\"https:\/\/territorialchallenges.com\/\",\"name\":\"Territorial Challenges\",\"description\":\"Veille Internationale - Strat\u00e9gie Intelligentes - Bonnes pratiques\",\"publisher\":{\"@id\":\"https:\/\/territorialchallenges.com\/#organization\"},\"potentialAction\":[{\"@type\":\"SearchAction\",\"target\":{\"@type\":\"EntryPoint\",\"urlTemplate\":\"https:\/\/territorialchallenges.com\/?s={search_term_string}\"},\"query-input\":\"required name=search_term_string\"}],\"inLanguage\":\"es\"},{\"@type\":\"Organization\",\"@id\":\"https:\/\/territorialchallenges.com\/#organization\",\"name\":\"Territorial Challenges\",\"url\":\"https:\/\/territorialchallenges.com\/\",\"logo\":{\"@type\":\"ImageObject\",\"inLanguage\":\"es\",\"@id\":\"https:\/\/territorialchallenges.com\/#\/schema\/logo\/image\/\",\"url\":\"https:\/\/territorialchallenges.com\/wp-content\/uploads\/2023\/10\/logo-1.png\",\"contentUrl\":\"https:\/\/territorialchallenges.com\/wp-content\/uploads\/2023\/10\/logo-1.png\",\"width\":1832,\"height\":576,\"caption\":\"Territorial Challenges\"},\"image\":{\"@id\":\"https:\/\/territorialchallenges.com\/#\/schema\/logo\/image\/\"}},{\"@type\":\"Person\",\"@id\":\"https:\/\/territorialchallenges.com\/#\/schema\/person\/098f145c7c61a021c425e010f840080f\",\"name\":\"ni.abdi\",\"image\":{\"@type\":\"ImageObject\",\"inLanguage\":\"es\",\"@id\":\"https:\/\/territorialchallenges.com\/#\/schema\/person\/image\/\",\"url\":\"https:\/\/secure.gravatar.com\/avatar\/2a2f2491f3c80039986ba989b1e4b510?s=96&d=identicon&r=g\",\"contentUrl\":\"https:\/\/secure.gravatar.com\/avatar\/2a2f2491f3c80039986ba989b1e4b510?s=96&d=identicon&r=g\",\"caption\":\"ni.abdi\"},\"sameAs\":[\"https:\/\/twitter.com\/Ni.abdi\"],\"url\":\"https:\/\/territorialchallenges.com\/es\/author\/ni-abdi\/\"}]}<\/script>\n<!-- \/ Yoast SEO plugin. -->","yoast_head_json":{"title":"Fran\u00e7ais, ayez confiance dans l'expertise - Territorial Challenges","robots":{"index":"index","follow":"follow","max-snippet":"max-snippet:-1","max-image-preview":"max-image-preview:large","max-video-preview":"max-video-preview:-1"},"canonical":"https:\/\/territorialchallenges.com\/es\/2020\/09\/03\/francais-ayez-confiance-dans-lexpertise\/86056\/","og_locale":"es_ES","og_type":"article","og_title":"Fran\u00e7ais, ayez confiance dans l'expertise - Territorial Challenges","og_description":"Treize ann\u00e9es apr\u00e8s la tenue du Grenelle de l\u2019environnement, il est tant de faire un \u00e9ni\u00e8me bilan. L&rsquo;ex\u00e9cutif actuel qui g\u00e8re une crise sanitaire in\u00e9dite, doit int\u00e9grer \u00e0 son discours sur la transition \u00e9cologique, la question sociale li\u00e9e \u00e0 l&#8217;emploi, le besoin d&rsquo;une politique de la sant\u00e9 pr\u00e9dictive et la dimension territoriale. Pour mettre tout [&hellip;]","og_url":"https:\/\/territorialchallenges.com\/es\/2020\/09\/03\/francais-ayez-confiance-dans-lexpertise\/86056\/","og_site_name":"Territorial Challenges","article_published_time":"2020-09-03T11:52:17+00:00","article_modified_time":"2020-09-03T12:30:04+00:00","og_image":[{"width":1920,"height":1280,"url":"https:\/\/territorialchallenges.com\/wp-content\/uploads\/2020\/09\/popsu2.jpg","type":"image\/jpeg"}],"author":"ni.abdi","twitter_card":"summary_large_image","twitter_creator":"@Ni.abdi","twitter_misc":{"Escrito por":"ni.abdi","Tiempo de lectura":"3 minutos"},"schema":{"@context":"https:\/\/schema.org","@graph":[{"@type":"Article","@id":"https:\/\/territorialchallenges.com\/2020\/09\/03\/francais-ayez-confiance-dans-lexpertise\/86056\/#article","isPartOf":{"@id":"https:\/\/territorialchallenges.com\/2020\/09\/03\/francais-ayez-confiance-dans-lexpertise\/86056\/"},"author":{"name":"ni.abdi","@id":"https:\/\/territorialchallenges.com\/#\/schema\/person\/098f145c7c61a021c425e010f840080f"},"headline":"Fran\u00e7ais, ayez confiance dans l&rsquo;expertise","datePublished":"2020-09-03T11:52:17+00:00","dateModified":"2020-09-03T12:30:04+00:00","mainEntityOfPage":{"@id":"https:\/\/territorialchallenges.com\/2020\/09\/03\/francais-ayez-confiance-dans-lexpertise\/86056\/"},"wordCount":568,"commentCount":0,"publisher":{"@id":"https:\/\/territorialchallenges.com\/#organization"},"articleSection":["R\u00e9flexion faite","\u00c9cosyst\u00e8me"],"inLanguage":"es"},{"@type":"WebPage","@id":"https:\/\/territorialchallenges.com\/2020\/09\/03\/francais-ayez-confiance-dans-lexpertise\/86056\/","url":"https:\/\/territorialchallenges.com\/2020\/09\/03\/francais-ayez-confiance-dans-lexpertise\/86056\/","name":"Fran\u00e7ais, ayez confiance dans l'expertise - Territorial Challenges","isPartOf":{"@id":"https:\/\/territorialchallenges.com\/#website"},"datePublished":"2020-09-03T11:52:17+00:00","dateModified":"2020-09-03T12:30:04+00:00","breadcrumb":{"@id":"https:\/\/territorialchallenges.com\/2020\/09\/03\/francais-ayez-confiance-dans-lexpertise\/86056\/#breadcrumb"},"inLanguage":"es","potentialAction":[{"@type":"ReadAction","target":["https:\/\/territorialchallenges.com\/2020\/09\/03\/francais-ayez-confiance-dans-lexpertise\/86056\/"]}]},{"@type":"BreadcrumbList","@id":"https:\/\/territorialchallenges.com\/2020\/09\/03\/francais-ayez-confiance-dans-lexpertise\/86056\/#breadcrumb","itemListElement":[{"@type":"ListItem","position":1,"name":"Home","item":"https:\/\/territorialchallenges.com\/"},{"@type":"ListItem","position":2,"name":"Fran\u00e7ais, ayez confiance dans l&rsquo;expertise"}]},{"@type":"WebSite","@id":"https:\/\/territorialchallenges.com\/#website","url":"https:\/\/territorialchallenges.com\/","name":"Desaf\u00edos territoriales","description":"Monitoreo Internacional - Estrategias Inteligentes - Mejores Pr\u00e1cticas","publisher":{"@id":"https:\/\/territorialchallenges.com\/#organization"},"potentialAction":[{"@type":"SearchAction","target":{"@type":"EntryPoint","urlTemplate":"https:\/\/territorialchallenges.com\/?s={search_term_string}"},"query-input":"required name=search_term_string"}],"inLanguage":"es"},{"@type":"Organization","@id":"https:\/\/territorialchallenges.com\/#organization","name":"Desaf\u00edos territoriales","url":"https:\/\/territorialchallenges.com\/","logo":{"@type":"ImageObject","inLanguage":"es","@id":"https:\/\/territorialchallenges.com\/#\/schema\/logo\/image\/","url":"https:\/\/territorialchallenges.com\/wp-content\/uploads\/2023\/10\/logo-1.png","contentUrl":"https:\/\/territorialchallenges.com\/wp-content\/uploads\/2023\/10\/logo-1.png","width":1832,"height":576,"caption":"Territorial Challenges"},"image":{"@id":"https:\/\/territorialchallenges.com\/#\/schema\/logo\/image\/"}},{"@type":"Person","@id":"https:\/\/territorialchallenges.com\/#\/schema\/person\/098f145c7c61a021c425e010f840080f","name":"ni.abdi","image":{"@type":"ImageObject","inLanguage":"es","@id":"https:\/\/territorialchallenges.com\/#\/schema\/person\/image\/","url":"https:\/\/secure.gravatar.com\/avatar\/2a2f2491f3c80039986ba989b1e4b510?s=96&d=identicon&r=g","contentUrl":"https:\/\/secure.gravatar.com\/avatar\/2a2f2491f3c80039986ba989b1e4b510?s=96&d=identicon&r=g","caption":"ni.abdi"},"sameAs":["https:\/\/twitter.com\/Ni.abdi"],"url":"https:\/\/territorialchallenges.com\/es\/author\/ni-abdi\/"}]}},"_links":{"self":[{"href":"https:\/\/territorialchallenges.com\/es\/wp-json\/wp\/v2\/posts\/86056"}],"collection":[{"href":"https:\/\/territorialchallenges.com\/es\/wp-json\/wp\/v2\/posts"}],"about":[{"href":"https:\/\/territorialchallenges.com\/es\/wp-json\/wp\/v2\/types\/post"}],"author":[{"embeddable":true,"href":"https:\/\/territorialchallenges.com\/es\/wp-json\/wp\/v2\/users\/11"}],"replies":[{"embeddable":true,"href":"https:\/\/territorialchallenges.com\/es\/wp-json\/wp\/v2\/comments?post=86056"}],"version-history":[{"count":2,"href":"https:\/\/territorialchallenges.com\/es\/wp-json\/wp\/v2\/posts\/86056\/revisions"}],"predecessor-version":[{"id":86062,"href":"https:\/\/territorialchallenges.com\/es\/wp-json\/wp\/v2\/posts\/86056\/revisions\/86062"}],"wp:featuredmedia":[{"embeddable":true,"href":"https:\/\/territorialchallenges.com\/es\/wp-json\/wp\/v2\/media\/86057"}],"wp:attachment":[{"href":"https:\/\/territorialchallenges.com\/es\/wp-json\/wp\/v2\/media?parent=86056"}],"wp:term":[{"taxonomy":"category","embeddable":true,"href":"https:\/\/territorialchallenges.com\/es\/wp-json\/wp\/v2\/categories?post=86056"},{"taxonomy":"post_tag","embeddable":true,"href":"https:\/\/territorialchallenges.com\/es\/wp-json\/wp\/v2\/tags?post=86056"}],"curies":[{"name":"gracias","href":"https:\/\/api.w.org\/{rel}","templated":true}]}}