{"id":85780,"date":"2020-07-14T17:40:10","date_gmt":"2020-07-14T15:40:10","guid":{"rendered":"https:\/\/territorialchallenges.com\/?p=85780"},"modified":"2020-07-14T17:40:10","modified_gmt":"2020-07-14T15:40:10","slug":"on-parle-deux-jacek-jaskowiak-le-maire-de-poznan-en-pologne","status":"publish","type":"post","link":"https:\/\/territorialchallenges.com\/es\/2020\/07\/14\/on-parle-deux-jacek-jaskowiak-le-maire-de-poznan-en-pologne\/85780\/","title":{"rendered":"Hablamos de ellos: Jacek Ja\u015bkowiak, alcalde de Poznan en Polonia"},"content":{"rendered":"<p>En plena crisis sanitaria y frente a su ordenador, el alcalde de Poznan gan\u00f3 a mediados de junio el Premio Ciudad Inteligente 2019 para su ciudad, situada en el oeste del pa\u00eds. Este evento anual, que tambi\u00e9n premia a las ciudades polacas con m\u00e1s de 500.000 habitantes por sus pol\u00edticas digitales, se celebr\u00f3 en una plataforma digital el 15\u2026 <\/p>\n<div class=\"pmpro_content_message\">Art\u00edculo disponible s\u00f3lo para suscriptores.<br \/><a href=\"https:\/\/territorialchallenges.com\/wp-login.php\">Acceso<\/a><br \/><a href=\"https:\/\/territorialchallenges.com\/es\/wp-login.php\/?action=register\">Registro<\/a><\/div>","protected":false},"excerpt":{"rendered":"<p>En pleine crise sanitaire et devant son ordinateur, le maire de Poznan a obtenu mi-juin pour sa cit\u00e9 de l&rsquo;ouest du pays, le prix Smart City Award 2019. Cet \u00e9v\u00e8nement annuel qui r\u00e9compense aussi, les villes polonaises de plus de 500.000 habitants pour leur politique num\u00e9rique, a eu lieu sur une plateforme digital, le 15... <\/p>\n<div class=\"pmpro_content_message\">Art\u00edculo disponible s\u00f3lo para suscriptores.<br \/><a href=\"https:\/\/territorialchallenges.com\/wp-login.php\">Acceso<\/a><br \/><a href=\"https:\/\/territorialchallenges.com\/es\/wp-login.php\/?action=register\">Registro<\/a><\/div>","protected":false},"author":11,"featured_media":85781,"comment_status":"open","ping_status":"open","sticky":true,"template":"","format":"standard","meta":{"pmpro_default_level":0,"footnotes":""},"categories":[126,117],"tags":[],"blocksy_meta":"","yoast_head":"<!-- This site is optimized with the Yoast SEO plugin v21.5 - https:\/\/yoast.com\/wordpress\/plugins\/seo\/ -->\n<title>On parle d&#039;eux: Jacek Ja\u015bkowiak, le maire de Poznan en Pologne - Territorial Challenges<\/title>\n<meta name=\"robots\" content=\"index, follow, max-snippet:-1, max-image-preview:large, max-video-preview:-1\" \/>\n<link rel=\"canonical\" href=\"https:\/\/territorialchallenges.com\/es\/2020\/07\/14\/on-parle-deux-jacek-jaskowiak-le-maire-de-poznan-en-pologne\/85780\/\" \/>\n<meta property=\"og:locale\" content=\"es_ES\" \/>\n<meta property=\"og:type\" content=\"article\" \/>\n<meta property=\"og:title\" content=\"On parle d&#039;eux: Jacek Ja\u015bkowiak, le maire de Poznan en Pologne - Territorial Challenges\" \/>\n<meta property=\"og:description\" content=\"En pleine crise sanitaire et devant son ordinateur, le maire de Poznan a obtenu mi-juin pour sa cit\u00e9 de l&rsquo;ouest du pays, le prix Smart City Award 2019. Cet \u00e9v\u00e8nement annuel qui r\u00e9compense aussi, les villes polonaises de plus de 500.000 habitants pour leur politique num\u00e9rique, a eu lieu sur une plateforme digital, le 15 [&hellip;]\" \/>\n<meta property=\"og:url\" content=\"https:\/\/territorialchallenges.com\/es\/2020\/07\/14\/on-parle-deux-jacek-jaskowiak-le-maire-de-poznan-en-pologne\/85780\/\" \/>\n<meta property=\"og:site_name\" content=\"Territorial Challenges\" \/>\n<meta property=\"article:published_time\" content=\"2020-07-14T15:40:10+00:00\" \/>\n<meta property=\"og:image\" content=\"https:\/\/territorialchallenges.com\/wp-content\/uploads\/2020\/07\/jacek-jaskowiak-nowym-prezydentem-poznaniapic1120275997102362with-ratio16_9.jpg\" \/>\n\t<meta property=\"og:image:width\" content=\"742\" \/>\n\t<meta property=\"og:image:height\" content=\"417\" \/>\n\t<meta property=\"og:image:type\" content=\"image\/jpeg\" \/>\n<meta name=\"author\" content=\"ni.abdi\" \/>\n<meta name=\"twitter:card\" content=\"summary_large_image\" \/>\n<meta name=\"twitter:creator\" content=\"@Ni.abdi\" \/>\n<meta name=\"twitter:label1\" content=\"Escrito por\" \/>\n\t<meta name=\"twitter:data1\" content=\"ni.abdi\" \/>\n\t<meta name=\"twitter:label2\" content=\"Tiempo de lectura\" \/>\n\t<meta name=\"twitter:data2\" content=\"4 minutos\" \/>\n<script type=\"application\/ld+json\" class=\"yoast-schema-graph\">{\"@context\":\"https:\/\/schema.org\",\"@graph\":[{\"@type\":\"Article\",\"@id\":\"https:\/\/territorialchallenges.com\/2020\/07\/14\/on-parle-deux-jacek-jaskowiak-le-maire-de-poznan-en-pologne\/85780\/#article\",\"isPartOf\":{\"@id\":\"https:\/\/territorialchallenges.com\/2020\/07\/14\/on-parle-deux-jacek-jaskowiak-le-maire-de-poznan-en-pologne\/85780\/\"},\"author\":{\"name\":\"ni.abdi\",\"@id\":\"https:\/\/territorialchallenges.com\/#\/schema\/person\/098f145c7c61a021c425e010f840080f\"},\"headline\":\"On parle d&rsquo;eux: Jacek Ja\u015bkowiak, le maire de Poznan en Pologne\",\"datePublished\":\"2020-07-14T15:40:10+00:00\",\"dateModified\":\"2020-07-14T15:40:10+00:00\",\"mainEntityOfPage\":{\"@id\":\"https:\/\/territorialchallenges.com\/2020\/07\/14\/on-parle-deux-jacek-jaskowiak-le-maire-de-poznan-en-pologne\/85780\/\"},\"wordCount\":797,\"commentCount\":0,\"publisher\":{\"@id\":\"https:\/\/territorialchallenges.com\/#organization\"},\"articleSection\":[\"On parle d'eux\",\"\u00c9cosyst\u00e8me\"],\"inLanguage\":\"es\"},{\"@type\":\"WebPage\",\"@id\":\"https:\/\/territorialchallenges.com\/2020\/07\/14\/on-parle-deux-jacek-jaskowiak-le-maire-de-poznan-en-pologne\/85780\/\",\"url\":\"https:\/\/territorialchallenges.com\/2020\/07\/14\/on-parle-deux-jacek-jaskowiak-le-maire-de-poznan-en-pologne\/85780\/\",\"name\":\"On parle d'eux: Jacek Ja\u015bkowiak, le maire de Poznan en Pologne - Territorial Challenges\",\"isPartOf\":{\"@id\":\"https:\/\/territorialchallenges.com\/#website\"},\"datePublished\":\"2020-07-14T15:40:10+00:00\",\"dateModified\":\"2020-07-14T15:40:10+00:00\",\"breadcrumb\":{\"@id\":\"https:\/\/territorialchallenges.com\/2020\/07\/14\/on-parle-deux-jacek-jaskowiak-le-maire-de-poznan-en-pologne\/85780\/#breadcrumb\"},\"inLanguage\":\"es\",\"potentialAction\":[{\"@type\":\"ReadAction\",\"target\":[\"https:\/\/territorialchallenges.com\/2020\/07\/14\/on-parle-deux-jacek-jaskowiak-le-maire-de-poznan-en-pologne\/85780\/\"]}]},{\"@type\":\"BreadcrumbList\",\"@id\":\"https:\/\/territorialchallenges.com\/2020\/07\/14\/on-parle-deux-jacek-jaskowiak-le-maire-de-poznan-en-pologne\/85780\/#breadcrumb\",\"itemListElement\":[{\"@type\":\"ListItem\",\"position\":1,\"name\":\"Home\",\"item\":\"https:\/\/territorialchallenges.com\/\"},{\"@type\":\"ListItem\",\"position\":2,\"name\":\"On parle d&rsquo;eux: Jacek Ja\u015bkowiak, le maire de Poznan en Pologne\"}]},{\"@type\":\"WebSite\",\"@id\":\"https:\/\/territorialchallenges.com\/#website\",\"url\":\"https:\/\/territorialchallenges.com\/\",\"name\":\"Territorial Challenges\",\"description\":\"Veille Internationale - Strat\u00e9gie Intelligentes - Bonnes pratiques\",\"publisher\":{\"@id\":\"https:\/\/territorialchallenges.com\/#organization\"},\"potentialAction\":[{\"@type\":\"SearchAction\",\"target\":{\"@type\":\"EntryPoint\",\"urlTemplate\":\"https:\/\/territorialchallenges.com\/?s={search_term_string}\"},\"query-input\":\"required name=search_term_string\"}],\"inLanguage\":\"es\"},{\"@type\":\"Organization\",\"@id\":\"https:\/\/territorialchallenges.com\/#organization\",\"name\":\"Territorial Challenges\",\"url\":\"https:\/\/territorialchallenges.com\/\",\"logo\":{\"@type\":\"ImageObject\",\"inLanguage\":\"es\",\"@id\":\"https:\/\/territorialchallenges.com\/#\/schema\/logo\/image\/\",\"url\":\"https:\/\/territorialchallenges.com\/wp-content\/uploads\/2023\/10\/logo-1.png\",\"contentUrl\":\"https:\/\/territorialchallenges.com\/wp-content\/uploads\/2023\/10\/logo-1.png\",\"width\":1832,\"height\":576,\"caption\":\"Territorial Challenges\"},\"image\":{\"@id\":\"https:\/\/territorialchallenges.com\/#\/schema\/logo\/image\/\"}},{\"@type\":\"Person\",\"@id\":\"https:\/\/territorialchallenges.com\/#\/schema\/person\/098f145c7c61a021c425e010f840080f\",\"name\":\"ni.abdi\",\"image\":{\"@type\":\"ImageObject\",\"inLanguage\":\"es\",\"@id\":\"https:\/\/territorialchallenges.com\/#\/schema\/person\/image\/\",\"url\":\"https:\/\/secure.gravatar.com\/avatar\/2a2f2491f3c80039986ba989b1e4b510?s=96&d=identicon&r=g\",\"contentUrl\":\"https:\/\/secure.gravatar.com\/avatar\/2a2f2491f3c80039986ba989b1e4b510?s=96&d=identicon&r=g\",\"caption\":\"ni.abdi\"},\"sameAs\":[\"https:\/\/twitter.com\/Ni.abdi\"],\"url\":\"https:\/\/territorialchallenges.com\/es\/author\/ni-abdi\/\"}]}<\/script>\n<!-- \/ Yoast SEO plugin. -->","yoast_head_json":{"title":"On parle d'eux: Jacek Ja\u015bkowiak, le maire de Poznan en Pologne - Territorial Challenges","robots":{"index":"index","follow":"follow","max-snippet":"max-snippet:-1","max-image-preview":"max-image-preview:large","max-video-preview":"max-video-preview:-1"},"canonical":"https:\/\/territorialchallenges.com\/es\/2020\/07\/14\/on-parle-deux-jacek-jaskowiak-le-maire-de-poznan-en-pologne\/85780\/","og_locale":"es_ES","og_type":"article","og_title":"On parle d'eux: Jacek Ja\u015bkowiak, le maire de Poznan en Pologne - Territorial Challenges","og_description":"En pleine crise sanitaire et devant son ordinateur, le maire de Poznan a obtenu mi-juin pour sa cit\u00e9 de l&rsquo;ouest du pays, le prix Smart City Award 2019. Cet \u00e9v\u00e8nement annuel qui r\u00e9compense aussi, les villes polonaises de plus de 500.000 habitants pour leur politique num\u00e9rique, a eu lieu sur une plateforme digital, le 15 [&hellip;]","og_url":"https:\/\/territorialchallenges.com\/es\/2020\/07\/14\/on-parle-deux-jacek-jaskowiak-le-maire-de-poznan-en-pologne\/85780\/","og_site_name":"Territorial Challenges","article_published_time":"2020-07-14T15:40:10+00:00","og_image":[{"width":742,"height":417,"url":"https:\/\/territorialchallenges.com\/wp-content\/uploads\/2020\/07\/jacek-jaskowiak-nowym-prezydentem-poznaniapic1120275997102362with-ratio16_9.jpg","type":"image\/jpeg"}],"author":"ni.abdi","twitter_card":"summary_large_image","twitter_creator":"@Ni.abdi","twitter_misc":{"Escrito por":"ni.abdi","Tiempo de lectura":"4 minutos"},"schema":{"@context":"https:\/\/schema.org","@graph":[{"@type":"Article","@id":"https:\/\/territorialchallenges.com\/2020\/07\/14\/on-parle-deux-jacek-jaskowiak-le-maire-de-poznan-en-pologne\/85780\/#article","isPartOf":{"@id":"https:\/\/territorialchallenges.com\/2020\/07\/14\/on-parle-deux-jacek-jaskowiak-le-maire-de-poznan-en-pologne\/85780\/"},"author":{"name":"ni.abdi","@id":"https:\/\/territorialchallenges.com\/#\/schema\/person\/098f145c7c61a021c425e010f840080f"},"headline":"On parle d&rsquo;eux: Jacek Ja\u015bkowiak, le maire de Poznan en Pologne","datePublished":"2020-07-14T15:40:10+00:00","dateModified":"2020-07-14T15:40:10+00:00","mainEntityOfPage":{"@id":"https:\/\/territorialchallenges.com\/2020\/07\/14\/on-parle-deux-jacek-jaskowiak-le-maire-de-poznan-en-pologne\/85780\/"},"wordCount":797,"commentCount":0,"publisher":{"@id":"https:\/\/territorialchallenges.com\/#organization"},"articleSection":["On parle d'eux","\u00c9cosyst\u00e8me"],"inLanguage":"es"},{"@type":"WebPage","@id":"https:\/\/territorialchallenges.com\/2020\/07\/14\/on-parle-deux-jacek-jaskowiak-le-maire-de-poznan-en-pologne\/85780\/","url":"https:\/\/territorialchallenges.com\/2020\/07\/14\/on-parle-deux-jacek-jaskowiak-le-maire-de-poznan-en-pologne\/85780\/","name":"On parle d'eux: Jacek Ja\u015bkowiak, le maire de Poznan en Pologne - Territorial Challenges","isPartOf":{"@id":"https:\/\/territorialchallenges.com\/#website"},"datePublished":"2020-07-14T15:40:10+00:00","dateModified":"2020-07-14T15:40:10+00:00","breadcrumb":{"@id":"https:\/\/territorialchallenges.com\/2020\/07\/14\/on-parle-deux-jacek-jaskowiak-le-maire-de-poznan-en-pologne\/85780\/#breadcrumb"},"inLanguage":"es","potentialAction":[{"@type":"ReadAction","target":["https:\/\/territorialchallenges.com\/2020\/07\/14\/on-parle-deux-jacek-jaskowiak-le-maire-de-poznan-en-pologne\/85780\/"]}]},{"@type":"BreadcrumbList","@id":"https:\/\/territorialchallenges.com\/2020\/07\/14\/on-parle-deux-jacek-jaskowiak-le-maire-de-poznan-en-pologne\/85780\/#breadcrumb","itemListElement":[{"@type":"ListItem","position":1,"name":"Home","item":"https:\/\/territorialchallenges.com\/"},{"@type":"ListItem","position":2,"name":"On parle d&rsquo;eux: Jacek Ja\u015bkowiak, le maire de Poznan en Pologne"}]},{"@type":"WebSite","@id":"https:\/\/territorialchallenges.com\/#website","url":"https:\/\/territorialchallenges.com\/","name":"Desaf\u00edos territoriales","description":"Monitoreo Internacional - Estrategias Inteligentes - Mejores Pr\u00e1cticas","publisher":{"@id":"https:\/\/territorialchallenges.com\/#organization"},"potentialAction":[{"@type":"SearchAction","target":{"@type":"EntryPoint","urlTemplate":"https:\/\/territorialchallenges.com\/?s={search_term_string}"},"query-input":"required name=search_term_string"}],"inLanguage":"es"},{"@type":"Organization","@id":"https:\/\/territorialchallenges.com\/#organization","name":"Desaf\u00edos territoriales","url":"https:\/\/territorialchallenges.com\/","logo":{"@type":"ImageObject","inLanguage":"es","@id":"https:\/\/territorialchallenges.com\/#\/schema\/logo\/image\/","url":"https:\/\/territorialchallenges.com\/wp-content\/uploads\/2023\/10\/logo-1.png","contentUrl":"https:\/\/territorialchallenges.com\/wp-content\/uploads\/2023\/10\/logo-1.png","width":1832,"height":576,"caption":"Territorial Challenges"},"image":{"@id":"https:\/\/territorialchallenges.com\/#\/schema\/logo\/image\/"}},{"@type":"Person","@id":"https:\/\/territorialchallenges.com\/#\/schema\/person\/098f145c7c61a021c425e010f840080f","name":"ni.abdi","image":{"@type":"ImageObject","inLanguage":"es","@id":"https:\/\/territorialchallenges.com\/#\/schema\/person\/image\/","url":"https:\/\/secure.gravatar.com\/avatar\/2a2f2491f3c80039986ba989b1e4b510?s=96&d=identicon&r=g","contentUrl":"https:\/\/secure.gravatar.com\/avatar\/2a2f2491f3c80039986ba989b1e4b510?s=96&d=identicon&r=g","caption":"ni.abdi"},"sameAs":["https:\/\/twitter.com\/Ni.abdi"],"url":"https:\/\/territorialchallenges.com\/es\/author\/ni-abdi\/"}]}},"_links":{"self":[{"href":"https:\/\/territorialchallenges.com\/es\/wp-json\/wp\/v2\/posts\/85780"}],"collection":[{"href":"https:\/\/territorialchallenges.com\/es\/wp-json\/wp\/v2\/posts"}],"about":[{"href":"https:\/\/territorialchallenges.com\/es\/wp-json\/wp\/v2\/types\/post"}],"author":[{"embeddable":true,"href":"https:\/\/territorialchallenges.com\/es\/wp-json\/wp\/v2\/users\/11"}],"replies":[{"embeddable":true,"href":"https:\/\/territorialchallenges.com\/es\/wp-json\/wp\/v2\/comments?post=85780"}],"version-history":[{"count":1,"href":"https:\/\/territorialchallenges.com\/es\/wp-json\/wp\/v2\/posts\/85780\/revisions"}],"predecessor-version":[{"id":85785,"href":"https:\/\/territorialchallenges.com\/es\/wp-json\/wp\/v2\/posts\/85780\/revisions\/85785"}],"wp:featuredmedia":[{"embeddable":true,"href":"https:\/\/territorialchallenges.com\/es\/wp-json\/wp\/v2\/media\/85781"}],"wp:attachment":[{"href":"https:\/\/territorialchallenges.com\/es\/wp-json\/wp\/v2\/media?parent=85780"}],"wp:term":[{"taxonomy":"category","embeddable":true,"href":"https:\/\/territorialchallenges.com\/es\/wp-json\/wp\/v2\/categories?post=85780"},{"taxonomy":"post_tag","embeddable":true,"href":"https:\/\/territorialchallenges.com\/es\/wp-json\/wp\/v2\/tags?post=85780"}],"curies":[{"name":"gracias","href":"https:\/\/api.w.org\/{rel}","templated":true}]}}