{"id":85742,"date":"2020-07-03T08:20:19","date_gmt":"2020-07-03T06:20:19","guid":{"rendered":"https:\/\/territorialchallenges.com\/?p=85742"},"modified":"2020-07-03T08:20:19","modified_gmt":"2020-07-03T06:20:19","slug":"smart-city-les-donnees-intersectorielles-sont-essentielles-durant-la-crise-du-covid-19","status":"publish","type":"post","link":"https:\/\/territorialchallenges.com\/es\/2020\/07\/03\/smart-city-les-donnees-intersectorielles-sont-essentielles-durant-la-crise-du-covid-19\/85742\/","title":{"rendered":"Ciudad inteligente: los datos intersectoriales son esenciales durante la crisis de la COVID-19"},"content":{"rendered":"<p>No hay nada como una crisis para demostrar lo dif\u00edcil que es comprender r\u00e1pidamente una avalancha de informaci\u00f3n proveniente de todas partes. Mientras el personal sanitario, en primera l\u00ednea de la mitigaci\u00f3n de la COVID-19, se enfrenta a una escasez de respiradores y\u2026 <\/p>\n<div class=\"pmpro_content_message\">Art\u00edculo disponible s\u00f3lo para suscriptores.<br \/><a href=\"https:\/\/territorialchallenges.com\/wp-login.php\">Acceso<\/a><br \/><a href=\"https:\/\/territorialchallenges.com\/es\/wp-login.php\/?action=register\">Registro<\/a><\/div>","protected":false},"excerpt":{"rendered":"<p>Il n&rsquo;y a rien de tel qu&rsquo;une crise, pour d\u00e9montrer \u00e0 quel point il est difficile de donner un sens rapide \u00e0 un raz de mar\u00e9e d&rsquo;informations provenant de toutes les directions. Alors que les professionnels de la sant\u00e9, en premi\u00e8re ligne pour l&rsquo;att\u00e9nuation du COVID-19, sont confront\u00e9s \u00e0 une p\u00e9nurie de respirateurs et de... <\/p>\n<div class=\"pmpro_content_message\">Art\u00edculo disponible s\u00f3lo para suscriptores.<br \/><a href=\"https:\/\/territorialchallenges.com\/wp-login.php\">Acceso<\/a><br \/><a href=\"https:\/\/territorialchallenges.com\/es\/wp-login.php\/?action=register\">Registro<\/a><\/div>","protected":false},"author":11,"featured_media":85743,"comment_status":"open","ping_status":"open","sticky":true,"template":"","format":"standard","meta":{"pmpro_default_level":0,"footnotes":""},"categories":[19,124],"tags":[],"blocksy_meta":"","yoast_head":"<!-- This site is optimized with the Yoast SEO plugin v21.5 - https:\/\/yoast.com\/wordpress\/plugins\/seo\/ -->\n<title>Smart city: les donn\u00e9es intersectorielles sont essentielles durant la crise du COVID-19 - Territorial Challenges<\/title>\n<meta name=\"robots\" content=\"index, follow, max-snippet:-1, max-image-preview:large, max-video-preview:-1\" \/>\n<link rel=\"canonical\" href=\"https:\/\/territorialchallenges.com\/es\/2020\/07\/03\/smart-city-les-donnees-intersectorielles-sont-essentielles-durant-la-crise-du-covid-19\/85742\/\" \/>\n<meta property=\"og:locale\" content=\"es_ES\" \/>\n<meta property=\"og:type\" content=\"article\" \/>\n<meta property=\"og:title\" content=\"Smart city: les donn\u00e9es intersectorielles sont essentielles durant la crise du COVID-19 - Territorial Challenges\" \/>\n<meta property=\"og:description\" content=\"Il n&rsquo;y a rien de tel qu&rsquo;une crise, pour d\u00e9montrer \u00e0 quel point il est difficile de donner un sens rapide \u00e0 un raz de mar\u00e9e d&rsquo;informations provenant de toutes les directions. Alors que les professionnels de la sant\u00e9, en premi\u00e8re ligne pour l&rsquo;att\u00e9nuation du COVID-19, sont confront\u00e9s \u00e0 une p\u00e9nurie de respirateurs et de [&hellip;]\" \/>\n<meta property=\"og:url\" content=\"https:\/\/territorialchallenges.com\/es\/2020\/07\/03\/smart-city-les-donnees-intersectorielles-sont-essentielles-durant-la-crise-du-covid-19\/85742\/\" \/>\n<meta property=\"og:site_name\" content=\"Territorial Challenges\" \/>\n<meta property=\"article:published_time\" content=\"2020-07-03T06:20:19+00:00\" \/>\n<meta property=\"og:image\" content=\"https:\/\/territorialchallenges.com\/wp-content\/uploads\/2020\/07\/digitization-4705450_1920.jpg\" \/>\n\t<meta property=\"og:image:width\" content=\"1920\" \/>\n\t<meta property=\"og:image:height\" content=\"1280\" \/>\n\t<meta property=\"og:image:type\" content=\"image\/jpeg\" \/>\n<meta name=\"author\" content=\"ni.abdi\" \/>\n<meta name=\"twitter:card\" content=\"summary_large_image\" \/>\n<meta name=\"twitter:creator\" content=\"@Ni.abdi\" \/>\n<meta name=\"twitter:label1\" content=\"Escrito por\" \/>\n\t<meta name=\"twitter:data1\" content=\"ni.abdi\" \/>\n\t<meta name=\"twitter:label2\" content=\"Tiempo de lectura\" \/>\n\t<meta name=\"twitter:data2\" content=\"3 minutos\" \/>\n<script type=\"application\/ld+json\" class=\"yoast-schema-graph\">{\"@context\":\"https:\/\/schema.org\",\"@graph\":[{\"@type\":\"Article\",\"@id\":\"https:\/\/territorialchallenges.com\/2020\/07\/03\/smart-city-les-donnees-intersectorielles-sont-essentielles-durant-la-crise-du-covid-19\/85742\/#article\",\"isPartOf\":{\"@id\":\"https:\/\/territorialchallenges.com\/2020\/07\/03\/smart-city-les-donnees-intersectorielles-sont-essentielles-durant-la-crise-du-covid-19\/85742\/\"},\"author\":{\"name\":\"ni.abdi\",\"@id\":\"https:\/\/territorialchallenges.com\/#\/schema\/person\/098f145c7c61a021c425e010f840080f\"},\"headline\":\"Smart city: les donn\u00e9es intersectorielles sont essentielles durant la crise du COVID-19\",\"datePublished\":\"2020-07-03T06:20:19+00:00\",\"dateModified\":\"2020-07-03T06:20:19+00:00\",\"mainEntityOfPage\":{\"@id\":\"https:\/\/territorialchallenges.com\/2020\/07\/03\/smart-city-les-donnees-intersectorielles-sont-essentielles-durant-la-crise-du-covid-19\/85742\/\"},\"wordCount\":712,\"commentCount\":0,\"publisher\":{\"@id\":\"https:\/\/territorialchallenges.com\/#organization\"},\"articleSection\":[\"Territoires Intelligents\",\"Actualit\u00e9 internationale\"],\"inLanguage\":\"es\"},{\"@type\":\"WebPage\",\"@id\":\"https:\/\/territorialchallenges.com\/2020\/07\/03\/smart-city-les-donnees-intersectorielles-sont-essentielles-durant-la-crise-du-covid-19\/85742\/\",\"url\":\"https:\/\/territorialchallenges.com\/2020\/07\/03\/smart-city-les-donnees-intersectorielles-sont-essentielles-durant-la-crise-du-covid-19\/85742\/\",\"name\":\"Smart city: les donn\u00e9es intersectorielles sont essentielles durant la crise du COVID-19 - Territorial Challenges\",\"isPartOf\":{\"@id\":\"https:\/\/territorialchallenges.com\/#website\"},\"datePublished\":\"2020-07-03T06:20:19+00:00\",\"dateModified\":\"2020-07-03T06:20:19+00:00\",\"breadcrumb\":{\"@id\":\"https:\/\/territorialchallenges.com\/2020\/07\/03\/smart-city-les-donnees-intersectorielles-sont-essentielles-durant-la-crise-du-covid-19\/85742\/#breadcrumb\"},\"inLanguage\":\"es\",\"potentialAction\":[{\"@type\":\"ReadAction\",\"target\":[\"https:\/\/territorialchallenges.com\/2020\/07\/03\/smart-city-les-donnees-intersectorielles-sont-essentielles-durant-la-crise-du-covid-19\/85742\/\"]}]},{\"@type\":\"BreadcrumbList\",\"@id\":\"https:\/\/territorialchallenges.com\/2020\/07\/03\/smart-city-les-donnees-intersectorielles-sont-essentielles-durant-la-crise-du-covid-19\/85742\/#breadcrumb\",\"itemListElement\":[{\"@type\":\"ListItem\",\"position\":1,\"name\":\"Home\",\"item\":\"https:\/\/territorialchallenges.com\/\"},{\"@type\":\"ListItem\",\"position\":2,\"name\":\"Smart city: les donn\u00e9es intersectorielles sont essentielles durant la crise du COVID-19\"}]},{\"@type\":\"WebSite\",\"@id\":\"https:\/\/territorialchallenges.com\/#website\",\"url\":\"https:\/\/territorialchallenges.com\/\",\"name\":\"Territorial Challenges\",\"description\":\"Veille Internationale - Strat\u00e9gie Intelligentes - Bonnes pratiques\",\"publisher\":{\"@id\":\"https:\/\/territorialchallenges.com\/#organization\"},\"potentialAction\":[{\"@type\":\"SearchAction\",\"target\":{\"@type\":\"EntryPoint\",\"urlTemplate\":\"https:\/\/territorialchallenges.com\/?s={search_term_string}\"},\"query-input\":\"required name=search_term_string\"}],\"inLanguage\":\"es\"},{\"@type\":\"Organization\",\"@id\":\"https:\/\/territorialchallenges.com\/#organization\",\"name\":\"Territorial Challenges\",\"url\":\"https:\/\/territorialchallenges.com\/\",\"logo\":{\"@type\":\"ImageObject\",\"inLanguage\":\"es\",\"@id\":\"https:\/\/territorialchallenges.com\/#\/schema\/logo\/image\/\",\"url\":\"https:\/\/territorialchallenges.com\/wp-content\/uploads\/2023\/10\/logo-1.png\",\"contentUrl\":\"https:\/\/territorialchallenges.com\/wp-content\/uploads\/2023\/10\/logo-1.png\",\"width\":1832,\"height\":576,\"caption\":\"Territorial Challenges\"},\"image\":{\"@id\":\"https:\/\/territorialchallenges.com\/#\/schema\/logo\/image\/\"}},{\"@type\":\"Person\",\"@id\":\"https:\/\/territorialchallenges.com\/#\/schema\/person\/098f145c7c61a021c425e010f840080f\",\"name\":\"ni.abdi\",\"image\":{\"@type\":\"ImageObject\",\"inLanguage\":\"es\",\"@id\":\"https:\/\/territorialchallenges.com\/#\/schema\/person\/image\/\",\"url\":\"https:\/\/secure.gravatar.com\/avatar\/2a2f2491f3c80039986ba989b1e4b510?s=96&d=identicon&r=g\",\"contentUrl\":\"https:\/\/secure.gravatar.com\/avatar\/2a2f2491f3c80039986ba989b1e4b510?s=96&d=identicon&r=g\",\"caption\":\"ni.abdi\"},\"sameAs\":[\"https:\/\/twitter.com\/Ni.abdi\"],\"url\":\"https:\/\/territorialchallenges.com\/es\/author\/ni-abdi\/\"}]}<\/script>\n<!-- \/ Yoast SEO plugin. -->","yoast_head_json":{"title":"Smart city: les donn\u00e9es intersectorielles sont essentielles durant la crise du COVID-19 - Territorial Challenges","robots":{"index":"index","follow":"follow","max-snippet":"max-snippet:-1","max-image-preview":"max-image-preview:large","max-video-preview":"max-video-preview:-1"},"canonical":"https:\/\/territorialchallenges.com\/es\/2020\/07\/03\/smart-city-les-donnees-intersectorielles-sont-essentielles-durant-la-crise-du-covid-19\/85742\/","og_locale":"es_ES","og_type":"article","og_title":"Smart city: les donn\u00e9es intersectorielles sont essentielles durant la crise du COVID-19 - Territorial Challenges","og_description":"Il n&rsquo;y a rien de tel qu&rsquo;une crise, pour d\u00e9montrer \u00e0 quel point il est difficile de donner un sens rapide \u00e0 un raz de mar\u00e9e d&rsquo;informations provenant de toutes les directions. Alors que les professionnels de la sant\u00e9, en premi\u00e8re ligne pour l&rsquo;att\u00e9nuation du COVID-19, sont confront\u00e9s \u00e0 une p\u00e9nurie de respirateurs et de [&hellip;]","og_url":"https:\/\/territorialchallenges.com\/es\/2020\/07\/03\/smart-city-les-donnees-intersectorielles-sont-essentielles-durant-la-crise-du-covid-19\/85742\/","og_site_name":"Territorial Challenges","article_published_time":"2020-07-03T06:20:19+00:00","og_image":[{"width":1920,"height":1280,"url":"https:\/\/territorialchallenges.com\/wp-content\/uploads\/2020\/07\/digitization-4705450_1920.jpg","type":"image\/jpeg"}],"author":"ni.abdi","twitter_card":"summary_large_image","twitter_creator":"@Ni.abdi","twitter_misc":{"Escrito por":"ni.abdi","Tiempo de lectura":"3 minutos"},"schema":{"@context":"https:\/\/schema.org","@graph":[{"@type":"Article","@id":"https:\/\/territorialchallenges.com\/2020\/07\/03\/smart-city-les-donnees-intersectorielles-sont-essentielles-durant-la-crise-du-covid-19\/85742\/#article","isPartOf":{"@id":"https:\/\/territorialchallenges.com\/2020\/07\/03\/smart-city-les-donnees-intersectorielles-sont-essentielles-durant-la-crise-du-covid-19\/85742\/"},"author":{"name":"ni.abdi","@id":"https:\/\/territorialchallenges.com\/#\/schema\/person\/098f145c7c61a021c425e010f840080f"},"headline":"Smart city: les donn\u00e9es intersectorielles sont essentielles durant la crise du COVID-19","datePublished":"2020-07-03T06:20:19+00:00","dateModified":"2020-07-03T06:20:19+00:00","mainEntityOfPage":{"@id":"https:\/\/territorialchallenges.com\/2020\/07\/03\/smart-city-les-donnees-intersectorielles-sont-essentielles-durant-la-crise-du-covid-19\/85742\/"},"wordCount":712,"commentCount":0,"publisher":{"@id":"https:\/\/territorialchallenges.com\/#organization"},"articleSection":["Territoires Intelligents","Actualit\u00e9 internationale"],"inLanguage":"es"},{"@type":"WebPage","@id":"https:\/\/territorialchallenges.com\/2020\/07\/03\/smart-city-les-donnees-intersectorielles-sont-essentielles-durant-la-crise-du-covid-19\/85742\/","url":"https:\/\/territorialchallenges.com\/2020\/07\/03\/smart-city-les-donnees-intersectorielles-sont-essentielles-durant-la-crise-du-covid-19\/85742\/","name":"Smart city: les donn\u00e9es intersectorielles sont essentielles durant la crise du COVID-19 - Territorial Challenges","isPartOf":{"@id":"https:\/\/territorialchallenges.com\/#website"},"datePublished":"2020-07-03T06:20:19+00:00","dateModified":"2020-07-03T06:20:19+00:00","breadcrumb":{"@id":"https:\/\/territorialchallenges.com\/2020\/07\/03\/smart-city-les-donnees-intersectorielles-sont-essentielles-durant-la-crise-du-covid-19\/85742\/#breadcrumb"},"inLanguage":"es","potentialAction":[{"@type":"ReadAction","target":["https:\/\/territorialchallenges.com\/2020\/07\/03\/smart-city-les-donnees-intersectorielles-sont-essentielles-durant-la-crise-du-covid-19\/85742\/"]}]},{"@type":"BreadcrumbList","@id":"https:\/\/territorialchallenges.com\/2020\/07\/03\/smart-city-les-donnees-intersectorielles-sont-essentielles-durant-la-crise-du-covid-19\/85742\/#breadcrumb","itemListElement":[{"@type":"ListItem","position":1,"name":"Home","item":"https:\/\/territorialchallenges.com\/"},{"@type":"ListItem","position":2,"name":"Smart city: les donn\u00e9es intersectorielles sont essentielles durant la crise du COVID-19"}]},{"@type":"WebSite","@id":"https:\/\/territorialchallenges.com\/#website","url":"https:\/\/territorialchallenges.com\/","name":"Desaf\u00edos territoriales","description":"Monitoreo Internacional - Estrategias Inteligentes - Mejores Pr\u00e1cticas","publisher":{"@id":"https:\/\/territorialchallenges.com\/#organization"},"potentialAction":[{"@type":"SearchAction","target":{"@type":"EntryPoint","urlTemplate":"https:\/\/territorialchallenges.com\/?s={search_term_string}"},"query-input":"required name=search_term_string"}],"inLanguage":"es"},{"@type":"Organization","@id":"https:\/\/territorialchallenges.com\/#organization","name":"Desaf\u00edos territoriales","url":"https:\/\/territorialchallenges.com\/","logo":{"@type":"ImageObject","inLanguage":"es","@id":"https:\/\/territorialchallenges.com\/#\/schema\/logo\/image\/","url":"https:\/\/territorialchallenges.com\/wp-content\/uploads\/2023\/10\/logo-1.png","contentUrl":"https:\/\/territorialchallenges.com\/wp-content\/uploads\/2023\/10\/logo-1.png","width":1832,"height":576,"caption":"Territorial Challenges"},"image":{"@id":"https:\/\/territorialchallenges.com\/#\/schema\/logo\/image\/"}},{"@type":"Person","@id":"https:\/\/territorialchallenges.com\/#\/schema\/person\/098f145c7c61a021c425e010f840080f","name":"ni.abdi","image":{"@type":"ImageObject","inLanguage":"es","@id":"https:\/\/territorialchallenges.com\/#\/schema\/person\/image\/","url":"https:\/\/secure.gravatar.com\/avatar\/2a2f2491f3c80039986ba989b1e4b510?s=96&d=identicon&r=g","contentUrl":"https:\/\/secure.gravatar.com\/avatar\/2a2f2491f3c80039986ba989b1e4b510?s=96&d=identicon&r=g","caption":"ni.abdi"},"sameAs":["https:\/\/twitter.com\/Ni.abdi"],"url":"https:\/\/territorialchallenges.com\/es\/author\/ni-abdi\/"}]}},"_links":{"self":[{"href":"https:\/\/territorialchallenges.com\/es\/wp-json\/wp\/v2\/posts\/85742"}],"collection":[{"href":"https:\/\/territorialchallenges.com\/es\/wp-json\/wp\/v2\/posts"}],"about":[{"href":"https:\/\/territorialchallenges.com\/es\/wp-json\/wp\/v2\/types\/post"}],"author":[{"embeddable":true,"href":"https:\/\/territorialchallenges.com\/es\/wp-json\/wp\/v2\/users\/11"}],"replies":[{"embeddable":true,"href":"https:\/\/territorialchallenges.com\/es\/wp-json\/wp\/v2\/comments?post=85742"}],"version-history":[{"count":1,"href":"https:\/\/territorialchallenges.com\/es\/wp-json\/wp\/v2\/posts\/85742\/revisions"}],"predecessor-version":[{"id":85747,"href":"https:\/\/territorialchallenges.com\/es\/wp-json\/wp\/v2\/posts\/85742\/revisions\/85747"}],"wp:featuredmedia":[{"embeddable":true,"href":"https:\/\/territorialchallenges.com\/es\/wp-json\/wp\/v2\/media\/85743"}],"wp:attachment":[{"href":"https:\/\/territorialchallenges.com\/es\/wp-json\/wp\/v2\/media?parent=85742"}],"wp:term":[{"taxonomy":"category","embeddable":true,"href":"https:\/\/territorialchallenges.com\/es\/wp-json\/wp\/v2\/categories?post=85742"},{"taxonomy":"post_tag","embeddable":true,"href":"https:\/\/territorialchallenges.com\/es\/wp-json\/wp\/v2\/tags?post=85742"}],"curies":[{"name":"gracias","href":"https:\/\/api.w.org\/{rel}","templated":true}]}}