{"id":85731,"date":"2020-07-02T09:27:29","date_gmt":"2020-07-02T07:27:29","guid":{"rendered":"https:\/\/territorialchallenges.com\/?p=85731"},"modified":"2020-07-02T09:27:29","modified_gmt":"2020-07-02T07:27:29","slug":"marianne-laigneau-la-presidente-du-directoire-denedis-elue-a-la-tete-de-think-smartgrids","status":"publish","type":"post","link":"https:\/\/territorialchallenges.com\/es\/2020\/07\/02\/marianne-laigneau-la-presidente-du-directoire-denedis-elue-a-la-tete-de-think-smartgrids\/85731\/","title":{"rendered":"Marianne Laigneau: CEO de Enedis elegida para dirigir Think Smartgrids"},"content":{"rendered":"<p>La asociaci\u00f3n dedicada a la promoci\u00f3n de las redes inteligentes, que agrupa a los actores franceses del sector, ha elegido a una mujer para suceder a Olivier Grabette, miembro de la junta directiva de RTE, quien permanecer\u00e1 como primer vicepresidente del think tank. Marianne Laigneau, exdirectora ejecutiva del Grupo EDF, responsable de Asuntos Internacionales hasta febrero de 2020\u2026 <\/p>\n<div class=\"pmpro_content_message\">Art\u00edculo disponible s\u00f3lo para suscriptores.<br \/><a href=\"https:\/\/territorialchallenges.com\/wp-login.php\">Acceso<\/a><br \/><a href=\"https:\/\/territorialchallenges.com\/es\/wp-login.php\/?action=register\">Registro<\/a><\/div>","protected":false},"excerpt":{"rendered":"<p>L&rsquo;association d\u00e9di\u00e9e \u00e0 la promotion des r\u00e9seaux \u00e9lectriques intelligents et qui rassemble les acteurs franc\u0327ais du domaine a choisi une femme pour prendre la suite d&rsquo;Olivier Grabette, membre du directoire de RTE qui restera comme premier vice-pre\u0301sident du think tank. Ancienne directeur Ex\u00e9cutif du Groupe EDF en charge de l\u2019International jusqu&rsquo;\u00e0 f\u00e9vrier 2020, Marianne Laigneau... <\/p>\n<div class=\"pmpro_content_message\">Art\u00edculo disponible s\u00f3lo para suscriptores.<br \/><a href=\"https:\/\/territorialchallenges.com\/wp-login.php\">Acceso<\/a><br \/><a href=\"https:\/\/territorialchallenges.com\/es\/wp-login.php\/?action=register\">Registro<\/a><\/div>","protected":false},"author":11,"featured_media":85732,"comment_status":"open","ping_status":"open","sticky":true,"template":"","format":"standard","meta":{"pmpro_default_level":0,"footnotes":""},"categories":[126,117],"tags":[],"blocksy_meta":"","yoast_head":"<!-- This site is optimized with the Yoast SEO plugin v21.5 - https:\/\/yoast.com\/wordpress\/plugins\/seo\/ -->\n<title>Marianne Laigneau: La pre\u0301sidente du directoire d\u2019Enedis \u00e9lue \u00e0 la t\u00eate de Think Smartgrids - Territorial Challenges<\/title>\n<meta name=\"robots\" content=\"index, follow, max-snippet:-1, max-image-preview:large, max-video-preview:-1\" \/>\n<link rel=\"canonical\" href=\"https:\/\/territorialchallenges.com\/es\/2020\/07\/02\/marianne-laigneau-la-presidente-du-directoire-denedis-elue-a-la-tete-de-think-smartgrids\/85731\/\" \/>\n<meta property=\"og:locale\" content=\"es_ES\" \/>\n<meta property=\"og:type\" content=\"article\" \/>\n<meta property=\"og:title\" content=\"Marianne Laigneau: La pre\u0301sidente du directoire d\u2019Enedis \u00e9lue \u00e0 la t\u00eate de Think Smartgrids - Territorial Challenges\" \/>\n<meta property=\"og:description\" content=\"L&rsquo;association d\u00e9di\u00e9e \u00e0 la promotion des r\u00e9seaux \u00e9lectriques intelligents et qui rassemble les acteurs franc\u0327ais du domaine a choisi une femme pour prendre la suite d&rsquo;Olivier Grabette, membre du directoire de RTE qui restera comme premier vice-pre\u0301sident du think tank. Ancienne directeur Ex\u00e9cutif du Groupe EDF en charge de l\u2019International jusqu&rsquo;\u00e0 f\u00e9vrier 2020, Marianne Laigneau [&hellip;]\" \/>\n<meta property=\"og:url\" content=\"https:\/\/territorialchallenges.com\/es\/2020\/07\/02\/marianne-laigneau-la-presidente-du-directoire-denedis-elue-a-la-tete-de-think-smartgrids\/85731\/\" \/>\n<meta property=\"og:site_name\" content=\"Territorial Challenges\" \/>\n<meta property=\"article:published_time\" content=\"2020-07-02T07:27:29+00:00\" \/>\n<meta property=\"og:image\" content=\"https:\/\/territorialchallenges.com\/wp-content\/uploads\/2020\/07\/marianne-laigneau-presidente-d-enedis.jpg\" \/>\n\t<meta property=\"og:image:width\" content=\"896\" \/>\n\t<meta property=\"og:image:height\" content=\"598\" \/>\n\t<meta property=\"og:image:type\" content=\"image\/jpeg\" \/>\n<meta name=\"author\" content=\"ni.abdi\" \/>\n<meta name=\"twitter:card\" content=\"summary_large_image\" \/>\n<meta name=\"twitter:creator\" content=\"@Ni.abdi\" \/>\n<meta name=\"twitter:label1\" content=\"Escrito por\" \/>\n\t<meta name=\"twitter:data1\" content=\"ni.abdi\" \/>\n\t<meta name=\"twitter:label2\" content=\"Tiempo de lectura\" \/>\n\t<meta name=\"twitter:data2\" content=\"2 minutos\" \/>\n<script type=\"application\/ld+json\" class=\"yoast-schema-graph\">{\"@context\":\"https:\/\/schema.org\",\"@graph\":[{\"@type\":\"Article\",\"@id\":\"https:\/\/territorialchallenges.com\/2020\/07\/02\/marianne-laigneau-la-presidente-du-directoire-denedis-elue-a-la-tete-de-think-smartgrids\/85731\/#article\",\"isPartOf\":{\"@id\":\"https:\/\/territorialchallenges.com\/2020\/07\/02\/marianne-laigneau-la-presidente-du-directoire-denedis-elue-a-la-tete-de-think-smartgrids\/85731\/\"},\"author\":{\"name\":\"ni.abdi\",\"@id\":\"https:\/\/territorialchallenges.com\/#\/schema\/person\/098f145c7c61a021c425e010f840080f\"},\"headline\":\"Marianne Laigneau: La pre\u0301sidente du directoire d\u2019Enedis \u00e9lue \u00e0 la t\u00eate de Think Smartgrids\",\"datePublished\":\"2020-07-02T07:27:29+00:00\",\"dateModified\":\"2020-07-02T07:27:29+00:00\",\"mainEntityOfPage\":{\"@id\":\"https:\/\/territorialchallenges.com\/2020\/07\/02\/marianne-laigneau-la-presidente-du-directoire-denedis-elue-a-la-tete-de-think-smartgrids\/85731\/\"},\"wordCount\":425,\"commentCount\":0,\"publisher\":{\"@id\":\"https:\/\/territorialchallenges.com\/#organization\"},\"articleSection\":[\"On parle d'eux\",\"\u00c9cosyst\u00e8me\"],\"inLanguage\":\"es\"},{\"@type\":\"WebPage\",\"@id\":\"https:\/\/territorialchallenges.com\/2020\/07\/02\/marianne-laigneau-la-presidente-du-directoire-denedis-elue-a-la-tete-de-think-smartgrids\/85731\/\",\"url\":\"https:\/\/territorialchallenges.com\/2020\/07\/02\/marianne-laigneau-la-presidente-du-directoire-denedis-elue-a-la-tete-de-think-smartgrids\/85731\/\",\"name\":\"Marianne Laigneau: La pre\u0301sidente du directoire d\u2019Enedis \u00e9lue \u00e0 la t\u00eate de Think Smartgrids - Territorial Challenges\",\"isPartOf\":{\"@id\":\"https:\/\/territorialchallenges.com\/#website\"},\"datePublished\":\"2020-07-02T07:27:29+00:00\",\"dateModified\":\"2020-07-02T07:27:29+00:00\",\"breadcrumb\":{\"@id\":\"https:\/\/territorialchallenges.com\/2020\/07\/02\/marianne-laigneau-la-presidente-du-directoire-denedis-elue-a-la-tete-de-think-smartgrids\/85731\/#breadcrumb\"},\"inLanguage\":\"es\",\"potentialAction\":[{\"@type\":\"ReadAction\",\"target\":[\"https:\/\/territorialchallenges.com\/2020\/07\/02\/marianne-laigneau-la-presidente-du-directoire-denedis-elue-a-la-tete-de-think-smartgrids\/85731\/\"]}]},{\"@type\":\"BreadcrumbList\",\"@id\":\"https:\/\/territorialchallenges.com\/2020\/07\/02\/marianne-laigneau-la-presidente-du-directoire-denedis-elue-a-la-tete-de-think-smartgrids\/85731\/#breadcrumb\",\"itemListElement\":[{\"@type\":\"ListItem\",\"position\":1,\"name\":\"Home\",\"item\":\"https:\/\/territorialchallenges.com\/\"},{\"@type\":\"ListItem\",\"position\":2,\"name\":\"Marianne Laigneau: La pre\u0301sidente du directoire d\u2019Enedis \u00e9lue \u00e0 la t\u00eate de Think Smartgrids\"}]},{\"@type\":\"WebSite\",\"@id\":\"https:\/\/territorialchallenges.com\/#website\",\"url\":\"https:\/\/territorialchallenges.com\/\",\"name\":\"Territorial Challenges\",\"description\":\"Veille Internationale - Strat\u00e9gie Intelligentes - Bonnes pratiques\",\"publisher\":{\"@id\":\"https:\/\/territorialchallenges.com\/#organization\"},\"potentialAction\":[{\"@type\":\"SearchAction\",\"target\":{\"@type\":\"EntryPoint\",\"urlTemplate\":\"https:\/\/territorialchallenges.com\/?s={search_term_string}\"},\"query-input\":\"required name=search_term_string\"}],\"inLanguage\":\"es\"},{\"@type\":\"Organization\",\"@id\":\"https:\/\/territorialchallenges.com\/#organization\",\"name\":\"Territorial Challenges\",\"url\":\"https:\/\/territorialchallenges.com\/\",\"logo\":{\"@type\":\"ImageObject\",\"inLanguage\":\"es\",\"@id\":\"https:\/\/territorialchallenges.com\/#\/schema\/logo\/image\/\",\"url\":\"https:\/\/territorialchallenges.com\/wp-content\/uploads\/2023\/10\/logo-1.png\",\"contentUrl\":\"https:\/\/territorialchallenges.com\/wp-content\/uploads\/2023\/10\/logo-1.png\",\"width\":1832,\"height\":576,\"caption\":\"Territorial Challenges\"},\"image\":{\"@id\":\"https:\/\/territorialchallenges.com\/#\/schema\/logo\/image\/\"}},{\"@type\":\"Person\",\"@id\":\"https:\/\/territorialchallenges.com\/#\/schema\/person\/098f145c7c61a021c425e010f840080f\",\"name\":\"ni.abdi\",\"image\":{\"@type\":\"ImageObject\",\"inLanguage\":\"es\",\"@id\":\"https:\/\/territorialchallenges.com\/#\/schema\/person\/image\/\",\"url\":\"https:\/\/secure.gravatar.com\/avatar\/2a2f2491f3c80039986ba989b1e4b510?s=96&d=identicon&r=g\",\"contentUrl\":\"https:\/\/secure.gravatar.com\/avatar\/2a2f2491f3c80039986ba989b1e4b510?s=96&d=identicon&r=g\",\"caption\":\"ni.abdi\"},\"sameAs\":[\"https:\/\/twitter.com\/Ni.abdi\"],\"url\":\"https:\/\/territorialchallenges.com\/es\/author\/ni-abdi\/\"}]}<\/script>\n<!-- \/ Yoast SEO plugin. -->","yoast_head_json":{"title":"Marianne Laigneau: La pre\u0301sidente du directoire d\u2019Enedis \u00e9lue \u00e0 la t\u00eate de Think Smartgrids - Territorial Challenges","robots":{"index":"index","follow":"follow","max-snippet":"max-snippet:-1","max-image-preview":"max-image-preview:large","max-video-preview":"max-video-preview:-1"},"canonical":"https:\/\/territorialchallenges.com\/es\/2020\/07\/02\/marianne-laigneau-la-presidente-du-directoire-denedis-elue-a-la-tete-de-think-smartgrids\/85731\/","og_locale":"es_ES","og_type":"article","og_title":"Marianne Laigneau: La pre\u0301sidente du directoire d\u2019Enedis \u00e9lue \u00e0 la t\u00eate de Think Smartgrids - Territorial Challenges","og_description":"L&rsquo;association d\u00e9di\u00e9e \u00e0 la promotion des r\u00e9seaux \u00e9lectriques intelligents et qui rassemble les acteurs franc\u0327ais du domaine a choisi une femme pour prendre la suite d&rsquo;Olivier Grabette, membre du directoire de RTE qui restera comme premier vice-pre\u0301sident du think tank. Ancienne directeur Ex\u00e9cutif du Groupe EDF en charge de l\u2019International jusqu&rsquo;\u00e0 f\u00e9vrier 2020, Marianne Laigneau [&hellip;]","og_url":"https:\/\/territorialchallenges.com\/es\/2020\/07\/02\/marianne-laigneau-la-presidente-du-directoire-denedis-elue-a-la-tete-de-think-smartgrids\/85731\/","og_site_name":"Territorial Challenges","article_published_time":"2020-07-02T07:27:29+00:00","og_image":[{"width":896,"height":598,"url":"https:\/\/territorialchallenges.com\/wp-content\/uploads\/2020\/07\/marianne-laigneau-presidente-d-enedis.jpg","type":"image\/jpeg"}],"author":"ni.abdi","twitter_card":"summary_large_image","twitter_creator":"@Ni.abdi","twitter_misc":{"Escrito por":"ni.abdi","Tiempo de lectura":"2 minutos"},"schema":{"@context":"https:\/\/schema.org","@graph":[{"@type":"Article","@id":"https:\/\/territorialchallenges.com\/2020\/07\/02\/marianne-laigneau-la-presidente-du-directoire-denedis-elue-a-la-tete-de-think-smartgrids\/85731\/#article","isPartOf":{"@id":"https:\/\/territorialchallenges.com\/2020\/07\/02\/marianne-laigneau-la-presidente-du-directoire-denedis-elue-a-la-tete-de-think-smartgrids\/85731\/"},"author":{"name":"ni.abdi","@id":"https:\/\/territorialchallenges.com\/#\/schema\/person\/098f145c7c61a021c425e010f840080f"},"headline":"Marianne Laigneau: La pre\u0301sidente du directoire d\u2019Enedis \u00e9lue \u00e0 la t\u00eate de Think Smartgrids","datePublished":"2020-07-02T07:27:29+00:00","dateModified":"2020-07-02T07:27:29+00:00","mainEntityOfPage":{"@id":"https:\/\/territorialchallenges.com\/2020\/07\/02\/marianne-laigneau-la-presidente-du-directoire-denedis-elue-a-la-tete-de-think-smartgrids\/85731\/"},"wordCount":425,"commentCount":0,"publisher":{"@id":"https:\/\/territorialchallenges.com\/#organization"},"articleSection":["On parle d'eux","\u00c9cosyst\u00e8me"],"inLanguage":"es"},{"@type":"WebPage","@id":"https:\/\/territorialchallenges.com\/2020\/07\/02\/marianne-laigneau-la-presidente-du-directoire-denedis-elue-a-la-tete-de-think-smartgrids\/85731\/","url":"https:\/\/territorialchallenges.com\/2020\/07\/02\/marianne-laigneau-la-presidente-du-directoire-denedis-elue-a-la-tete-de-think-smartgrids\/85731\/","name":"Marianne Laigneau: La pre\u0301sidente du directoire d\u2019Enedis \u00e9lue \u00e0 la t\u00eate de Think Smartgrids - Territorial Challenges","isPartOf":{"@id":"https:\/\/territorialchallenges.com\/#website"},"datePublished":"2020-07-02T07:27:29+00:00","dateModified":"2020-07-02T07:27:29+00:00","breadcrumb":{"@id":"https:\/\/territorialchallenges.com\/2020\/07\/02\/marianne-laigneau-la-presidente-du-directoire-denedis-elue-a-la-tete-de-think-smartgrids\/85731\/#breadcrumb"},"inLanguage":"es","potentialAction":[{"@type":"ReadAction","target":["https:\/\/territorialchallenges.com\/2020\/07\/02\/marianne-laigneau-la-presidente-du-directoire-denedis-elue-a-la-tete-de-think-smartgrids\/85731\/"]}]},{"@type":"BreadcrumbList","@id":"https:\/\/territorialchallenges.com\/2020\/07\/02\/marianne-laigneau-la-presidente-du-directoire-denedis-elue-a-la-tete-de-think-smartgrids\/85731\/#breadcrumb","itemListElement":[{"@type":"ListItem","position":1,"name":"Home","item":"https:\/\/territorialchallenges.com\/"},{"@type":"ListItem","position":2,"name":"Marianne Laigneau: La pre\u0301sidente du directoire d\u2019Enedis \u00e9lue \u00e0 la t\u00eate de Think Smartgrids"}]},{"@type":"WebSite","@id":"https:\/\/territorialchallenges.com\/#website","url":"https:\/\/territorialchallenges.com\/","name":"Desaf\u00edos territoriales","description":"Monitoreo Internacional - Estrategias Inteligentes - Mejores Pr\u00e1cticas","publisher":{"@id":"https:\/\/territorialchallenges.com\/#organization"},"potentialAction":[{"@type":"SearchAction","target":{"@type":"EntryPoint","urlTemplate":"https:\/\/territorialchallenges.com\/?s={search_term_string}"},"query-input":"required name=search_term_string"}],"inLanguage":"es"},{"@type":"Organization","@id":"https:\/\/territorialchallenges.com\/#organization","name":"Desaf\u00edos territoriales","url":"https:\/\/territorialchallenges.com\/","logo":{"@type":"ImageObject","inLanguage":"es","@id":"https:\/\/territorialchallenges.com\/#\/schema\/logo\/image\/","url":"https:\/\/territorialchallenges.com\/wp-content\/uploads\/2023\/10\/logo-1.png","contentUrl":"https:\/\/territorialchallenges.com\/wp-content\/uploads\/2023\/10\/logo-1.png","width":1832,"height":576,"caption":"Territorial Challenges"},"image":{"@id":"https:\/\/territorialchallenges.com\/#\/schema\/logo\/image\/"}},{"@type":"Person","@id":"https:\/\/territorialchallenges.com\/#\/schema\/person\/098f145c7c61a021c425e010f840080f","name":"ni.abdi","image":{"@type":"ImageObject","inLanguage":"es","@id":"https:\/\/territorialchallenges.com\/#\/schema\/person\/image\/","url":"https:\/\/secure.gravatar.com\/avatar\/2a2f2491f3c80039986ba989b1e4b510?s=96&d=identicon&r=g","contentUrl":"https:\/\/secure.gravatar.com\/avatar\/2a2f2491f3c80039986ba989b1e4b510?s=96&d=identicon&r=g","caption":"ni.abdi"},"sameAs":["https:\/\/twitter.com\/Ni.abdi"],"url":"https:\/\/territorialchallenges.com\/es\/author\/ni-abdi\/"}]}},"_links":{"self":[{"href":"https:\/\/territorialchallenges.com\/es\/wp-json\/wp\/v2\/posts\/85731"}],"collection":[{"href":"https:\/\/territorialchallenges.com\/es\/wp-json\/wp\/v2\/posts"}],"about":[{"href":"https:\/\/territorialchallenges.com\/es\/wp-json\/wp\/v2\/types\/post"}],"author":[{"embeddable":true,"href":"https:\/\/territorialchallenges.com\/es\/wp-json\/wp\/v2\/users\/11"}],"replies":[{"embeddable":true,"href":"https:\/\/territorialchallenges.com\/es\/wp-json\/wp\/v2\/comments?post=85731"}],"version-history":[{"count":1,"href":"https:\/\/territorialchallenges.com\/es\/wp-json\/wp\/v2\/posts\/85731\/revisions"}],"predecessor-version":[{"id":85733,"href":"https:\/\/territorialchallenges.com\/es\/wp-json\/wp\/v2\/posts\/85731\/revisions\/85733"}],"wp:featuredmedia":[{"embeddable":true,"href":"https:\/\/territorialchallenges.com\/es\/wp-json\/wp\/v2\/media\/85732"}],"wp:attachment":[{"href":"https:\/\/territorialchallenges.com\/es\/wp-json\/wp\/v2\/media?parent=85731"}],"wp:term":[{"taxonomy":"category","embeddable":true,"href":"https:\/\/territorialchallenges.com\/es\/wp-json\/wp\/v2\/categories?post=85731"},{"taxonomy":"post_tag","embeddable":true,"href":"https:\/\/territorialchallenges.com\/es\/wp-json\/wp\/v2\/tags?post=85731"}],"curies":[{"name":"gracias","href":"https:\/\/api.w.org\/{rel}","templated":true}]}}