{"id":85673,"date":"2020-06-19T00:45:09","date_gmt":"2020-06-18T22:45:09","guid":{"rendered":"https:\/\/territorialchallenges.com\/?p=85673"},"modified":"2020-06-19T00:45:09","modified_gmt":"2020-06-18T22:45:09","slug":"medellin-en-colombie-les-objectifs-de-leco-ville-pour-lapres-covid-19","status":"publish","type":"post","link":"https:\/\/territorialchallenges.com\/es\/2020\/06\/19\/medellin-en-colombie-les-objectifs-de-leco-ville-pour-lapres-covid-19\/85673\/","title":{"rendered":"Medell\u00edn, Colombia: Objetivos de la ecociudad post-COVID-19"},"content":{"rendered":"<p>Mientras Medell\u00edn, la segunda ciudad m\u00e1s grande de Colombia, se prepara para reactivar su econom\u00eda tras la pandemia del coronavirus, busca simult\u00e1neamente reducir sus emisiones de carbono en 201 TP3T para 2030, enfoc\u00e1ndose en el transporte. Las autoridades municipales afirman que ampliar\u00e1n los carriles bici en casi 501 TP3T en\u2026 <\/p>\n<div class=\"pmpro_content_message\">Art\u00edculo disponible s\u00f3lo para suscriptores.<br \/><a href=\"https:\/\/territorialchallenges.com\/wp-login.php\">Acceso<\/a><br \/><a href=\"https:\/\/territorialchallenges.com\/es\/wp-login.php\/?action=register\">Registro<\/a><\/div>","protected":false},"excerpt":{"rendered":"<p>Alors que la deuxi\u00e8me ville colombienne, Medellin, se pr\u00e9pare \u00e0 relancer son \u00e9conomie apr\u00e8s la pand\u00e9mie de coronavirus, elle vise simultan\u00e9ment \u00e0 r\u00e9duire les \u00e9missions de carbone de 20% d&rsquo;ici 2030 &#8211; et elle se concentre sur les transports. Les responsables de la ville disent qu&rsquo;ils \u00e9tendront les voies cyclables de pr\u00e8s de 50% en... <\/p>\n<div class=\"pmpro_content_message\">Art\u00edculo disponible s\u00f3lo para suscriptores.<br \/><a href=\"https:\/\/territorialchallenges.com\/wp-login.php\">Acceso<\/a><br \/><a href=\"https:\/\/territorialchallenges.com\/es\/wp-login.php\/?action=register\">Registro<\/a><\/div>","protected":false},"author":11,"featured_media":85675,"comment_status":"open","ping_status":"open","sticky":true,"template":"","format":"standard","meta":{"pmpro_default_level":0,"footnotes":""},"categories":[120,117],"tags":[],"blocksy_meta":"","yoast_head":"<!-- This site is optimized with the Yoast SEO plugin v21.5 - https:\/\/yoast.com\/wordpress\/plugins\/seo\/ -->\n<title>Medellin en Colombie: Les objectifs de l&#039;\u00e9co-ville pour l&#039;apr\u00e8s COVID 19 - Territorial Challenges<\/title>\n<meta name=\"robots\" content=\"index, follow, max-snippet:-1, max-image-preview:large, max-video-preview:-1\" \/>\n<link rel=\"canonical\" href=\"https:\/\/territorialchallenges.com\/es\/2020\/06\/19\/medellin-en-colombie-les-objectifs-de-leco-ville-pour-lapres-covid-19\/85673\/\" \/>\n<meta property=\"og:locale\" content=\"es_ES\" \/>\n<meta property=\"og:type\" content=\"article\" \/>\n<meta property=\"og:title\" content=\"Medellin en Colombie: Les objectifs de l&#039;\u00e9co-ville pour l&#039;apr\u00e8s COVID 19 - Territorial Challenges\" \/>\n<meta property=\"og:description\" content=\"Alors que la deuxi\u00e8me ville colombienne, Medellin, se pr\u00e9pare \u00e0 relancer son \u00e9conomie apr\u00e8s la pand\u00e9mie de coronavirus, elle vise simultan\u00e9ment \u00e0 r\u00e9duire les \u00e9missions de carbone de 20% d&rsquo;ici 2030 &#8211; et elle se concentre sur les transports. Les responsables de la ville disent qu&rsquo;ils \u00e9tendront les voies cyclables de pr\u00e8s de 50% en [&hellip;]\" \/>\n<meta property=\"og:url\" content=\"https:\/\/territorialchallenges.com\/es\/2020\/06\/19\/medellin-en-colombie-les-objectifs-de-leco-ville-pour-lapres-covid-19\/85673\/\" \/>\n<meta property=\"og:site_name\" content=\"Territorial Challenges\" \/>\n<meta property=\"article:published_time\" content=\"2020-06-18T22:45:09+00:00\" \/>\n<meta property=\"og:image\" content=\"https:\/\/territorialchallenges.com\/wp-content\/uploads\/2020\/06\/medellin-2343953_1920.jpg\" \/>\n\t<meta property=\"og:image:width\" content=\"1920\" \/>\n\t<meta property=\"og:image:height\" content=\"1440\" \/>\n\t<meta property=\"og:image:type\" content=\"image\/jpeg\" \/>\n<meta name=\"author\" content=\"ni.abdi\" \/>\n<meta name=\"twitter:card\" content=\"summary_large_image\" \/>\n<meta name=\"twitter:creator\" content=\"@Ni.abdi\" \/>\n<meta name=\"twitter:label1\" content=\"Escrito por\" \/>\n\t<meta name=\"twitter:data1\" content=\"ni.abdi\" \/>\n\t<meta name=\"twitter:label2\" content=\"Tiempo de lectura\" \/>\n\t<meta name=\"twitter:data2\" content=\"3 minutos\" \/>\n<script type=\"application\/ld+json\" class=\"yoast-schema-graph\">{\"@context\":\"https:\/\/schema.org\",\"@graph\":[{\"@type\":\"Article\",\"@id\":\"https:\/\/territorialchallenges.com\/2020\/06\/19\/medellin-en-colombie-les-objectifs-de-leco-ville-pour-lapres-covid-19\/85673\/#article\",\"isPartOf\":{\"@id\":\"https:\/\/territorialchallenges.com\/2020\/06\/19\/medellin-en-colombie-les-objectifs-de-leco-ville-pour-lapres-covid-19\/85673\/\"},\"author\":{\"name\":\"ni.abdi\",\"@id\":\"https:\/\/territorialchallenges.com\/#\/schema\/person\/098f145c7c61a021c425e010f840080f\"},\"headline\":\"Medellin en Colombie: Les objectifs de l&rsquo;\u00e9co-ville pour l&rsquo;apr\u00e8s COVID 19\",\"datePublished\":\"2020-06-18T22:45:09+00:00\",\"dateModified\":\"2020-06-18T22:45:09+00:00\",\"mainEntityOfPage\":{\"@id\":\"https:\/\/territorialchallenges.com\/2020\/06\/19\/medellin-en-colombie-les-objectifs-de-leco-ville-pour-lapres-covid-19\/85673\/\"},\"wordCount\":681,\"commentCount\":0,\"publisher\":{\"@id\":\"https:\/\/territorialchallenges.com\/#organization\"},\"articleSection\":[\"Il s'est pass\u00e9 \u00e0\",\"\u00c9cosyst\u00e8me\"],\"inLanguage\":\"es\"},{\"@type\":\"WebPage\",\"@id\":\"https:\/\/territorialchallenges.com\/2020\/06\/19\/medellin-en-colombie-les-objectifs-de-leco-ville-pour-lapres-covid-19\/85673\/\",\"url\":\"https:\/\/territorialchallenges.com\/2020\/06\/19\/medellin-en-colombie-les-objectifs-de-leco-ville-pour-lapres-covid-19\/85673\/\",\"name\":\"Medellin en Colombie: Les objectifs de l'\u00e9co-ville pour l'apr\u00e8s COVID 19 - Territorial Challenges\",\"isPartOf\":{\"@id\":\"https:\/\/territorialchallenges.com\/#website\"},\"datePublished\":\"2020-06-18T22:45:09+00:00\",\"dateModified\":\"2020-06-18T22:45:09+00:00\",\"breadcrumb\":{\"@id\":\"https:\/\/territorialchallenges.com\/2020\/06\/19\/medellin-en-colombie-les-objectifs-de-leco-ville-pour-lapres-covid-19\/85673\/#breadcrumb\"},\"inLanguage\":\"es\",\"potentialAction\":[{\"@type\":\"ReadAction\",\"target\":[\"https:\/\/territorialchallenges.com\/2020\/06\/19\/medellin-en-colombie-les-objectifs-de-leco-ville-pour-lapres-covid-19\/85673\/\"]}]},{\"@type\":\"BreadcrumbList\",\"@id\":\"https:\/\/territorialchallenges.com\/2020\/06\/19\/medellin-en-colombie-les-objectifs-de-leco-ville-pour-lapres-covid-19\/85673\/#breadcrumb\",\"itemListElement\":[{\"@type\":\"ListItem\",\"position\":1,\"name\":\"Home\",\"item\":\"https:\/\/territorialchallenges.com\/\"},{\"@type\":\"ListItem\",\"position\":2,\"name\":\"Medellin en Colombie: Les objectifs de l&rsquo;\u00e9co-ville pour l&rsquo;apr\u00e8s COVID 19\"}]},{\"@type\":\"WebSite\",\"@id\":\"https:\/\/territorialchallenges.com\/#website\",\"url\":\"https:\/\/territorialchallenges.com\/\",\"name\":\"Territorial Challenges\",\"description\":\"Veille Internationale - Strat\u00e9gie Intelligentes - Bonnes pratiques\",\"publisher\":{\"@id\":\"https:\/\/territorialchallenges.com\/#organization\"},\"potentialAction\":[{\"@type\":\"SearchAction\",\"target\":{\"@type\":\"EntryPoint\",\"urlTemplate\":\"https:\/\/territorialchallenges.com\/?s={search_term_string}\"},\"query-input\":\"required name=search_term_string\"}],\"inLanguage\":\"es\"},{\"@type\":\"Organization\",\"@id\":\"https:\/\/territorialchallenges.com\/#organization\",\"name\":\"Territorial Challenges\",\"url\":\"https:\/\/territorialchallenges.com\/\",\"logo\":{\"@type\":\"ImageObject\",\"inLanguage\":\"es\",\"@id\":\"https:\/\/territorialchallenges.com\/#\/schema\/logo\/image\/\",\"url\":\"https:\/\/territorialchallenges.com\/wp-content\/uploads\/2023\/10\/logo-1.png\",\"contentUrl\":\"https:\/\/territorialchallenges.com\/wp-content\/uploads\/2023\/10\/logo-1.png\",\"width\":1832,\"height\":576,\"caption\":\"Territorial Challenges\"},\"image\":{\"@id\":\"https:\/\/territorialchallenges.com\/#\/schema\/logo\/image\/\"}},{\"@type\":\"Person\",\"@id\":\"https:\/\/territorialchallenges.com\/#\/schema\/person\/098f145c7c61a021c425e010f840080f\",\"name\":\"ni.abdi\",\"image\":{\"@type\":\"ImageObject\",\"inLanguage\":\"es\",\"@id\":\"https:\/\/territorialchallenges.com\/#\/schema\/person\/image\/\",\"url\":\"https:\/\/secure.gravatar.com\/avatar\/2a2f2491f3c80039986ba989b1e4b510?s=96&d=identicon&r=g\",\"contentUrl\":\"https:\/\/secure.gravatar.com\/avatar\/2a2f2491f3c80039986ba989b1e4b510?s=96&d=identicon&r=g\",\"caption\":\"ni.abdi\"},\"sameAs\":[\"https:\/\/twitter.com\/Ni.abdi\"],\"url\":\"https:\/\/territorialchallenges.com\/es\/author\/ni-abdi\/\"}]}<\/script>\n<!-- \/ Yoast SEO plugin. -->","yoast_head_json":{"title":"Medellin en Colombie: Les objectifs de l'\u00e9co-ville pour l'apr\u00e8s COVID 19 - Territorial Challenges","robots":{"index":"index","follow":"follow","max-snippet":"max-snippet:-1","max-image-preview":"max-image-preview:large","max-video-preview":"max-video-preview:-1"},"canonical":"https:\/\/territorialchallenges.com\/es\/2020\/06\/19\/medellin-en-colombie-les-objectifs-de-leco-ville-pour-lapres-covid-19\/85673\/","og_locale":"es_ES","og_type":"article","og_title":"Medellin en Colombie: Les objectifs de l'\u00e9co-ville pour l'apr\u00e8s COVID 19 - Territorial Challenges","og_description":"Alors que la deuxi\u00e8me ville colombienne, Medellin, se pr\u00e9pare \u00e0 relancer son \u00e9conomie apr\u00e8s la pand\u00e9mie de coronavirus, elle vise simultan\u00e9ment \u00e0 r\u00e9duire les \u00e9missions de carbone de 20% d&rsquo;ici 2030 &#8211; et elle se concentre sur les transports. Les responsables de la ville disent qu&rsquo;ils \u00e9tendront les voies cyclables de pr\u00e8s de 50% en [&hellip;]","og_url":"https:\/\/territorialchallenges.com\/es\/2020\/06\/19\/medellin-en-colombie-les-objectifs-de-leco-ville-pour-lapres-covid-19\/85673\/","og_site_name":"Territorial Challenges","article_published_time":"2020-06-18T22:45:09+00:00","og_image":[{"width":1920,"height":1440,"url":"https:\/\/territorialchallenges.com\/wp-content\/uploads\/2020\/06\/medellin-2343953_1920.jpg","type":"image\/jpeg"}],"author":"ni.abdi","twitter_card":"summary_large_image","twitter_creator":"@Ni.abdi","twitter_misc":{"Escrito por":"ni.abdi","Tiempo de lectura":"3 minutos"},"schema":{"@context":"https:\/\/schema.org","@graph":[{"@type":"Article","@id":"https:\/\/territorialchallenges.com\/2020\/06\/19\/medellin-en-colombie-les-objectifs-de-leco-ville-pour-lapres-covid-19\/85673\/#article","isPartOf":{"@id":"https:\/\/territorialchallenges.com\/2020\/06\/19\/medellin-en-colombie-les-objectifs-de-leco-ville-pour-lapres-covid-19\/85673\/"},"author":{"name":"ni.abdi","@id":"https:\/\/territorialchallenges.com\/#\/schema\/person\/098f145c7c61a021c425e010f840080f"},"headline":"Medellin en Colombie: Les objectifs de l&rsquo;\u00e9co-ville pour l&rsquo;apr\u00e8s COVID 19","datePublished":"2020-06-18T22:45:09+00:00","dateModified":"2020-06-18T22:45:09+00:00","mainEntityOfPage":{"@id":"https:\/\/territorialchallenges.com\/2020\/06\/19\/medellin-en-colombie-les-objectifs-de-leco-ville-pour-lapres-covid-19\/85673\/"},"wordCount":681,"commentCount":0,"publisher":{"@id":"https:\/\/territorialchallenges.com\/#organization"},"articleSection":["Il s'est pass\u00e9 \u00e0","\u00c9cosyst\u00e8me"],"inLanguage":"es"},{"@type":"WebPage","@id":"https:\/\/territorialchallenges.com\/2020\/06\/19\/medellin-en-colombie-les-objectifs-de-leco-ville-pour-lapres-covid-19\/85673\/","url":"https:\/\/territorialchallenges.com\/2020\/06\/19\/medellin-en-colombie-les-objectifs-de-leco-ville-pour-lapres-covid-19\/85673\/","name":"Medellin en Colombie: Les objectifs de l'\u00e9co-ville pour l'apr\u00e8s COVID 19 - Territorial Challenges","isPartOf":{"@id":"https:\/\/territorialchallenges.com\/#website"},"datePublished":"2020-06-18T22:45:09+00:00","dateModified":"2020-06-18T22:45:09+00:00","breadcrumb":{"@id":"https:\/\/territorialchallenges.com\/2020\/06\/19\/medellin-en-colombie-les-objectifs-de-leco-ville-pour-lapres-covid-19\/85673\/#breadcrumb"},"inLanguage":"es","potentialAction":[{"@type":"ReadAction","target":["https:\/\/territorialchallenges.com\/2020\/06\/19\/medellin-en-colombie-les-objectifs-de-leco-ville-pour-lapres-covid-19\/85673\/"]}]},{"@type":"BreadcrumbList","@id":"https:\/\/territorialchallenges.com\/2020\/06\/19\/medellin-en-colombie-les-objectifs-de-leco-ville-pour-lapres-covid-19\/85673\/#breadcrumb","itemListElement":[{"@type":"ListItem","position":1,"name":"Home","item":"https:\/\/territorialchallenges.com\/"},{"@type":"ListItem","position":2,"name":"Medellin en Colombie: Les objectifs de l&rsquo;\u00e9co-ville pour l&rsquo;apr\u00e8s COVID 19"}]},{"@type":"WebSite","@id":"https:\/\/territorialchallenges.com\/#website","url":"https:\/\/territorialchallenges.com\/","name":"Desaf\u00edos territoriales","description":"Monitoreo Internacional - Estrategias Inteligentes - Mejores Pr\u00e1cticas","publisher":{"@id":"https:\/\/territorialchallenges.com\/#organization"},"potentialAction":[{"@type":"SearchAction","target":{"@type":"EntryPoint","urlTemplate":"https:\/\/territorialchallenges.com\/?s={search_term_string}"},"query-input":"required name=search_term_string"}],"inLanguage":"es"},{"@type":"Organization","@id":"https:\/\/territorialchallenges.com\/#organization","name":"Desaf\u00edos territoriales","url":"https:\/\/territorialchallenges.com\/","logo":{"@type":"ImageObject","inLanguage":"es","@id":"https:\/\/territorialchallenges.com\/#\/schema\/logo\/image\/","url":"https:\/\/territorialchallenges.com\/wp-content\/uploads\/2023\/10\/logo-1.png","contentUrl":"https:\/\/territorialchallenges.com\/wp-content\/uploads\/2023\/10\/logo-1.png","width":1832,"height":576,"caption":"Territorial Challenges"},"image":{"@id":"https:\/\/territorialchallenges.com\/#\/schema\/logo\/image\/"}},{"@type":"Person","@id":"https:\/\/territorialchallenges.com\/#\/schema\/person\/098f145c7c61a021c425e010f840080f","name":"ni.abdi","image":{"@type":"ImageObject","inLanguage":"es","@id":"https:\/\/territorialchallenges.com\/#\/schema\/person\/image\/","url":"https:\/\/secure.gravatar.com\/avatar\/2a2f2491f3c80039986ba989b1e4b510?s=96&d=identicon&r=g","contentUrl":"https:\/\/secure.gravatar.com\/avatar\/2a2f2491f3c80039986ba989b1e4b510?s=96&d=identicon&r=g","caption":"ni.abdi"},"sameAs":["https:\/\/twitter.com\/Ni.abdi"],"url":"https:\/\/territorialchallenges.com\/es\/author\/ni-abdi\/"}]}},"_links":{"self":[{"href":"https:\/\/territorialchallenges.com\/es\/wp-json\/wp\/v2\/posts\/85673"}],"collection":[{"href":"https:\/\/territorialchallenges.com\/es\/wp-json\/wp\/v2\/posts"}],"about":[{"href":"https:\/\/territorialchallenges.com\/es\/wp-json\/wp\/v2\/types\/post"}],"author":[{"embeddable":true,"href":"https:\/\/territorialchallenges.com\/es\/wp-json\/wp\/v2\/users\/11"}],"replies":[{"embeddable":true,"href":"https:\/\/territorialchallenges.com\/es\/wp-json\/wp\/v2\/comments?post=85673"}],"version-history":[{"count":1,"href":"https:\/\/territorialchallenges.com\/es\/wp-json\/wp\/v2\/posts\/85673\/revisions"}],"predecessor-version":[{"id":85679,"href":"https:\/\/territorialchallenges.com\/es\/wp-json\/wp\/v2\/posts\/85673\/revisions\/85679"}],"wp:featuredmedia":[{"embeddable":true,"href":"https:\/\/territorialchallenges.com\/es\/wp-json\/wp\/v2\/media\/85675"}],"wp:attachment":[{"href":"https:\/\/territorialchallenges.com\/es\/wp-json\/wp\/v2\/media?parent=85673"}],"wp:term":[{"taxonomy":"category","embeddable":true,"href":"https:\/\/territorialchallenges.com\/es\/wp-json\/wp\/v2\/categories?post=85673"},{"taxonomy":"post_tag","embeddable":true,"href":"https:\/\/territorialchallenges.com\/es\/wp-json\/wp\/v2\/tags?post=85673"}],"curies":[{"name":"gracias","href":"https:\/\/api.w.org\/{rel}","templated":true}]}}