{"id":85563,"date":"2020-05-24T23:03:49","date_gmt":"2020-05-24T21:03:49","guid":{"rendered":"https:\/\/territorialchallenges.com\/?p=85563"},"modified":"2020-05-27T22:26:47","modified_gmt":"2020-05-27T20:26:47","slug":"la-prochaine-phase-de-la-mobilite-dans-les-smart-city-italienne-sera-electrique-et-intelligente","status":"publish","type":"post","link":"https:\/\/territorialchallenges.com\/es\/2020\/05\/24\/la-prochaine-phase-de-la-mobilite-dans-les-smart-city-italienne-sera-electrique-et-intelligente\/85563\/","title":{"rendered":"La pr\u00f3xima fase de la movilidad en los territorios inteligentes italianos ser\u00e1 el\u00e9ctrica e inteligente"},"content":{"rendered":"<p>Los patinetes el\u00e9ctricos, las bicicletas el\u00e9ctricas y las bicicletas tradicionales ser\u00e1n los verdaderos protagonistas de la Fase 2. La movilidad inteligente en las ciudades marcar\u00e1 el inicio de una nueva era. Las actividades de movilidad inteligente incluir\u00e1n el fortalecimiento de los servicios de tarificaci\u00f3n y los sistemas de movilidad compartida (bicicletas y coches), el fortalecimiento... <\/p>\n<div class=\"pmpro_content_message\">Art\u00edculo disponible s\u00f3lo para suscriptores.<br \/><a href=\"https:\/\/territorialchallenges.com\/wp-login.php\">Acceso<\/a><br \/><a href=\"https:\/\/territorialchallenges.com\/es\/wp-login.php\/?action=register\">Registro<\/a><\/div>","protected":false},"excerpt":{"rendered":"<p>Les scooters \u00e9lectriques, les v\u00e9los \u00e9lectriques et les v\u00e9los traditionnels seront les v\u00e9ritables protagonistes de la phase 2. La mobilit\u00e9 intelligente des villes devra marquer le d\u00e9but d&rsquo;une nouvelle \u00e8re. Les activit\u00e9s de mobilit\u00e9 intelligente comprendront le renforcement des services de tarification et des syst\u00e8mes de partage de la mobilit\u00e9 (v\u00e9lo et voiture), le renforcement... <\/p>\n<div class=\"pmpro_content_message\">Art\u00edculo disponible s\u00f3lo para suscriptores.<br \/><a href=\"https:\/\/territorialchallenges.com\/wp-login.php\">Acceso<\/a><br \/><a href=\"https:\/\/territorialchallenges.com\/es\/wp-login.php\/?action=register\">Registro<\/a><\/div>","protected":false},"author":11,"featured_media":85564,"comment_status":"open","ping_status":"open","sticky":true,"template":"","format":"standard","meta":{"pmpro_default_level":0,"footnotes":""},"categories":[19,127],"tags":[],"blocksy_meta":"","yoast_head":"<!-- This site is optimized with the Yoast SEO plugin v21.5 - https:\/\/yoast.com\/wordpress\/plugins\/seo\/ -->\n<title>La prochaine phase de la mobilit\u00e9 dans les territoires intelligents italiennes sera \u00e9lectrique et intelligente - Territorial Challenges<\/title>\n<meta name=\"robots\" content=\"index, follow, max-snippet:-1, max-image-preview:large, max-video-preview:-1\" \/>\n<link rel=\"canonical\" href=\"https:\/\/territorialchallenges.com\/es\/2020\/05\/24\/la-prochaine-phase-de-la-mobilite-dans-les-smart-city-italienne-sera-electrique-et-intelligente\/85563\/\" \/>\n<meta property=\"og:locale\" content=\"es_ES\" \/>\n<meta property=\"og:type\" content=\"article\" \/>\n<meta property=\"og:title\" content=\"La prochaine phase de la mobilit\u00e9 dans les territoires intelligents italiennes sera \u00e9lectrique et intelligente - Territorial Challenges\" \/>\n<meta property=\"og:description\" content=\"Les scooters \u00e9lectriques, les v\u00e9los \u00e9lectriques et les v\u00e9los traditionnels seront les v\u00e9ritables protagonistes de la phase 2. La mobilit\u00e9 intelligente des villes devra marquer le d\u00e9but d&rsquo;une nouvelle \u00e8re. Les activit\u00e9s de mobilit\u00e9 intelligente comprendront le renforcement des services de tarification et des syst\u00e8mes de partage de la mobilit\u00e9 (v\u00e9lo et voiture), le renforcement [&hellip;]\" \/>\n<meta property=\"og:url\" content=\"https:\/\/territorialchallenges.com\/es\/2020\/05\/24\/la-prochaine-phase-de-la-mobilite-dans-les-smart-city-italienne-sera-electrique-et-intelligente\/85563\/\" \/>\n<meta property=\"og:site_name\" content=\"Territorial Challenges\" \/>\n<meta property=\"article:published_time\" content=\"2020-05-24T21:03:49+00:00\" \/>\n<meta property=\"article:modified_time\" content=\"2020-05-27T20:26:47+00:00\" \/>\n<meta property=\"og:image\" content=\"https:\/\/territorialchallenges.com\/wp-content\/uploads\/2020\/05\/scooter-593155_1920.jpg\" \/>\n\t<meta property=\"og:image:width\" content=\"1920\" \/>\n\t<meta property=\"og:image:height\" content=\"1280\" \/>\n\t<meta property=\"og:image:type\" content=\"image\/jpeg\" \/>\n<meta name=\"author\" content=\"ni.abdi\" \/>\n<meta name=\"twitter:card\" content=\"summary_large_image\" \/>\n<meta name=\"twitter:creator\" content=\"@Ni.abdi\" \/>\n<meta name=\"twitter:label1\" content=\"Escrito por\" \/>\n\t<meta name=\"twitter:data1\" content=\"ni.abdi\" \/>\n\t<meta name=\"twitter:label2\" content=\"Tiempo de lectura\" \/>\n\t<meta name=\"twitter:data2\" content=\"4 minutos\" \/>\n<script type=\"application\/ld+json\" class=\"yoast-schema-graph\">{\"@context\":\"https:\/\/schema.org\",\"@graph\":[{\"@type\":\"Article\",\"@id\":\"https:\/\/territorialchallenges.com\/2020\/05\/24\/la-prochaine-phase-de-la-mobilite-dans-les-smart-city-italienne-sera-electrique-et-intelligente\/85563\/#article\",\"isPartOf\":{\"@id\":\"https:\/\/territorialchallenges.com\/2020\/05\/24\/la-prochaine-phase-de-la-mobilite-dans-les-smart-city-italienne-sera-electrique-et-intelligente\/85563\/\"},\"author\":{\"name\":\"ni.abdi\",\"@id\":\"https:\/\/territorialchallenges.com\/#\/schema\/person\/098f145c7c61a021c425e010f840080f\"},\"headline\":\"La prochaine phase de la mobilit\u00e9 dans les territoires intelligents italiennes sera \u00e9lectrique et intelligente\",\"datePublished\":\"2020-05-24T21:03:49+00:00\",\"dateModified\":\"2020-05-27T20:26:47+00:00\",\"mainEntityOfPage\":{\"@id\":\"https:\/\/territorialchallenges.com\/2020\/05\/24\/la-prochaine-phase-de-la-mobilite-dans-les-smart-city-italienne-sera-electrique-et-intelligente\/85563\/\"},\"wordCount\":801,\"commentCount\":0,\"publisher\":{\"@id\":\"https:\/\/territorialchallenges.com\/#organization\"},\"articleSection\":[\"Territoires Intelligents\",\"Actualit\u00e9 Europe\"],\"inLanguage\":\"es\"},{\"@type\":\"WebPage\",\"@id\":\"https:\/\/territorialchallenges.com\/2020\/05\/24\/la-prochaine-phase-de-la-mobilite-dans-les-smart-city-italienne-sera-electrique-et-intelligente\/85563\/\",\"url\":\"https:\/\/territorialchallenges.com\/2020\/05\/24\/la-prochaine-phase-de-la-mobilite-dans-les-smart-city-italienne-sera-electrique-et-intelligente\/85563\/\",\"name\":\"La prochaine phase de la mobilit\u00e9 dans les territoires intelligents italiennes sera \u00e9lectrique et intelligente - Territorial Challenges\",\"isPartOf\":{\"@id\":\"https:\/\/territorialchallenges.com\/#website\"},\"datePublished\":\"2020-05-24T21:03:49+00:00\",\"dateModified\":\"2020-05-27T20:26:47+00:00\",\"breadcrumb\":{\"@id\":\"https:\/\/territorialchallenges.com\/2020\/05\/24\/la-prochaine-phase-de-la-mobilite-dans-les-smart-city-italienne-sera-electrique-et-intelligente\/85563\/#breadcrumb\"},\"inLanguage\":\"es\",\"potentialAction\":[{\"@type\":\"ReadAction\",\"target\":[\"https:\/\/territorialchallenges.com\/2020\/05\/24\/la-prochaine-phase-de-la-mobilite-dans-les-smart-city-italienne-sera-electrique-et-intelligente\/85563\/\"]}]},{\"@type\":\"BreadcrumbList\",\"@id\":\"https:\/\/territorialchallenges.com\/2020\/05\/24\/la-prochaine-phase-de-la-mobilite-dans-les-smart-city-italienne-sera-electrique-et-intelligente\/85563\/#breadcrumb\",\"itemListElement\":[{\"@type\":\"ListItem\",\"position\":1,\"name\":\"Home\",\"item\":\"https:\/\/territorialchallenges.com\/\"},{\"@type\":\"ListItem\",\"position\":2,\"name\":\"La prochaine phase de la mobilit\u00e9 dans les territoires intelligents italiennes sera \u00e9lectrique et intelligente\"}]},{\"@type\":\"WebSite\",\"@id\":\"https:\/\/territorialchallenges.com\/#website\",\"url\":\"https:\/\/territorialchallenges.com\/\",\"name\":\"Territorial Challenges\",\"description\":\"Veille Internationale - Strat\u00e9gie Intelligentes - Bonnes pratiques\",\"publisher\":{\"@id\":\"https:\/\/territorialchallenges.com\/#organization\"},\"potentialAction\":[{\"@type\":\"SearchAction\",\"target\":{\"@type\":\"EntryPoint\",\"urlTemplate\":\"https:\/\/territorialchallenges.com\/?s={search_term_string}\"},\"query-input\":\"required name=search_term_string\"}],\"inLanguage\":\"es\"},{\"@type\":\"Organization\",\"@id\":\"https:\/\/territorialchallenges.com\/#organization\",\"name\":\"Territorial Challenges\",\"url\":\"https:\/\/territorialchallenges.com\/\",\"logo\":{\"@type\":\"ImageObject\",\"inLanguage\":\"es\",\"@id\":\"https:\/\/territorialchallenges.com\/#\/schema\/logo\/image\/\",\"url\":\"https:\/\/territorialchallenges.com\/wp-content\/uploads\/2023\/10\/logo-1.png\",\"contentUrl\":\"https:\/\/territorialchallenges.com\/wp-content\/uploads\/2023\/10\/logo-1.png\",\"width\":1832,\"height\":576,\"caption\":\"Territorial Challenges\"},\"image\":{\"@id\":\"https:\/\/territorialchallenges.com\/#\/schema\/logo\/image\/\"}},{\"@type\":\"Person\",\"@id\":\"https:\/\/territorialchallenges.com\/#\/schema\/person\/098f145c7c61a021c425e010f840080f\",\"name\":\"ni.abdi\",\"image\":{\"@type\":\"ImageObject\",\"inLanguage\":\"es\",\"@id\":\"https:\/\/territorialchallenges.com\/#\/schema\/person\/image\/\",\"url\":\"https:\/\/secure.gravatar.com\/avatar\/2a2f2491f3c80039986ba989b1e4b510?s=96&d=identicon&r=g\",\"contentUrl\":\"https:\/\/secure.gravatar.com\/avatar\/2a2f2491f3c80039986ba989b1e4b510?s=96&d=identicon&r=g\",\"caption\":\"ni.abdi\"},\"sameAs\":[\"https:\/\/twitter.com\/Ni.abdi\"],\"url\":\"https:\/\/territorialchallenges.com\/es\/author\/ni-abdi\/\"}]}<\/script>\n<!-- \/ Yoast SEO plugin. -->","yoast_head_json":{"title":"La prochaine phase de la mobilit\u00e9 dans les territoires intelligents italiennes sera \u00e9lectrique et intelligente - Territorial Challenges","robots":{"index":"index","follow":"follow","max-snippet":"max-snippet:-1","max-image-preview":"max-image-preview:large","max-video-preview":"max-video-preview:-1"},"canonical":"https:\/\/territorialchallenges.com\/es\/2020\/05\/24\/la-prochaine-phase-de-la-mobilite-dans-les-smart-city-italienne-sera-electrique-et-intelligente\/85563\/","og_locale":"es_ES","og_type":"article","og_title":"La prochaine phase de la mobilit\u00e9 dans les territoires intelligents italiennes sera \u00e9lectrique et intelligente - Territorial Challenges","og_description":"Les scooters \u00e9lectriques, les v\u00e9los \u00e9lectriques et les v\u00e9los traditionnels seront les v\u00e9ritables protagonistes de la phase 2. La mobilit\u00e9 intelligente des villes devra marquer le d\u00e9but d&rsquo;une nouvelle \u00e8re. Les activit\u00e9s de mobilit\u00e9 intelligente comprendront le renforcement des services de tarification et des syst\u00e8mes de partage de la mobilit\u00e9 (v\u00e9lo et voiture), le renforcement [&hellip;]","og_url":"https:\/\/territorialchallenges.com\/es\/2020\/05\/24\/la-prochaine-phase-de-la-mobilite-dans-les-smart-city-italienne-sera-electrique-et-intelligente\/85563\/","og_site_name":"Territorial Challenges","article_published_time":"2020-05-24T21:03:49+00:00","article_modified_time":"2020-05-27T20:26:47+00:00","og_image":[{"width":1920,"height":1280,"url":"https:\/\/territorialchallenges.com\/wp-content\/uploads\/2020\/05\/scooter-593155_1920.jpg","type":"image\/jpeg"}],"author":"ni.abdi","twitter_card":"summary_large_image","twitter_creator":"@Ni.abdi","twitter_misc":{"Escrito por":"ni.abdi","Tiempo de lectura":"4 minutos"},"schema":{"@context":"https:\/\/schema.org","@graph":[{"@type":"Article","@id":"https:\/\/territorialchallenges.com\/2020\/05\/24\/la-prochaine-phase-de-la-mobilite-dans-les-smart-city-italienne-sera-electrique-et-intelligente\/85563\/#article","isPartOf":{"@id":"https:\/\/territorialchallenges.com\/2020\/05\/24\/la-prochaine-phase-de-la-mobilite-dans-les-smart-city-italienne-sera-electrique-et-intelligente\/85563\/"},"author":{"name":"ni.abdi","@id":"https:\/\/territorialchallenges.com\/#\/schema\/person\/098f145c7c61a021c425e010f840080f"},"headline":"La prochaine phase de la mobilit\u00e9 dans les territoires intelligents italiennes sera \u00e9lectrique et intelligente","datePublished":"2020-05-24T21:03:49+00:00","dateModified":"2020-05-27T20:26:47+00:00","mainEntityOfPage":{"@id":"https:\/\/territorialchallenges.com\/2020\/05\/24\/la-prochaine-phase-de-la-mobilite-dans-les-smart-city-italienne-sera-electrique-et-intelligente\/85563\/"},"wordCount":801,"commentCount":0,"publisher":{"@id":"https:\/\/territorialchallenges.com\/#organization"},"articleSection":["Territoires Intelligents","Actualit\u00e9 Europe"],"inLanguage":"es"},{"@type":"WebPage","@id":"https:\/\/territorialchallenges.com\/2020\/05\/24\/la-prochaine-phase-de-la-mobilite-dans-les-smart-city-italienne-sera-electrique-et-intelligente\/85563\/","url":"https:\/\/territorialchallenges.com\/2020\/05\/24\/la-prochaine-phase-de-la-mobilite-dans-les-smart-city-italienne-sera-electrique-et-intelligente\/85563\/","name":"La prochaine phase de la mobilit\u00e9 dans les territoires intelligents italiennes sera \u00e9lectrique et intelligente - Territorial Challenges","isPartOf":{"@id":"https:\/\/territorialchallenges.com\/#website"},"datePublished":"2020-05-24T21:03:49+00:00","dateModified":"2020-05-27T20:26:47+00:00","breadcrumb":{"@id":"https:\/\/territorialchallenges.com\/2020\/05\/24\/la-prochaine-phase-de-la-mobilite-dans-les-smart-city-italienne-sera-electrique-et-intelligente\/85563\/#breadcrumb"},"inLanguage":"es","potentialAction":[{"@type":"ReadAction","target":["https:\/\/territorialchallenges.com\/2020\/05\/24\/la-prochaine-phase-de-la-mobilite-dans-les-smart-city-italienne-sera-electrique-et-intelligente\/85563\/"]}]},{"@type":"BreadcrumbList","@id":"https:\/\/territorialchallenges.com\/2020\/05\/24\/la-prochaine-phase-de-la-mobilite-dans-les-smart-city-italienne-sera-electrique-et-intelligente\/85563\/#breadcrumb","itemListElement":[{"@type":"ListItem","position":1,"name":"Home","item":"https:\/\/territorialchallenges.com\/"},{"@type":"ListItem","position":2,"name":"La prochaine phase de la mobilit\u00e9 dans les territoires intelligents italiennes sera \u00e9lectrique et intelligente"}]},{"@type":"WebSite","@id":"https:\/\/territorialchallenges.com\/#website","url":"https:\/\/territorialchallenges.com\/","name":"Desaf\u00edos territoriales","description":"Monitoreo Internacional - Estrategias Inteligentes - Mejores Pr\u00e1cticas","publisher":{"@id":"https:\/\/territorialchallenges.com\/#organization"},"potentialAction":[{"@type":"SearchAction","target":{"@type":"EntryPoint","urlTemplate":"https:\/\/territorialchallenges.com\/?s={search_term_string}"},"query-input":"required name=search_term_string"}],"inLanguage":"es"},{"@type":"Organization","@id":"https:\/\/territorialchallenges.com\/#organization","name":"Desaf\u00edos territoriales","url":"https:\/\/territorialchallenges.com\/","logo":{"@type":"ImageObject","inLanguage":"es","@id":"https:\/\/territorialchallenges.com\/#\/schema\/logo\/image\/","url":"https:\/\/territorialchallenges.com\/wp-content\/uploads\/2023\/10\/logo-1.png","contentUrl":"https:\/\/territorialchallenges.com\/wp-content\/uploads\/2023\/10\/logo-1.png","width":1832,"height":576,"caption":"Territorial Challenges"},"image":{"@id":"https:\/\/territorialchallenges.com\/#\/schema\/logo\/image\/"}},{"@type":"Person","@id":"https:\/\/territorialchallenges.com\/#\/schema\/person\/098f145c7c61a021c425e010f840080f","name":"ni.abdi","image":{"@type":"ImageObject","inLanguage":"es","@id":"https:\/\/territorialchallenges.com\/#\/schema\/person\/image\/","url":"https:\/\/secure.gravatar.com\/avatar\/2a2f2491f3c80039986ba989b1e4b510?s=96&d=identicon&r=g","contentUrl":"https:\/\/secure.gravatar.com\/avatar\/2a2f2491f3c80039986ba989b1e4b510?s=96&d=identicon&r=g","caption":"ni.abdi"},"sameAs":["https:\/\/twitter.com\/Ni.abdi"],"url":"https:\/\/territorialchallenges.com\/es\/author\/ni-abdi\/"}]}},"_links":{"self":[{"href":"https:\/\/territorialchallenges.com\/es\/wp-json\/wp\/v2\/posts\/85563"}],"collection":[{"href":"https:\/\/territorialchallenges.com\/es\/wp-json\/wp\/v2\/posts"}],"about":[{"href":"https:\/\/territorialchallenges.com\/es\/wp-json\/wp\/v2\/types\/post"}],"author":[{"embeddable":true,"href":"https:\/\/territorialchallenges.com\/es\/wp-json\/wp\/v2\/users\/11"}],"replies":[{"embeddable":true,"href":"https:\/\/territorialchallenges.com\/es\/wp-json\/wp\/v2\/comments?post=85563"}],"version-history":[{"count":2,"href":"https:\/\/territorialchallenges.com\/es\/wp-json\/wp\/v2\/posts\/85563\/revisions"}],"predecessor-version":[{"id":85591,"href":"https:\/\/territorialchallenges.com\/es\/wp-json\/wp\/v2\/posts\/85563\/revisions\/85591"}],"wp:featuredmedia":[{"embeddable":true,"href":"https:\/\/territorialchallenges.com\/es\/wp-json\/wp\/v2\/media\/85564"}],"wp:attachment":[{"href":"https:\/\/territorialchallenges.com\/es\/wp-json\/wp\/v2\/media?parent=85563"}],"wp:term":[{"taxonomy":"category","embeddable":true,"href":"https:\/\/territorialchallenges.com\/es\/wp-json\/wp\/v2\/categories?post=85563"},{"taxonomy":"post_tag","embeddable":true,"href":"https:\/\/territorialchallenges.com\/es\/wp-json\/wp\/v2\/tags?post=85563"}],"curies":[{"name":"gracias","href":"https:\/\/api.w.org\/{rel}","templated":true}]}}