{"id":85449,"date":"2020-04-30T17:45:27","date_gmt":"2020-04-30T15:45:27","guid":{"rendered":"https:\/\/territorialchallenges.com\/?p=85449"},"modified":"2020-04-30T17:45:27","modified_gmt":"2020-04-30T15:45:27","slug":"vienne-et-sa-reactivite-devant-le-danger-covid-19","status":"publish","type":"post","link":"https:\/\/territorialchallenges.com\/es\/2020\/04\/30\/vienne-et-sa-reactivite-devant-le-danger-covid-19\/85449\/","title":{"rendered":"Viena y su capacidad de respuesta ante la amenaza del COVID-19"},"content":{"rendered":"<p>La administraci\u00f3n sanitaria de la capital austriaca no perdi\u00f3 tiempo. A principios de abril, encarg\u00f3 a Atos, l\u00edder franc\u00e9s en transformaci\u00f3n digital, el desarrollo e implementaci\u00f3n de un Sistema de Gesti\u00f3n de Epidemias (SGE). Este sistema permite a los equipos de la ciudad rastrear la propagaci\u00f3n de\u2026 <\/p>\n<div class=\"pmpro_content_message\">Art\u00edculo disponible s\u00f3lo para suscriptores.<br \/><a href=\"https:\/\/territorialchallenges.com\/wp-login.php\">Acceso<\/a><br \/><a href=\"https:\/\/territorialchallenges.com\/es\/wp-login.php\/?action=register\">Registro<\/a><\/div>","protected":false},"excerpt":{"rendered":"<p>L&rsquo;administration de la sant\u00e9 de la capitale autrichienne n&rsquo;a pas perdu du temps. D\u00e8s le d\u00e9but d&rsquo;avril, elle a commissionn\u00e9e Atos, le leader fran\u00e7ais de la transformation digitale, pour d\u00e9velopper et d\u00e9ployer un syst\u00e8me de gestion des \u00e9pid\u00e9mies (Epidemic Management System, EMS). Ce syst\u00e8me permet aux \u00e9quipes de la municipalit\u00e9 de suivre la propagation des... <\/p>\n<div class=\"pmpro_content_message\">Art\u00edculo disponible s\u00f3lo para suscriptores.<br \/><a href=\"https:\/\/territorialchallenges.com\/wp-login.php\">Acceso<\/a><br \/><a href=\"https:\/\/territorialchallenges.com\/es\/wp-login.php\/?action=register\">Registro<\/a><\/div>","protected":false},"author":11,"featured_media":85450,"comment_status":"open","ping_status":"open","sticky":true,"template":"","format":"standard","meta":{"pmpro_default_level":0,"footnotes":""},"categories":[120,117],"tags":[],"blocksy_meta":"","yoast_head":"<!-- This site is optimized with the Yoast SEO plugin v21.5 - https:\/\/yoast.com\/wordpress\/plugins\/seo\/ -->\n<title>Vienne et sa r\u00e9activit\u00e9 devant le danger COVID 19 - Territorial Challenges<\/title>\n<meta name=\"robots\" content=\"index, follow, max-snippet:-1, max-image-preview:large, max-video-preview:-1\" \/>\n<link rel=\"canonical\" href=\"https:\/\/territorialchallenges.com\/es\/2020\/04\/30\/vienne-et-sa-reactivite-devant-le-danger-covid-19\/85449\/\" \/>\n<meta property=\"og:locale\" content=\"es_ES\" \/>\n<meta property=\"og:type\" content=\"article\" \/>\n<meta property=\"og:title\" content=\"Vienne et sa r\u00e9activit\u00e9 devant le danger COVID 19 - Territorial Challenges\" \/>\n<meta property=\"og:description\" content=\"L&rsquo;administration de la sant\u00e9 de la capitale autrichienne n&rsquo;a pas perdu du temps. D\u00e8s le d\u00e9but d&rsquo;avril, elle a commissionn\u00e9e Atos, le leader fran\u00e7ais de la transformation digitale, pour d\u00e9velopper et d\u00e9ployer un syst\u00e8me de gestion des \u00e9pid\u00e9mies (Epidemic Management System, EMS). Ce syst\u00e8me permet aux \u00e9quipes de la municipalit\u00e9 de suivre la propagation des [&hellip;]\" \/>\n<meta property=\"og:url\" content=\"https:\/\/territorialchallenges.com\/es\/2020\/04\/30\/vienne-et-sa-reactivite-devant-le-danger-covid-19\/85449\/\" \/>\n<meta property=\"og:site_name\" content=\"Territorial Challenges\" \/>\n<meta property=\"article:published_time\" content=\"2020-04-30T15:45:27+00:00\" \/>\n<meta property=\"og:image\" content=\"https:\/\/territorialchallenges.com\/wp-content\/uploads\/2020\/04\/viennaphoto.jpg\" \/>\n\t<meta property=\"og:image:width\" content=\"1280\" \/>\n\t<meta property=\"og:image:height\" content=\"854\" \/>\n\t<meta property=\"og:image:type\" content=\"image\/jpeg\" \/>\n<meta name=\"author\" content=\"ni.abdi\" \/>\n<meta name=\"twitter:card\" content=\"summary_large_image\" \/>\n<meta name=\"twitter:creator\" content=\"@Ni.abdi\" \/>\n<meta name=\"twitter:label1\" content=\"Escrito por\" \/>\n\t<meta name=\"twitter:data1\" content=\"ni.abdi\" \/>\n\t<meta name=\"twitter:label2\" content=\"Tiempo de lectura\" \/>\n\t<meta name=\"twitter:data2\" content=\"3 minutos\" \/>\n<script type=\"application\/ld+json\" class=\"yoast-schema-graph\">{\"@context\":\"https:\/\/schema.org\",\"@graph\":[{\"@type\":\"Article\",\"@id\":\"https:\/\/territorialchallenges.com\/2020\/04\/30\/vienne-et-sa-reactivite-devant-le-danger-covid-19\/85449\/#article\",\"isPartOf\":{\"@id\":\"https:\/\/territorialchallenges.com\/2020\/04\/30\/vienne-et-sa-reactivite-devant-le-danger-covid-19\/85449\/\"},\"author\":{\"name\":\"ni.abdi\",\"@id\":\"https:\/\/territorialchallenges.com\/#\/schema\/person\/098f145c7c61a021c425e010f840080f\"},\"headline\":\"Vienne et sa r\u00e9activit\u00e9 devant le danger COVID 19\",\"datePublished\":\"2020-04-30T15:45:27+00:00\",\"dateModified\":\"2020-04-30T15:45:27+00:00\",\"mainEntityOfPage\":{\"@id\":\"https:\/\/territorialchallenges.com\/2020\/04\/30\/vienne-et-sa-reactivite-devant-le-danger-covid-19\/85449\/\"},\"wordCount\":608,\"commentCount\":0,\"publisher\":{\"@id\":\"https:\/\/territorialchallenges.com\/#organization\"},\"articleSection\":[\"Il s'est pass\u00e9 \u00e0\",\"\u00c9cosyst\u00e8me\"],\"inLanguage\":\"es\"},{\"@type\":\"WebPage\",\"@id\":\"https:\/\/territorialchallenges.com\/2020\/04\/30\/vienne-et-sa-reactivite-devant-le-danger-covid-19\/85449\/\",\"url\":\"https:\/\/territorialchallenges.com\/2020\/04\/30\/vienne-et-sa-reactivite-devant-le-danger-covid-19\/85449\/\",\"name\":\"Vienne et sa r\u00e9activit\u00e9 devant le danger COVID 19 - Territorial Challenges\",\"isPartOf\":{\"@id\":\"https:\/\/territorialchallenges.com\/#website\"},\"datePublished\":\"2020-04-30T15:45:27+00:00\",\"dateModified\":\"2020-04-30T15:45:27+00:00\",\"breadcrumb\":{\"@id\":\"https:\/\/territorialchallenges.com\/2020\/04\/30\/vienne-et-sa-reactivite-devant-le-danger-covid-19\/85449\/#breadcrumb\"},\"inLanguage\":\"es\",\"potentialAction\":[{\"@type\":\"ReadAction\",\"target\":[\"https:\/\/territorialchallenges.com\/2020\/04\/30\/vienne-et-sa-reactivite-devant-le-danger-covid-19\/85449\/\"]}]},{\"@type\":\"BreadcrumbList\",\"@id\":\"https:\/\/territorialchallenges.com\/2020\/04\/30\/vienne-et-sa-reactivite-devant-le-danger-covid-19\/85449\/#breadcrumb\",\"itemListElement\":[{\"@type\":\"ListItem\",\"position\":1,\"name\":\"Home\",\"item\":\"https:\/\/territorialchallenges.com\/\"},{\"@type\":\"ListItem\",\"position\":2,\"name\":\"Vienne et sa r\u00e9activit\u00e9 devant le danger COVID 19\"}]},{\"@type\":\"WebSite\",\"@id\":\"https:\/\/territorialchallenges.com\/#website\",\"url\":\"https:\/\/territorialchallenges.com\/\",\"name\":\"Territorial Challenges\",\"description\":\"Veille Internationale - Strat\u00e9gie Intelligentes - Bonnes pratiques\",\"publisher\":{\"@id\":\"https:\/\/territorialchallenges.com\/#organization\"},\"potentialAction\":[{\"@type\":\"SearchAction\",\"target\":{\"@type\":\"EntryPoint\",\"urlTemplate\":\"https:\/\/territorialchallenges.com\/?s={search_term_string}\"},\"query-input\":\"required name=search_term_string\"}],\"inLanguage\":\"es\"},{\"@type\":\"Organization\",\"@id\":\"https:\/\/territorialchallenges.com\/#organization\",\"name\":\"Territorial Challenges\",\"url\":\"https:\/\/territorialchallenges.com\/\",\"logo\":{\"@type\":\"ImageObject\",\"inLanguage\":\"es\",\"@id\":\"https:\/\/territorialchallenges.com\/#\/schema\/logo\/image\/\",\"url\":\"https:\/\/territorialchallenges.com\/wp-content\/uploads\/2023\/10\/logo-1.png\",\"contentUrl\":\"https:\/\/territorialchallenges.com\/wp-content\/uploads\/2023\/10\/logo-1.png\",\"width\":1832,\"height\":576,\"caption\":\"Territorial Challenges\"},\"image\":{\"@id\":\"https:\/\/territorialchallenges.com\/#\/schema\/logo\/image\/\"}},{\"@type\":\"Person\",\"@id\":\"https:\/\/territorialchallenges.com\/#\/schema\/person\/098f145c7c61a021c425e010f840080f\",\"name\":\"ni.abdi\",\"image\":{\"@type\":\"ImageObject\",\"inLanguage\":\"es\",\"@id\":\"https:\/\/territorialchallenges.com\/#\/schema\/person\/image\/\",\"url\":\"https:\/\/secure.gravatar.com\/avatar\/2a2f2491f3c80039986ba989b1e4b510?s=96&d=identicon&r=g\",\"contentUrl\":\"https:\/\/secure.gravatar.com\/avatar\/2a2f2491f3c80039986ba989b1e4b510?s=96&d=identicon&r=g\",\"caption\":\"ni.abdi\"},\"sameAs\":[\"https:\/\/twitter.com\/Ni.abdi\"],\"url\":\"https:\/\/territorialchallenges.com\/es\/author\/ni-abdi\/\"}]}<\/script>\n<!-- \/ Yoast SEO plugin. -->","yoast_head_json":{"title":"Vienne et sa r\u00e9activit\u00e9 devant le danger COVID 19 - Territorial Challenges","robots":{"index":"index","follow":"follow","max-snippet":"max-snippet:-1","max-image-preview":"max-image-preview:large","max-video-preview":"max-video-preview:-1"},"canonical":"https:\/\/territorialchallenges.com\/es\/2020\/04\/30\/vienne-et-sa-reactivite-devant-le-danger-covid-19\/85449\/","og_locale":"es_ES","og_type":"article","og_title":"Vienne et sa r\u00e9activit\u00e9 devant le danger COVID 19 - Territorial Challenges","og_description":"L&rsquo;administration de la sant\u00e9 de la capitale autrichienne n&rsquo;a pas perdu du temps. D\u00e8s le d\u00e9but d&rsquo;avril, elle a commissionn\u00e9e Atos, le leader fran\u00e7ais de la transformation digitale, pour d\u00e9velopper et d\u00e9ployer un syst\u00e8me de gestion des \u00e9pid\u00e9mies (Epidemic Management System, EMS). Ce syst\u00e8me permet aux \u00e9quipes de la municipalit\u00e9 de suivre la propagation des [&hellip;]","og_url":"https:\/\/territorialchallenges.com\/es\/2020\/04\/30\/vienne-et-sa-reactivite-devant-le-danger-covid-19\/85449\/","og_site_name":"Territorial Challenges","article_published_time":"2020-04-30T15:45:27+00:00","og_image":[{"width":1280,"height":854,"url":"https:\/\/territorialchallenges.com\/wp-content\/uploads\/2020\/04\/viennaphoto.jpg","type":"image\/jpeg"}],"author":"ni.abdi","twitter_card":"summary_large_image","twitter_creator":"@Ni.abdi","twitter_misc":{"Escrito por":"ni.abdi","Tiempo de lectura":"3 minutos"},"schema":{"@context":"https:\/\/schema.org","@graph":[{"@type":"Article","@id":"https:\/\/territorialchallenges.com\/2020\/04\/30\/vienne-et-sa-reactivite-devant-le-danger-covid-19\/85449\/#article","isPartOf":{"@id":"https:\/\/territorialchallenges.com\/2020\/04\/30\/vienne-et-sa-reactivite-devant-le-danger-covid-19\/85449\/"},"author":{"name":"ni.abdi","@id":"https:\/\/territorialchallenges.com\/#\/schema\/person\/098f145c7c61a021c425e010f840080f"},"headline":"Vienne et sa r\u00e9activit\u00e9 devant le danger COVID 19","datePublished":"2020-04-30T15:45:27+00:00","dateModified":"2020-04-30T15:45:27+00:00","mainEntityOfPage":{"@id":"https:\/\/territorialchallenges.com\/2020\/04\/30\/vienne-et-sa-reactivite-devant-le-danger-covid-19\/85449\/"},"wordCount":608,"commentCount":0,"publisher":{"@id":"https:\/\/territorialchallenges.com\/#organization"},"articleSection":["Il s'est pass\u00e9 \u00e0","\u00c9cosyst\u00e8me"],"inLanguage":"es"},{"@type":"WebPage","@id":"https:\/\/territorialchallenges.com\/2020\/04\/30\/vienne-et-sa-reactivite-devant-le-danger-covid-19\/85449\/","url":"https:\/\/territorialchallenges.com\/2020\/04\/30\/vienne-et-sa-reactivite-devant-le-danger-covid-19\/85449\/","name":"Vienne et sa r\u00e9activit\u00e9 devant le danger COVID 19 - Territorial Challenges","isPartOf":{"@id":"https:\/\/territorialchallenges.com\/#website"},"datePublished":"2020-04-30T15:45:27+00:00","dateModified":"2020-04-30T15:45:27+00:00","breadcrumb":{"@id":"https:\/\/territorialchallenges.com\/2020\/04\/30\/vienne-et-sa-reactivite-devant-le-danger-covid-19\/85449\/#breadcrumb"},"inLanguage":"es","potentialAction":[{"@type":"ReadAction","target":["https:\/\/territorialchallenges.com\/2020\/04\/30\/vienne-et-sa-reactivite-devant-le-danger-covid-19\/85449\/"]}]},{"@type":"BreadcrumbList","@id":"https:\/\/territorialchallenges.com\/2020\/04\/30\/vienne-et-sa-reactivite-devant-le-danger-covid-19\/85449\/#breadcrumb","itemListElement":[{"@type":"ListItem","position":1,"name":"Home","item":"https:\/\/territorialchallenges.com\/"},{"@type":"ListItem","position":2,"name":"Vienne et sa r\u00e9activit\u00e9 devant le danger COVID 19"}]},{"@type":"WebSite","@id":"https:\/\/territorialchallenges.com\/#website","url":"https:\/\/territorialchallenges.com\/","name":"Desaf\u00edos territoriales","description":"Monitoreo Internacional - Estrategias Inteligentes - Mejores Pr\u00e1cticas","publisher":{"@id":"https:\/\/territorialchallenges.com\/#organization"},"potentialAction":[{"@type":"SearchAction","target":{"@type":"EntryPoint","urlTemplate":"https:\/\/territorialchallenges.com\/?s={search_term_string}"},"query-input":"required name=search_term_string"}],"inLanguage":"es"},{"@type":"Organization","@id":"https:\/\/territorialchallenges.com\/#organization","name":"Desaf\u00edos territoriales","url":"https:\/\/territorialchallenges.com\/","logo":{"@type":"ImageObject","inLanguage":"es","@id":"https:\/\/territorialchallenges.com\/#\/schema\/logo\/image\/","url":"https:\/\/territorialchallenges.com\/wp-content\/uploads\/2023\/10\/logo-1.png","contentUrl":"https:\/\/territorialchallenges.com\/wp-content\/uploads\/2023\/10\/logo-1.png","width":1832,"height":576,"caption":"Territorial Challenges"},"image":{"@id":"https:\/\/territorialchallenges.com\/#\/schema\/logo\/image\/"}},{"@type":"Person","@id":"https:\/\/territorialchallenges.com\/#\/schema\/person\/098f145c7c61a021c425e010f840080f","name":"ni.abdi","image":{"@type":"ImageObject","inLanguage":"es","@id":"https:\/\/territorialchallenges.com\/#\/schema\/person\/image\/","url":"https:\/\/secure.gravatar.com\/avatar\/2a2f2491f3c80039986ba989b1e4b510?s=96&d=identicon&r=g","contentUrl":"https:\/\/secure.gravatar.com\/avatar\/2a2f2491f3c80039986ba989b1e4b510?s=96&d=identicon&r=g","caption":"ni.abdi"},"sameAs":["https:\/\/twitter.com\/Ni.abdi"],"url":"https:\/\/territorialchallenges.com\/es\/author\/ni-abdi\/"}]}},"_links":{"self":[{"href":"https:\/\/territorialchallenges.com\/es\/wp-json\/wp\/v2\/posts\/85449"}],"collection":[{"href":"https:\/\/territorialchallenges.com\/es\/wp-json\/wp\/v2\/posts"}],"about":[{"href":"https:\/\/territorialchallenges.com\/es\/wp-json\/wp\/v2\/types\/post"}],"author":[{"embeddable":true,"href":"https:\/\/territorialchallenges.com\/es\/wp-json\/wp\/v2\/users\/11"}],"replies":[{"embeddable":true,"href":"https:\/\/territorialchallenges.com\/es\/wp-json\/wp\/v2\/comments?post=85449"}],"version-history":[{"count":1,"href":"https:\/\/territorialchallenges.com\/es\/wp-json\/wp\/v2\/posts\/85449\/revisions"}],"predecessor-version":[{"id":85454,"href":"https:\/\/territorialchallenges.com\/es\/wp-json\/wp\/v2\/posts\/85449\/revisions\/85454"}],"wp:featuredmedia":[{"embeddable":true,"href":"https:\/\/territorialchallenges.com\/es\/wp-json\/wp\/v2\/media\/85450"}],"wp:attachment":[{"href":"https:\/\/territorialchallenges.com\/es\/wp-json\/wp\/v2\/media?parent=85449"}],"wp:term":[{"taxonomy":"category","embeddable":true,"href":"https:\/\/territorialchallenges.com\/es\/wp-json\/wp\/v2\/categories?post=85449"},{"taxonomy":"post_tag","embeddable":true,"href":"https:\/\/territorialchallenges.com\/es\/wp-json\/wp\/v2\/tags?post=85449"}],"curies":[{"name":"gracias","href":"https:\/\/api.w.org\/{rel}","templated":true}]}}