{"id":85129,"date":"2020-01-20T23:40:56","date_gmt":"2020-01-20T22:40:56","guid":{"rendered":"https:\/\/territorialchallenges.com\/?p=85129"},"modified":"2020-01-20T23:40:56","modified_gmt":"2020-01-20T22:40:56","slug":"les-chefs-dentreprises-face-aux-effets-de-lindustrie-4-0","status":"publish","type":"post","link":"https:\/\/territorialchallenges.com\/es\/2020\/01\/20\/les-chefs-dentreprises-face-aux-effets-de-lindustrie-4-0\/85129\/","title":{"rendered":"Los l\u00edderes empresariales se enfrentan a los efectos de la Industria 4.0"},"content":{"rendered":"<p>Una encuesta de Deloitte muestra que los l\u00edderes prefieren evitar las disrupciones en lugar de causarlas, pero priorizan la capacitaci\u00f3n de sus empleados. La Industria 4.0 es la idea de conectar activos f\u00edsicos con tecnolog\u00edas digitales avanzadas: el Internet de las Cosas (IdC), la inteligencia artificial (IA), los robots, los drones, los veh\u00edculos\u2026 <\/p>\n<div class=\"pmpro_content_message\">Art\u00edculo disponible s\u00f3lo para suscriptores.<br \/><a href=\"https:\/\/territorialchallenges.com\/wp-login.php\">Acceso<\/a><br \/><a href=\"https:\/\/territorialchallenges.com\/es\/wp-login.php\/?action=register\">Registro<\/a><\/div>","protected":false},"excerpt":{"rendered":"<p>Un sondage de Deloitte montre que les dirigeants pr\u00e9f\u00e8rent \u00e9viter les perturbations plut\u00f4t que de les provoquer, mais ils accordent une nouvelle priorit\u00e9 \u00e0 la formation des employ\u00e9s. L&rsquo;industrie 4.0 est l&rsquo;id\u00e9e de connecter les actifs physiques et les technologies num\u00e9riques avanc\u00e9es: l&rsquo;Internet des objets (IoT), l&rsquo;intelligence artificielle (IA), les robots, les drones, les v\u00e9hicules... <\/p>\n<div class=\"pmpro_content_message\">Art\u00edculo disponible s\u00f3lo para suscriptores.<br \/><a href=\"https:\/\/territorialchallenges.com\/wp-login.php\">Acceso<\/a><br \/><a href=\"https:\/\/territorialchallenges.com\/es\/wp-login.php\/?action=register\">Registro<\/a><\/div>","protected":false},"author":11,"featured_media":85130,"comment_status":"open","ping_status":"open","sticky":true,"template":"","format":"standard","meta":{"pmpro_default_level":0,"footnotes":""},"categories":[17,124],"tags":[],"blocksy_meta":"","yoast_head":"<!-- This site is optimized with the Yoast SEO plugin v21.5 - https:\/\/yoast.com\/wordpress\/plugins\/seo\/ -->\n<title>Les chefs d&#039;entreprises face aux effets de l&#039;Industrie 4.0 - Territorial Challenges<\/title>\n<meta name=\"robots\" content=\"index, follow, max-snippet:-1, max-image-preview:large, max-video-preview:-1\" \/>\n<link rel=\"canonical\" href=\"https:\/\/territorialchallenges.com\/es\/2020\/01\/20\/les-chefs-dentreprises-face-aux-effets-de-lindustrie-4-0\/85129\/\" \/>\n<meta property=\"og:locale\" content=\"es_ES\" \/>\n<meta property=\"og:type\" content=\"article\" \/>\n<meta property=\"og:title\" content=\"Les chefs d&#039;entreprises face aux effets de l&#039;Industrie 4.0 - Territorial Challenges\" \/>\n<meta property=\"og:description\" content=\"Un sondage de Deloitte montre que les dirigeants pr\u00e9f\u00e8rent \u00e9viter les perturbations plut\u00f4t que de les provoquer, mais ils accordent une nouvelle priorit\u00e9 \u00e0 la formation des employ\u00e9s. L&rsquo;industrie 4.0 est l&rsquo;id\u00e9e de connecter les actifs physiques et les technologies num\u00e9riques avanc\u00e9es: l&rsquo;Internet des objets (IoT), l&rsquo;intelligence artificielle (IA), les robots, les drones, les v\u00e9hicules [&hellip;]\" \/>\n<meta property=\"og:url\" content=\"https:\/\/territorialchallenges.com\/es\/2020\/01\/20\/les-chefs-dentreprises-face-aux-effets-de-lindustrie-4-0\/85129\/\" \/>\n<meta property=\"og:site_name\" content=\"Territorial Challenges\" \/>\n<meta property=\"article:published_time\" content=\"2020-01-20T22:40:56+00:00\" \/>\n<meta property=\"og:image\" content=\"https:\/\/territorialchallenges.com\/wp-content\/uploads\/2020\/01\/industry4.0.jpg\" \/>\n\t<meta property=\"og:image:width\" content=\"611\" \/>\n\t<meta property=\"og:image:height\" content=\"420\" \/>\n\t<meta property=\"og:image:type\" content=\"image\/jpeg\" \/>\n<meta name=\"author\" content=\"ni.abdi\" \/>\n<meta name=\"twitter:card\" content=\"summary_large_image\" \/>\n<meta name=\"twitter:creator\" content=\"@Ni.abdi\" \/>\n<meta name=\"twitter:label1\" content=\"Escrito por\" \/>\n\t<meta name=\"twitter:data1\" content=\"ni.abdi\" \/>\n\t<meta name=\"twitter:label2\" content=\"Tiempo de lectura\" \/>\n\t<meta name=\"twitter:data2\" content=\"2 minutos\" \/>\n<script type=\"application\/ld+json\" class=\"yoast-schema-graph\">{\"@context\":\"https:\/\/schema.org\",\"@graph\":[{\"@type\":\"Article\",\"@id\":\"https:\/\/territorialchallenges.com\/2020\/01\/20\/les-chefs-dentreprises-face-aux-effets-de-lindustrie-4-0\/85129\/#article\",\"isPartOf\":{\"@id\":\"https:\/\/territorialchallenges.com\/2020\/01\/20\/les-chefs-dentreprises-face-aux-effets-de-lindustrie-4-0\/85129\/\"},\"author\":{\"name\":\"ni.abdi\",\"@id\":\"https:\/\/territorialchallenges.com\/#\/schema\/person\/098f145c7c61a021c425e010f840080f\"},\"headline\":\"Les chefs d&rsquo;entreprises face aux effets de l&rsquo;Industrie 4.0\",\"datePublished\":\"2020-01-20T22:40:56+00:00\",\"dateModified\":\"2020-01-20T22:40:56+00:00\",\"mainEntityOfPage\":{\"@id\":\"https:\/\/territorialchallenges.com\/2020\/01\/20\/les-chefs-dentreprises-face-aux-effets-de-lindustrie-4-0\/85129\/\"},\"wordCount\":382,\"commentCount\":0,\"publisher\":{\"@id\":\"https:\/\/territorialchallenges.com\/#organization\"},\"articleSection\":[\"Industrie 5.0\",\"Actualit\u00e9 internationale\"],\"inLanguage\":\"es\"},{\"@type\":\"WebPage\",\"@id\":\"https:\/\/territorialchallenges.com\/2020\/01\/20\/les-chefs-dentreprises-face-aux-effets-de-lindustrie-4-0\/85129\/\",\"url\":\"https:\/\/territorialchallenges.com\/2020\/01\/20\/les-chefs-dentreprises-face-aux-effets-de-lindustrie-4-0\/85129\/\",\"name\":\"Les chefs d'entreprises face aux effets de l'Industrie 4.0 - Territorial Challenges\",\"isPartOf\":{\"@id\":\"https:\/\/territorialchallenges.com\/#website\"},\"datePublished\":\"2020-01-20T22:40:56+00:00\",\"dateModified\":\"2020-01-20T22:40:56+00:00\",\"breadcrumb\":{\"@id\":\"https:\/\/territorialchallenges.com\/2020\/01\/20\/les-chefs-dentreprises-face-aux-effets-de-lindustrie-4-0\/85129\/#breadcrumb\"},\"inLanguage\":\"es\",\"potentialAction\":[{\"@type\":\"ReadAction\",\"target\":[\"https:\/\/territorialchallenges.com\/2020\/01\/20\/les-chefs-dentreprises-face-aux-effets-de-lindustrie-4-0\/85129\/\"]}]},{\"@type\":\"BreadcrumbList\",\"@id\":\"https:\/\/territorialchallenges.com\/2020\/01\/20\/les-chefs-dentreprises-face-aux-effets-de-lindustrie-4-0\/85129\/#breadcrumb\",\"itemListElement\":[{\"@type\":\"ListItem\",\"position\":1,\"name\":\"Home\",\"item\":\"https:\/\/territorialchallenges.com\/\"},{\"@type\":\"ListItem\",\"position\":2,\"name\":\"Les chefs d&rsquo;entreprises face aux effets de l&rsquo;Industrie 4.0\"}]},{\"@type\":\"WebSite\",\"@id\":\"https:\/\/territorialchallenges.com\/#website\",\"url\":\"https:\/\/territorialchallenges.com\/\",\"name\":\"Territorial Challenges\",\"description\":\"Veille Internationale - Strat\u00e9gie Intelligentes - Bonnes pratiques\",\"publisher\":{\"@id\":\"https:\/\/territorialchallenges.com\/#organization\"},\"potentialAction\":[{\"@type\":\"SearchAction\",\"target\":{\"@type\":\"EntryPoint\",\"urlTemplate\":\"https:\/\/territorialchallenges.com\/?s={search_term_string}\"},\"query-input\":\"required name=search_term_string\"}],\"inLanguage\":\"es\"},{\"@type\":\"Organization\",\"@id\":\"https:\/\/territorialchallenges.com\/#organization\",\"name\":\"Territorial Challenges\",\"url\":\"https:\/\/territorialchallenges.com\/\",\"logo\":{\"@type\":\"ImageObject\",\"inLanguage\":\"es\",\"@id\":\"https:\/\/territorialchallenges.com\/#\/schema\/logo\/image\/\",\"url\":\"https:\/\/territorialchallenges.com\/wp-content\/uploads\/2023\/10\/logo-1.png\",\"contentUrl\":\"https:\/\/territorialchallenges.com\/wp-content\/uploads\/2023\/10\/logo-1.png\",\"width\":1832,\"height\":576,\"caption\":\"Territorial Challenges\"},\"image\":{\"@id\":\"https:\/\/territorialchallenges.com\/#\/schema\/logo\/image\/\"}},{\"@type\":\"Person\",\"@id\":\"https:\/\/territorialchallenges.com\/#\/schema\/person\/098f145c7c61a021c425e010f840080f\",\"name\":\"ni.abdi\",\"image\":{\"@type\":\"ImageObject\",\"inLanguage\":\"es\",\"@id\":\"https:\/\/territorialchallenges.com\/#\/schema\/person\/image\/\",\"url\":\"https:\/\/secure.gravatar.com\/avatar\/2a2f2491f3c80039986ba989b1e4b510?s=96&d=identicon&r=g\",\"contentUrl\":\"https:\/\/secure.gravatar.com\/avatar\/2a2f2491f3c80039986ba989b1e4b510?s=96&d=identicon&r=g\",\"caption\":\"ni.abdi\"},\"sameAs\":[\"https:\/\/twitter.com\/Ni.abdi\"],\"url\":\"https:\/\/territorialchallenges.com\/es\/author\/ni-abdi\/\"}]}<\/script>\n<!-- \/ Yoast SEO plugin. -->","yoast_head_json":{"title":"Les chefs d'entreprises face aux effets de l'Industrie 4.0 - Territorial Challenges","robots":{"index":"index","follow":"follow","max-snippet":"max-snippet:-1","max-image-preview":"max-image-preview:large","max-video-preview":"max-video-preview:-1"},"canonical":"https:\/\/territorialchallenges.com\/es\/2020\/01\/20\/les-chefs-dentreprises-face-aux-effets-de-lindustrie-4-0\/85129\/","og_locale":"es_ES","og_type":"article","og_title":"Les chefs d'entreprises face aux effets de l'Industrie 4.0 - Territorial Challenges","og_description":"Un sondage de Deloitte montre que les dirigeants pr\u00e9f\u00e8rent \u00e9viter les perturbations plut\u00f4t que de les provoquer, mais ils accordent une nouvelle priorit\u00e9 \u00e0 la formation des employ\u00e9s. L&rsquo;industrie 4.0 est l&rsquo;id\u00e9e de connecter les actifs physiques et les technologies num\u00e9riques avanc\u00e9es: l&rsquo;Internet des objets (IoT), l&rsquo;intelligence artificielle (IA), les robots, les drones, les v\u00e9hicules [&hellip;]","og_url":"https:\/\/territorialchallenges.com\/es\/2020\/01\/20\/les-chefs-dentreprises-face-aux-effets-de-lindustrie-4-0\/85129\/","og_site_name":"Territorial Challenges","article_published_time":"2020-01-20T22:40:56+00:00","og_image":[{"width":611,"height":420,"url":"https:\/\/territorialchallenges.com\/wp-content\/uploads\/2020\/01\/industry4.0.jpg","type":"image\/jpeg"}],"author":"ni.abdi","twitter_card":"summary_large_image","twitter_creator":"@Ni.abdi","twitter_misc":{"Escrito por":"ni.abdi","Tiempo de lectura":"2 minutos"},"schema":{"@context":"https:\/\/schema.org","@graph":[{"@type":"Article","@id":"https:\/\/territorialchallenges.com\/2020\/01\/20\/les-chefs-dentreprises-face-aux-effets-de-lindustrie-4-0\/85129\/#article","isPartOf":{"@id":"https:\/\/territorialchallenges.com\/2020\/01\/20\/les-chefs-dentreprises-face-aux-effets-de-lindustrie-4-0\/85129\/"},"author":{"name":"ni.abdi","@id":"https:\/\/territorialchallenges.com\/#\/schema\/person\/098f145c7c61a021c425e010f840080f"},"headline":"Les chefs d&rsquo;entreprises face aux effets de l&rsquo;Industrie 4.0","datePublished":"2020-01-20T22:40:56+00:00","dateModified":"2020-01-20T22:40:56+00:00","mainEntityOfPage":{"@id":"https:\/\/territorialchallenges.com\/2020\/01\/20\/les-chefs-dentreprises-face-aux-effets-de-lindustrie-4-0\/85129\/"},"wordCount":382,"commentCount":0,"publisher":{"@id":"https:\/\/territorialchallenges.com\/#organization"},"articleSection":["Industrie 5.0","Actualit\u00e9 internationale"],"inLanguage":"es"},{"@type":"WebPage","@id":"https:\/\/territorialchallenges.com\/2020\/01\/20\/les-chefs-dentreprises-face-aux-effets-de-lindustrie-4-0\/85129\/","url":"https:\/\/territorialchallenges.com\/2020\/01\/20\/les-chefs-dentreprises-face-aux-effets-de-lindustrie-4-0\/85129\/","name":"Les chefs d'entreprises face aux effets de l'Industrie 4.0 - Territorial Challenges","isPartOf":{"@id":"https:\/\/territorialchallenges.com\/#website"},"datePublished":"2020-01-20T22:40:56+00:00","dateModified":"2020-01-20T22:40:56+00:00","breadcrumb":{"@id":"https:\/\/territorialchallenges.com\/2020\/01\/20\/les-chefs-dentreprises-face-aux-effets-de-lindustrie-4-0\/85129\/#breadcrumb"},"inLanguage":"es","potentialAction":[{"@type":"ReadAction","target":["https:\/\/territorialchallenges.com\/2020\/01\/20\/les-chefs-dentreprises-face-aux-effets-de-lindustrie-4-0\/85129\/"]}]},{"@type":"BreadcrumbList","@id":"https:\/\/territorialchallenges.com\/2020\/01\/20\/les-chefs-dentreprises-face-aux-effets-de-lindustrie-4-0\/85129\/#breadcrumb","itemListElement":[{"@type":"ListItem","position":1,"name":"Home","item":"https:\/\/territorialchallenges.com\/"},{"@type":"ListItem","position":2,"name":"Les chefs d&rsquo;entreprises face aux effets de l&rsquo;Industrie 4.0"}]},{"@type":"WebSite","@id":"https:\/\/territorialchallenges.com\/#website","url":"https:\/\/territorialchallenges.com\/","name":"Desaf\u00edos territoriales","description":"Monitoreo Internacional - Estrategias Inteligentes - Mejores Pr\u00e1cticas","publisher":{"@id":"https:\/\/territorialchallenges.com\/#organization"},"potentialAction":[{"@type":"SearchAction","target":{"@type":"EntryPoint","urlTemplate":"https:\/\/territorialchallenges.com\/?s={search_term_string}"},"query-input":"required name=search_term_string"}],"inLanguage":"es"},{"@type":"Organization","@id":"https:\/\/territorialchallenges.com\/#organization","name":"Desaf\u00edos territoriales","url":"https:\/\/territorialchallenges.com\/","logo":{"@type":"ImageObject","inLanguage":"es","@id":"https:\/\/territorialchallenges.com\/#\/schema\/logo\/image\/","url":"https:\/\/territorialchallenges.com\/wp-content\/uploads\/2023\/10\/logo-1.png","contentUrl":"https:\/\/territorialchallenges.com\/wp-content\/uploads\/2023\/10\/logo-1.png","width":1832,"height":576,"caption":"Territorial Challenges"},"image":{"@id":"https:\/\/territorialchallenges.com\/#\/schema\/logo\/image\/"}},{"@type":"Person","@id":"https:\/\/territorialchallenges.com\/#\/schema\/person\/098f145c7c61a021c425e010f840080f","name":"ni.abdi","image":{"@type":"ImageObject","inLanguage":"es","@id":"https:\/\/territorialchallenges.com\/#\/schema\/person\/image\/","url":"https:\/\/secure.gravatar.com\/avatar\/2a2f2491f3c80039986ba989b1e4b510?s=96&d=identicon&r=g","contentUrl":"https:\/\/secure.gravatar.com\/avatar\/2a2f2491f3c80039986ba989b1e4b510?s=96&d=identicon&r=g","caption":"ni.abdi"},"sameAs":["https:\/\/twitter.com\/Ni.abdi"],"url":"https:\/\/territorialchallenges.com\/es\/author\/ni-abdi\/"}]}},"_links":{"self":[{"href":"https:\/\/territorialchallenges.com\/es\/wp-json\/wp\/v2\/posts\/85129"}],"collection":[{"href":"https:\/\/territorialchallenges.com\/es\/wp-json\/wp\/v2\/posts"}],"about":[{"href":"https:\/\/territorialchallenges.com\/es\/wp-json\/wp\/v2\/types\/post"}],"author":[{"embeddable":true,"href":"https:\/\/territorialchallenges.com\/es\/wp-json\/wp\/v2\/users\/11"}],"replies":[{"embeddable":true,"href":"https:\/\/territorialchallenges.com\/es\/wp-json\/wp\/v2\/comments?post=85129"}],"version-history":[{"count":1,"href":"https:\/\/territorialchallenges.com\/es\/wp-json\/wp\/v2\/posts\/85129\/revisions"}],"predecessor-version":[{"id":85134,"href":"https:\/\/territorialchallenges.com\/es\/wp-json\/wp\/v2\/posts\/85129\/revisions\/85134"}],"wp:featuredmedia":[{"embeddable":true,"href":"https:\/\/territorialchallenges.com\/es\/wp-json\/wp\/v2\/media\/85130"}],"wp:attachment":[{"href":"https:\/\/territorialchallenges.com\/es\/wp-json\/wp\/v2\/media?parent=85129"}],"wp:term":[{"taxonomy":"category","embeddable":true,"href":"https:\/\/territorialchallenges.com\/es\/wp-json\/wp\/v2\/categories?post=85129"},{"taxonomy":"post_tag","embeddable":true,"href":"https:\/\/territorialchallenges.com\/es\/wp-json\/wp\/v2\/tags?post=85129"}],"curies":[{"name":"gracias","href":"https:\/\/api.w.org\/{rel}","templated":true}]}}