{"id":85117,"date":"2020-01-20T23:20:38","date_gmt":"2020-01-20T22:20:38","guid":{"rendered":"https:\/\/territorialchallenges.com\/?p=85117"},"modified":"2020-01-20T23:20:38","modified_gmt":"2020-01-20T22:20:38","slug":"reflexion-italienne-sur-la-voiture-autonome-dans-une-smart-city","status":"publish","type":"post","link":"https:\/\/territorialchallenges.com\/es\/2020\/01\/20\/reflexion-italienne-sur-la-voiture-autonome-dans-une-smart-city\/85117\/","title":{"rendered":"Reflexi\u00f3n italiana sobre el coche aut\u00f3nomo en una ciudad inteligente"},"content":{"rendered":"<p>La relaci\u00f3n entre los italianos y la tecnolog\u00eda es compleja. Por un lado, da la impresi\u00f3n de un pa\u00eds siempre algo rezagado. De haberse quedado atr\u00e1s en los grandes avances que la innovaci\u00f3n ha dado en los \u00faltimos a\u00f1os, pero al mismo tiempo, de una Italia que busca constantemente este salto tecnol\u00f3gico que puede... <\/p>\n<div class=\"pmpro_content_message\">Art\u00edculo disponible s\u00f3lo para suscriptores.<br \/><a href=\"https:\/\/territorialchallenges.com\/wp-login.php\">Acceso<\/a><br \/><a href=\"https:\/\/territorialchallenges.com\/es\/wp-login.php\/?action=register\">Registro<\/a><\/div>","protected":false},"excerpt":{"rendered":"<p>La relation entre les Italiens et la technologie est une relation compliqu\u00e9e. D&rsquo;une part, on a l&rsquo;impression d&rsquo;un pays toujours un peu en retard. D&rsquo;avoir pris du retard sur les pas de g\u00e9ant que l&rsquo;innovation a faits ces derni\u00e8res ann\u00e9es, mais en m\u00eame temps d&rsquo;une Italie qui poursuit sans cesse ce saut technologique qui peut... <\/p>\n<div class=\"pmpro_content_message\">Art\u00edculo disponible s\u00f3lo para suscriptores.<br \/><a href=\"https:\/\/territorialchallenges.com\/wp-login.php\">Acceso<\/a><br \/><a href=\"https:\/\/territorialchallenges.com\/es\/wp-login.php\/?action=register\">Registro<\/a><\/div>","protected":false},"author":11,"featured_media":85118,"comment_status":"open","ping_status":"open","sticky":true,"template":"","format":"standard","meta":{"pmpro_default_level":0,"footnotes":""},"categories":[19,127],"tags":[],"blocksy_meta":"","yoast_head":"<!-- This site is optimized with the Yoast SEO plugin v21.5 - https:\/\/yoast.com\/wordpress\/plugins\/seo\/ -->\n<title>R\u00e9flexion italienne sur la voiture autonome dans une smart city - Territorial Challenges<\/title>\n<meta name=\"robots\" content=\"index, follow, max-snippet:-1, max-image-preview:large, max-video-preview:-1\" \/>\n<link rel=\"canonical\" href=\"https:\/\/territorialchallenges.com\/es\/2020\/01\/20\/reflexion-italienne-sur-la-voiture-autonome-dans-une-smart-city\/85117\/\" \/>\n<meta property=\"og:locale\" content=\"es_ES\" \/>\n<meta property=\"og:type\" content=\"article\" \/>\n<meta property=\"og:title\" content=\"R\u00e9flexion italienne sur la voiture autonome dans une smart city - Territorial Challenges\" \/>\n<meta property=\"og:description\" content=\"La relation entre les Italiens et la technologie est une relation compliqu\u00e9e. D&rsquo;une part, on a l&rsquo;impression d&rsquo;un pays toujours un peu en retard. D&rsquo;avoir pris du retard sur les pas de g\u00e9ant que l&rsquo;innovation a faits ces derni\u00e8res ann\u00e9es, mais en m\u00eame temps d&rsquo;une Italie qui poursuit sans cesse ce saut technologique qui peut [&hellip;]\" \/>\n<meta property=\"og:url\" content=\"https:\/\/territorialchallenges.com\/es\/2020\/01\/20\/reflexion-italienne-sur-la-voiture-autonome-dans-une-smart-city\/85117\/\" \/>\n<meta property=\"og:site_name\" content=\"Territorial Challenges\" \/>\n<meta property=\"article:published_time\" content=\"2020-01-20T22:20:38+00:00\" \/>\n<meta property=\"og:image\" content=\"https:\/\/territorialchallenges.com\/wp-content\/uploads\/2020\/01\/italia.jpg\" \/>\n\t<meta property=\"og:image:width\" content=\"1920\" \/>\n\t<meta property=\"og:image:height\" content=\"1543\" \/>\n\t<meta property=\"og:image:type\" content=\"image\/jpeg\" \/>\n<meta name=\"author\" content=\"ni.abdi\" \/>\n<meta name=\"twitter:card\" content=\"summary_large_image\" \/>\n<meta name=\"twitter:creator\" content=\"@Ni.abdi\" \/>\n<meta name=\"twitter:label1\" content=\"Escrito por\" \/>\n\t<meta name=\"twitter:data1\" content=\"ni.abdi\" \/>\n\t<meta name=\"twitter:label2\" content=\"Tiempo de lectura\" \/>\n\t<meta name=\"twitter:data2\" content=\"3 minutos\" \/>\n<script type=\"application\/ld+json\" class=\"yoast-schema-graph\">{\"@context\":\"https:\/\/schema.org\",\"@graph\":[{\"@type\":\"Article\",\"@id\":\"https:\/\/territorialchallenges.com\/2020\/01\/20\/reflexion-italienne-sur-la-voiture-autonome-dans-une-smart-city\/85117\/#article\",\"isPartOf\":{\"@id\":\"https:\/\/territorialchallenges.com\/2020\/01\/20\/reflexion-italienne-sur-la-voiture-autonome-dans-une-smart-city\/85117\/\"},\"author\":{\"name\":\"ni.abdi\",\"@id\":\"https:\/\/territorialchallenges.com\/#\/schema\/person\/098f145c7c61a021c425e010f840080f\"},\"headline\":\"R\u00e9flexion italienne sur la voiture autonome dans une smart city\",\"datePublished\":\"2020-01-20T22:20:38+00:00\",\"dateModified\":\"2020-01-20T22:20:38+00:00\",\"mainEntityOfPage\":{\"@id\":\"https:\/\/territorialchallenges.com\/2020\/01\/20\/reflexion-italienne-sur-la-voiture-autonome-dans-une-smart-city\/85117\/\"},\"wordCount\":692,\"commentCount\":0,\"publisher\":{\"@id\":\"https:\/\/territorialchallenges.com\/#organization\"},\"articleSection\":[\"Territoires Intelligents\",\"Actualit\u00e9 Europe\"],\"inLanguage\":\"es\"},{\"@type\":\"WebPage\",\"@id\":\"https:\/\/territorialchallenges.com\/2020\/01\/20\/reflexion-italienne-sur-la-voiture-autonome-dans-une-smart-city\/85117\/\",\"url\":\"https:\/\/territorialchallenges.com\/2020\/01\/20\/reflexion-italienne-sur-la-voiture-autonome-dans-une-smart-city\/85117\/\",\"name\":\"R\u00e9flexion italienne sur la voiture autonome dans une smart city - Territorial Challenges\",\"isPartOf\":{\"@id\":\"https:\/\/territorialchallenges.com\/#website\"},\"datePublished\":\"2020-01-20T22:20:38+00:00\",\"dateModified\":\"2020-01-20T22:20:38+00:00\",\"breadcrumb\":{\"@id\":\"https:\/\/territorialchallenges.com\/2020\/01\/20\/reflexion-italienne-sur-la-voiture-autonome-dans-une-smart-city\/85117\/#breadcrumb\"},\"inLanguage\":\"es\",\"potentialAction\":[{\"@type\":\"ReadAction\",\"target\":[\"https:\/\/territorialchallenges.com\/2020\/01\/20\/reflexion-italienne-sur-la-voiture-autonome-dans-une-smart-city\/85117\/\"]}]},{\"@type\":\"BreadcrumbList\",\"@id\":\"https:\/\/territorialchallenges.com\/2020\/01\/20\/reflexion-italienne-sur-la-voiture-autonome-dans-une-smart-city\/85117\/#breadcrumb\",\"itemListElement\":[{\"@type\":\"ListItem\",\"position\":1,\"name\":\"Home\",\"item\":\"https:\/\/territorialchallenges.com\/\"},{\"@type\":\"ListItem\",\"position\":2,\"name\":\"R\u00e9flexion italienne sur la voiture autonome dans une smart city\"}]},{\"@type\":\"WebSite\",\"@id\":\"https:\/\/territorialchallenges.com\/#website\",\"url\":\"https:\/\/territorialchallenges.com\/\",\"name\":\"Territorial Challenges\",\"description\":\"Veille Internationale - Strat\u00e9gie Intelligentes - Bonnes pratiques\",\"publisher\":{\"@id\":\"https:\/\/territorialchallenges.com\/#organization\"},\"potentialAction\":[{\"@type\":\"SearchAction\",\"target\":{\"@type\":\"EntryPoint\",\"urlTemplate\":\"https:\/\/territorialchallenges.com\/?s={search_term_string}\"},\"query-input\":\"required name=search_term_string\"}],\"inLanguage\":\"es\"},{\"@type\":\"Organization\",\"@id\":\"https:\/\/territorialchallenges.com\/#organization\",\"name\":\"Territorial Challenges\",\"url\":\"https:\/\/territorialchallenges.com\/\",\"logo\":{\"@type\":\"ImageObject\",\"inLanguage\":\"es\",\"@id\":\"https:\/\/territorialchallenges.com\/#\/schema\/logo\/image\/\",\"url\":\"https:\/\/territorialchallenges.com\/wp-content\/uploads\/2023\/10\/logo-1.png\",\"contentUrl\":\"https:\/\/territorialchallenges.com\/wp-content\/uploads\/2023\/10\/logo-1.png\",\"width\":1832,\"height\":576,\"caption\":\"Territorial Challenges\"},\"image\":{\"@id\":\"https:\/\/territorialchallenges.com\/#\/schema\/logo\/image\/\"}},{\"@type\":\"Person\",\"@id\":\"https:\/\/territorialchallenges.com\/#\/schema\/person\/098f145c7c61a021c425e010f840080f\",\"name\":\"ni.abdi\",\"image\":{\"@type\":\"ImageObject\",\"inLanguage\":\"es\",\"@id\":\"https:\/\/territorialchallenges.com\/#\/schema\/person\/image\/\",\"url\":\"https:\/\/secure.gravatar.com\/avatar\/2a2f2491f3c80039986ba989b1e4b510?s=96&d=identicon&r=g\",\"contentUrl\":\"https:\/\/secure.gravatar.com\/avatar\/2a2f2491f3c80039986ba989b1e4b510?s=96&d=identicon&r=g\",\"caption\":\"ni.abdi\"},\"sameAs\":[\"https:\/\/twitter.com\/Ni.abdi\"],\"url\":\"https:\/\/territorialchallenges.com\/es\/author\/ni-abdi\/\"}]}<\/script>\n<!-- \/ Yoast SEO plugin. -->","yoast_head_json":{"title":"R\u00e9flexion italienne sur la voiture autonome dans une smart city - Territorial Challenges","robots":{"index":"index","follow":"follow","max-snippet":"max-snippet:-1","max-image-preview":"max-image-preview:large","max-video-preview":"max-video-preview:-1"},"canonical":"https:\/\/territorialchallenges.com\/es\/2020\/01\/20\/reflexion-italienne-sur-la-voiture-autonome-dans-une-smart-city\/85117\/","og_locale":"es_ES","og_type":"article","og_title":"R\u00e9flexion italienne sur la voiture autonome dans une smart city - Territorial Challenges","og_description":"La relation entre les Italiens et la technologie est une relation compliqu\u00e9e. D&rsquo;une part, on a l&rsquo;impression d&rsquo;un pays toujours un peu en retard. D&rsquo;avoir pris du retard sur les pas de g\u00e9ant que l&rsquo;innovation a faits ces derni\u00e8res ann\u00e9es, mais en m\u00eame temps d&rsquo;une Italie qui poursuit sans cesse ce saut technologique qui peut [&hellip;]","og_url":"https:\/\/territorialchallenges.com\/es\/2020\/01\/20\/reflexion-italienne-sur-la-voiture-autonome-dans-une-smart-city\/85117\/","og_site_name":"Territorial Challenges","article_published_time":"2020-01-20T22:20:38+00:00","og_image":[{"width":1920,"height":1543,"url":"https:\/\/territorialchallenges.com\/wp-content\/uploads\/2020\/01\/italia.jpg","type":"image\/jpeg"}],"author":"ni.abdi","twitter_card":"summary_large_image","twitter_creator":"@Ni.abdi","twitter_misc":{"Escrito por":"ni.abdi","Tiempo de lectura":"3 minutos"},"schema":{"@context":"https:\/\/schema.org","@graph":[{"@type":"Article","@id":"https:\/\/territorialchallenges.com\/2020\/01\/20\/reflexion-italienne-sur-la-voiture-autonome-dans-une-smart-city\/85117\/#article","isPartOf":{"@id":"https:\/\/territorialchallenges.com\/2020\/01\/20\/reflexion-italienne-sur-la-voiture-autonome-dans-une-smart-city\/85117\/"},"author":{"name":"ni.abdi","@id":"https:\/\/territorialchallenges.com\/#\/schema\/person\/098f145c7c61a021c425e010f840080f"},"headline":"R\u00e9flexion italienne sur la voiture autonome dans une smart city","datePublished":"2020-01-20T22:20:38+00:00","dateModified":"2020-01-20T22:20:38+00:00","mainEntityOfPage":{"@id":"https:\/\/territorialchallenges.com\/2020\/01\/20\/reflexion-italienne-sur-la-voiture-autonome-dans-une-smart-city\/85117\/"},"wordCount":692,"commentCount":0,"publisher":{"@id":"https:\/\/territorialchallenges.com\/#organization"},"articleSection":["Territoires Intelligents","Actualit\u00e9 Europe"],"inLanguage":"es"},{"@type":"WebPage","@id":"https:\/\/territorialchallenges.com\/2020\/01\/20\/reflexion-italienne-sur-la-voiture-autonome-dans-une-smart-city\/85117\/","url":"https:\/\/territorialchallenges.com\/2020\/01\/20\/reflexion-italienne-sur-la-voiture-autonome-dans-une-smart-city\/85117\/","name":"R\u00e9flexion italienne sur la voiture autonome dans une smart city - Territorial Challenges","isPartOf":{"@id":"https:\/\/territorialchallenges.com\/#website"},"datePublished":"2020-01-20T22:20:38+00:00","dateModified":"2020-01-20T22:20:38+00:00","breadcrumb":{"@id":"https:\/\/territorialchallenges.com\/2020\/01\/20\/reflexion-italienne-sur-la-voiture-autonome-dans-une-smart-city\/85117\/#breadcrumb"},"inLanguage":"es","potentialAction":[{"@type":"ReadAction","target":["https:\/\/territorialchallenges.com\/2020\/01\/20\/reflexion-italienne-sur-la-voiture-autonome-dans-une-smart-city\/85117\/"]}]},{"@type":"BreadcrumbList","@id":"https:\/\/territorialchallenges.com\/2020\/01\/20\/reflexion-italienne-sur-la-voiture-autonome-dans-une-smart-city\/85117\/#breadcrumb","itemListElement":[{"@type":"ListItem","position":1,"name":"Home","item":"https:\/\/territorialchallenges.com\/"},{"@type":"ListItem","position":2,"name":"R\u00e9flexion italienne sur la voiture autonome dans une smart city"}]},{"@type":"WebSite","@id":"https:\/\/territorialchallenges.com\/#website","url":"https:\/\/territorialchallenges.com\/","name":"Desaf\u00edos territoriales","description":"Monitoreo Internacional - Estrategias Inteligentes - Mejores Pr\u00e1cticas","publisher":{"@id":"https:\/\/territorialchallenges.com\/#organization"},"potentialAction":[{"@type":"SearchAction","target":{"@type":"EntryPoint","urlTemplate":"https:\/\/territorialchallenges.com\/?s={search_term_string}"},"query-input":"required name=search_term_string"}],"inLanguage":"es"},{"@type":"Organization","@id":"https:\/\/territorialchallenges.com\/#organization","name":"Desaf\u00edos territoriales","url":"https:\/\/territorialchallenges.com\/","logo":{"@type":"ImageObject","inLanguage":"es","@id":"https:\/\/territorialchallenges.com\/#\/schema\/logo\/image\/","url":"https:\/\/territorialchallenges.com\/wp-content\/uploads\/2023\/10\/logo-1.png","contentUrl":"https:\/\/territorialchallenges.com\/wp-content\/uploads\/2023\/10\/logo-1.png","width":1832,"height":576,"caption":"Territorial Challenges"},"image":{"@id":"https:\/\/territorialchallenges.com\/#\/schema\/logo\/image\/"}},{"@type":"Person","@id":"https:\/\/territorialchallenges.com\/#\/schema\/person\/098f145c7c61a021c425e010f840080f","name":"ni.abdi","image":{"@type":"ImageObject","inLanguage":"es","@id":"https:\/\/territorialchallenges.com\/#\/schema\/person\/image\/","url":"https:\/\/secure.gravatar.com\/avatar\/2a2f2491f3c80039986ba989b1e4b510?s=96&d=identicon&r=g","contentUrl":"https:\/\/secure.gravatar.com\/avatar\/2a2f2491f3c80039986ba989b1e4b510?s=96&d=identicon&r=g","caption":"ni.abdi"},"sameAs":["https:\/\/twitter.com\/Ni.abdi"],"url":"https:\/\/territorialchallenges.com\/es\/author\/ni-abdi\/"}]}},"_links":{"self":[{"href":"https:\/\/territorialchallenges.com\/es\/wp-json\/wp\/v2\/posts\/85117"}],"collection":[{"href":"https:\/\/territorialchallenges.com\/es\/wp-json\/wp\/v2\/posts"}],"about":[{"href":"https:\/\/territorialchallenges.com\/es\/wp-json\/wp\/v2\/types\/post"}],"author":[{"embeddable":true,"href":"https:\/\/territorialchallenges.com\/es\/wp-json\/wp\/v2\/users\/11"}],"replies":[{"embeddable":true,"href":"https:\/\/territorialchallenges.com\/es\/wp-json\/wp\/v2\/comments?post=85117"}],"version-history":[{"count":1,"href":"https:\/\/territorialchallenges.com\/es\/wp-json\/wp\/v2\/posts\/85117\/revisions"}],"predecessor-version":[{"id":85122,"href":"https:\/\/territorialchallenges.com\/es\/wp-json\/wp\/v2\/posts\/85117\/revisions\/85122"}],"wp:featuredmedia":[{"embeddable":true,"href":"https:\/\/territorialchallenges.com\/es\/wp-json\/wp\/v2\/media\/85118"}],"wp:attachment":[{"href":"https:\/\/territorialchallenges.com\/es\/wp-json\/wp\/v2\/media?parent=85117"}],"wp:term":[{"taxonomy":"category","embeddable":true,"href":"https:\/\/territorialchallenges.com\/es\/wp-json\/wp\/v2\/categories?post=85117"},{"taxonomy":"post_tag","embeddable":true,"href":"https:\/\/territorialchallenges.com\/es\/wp-json\/wp\/v2\/tags?post=85117"}],"curies":[{"name":"gracias","href":"https:\/\/api.w.org\/{rel}","templated":true}]}}