{"id":85046,"date":"2020-01-12T22:26:30","date_gmt":"2020-01-12T21:26:30","guid":{"rendered":"https:\/\/territorialchallenges.com\/?p=85046"},"modified":"2020-01-12T22:26:30","modified_gmt":"2020-01-12T21:26:30","slug":"dortmund-une-numerisation-en-associant-secteur-prive-et-public","status":"publish","type":"post","link":"https:\/\/territorialchallenges.com\/es\/2020\/01\/12\/dortmund-une-numerisation-en-associant-secteur-prive-et-public\/85046\/","title":{"rendered":"Dortmund: Digitalizaci\u00f3n mediante la integraci\u00f3n de los sectores p\u00fablico y privado"},"content":{"rendered":"<p>A finales de octubre, el gobierno alem\u00e1n celebr\u00f3 su cumbre digital nacional en esta ciudad de m\u00e1s de 600.000 habitantes. Convertida en un referente de buenas pr\u00e1cticas en proyectos de Territorios Inteligentes, la municipalidad de Dortmund fund\u00f3 una &quot;empresa de datos&quot;, una especie de centro de recursos digitales para... <\/p>\n<div class=\"pmpro_content_message\">Art\u00edculo disponible s\u00f3lo para suscriptores.<br \/><a href=\"https:\/\/territorialchallenges.com\/wp-login.php\">Acceso<\/a><br \/><a href=\"https:\/\/territorialchallenges.com\/es\/wp-login.php\/?action=register\">Registro<\/a><\/div>","protected":false},"excerpt":{"rendered":"<p>Fin octobre, c&rsquo;est dans cette ville de plus de 600.000 habitants que le gouvernement allemand a organis\u00e9 son sommet national du num\u00e9rique. Devenu un symbole des bonnes pratiques en mati\u00e8re de projet en Territoires Intelligents, la municipalit\u00e9 de Dortmund a fond\u00e9 une \u00abentreprise de travaux de donn\u00e9es\u00bb, une sorte de centre de ressources num\u00e9riques pour... <\/p>\n<div class=\"pmpro_content_message\">Art\u00edculo disponible s\u00f3lo para suscriptores.<br \/><a href=\"https:\/\/territorialchallenges.com\/wp-login.php\">Acceso<\/a><br \/><a href=\"https:\/\/territorialchallenges.com\/es\/wp-login.php\/?action=register\">Registro<\/a><\/div>","protected":false},"author":11,"featured_media":85047,"comment_status":"open","ping_status":"open","sticky":true,"template":"","format":"standard","meta":{"pmpro_default_level":0,"footnotes":""},"categories":[120,117],"tags":[],"blocksy_meta":"","yoast_head":"<!-- This site is optimized with the Yoast SEO plugin v21.5 - https:\/\/yoast.com\/wordpress\/plugins\/seo\/ -->\n<title>Dortmund, une num\u00e9risation en associant secteur priv\u00e9 et public - Territorial Challenges<\/title>\n<meta name=\"robots\" content=\"index, follow, max-snippet:-1, max-image-preview:large, max-video-preview:-1\" \/>\n<link rel=\"canonical\" href=\"https:\/\/territorialchallenges.com\/es\/2020\/01\/12\/dortmund-une-numerisation-en-associant-secteur-prive-et-public\/85046\/\" \/>\n<meta property=\"og:locale\" content=\"es_ES\" \/>\n<meta property=\"og:type\" content=\"article\" \/>\n<meta property=\"og:title\" content=\"Dortmund, une num\u00e9risation en associant secteur priv\u00e9 et public - Territorial Challenges\" \/>\n<meta property=\"og:description\" content=\"Fin octobre, c&rsquo;est dans cette ville de plus de 600.000 habitants que le gouvernement allemand a organis\u00e9 son sommet national du num\u00e9rique. Devenu un symbole des bonnes pratiques en mati\u00e8re de projet en Territoires Intelligents, la municipalit\u00e9 de Dortmund a fond\u00e9 une \u00abentreprise de travaux de donn\u00e9es\u00bb, une sorte de centre de ressources num\u00e9riques pour [&hellip;]\" \/>\n<meta property=\"og:url\" content=\"https:\/\/territorialchallenges.com\/es\/2020\/01\/12\/dortmund-une-numerisation-en-associant-secteur-prive-et-public\/85046\/\" \/>\n<meta property=\"og:site_name\" content=\"Territorial Challenges\" \/>\n<meta property=\"article:published_time\" content=\"2020-01-12T21:26:30+00:00\" \/>\n<meta property=\"og:image\" content=\"https:\/\/territorialchallenges.com\/wp-content\/uploads\/2020\/01\/dortmund.jpg\" \/>\n\t<meta property=\"og:image:width\" content=\"1920\" \/>\n\t<meta property=\"og:image:height\" content=\"1187\" \/>\n\t<meta property=\"og:image:type\" content=\"image\/jpeg\" \/>\n<meta name=\"author\" content=\"ni.abdi\" \/>\n<meta name=\"twitter:card\" content=\"summary_large_image\" \/>\n<meta name=\"twitter:creator\" content=\"@Ni.abdi\" \/>\n<meta name=\"twitter:label1\" content=\"Escrito por\" \/>\n\t<meta name=\"twitter:data1\" content=\"ni.abdi\" \/>\n\t<meta name=\"twitter:label2\" content=\"Tiempo de lectura\" \/>\n\t<meta name=\"twitter:data2\" content=\"2 minutos\" \/>\n<script type=\"application\/ld+json\" class=\"yoast-schema-graph\">{\"@context\":\"https:\/\/schema.org\",\"@graph\":[{\"@type\":\"Article\",\"@id\":\"https:\/\/territorialchallenges.com\/2020\/01\/12\/dortmund-une-numerisation-en-associant-secteur-prive-et-public\/85046\/#article\",\"isPartOf\":{\"@id\":\"https:\/\/territorialchallenges.com\/2020\/01\/12\/dortmund-une-numerisation-en-associant-secteur-prive-et-public\/85046\/\"},\"author\":{\"name\":\"ni.abdi\",\"@id\":\"https:\/\/territorialchallenges.com\/#\/schema\/person\/098f145c7c61a021c425e010f840080f\"},\"headline\":\"Dortmund, une num\u00e9risation en associant secteur priv\u00e9 et public\",\"datePublished\":\"2020-01-12T21:26:30+00:00\",\"dateModified\":\"2020-01-12T21:26:30+00:00\",\"mainEntityOfPage\":{\"@id\":\"https:\/\/territorialchallenges.com\/2020\/01\/12\/dortmund-une-numerisation-en-associant-secteur-prive-et-public\/85046\/\"},\"wordCount\":521,\"commentCount\":0,\"publisher\":{\"@id\":\"https:\/\/territorialchallenges.com\/#organization\"},\"articleSection\":[\"Il s'est pass\u00e9 \u00e0\",\"\u00c9cosyst\u00e8me\"],\"inLanguage\":\"es\"},{\"@type\":\"WebPage\",\"@id\":\"https:\/\/territorialchallenges.com\/2020\/01\/12\/dortmund-une-numerisation-en-associant-secteur-prive-et-public\/85046\/\",\"url\":\"https:\/\/territorialchallenges.com\/2020\/01\/12\/dortmund-une-numerisation-en-associant-secteur-prive-et-public\/85046\/\",\"name\":\"Dortmund, une num\u00e9risation en associant secteur priv\u00e9 et public - Territorial Challenges\",\"isPartOf\":{\"@id\":\"https:\/\/territorialchallenges.com\/#website\"},\"datePublished\":\"2020-01-12T21:26:30+00:00\",\"dateModified\":\"2020-01-12T21:26:30+00:00\",\"breadcrumb\":{\"@id\":\"https:\/\/territorialchallenges.com\/2020\/01\/12\/dortmund-une-numerisation-en-associant-secteur-prive-et-public\/85046\/#breadcrumb\"},\"inLanguage\":\"es\",\"potentialAction\":[{\"@type\":\"ReadAction\",\"target\":[\"https:\/\/territorialchallenges.com\/2020\/01\/12\/dortmund-une-numerisation-en-associant-secteur-prive-et-public\/85046\/\"]}]},{\"@type\":\"BreadcrumbList\",\"@id\":\"https:\/\/territorialchallenges.com\/2020\/01\/12\/dortmund-une-numerisation-en-associant-secteur-prive-et-public\/85046\/#breadcrumb\",\"itemListElement\":[{\"@type\":\"ListItem\",\"position\":1,\"name\":\"Home\",\"item\":\"https:\/\/territorialchallenges.com\/\"},{\"@type\":\"ListItem\",\"position\":2,\"name\":\"Dortmund, une num\u00e9risation en associant secteur priv\u00e9 et public\"}]},{\"@type\":\"WebSite\",\"@id\":\"https:\/\/territorialchallenges.com\/#website\",\"url\":\"https:\/\/territorialchallenges.com\/\",\"name\":\"Territorial Challenges\",\"description\":\"Veille Internationale - Strat\u00e9gie Intelligentes - Bonnes pratiques\",\"publisher\":{\"@id\":\"https:\/\/territorialchallenges.com\/#organization\"},\"potentialAction\":[{\"@type\":\"SearchAction\",\"target\":{\"@type\":\"EntryPoint\",\"urlTemplate\":\"https:\/\/territorialchallenges.com\/?s={search_term_string}\"},\"query-input\":\"required name=search_term_string\"}],\"inLanguage\":\"es\"},{\"@type\":\"Organization\",\"@id\":\"https:\/\/territorialchallenges.com\/#organization\",\"name\":\"Territorial Challenges\",\"url\":\"https:\/\/territorialchallenges.com\/\",\"logo\":{\"@type\":\"ImageObject\",\"inLanguage\":\"es\",\"@id\":\"https:\/\/territorialchallenges.com\/#\/schema\/logo\/image\/\",\"url\":\"https:\/\/territorialchallenges.com\/wp-content\/uploads\/2023\/10\/logo-1.png\",\"contentUrl\":\"https:\/\/territorialchallenges.com\/wp-content\/uploads\/2023\/10\/logo-1.png\",\"width\":1832,\"height\":576,\"caption\":\"Territorial Challenges\"},\"image\":{\"@id\":\"https:\/\/territorialchallenges.com\/#\/schema\/logo\/image\/\"}},{\"@type\":\"Person\",\"@id\":\"https:\/\/territorialchallenges.com\/#\/schema\/person\/098f145c7c61a021c425e010f840080f\",\"name\":\"ni.abdi\",\"image\":{\"@type\":\"ImageObject\",\"inLanguage\":\"es\",\"@id\":\"https:\/\/territorialchallenges.com\/#\/schema\/person\/image\/\",\"url\":\"https:\/\/secure.gravatar.com\/avatar\/2a2f2491f3c80039986ba989b1e4b510?s=96&d=identicon&r=g\",\"contentUrl\":\"https:\/\/secure.gravatar.com\/avatar\/2a2f2491f3c80039986ba989b1e4b510?s=96&d=identicon&r=g\",\"caption\":\"ni.abdi\"},\"sameAs\":[\"https:\/\/twitter.com\/Ni.abdi\"],\"url\":\"https:\/\/territorialchallenges.com\/es\/author\/ni-abdi\/\"}]}<\/script>\n<!-- \/ Yoast SEO plugin. -->","yoast_head_json":{"title":"Dortmund, une num\u00e9risation en associant secteur priv\u00e9 et public - Territorial Challenges","robots":{"index":"index","follow":"follow","max-snippet":"max-snippet:-1","max-image-preview":"max-image-preview:large","max-video-preview":"max-video-preview:-1"},"canonical":"https:\/\/territorialchallenges.com\/es\/2020\/01\/12\/dortmund-une-numerisation-en-associant-secteur-prive-et-public\/85046\/","og_locale":"es_ES","og_type":"article","og_title":"Dortmund, une num\u00e9risation en associant secteur priv\u00e9 et public - Territorial Challenges","og_description":"Fin octobre, c&rsquo;est dans cette ville de plus de 600.000 habitants que le gouvernement allemand a organis\u00e9 son sommet national du num\u00e9rique. Devenu un symbole des bonnes pratiques en mati\u00e8re de projet en Territoires Intelligents, la municipalit\u00e9 de Dortmund a fond\u00e9 une \u00abentreprise de travaux de donn\u00e9es\u00bb, une sorte de centre de ressources num\u00e9riques pour [&hellip;]","og_url":"https:\/\/territorialchallenges.com\/es\/2020\/01\/12\/dortmund-une-numerisation-en-associant-secteur-prive-et-public\/85046\/","og_site_name":"Territorial Challenges","article_published_time":"2020-01-12T21:26:30+00:00","og_image":[{"width":1920,"height":1187,"url":"https:\/\/territorialchallenges.com\/wp-content\/uploads\/2020\/01\/dortmund.jpg","type":"image\/jpeg"}],"author":"ni.abdi","twitter_card":"summary_large_image","twitter_creator":"@Ni.abdi","twitter_misc":{"Escrito por":"ni.abdi","Tiempo de lectura":"2 minutos"},"schema":{"@context":"https:\/\/schema.org","@graph":[{"@type":"Article","@id":"https:\/\/territorialchallenges.com\/2020\/01\/12\/dortmund-une-numerisation-en-associant-secteur-prive-et-public\/85046\/#article","isPartOf":{"@id":"https:\/\/territorialchallenges.com\/2020\/01\/12\/dortmund-une-numerisation-en-associant-secteur-prive-et-public\/85046\/"},"author":{"name":"ni.abdi","@id":"https:\/\/territorialchallenges.com\/#\/schema\/person\/098f145c7c61a021c425e010f840080f"},"headline":"Dortmund, une num\u00e9risation en associant secteur priv\u00e9 et public","datePublished":"2020-01-12T21:26:30+00:00","dateModified":"2020-01-12T21:26:30+00:00","mainEntityOfPage":{"@id":"https:\/\/territorialchallenges.com\/2020\/01\/12\/dortmund-une-numerisation-en-associant-secteur-prive-et-public\/85046\/"},"wordCount":521,"commentCount":0,"publisher":{"@id":"https:\/\/territorialchallenges.com\/#organization"},"articleSection":["Il s'est pass\u00e9 \u00e0","\u00c9cosyst\u00e8me"],"inLanguage":"es"},{"@type":"WebPage","@id":"https:\/\/territorialchallenges.com\/2020\/01\/12\/dortmund-une-numerisation-en-associant-secteur-prive-et-public\/85046\/","url":"https:\/\/territorialchallenges.com\/2020\/01\/12\/dortmund-une-numerisation-en-associant-secteur-prive-et-public\/85046\/","name":"Dortmund, une num\u00e9risation en associant secteur priv\u00e9 et public - Territorial Challenges","isPartOf":{"@id":"https:\/\/territorialchallenges.com\/#website"},"datePublished":"2020-01-12T21:26:30+00:00","dateModified":"2020-01-12T21:26:30+00:00","breadcrumb":{"@id":"https:\/\/territorialchallenges.com\/2020\/01\/12\/dortmund-une-numerisation-en-associant-secteur-prive-et-public\/85046\/#breadcrumb"},"inLanguage":"es","potentialAction":[{"@type":"ReadAction","target":["https:\/\/territorialchallenges.com\/2020\/01\/12\/dortmund-une-numerisation-en-associant-secteur-prive-et-public\/85046\/"]}]},{"@type":"BreadcrumbList","@id":"https:\/\/territorialchallenges.com\/2020\/01\/12\/dortmund-une-numerisation-en-associant-secteur-prive-et-public\/85046\/#breadcrumb","itemListElement":[{"@type":"ListItem","position":1,"name":"Home","item":"https:\/\/territorialchallenges.com\/"},{"@type":"ListItem","position":2,"name":"Dortmund, une num\u00e9risation en associant secteur priv\u00e9 et public"}]},{"@type":"WebSite","@id":"https:\/\/territorialchallenges.com\/#website","url":"https:\/\/territorialchallenges.com\/","name":"Desaf\u00edos territoriales","description":"Monitoreo Internacional - Estrategias Inteligentes - Mejores Pr\u00e1cticas","publisher":{"@id":"https:\/\/territorialchallenges.com\/#organization"},"potentialAction":[{"@type":"SearchAction","target":{"@type":"EntryPoint","urlTemplate":"https:\/\/territorialchallenges.com\/?s={search_term_string}"},"query-input":"required name=search_term_string"}],"inLanguage":"es"},{"@type":"Organization","@id":"https:\/\/territorialchallenges.com\/#organization","name":"Desaf\u00edos territoriales","url":"https:\/\/territorialchallenges.com\/","logo":{"@type":"ImageObject","inLanguage":"es","@id":"https:\/\/territorialchallenges.com\/#\/schema\/logo\/image\/","url":"https:\/\/territorialchallenges.com\/wp-content\/uploads\/2023\/10\/logo-1.png","contentUrl":"https:\/\/territorialchallenges.com\/wp-content\/uploads\/2023\/10\/logo-1.png","width":1832,"height":576,"caption":"Territorial Challenges"},"image":{"@id":"https:\/\/territorialchallenges.com\/#\/schema\/logo\/image\/"}},{"@type":"Person","@id":"https:\/\/territorialchallenges.com\/#\/schema\/person\/098f145c7c61a021c425e010f840080f","name":"ni.abdi","image":{"@type":"ImageObject","inLanguage":"es","@id":"https:\/\/territorialchallenges.com\/#\/schema\/person\/image\/","url":"https:\/\/secure.gravatar.com\/avatar\/2a2f2491f3c80039986ba989b1e4b510?s=96&d=identicon&r=g","contentUrl":"https:\/\/secure.gravatar.com\/avatar\/2a2f2491f3c80039986ba989b1e4b510?s=96&d=identicon&r=g","caption":"ni.abdi"},"sameAs":["https:\/\/twitter.com\/Ni.abdi"],"url":"https:\/\/territorialchallenges.com\/es\/author\/ni-abdi\/"}]}},"_links":{"self":[{"href":"https:\/\/territorialchallenges.com\/es\/wp-json\/wp\/v2\/posts\/85046"}],"collection":[{"href":"https:\/\/territorialchallenges.com\/es\/wp-json\/wp\/v2\/posts"}],"about":[{"href":"https:\/\/territorialchallenges.com\/es\/wp-json\/wp\/v2\/types\/post"}],"author":[{"embeddable":true,"href":"https:\/\/territorialchallenges.com\/es\/wp-json\/wp\/v2\/users\/11"}],"replies":[{"embeddable":true,"href":"https:\/\/territorialchallenges.com\/es\/wp-json\/wp\/v2\/comments?post=85046"}],"version-history":[{"count":1,"href":"https:\/\/territorialchallenges.com\/es\/wp-json\/wp\/v2\/posts\/85046\/revisions"}],"predecessor-version":[{"id":85051,"href":"https:\/\/territorialchallenges.com\/es\/wp-json\/wp\/v2\/posts\/85046\/revisions\/85051"}],"wp:featuredmedia":[{"embeddable":true,"href":"https:\/\/territorialchallenges.com\/es\/wp-json\/wp\/v2\/media\/85047"}],"wp:attachment":[{"href":"https:\/\/territorialchallenges.com\/es\/wp-json\/wp\/v2\/media?parent=85046"}],"wp:term":[{"taxonomy":"category","embeddable":true,"href":"https:\/\/territorialchallenges.com\/es\/wp-json\/wp\/v2\/categories?post=85046"},{"taxonomy":"post_tag","embeddable":true,"href":"https:\/\/territorialchallenges.com\/es\/wp-json\/wp\/v2\/tags?post=85046"}],"curies":[{"name":"gracias","href":"https:\/\/api.w.org\/{rel}","templated":true}]}}