{"id":85038,"date":"2020-01-09T18:07:11","date_gmt":"2020-01-09T17:07:11","guid":{"rendered":"https:\/\/territorialchallenges.com\/?p=85038"},"modified":"2020-01-09T18:10:48","modified_gmt":"2020-01-09T17:10:48","slug":"park-won-soon-le-maire-de-seoul-en-vedette-au-ces-las-vegas","status":"publish","type":"post","link":"https:\/\/territorialchallenges.com\/es\/2020\/01\/09\/park-won-soon-le-maire-de-seoul-en-vedette-au-ces-las-vegas\/85038\/","title":{"rendered":"El alcalde de Se\u00fal, Park Won-soon, protagonizar\u00e1 el CES de Las Vegas"},"content":{"rendered":"<p>Durante estos cuatro d\u00edas del evento digital global, el alcalde de Se\u00fal es sin duda la estrella del programa Territorios Inteligentes, ideado por los l\u00edderes del CES Las Vegas 2020. As\u00ed, en el tema de las comunidades locales, Corea del Sur se roba el protagonismo en esta edici\u00f3n, tanto por encima de China como de los pa\u00edses europeos. El\u2026 <\/p>\n<div class=\"pmpro_content_message\">Art\u00edculo disponible s\u00f3lo para suscriptores.<br \/><a href=\"https:\/\/territorialchallenges.com\/wp-login.php\">Acceso<\/a><br \/><a href=\"https:\/\/territorialchallenges.com\/es\/wp-login.php\/?action=register\">Registro<\/a><\/div>","protected":false},"excerpt":{"rendered":"<p>Durant ces quatre jours de l&rsquo;\u00e9v\u00e8nement mondial du num\u00e9rique, sans contexte le maire de Seoul est la vedette du programme Territoires Intelligents concoct\u00e9 par les responsables du CES Las Vegas 2020. Ainsi, \u00e0 la th\u00e9matique collectivit\u00e9s locales, la Cor\u00e9e du Sud vole la vedette durant cette \u00e9dition, autant \u00e0 la Chine qu&rsquo;aux pays europ\u00e9ens. Le... <\/p>\n<div class=\"pmpro_content_message\">Art\u00edculo disponible s\u00f3lo para suscriptores.<br \/><a href=\"https:\/\/territorialchallenges.com\/wp-login.php\">Acceso<\/a><br \/><a href=\"https:\/\/territorialchallenges.com\/es\/wp-login.php\/?action=register\">Registro<\/a><\/div>","protected":false},"author":11,"featured_media":85044,"comment_status":"open","ping_status":"open","sticky":true,"template":"","format":"standard","meta":{"pmpro_default_level":0,"footnotes":""},"categories":[126,117],"tags":[],"blocksy_meta":"","yoast_head":"<!-- This site is optimized with the Yoast SEO plugin v21.5 - https:\/\/yoast.com\/wordpress\/plugins\/seo\/ -->\n<title>Park Won-Soon, le maire de Seoul en vedette au CES Las Vegas - Territorial Challenges<\/title>\n<meta name=\"robots\" content=\"index, follow, max-snippet:-1, max-image-preview:large, max-video-preview:-1\" \/>\n<link rel=\"canonical\" href=\"https:\/\/territorialchallenges.com\/es\/2020\/01\/09\/park-won-soon-le-maire-de-seoul-en-vedette-au-ces-las-vegas\/85038\/\" \/>\n<meta property=\"og:locale\" content=\"es_ES\" \/>\n<meta property=\"og:type\" content=\"article\" \/>\n<meta property=\"og:title\" content=\"Park Won-Soon, le maire de Seoul en vedette au CES Las Vegas - Territorial Challenges\" \/>\n<meta property=\"og:description\" content=\"Durant ces quatre jours de l&rsquo;\u00e9v\u00e8nement mondial du num\u00e9rique, sans contexte le maire de Seoul est la vedette du programme Territoires Intelligents concoct\u00e9 par les responsables du CES Las Vegas 2020. Ainsi, \u00e0 la th\u00e9matique collectivit\u00e9s locales, la Cor\u00e9e du Sud vole la vedette durant cette \u00e9dition, autant \u00e0 la Chine qu&rsquo;aux pays europ\u00e9ens. Le [&hellip;]\" \/>\n<meta property=\"og:url\" content=\"https:\/\/territorialchallenges.com\/es\/2020\/01\/09\/park-won-soon-le-maire-de-seoul-en-vedette-au-ces-las-vegas\/85038\/\" \/>\n<meta property=\"og:site_name\" content=\"Territorial Challenges\" \/>\n<meta property=\"article:published_time\" content=\"2020-01-09T17:07:11+00:00\" \/>\n<meta property=\"article:modified_time\" content=\"2020-01-09T17:10:48+00:00\" \/>\n<meta property=\"og:image\" content=\"https:\/\/territorialchallenges.com\/wp-content\/uploads\/2020\/01\/seoul.jpg\" \/>\n\t<meta property=\"og:image:width\" content=\"940\" \/>\n\t<meta property=\"og:image:height\" content=\"508\" \/>\n\t<meta property=\"og:image:type\" content=\"image\/jpeg\" \/>\n<meta name=\"author\" content=\"ni.abdi\" \/>\n<meta name=\"twitter:card\" content=\"summary_large_image\" \/>\n<meta name=\"twitter:creator\" content=\"@Ni.abdi\" \/>\n<meta name=\"twitter:label1\" content=\"Escrito por\" \/>\n\t<meta name=\"twitter:data1\" content=\"ni.abdi\" \/>\n\t<meta name=\"twitter:label2\" content=\"Tiempo de lectura\" \/>\n\t<meta name=\"twitter:data2\" content=\"2 minutos\" \/>\n<script type=\"application\/ld+json\" class=\"yoast-schema-graph\">{\"@context\":\"https:\/\/schema.org\",\"@graph\":[{\"@type\":\"Article\",\"@id\":\"https:\/\/territorialchallenges.com\/2020\/01\/09\/park-won-soon-le-maire-de-seoul-en-vedette-au-ces-las-vegas\/85038\/#article\",\"isPartOf\":{\"@id\":\"https:\/\/territorialchallenges.com\/2020\/01\/09\/park-won-soon-le-maire-de-seoul-en-vedette-au-ces-las-vegas\/85038\/\"},\"author\":{\"name\":\"ni.abdi\",\"@id\":\"https:\/\/territorialchallenges.com\/#\/schema\/person\/098f145c7c61a021c425e010f840080f\"},\"headline\":\"Park Won-Soon, le maire de Seoul en vedette au CES Las Vegas\",\"datePublished\":\"2020-01-09T17:07:11+00:00\",\"dateModified\":\"2020-01-09T17:10:48+00:00\",\"mainEntityOfPage\":{\"@id\":\"https:\/\/territorialchallenges.com\/2020\/01\/09\/park-won-soon-le-maire-de-seoul-en-vedette-au-ces-las-vegas\/85038\/\"},\"wordCount\":456,\"commentCount\":0,\"publisher\":{\"@id\":\"https:\/\/territorialchallenges.com\/#organization\"},\"articleSection\":[\"On parle d'eux\",\"\u00c9cosyst\u00e8me\"],\"inLanguage\":\"es\"},{\"@type\":\"WebPage\",\"@id\":\"https:\/\/territorialchallenges.com\/2020\/01\/09\/park-won-soon-le-maire-de-seoul-en-vedette-au-ces-las-vegas\/85038\/\",\"url\":\"https:\/\/territorialchallenges.com\/2020\/01\/09\/park-won-soon-le-maire-de-seoul-en-vedette-au-ces-las-vegas\/85038\/\",\"name\":\"Park Won-Soon, le maire de Seoul en vedette au CES Las Vegas - Territorial Challenges\",\"isPartOf\":{\"@id\":\"https:\/\/territorialchallenges.com\/#website\"},\"datePublished\":\"2020-01-09T17:07:11+00:00\",\"dateModified\":\"2020-01-09T17:10:48+00:00\",\"breadcrumb\":{\"@id\":\"https:\/\/territorialchallenges.com\/2020\/01\/09\/park-won-soon-le-maire-de-seoul-en-vedette-au-ces-las-vegas\/85038\/#breadcrumb\"},\"inLanguage\":\"es\",\"potentialAction\":[{\"@type\":\"ReadAction\",\"target\":[\"https:\/\/territorialchallenges.com\/2020\/01\/09\/park-won-soon-le-maire-de-seoul-en-vedette-au-ces-las-vegas\/85038\/\"]}]},{\"@type\":\"BreadcrumbList\",\"@id\":\"https:\/\/territorialchallenges.com\/2020\/01\/09\/park-won-soon-le-maire-de-seoul-en-vedette-au-ces-las-vegas\/85038\/#breadcrumb\",\"itemListElement\":[{\"@type\":\"ListItem\",\"position\":1,\"name\":\"Home\",\"item\":\"https:\/\/territorialchallenges.com\/\"},{\"@type\":\"ListItem\",\"position\":2,\"name\":\"Park Won-Soon, le maire de Seoul en vedette au CES Las Vegas\"}]},{\"@type\":\"WebSite\",\"@id\":\"https:\/\/territorialchallenges.com\/#website\",\"url\":\"https:\/\/territorialchallenges.com\/\",\"name\":\"Territorial Challenges\",\"description\":\"Veille Internationale - Strat\u00e9gie Intelligentes - Bonnes pratiques\",\"publisher\":{\"@id\":\"https:\/\/territorialchallenges.com\/#organization\"},\"potentialAction\":[{\"@type\":\"SearchAction\",\"target\":{\"@type\":\"EntryPoint\",\"urlTemplate\":\"https:\/\/territorialchallenges.com\/?s={search_term_string}\"},\"query-input\":\"required name=search_term_string\"}],\"inLanguage\":\"es\"},{\"@type\":\"Organization\",\"@id\":\"https:\/\/territorialchallenges.com\/#organization\",\"name\":\"Territorial Challenges\",\"url\":\"https:\/\/territorialchallenges.com\/\",\"logo\":{\"@type\":\"ImageObject\",\"inLanguage\":\"es\",\"@id\":\"https:\/\/territorialchallenges.com\/#\/schema\/logo\/image\/\",\"url\":\"https:\/\/territorialchallenges.com\/wp-content\/uploads\/2023\/10\/logo-1.png\",\"contentUrl\":\"https:\/\/territorialchallenges.com\/wp-content\/uploads\/2023\/10\/logo-1.png\",\"width\":1832,\"height\":576,\"caption\":\"Territorial Challenges\"},\"image\":{\"@id\":\"https:\/\/territorialchallenges.com\/#\/schema\/logo\/image\/\"}},{\"@type\":\"Person\",\"@id\":\"https:\/\/territorialchallenges.com\/#\/schema\/person\/098f145c7c61a021c425e010f840080f\",\"name\":\"ni.abdi\",\"image\":{\"@type\":\"ImageObject\",\"inLanguage\":\"es\",\"@id\":\"https:\/\/territorialchallenges.com\/#\/schema\/person\/image\/\",\"url\":\"https:\/\/secure.gravatar.com\/avatar\/2a2f2491f3c80039986ba989b1e4b510?s=96&d=identicon&r=g\",\"contentUrl\":\"https:\/\/secure.gravatar.com\/avatar\/2a2f2491f3c80039986ba989b1e4b510?s=96&d=identicon&r=g\",\"caption\":\"ni.abdi\"},\"sameAs\":[\"https:\/\/twitter.com\/Ni.abdi\"],\"url\":\"https:\/\/territorialchallenges.com\/es\/author\/ni-abdi\/\"}]}<\/script>\n<!-- \/ Yoast SEO plugin. -->","yoast_head_json":{"title":"Park Won-Soon, le maire de Seoul en vedette au CES Las Vegas - Territorial Challenges","robots":{"index":"index","follow":"follow","max-snippet":"max-snippet:-1","max-image-preview":"max-image-preview:large","max-video-preview":"max-video-preview:-1"},"canonical":"https:\/\/territorialchallenges.com\/es\/2020\/01\/09\/park-won-soon-le-maire-de-seoul-en-vedette-au-ces-las-vegas\/85038\/","og_locale":"es_ES","og_type":"article","og_title":"Park Won-Soon, le maire de Seoul en vedette au CES Las Vegas - Territorial Challenges","og_description":"Durant ces quatre jours de l&rsquo;\u00e9v\u00e8nement mondial du num\u00e9rique, sans contexte le maire de Seoul est la vedette du programme Territoires Intelligents concoct\u00e9 par les responsables du CES Las Vegas 2020. Ainsi, \u00e0 la th\u00e9matique collectivit\u00e9s locales, la Cor\u00e9e du Sud vole la vedette durant cette \u00e9dition, autant \u00e0 la Chine qu&rsquo;aux pays europ\u00e9ens. Le [&hellip;]","og_url":"https:\/\/territorialchallenges.com\/es\/2020\/01\/09\/park-won-soon-le-maire-de-seoul-en-vedette-au-ces-las-vegas\/85038\/","og_site_name":"Territorial Challenges","article_published_time":"2020-01-09T17:07:11+00:00","article_modified_time":"2020-01-09T17:10:48+00:00","og_image":[{"width":940,"height":508,"url":"https:\/\/territorialchallenges.com\/wp-content\/uploads\/2020\/01\/seoul.jpg","type":"image\/jpeg"}],"author":"ni.abdi","twitter_card":"summary_large_image","twitter_creator":"@Ni.abdi","twitter_misc":{"Escrito por":"ni.abdi","Tiempo de lectura":"2 minutos"},"schema":{"@context":"https:\/\/schema.org","@graph":[{"@type":"Article","@id":"https:\/\/territorialchallenges.com\/2020\/01\/09\/park-won-soon-le-maire-de-seoul-en-vedette-au-ces-las-vegas\/85038\/#article","isPartOf":{"@id":"https:\/\/territorialchallenges.com\/2020\/01\/09\/park-won-soon-le-maire-de-seoul-en-vedette-au-ces-las-vegas\/85038\/"},"author":{"name":"ni.abdi","@id":"https:\/\/territorialchallenges.com\/#\/schema\/person\/098f145c7c61a021c425e010f840080f"},"headline":"Park Won-Soon, le maire de Seoul en vedette au CES Las Vegas","datePublished":"2020-01-09T17:07:11+00:00","dateModified":"2020-01-09T17:10:48+00:00","mainEntityOfPage":{"@id":"https:\/\/territorialchallenges.com\/2020\/01\/09\/park-won-soon-le-maire-de-seoul-en-vedette-au-ces-las-vegas\/85038\/"},"wordCount":456,"commentCount":0,"publisher":{"@id":"https:\/\/territorialchallenges.com\/#organization"},"articleSection":["On parle d'eux","\u00c9cosyst\u00e8me"],"inLanguage":"es"},{"@type":"WebPage","@id":"https:\/\/territorialchallenges.com\/2020\/01\/09\/park-won-soon-le-maire-de-seoul-en-vedette-au-ces-las-vegas\/85038\/","url":"https:\/\/territorialchallenges.com\/2020\/01\/09\/park-won-soon-le-maire-de-seoul-en-vedette-au-ces-las-vegas\/85038\/","name":"Park Won-Soon, le maire de Seoul en vedette au CES Las Vegas - Territorial Challenges","isPartOf":{"@id":"https:\/\/territorialchallenges.com\/#website"},"datePublished":"2020-01-09T17:07:11+00:00","dateModified":"2020-01-09T17:10:48+00:00","breadcrumb":{"@id":"https:\/\/territorialchallenges.com\/2020\/01\/09\/park-won-soon-le-maire-de-seoul-en-vedette-au-ces-las-vegas\/85038\/#breadcrumb"},"inLanguage":"es","potentialAction":[{"@type":"ReadAction","target":["https:\/\/territorialchallenges.com\/2020\/01\/09\/park-won-soon-le-maire-de-seoul-en-vedette-au-ces-las-vegas\/85038\/"]}]},{"@type":"BreadcrumbList","@id":"https:\/\/territorialchallenges.com\/2020\/01\/09\/park-won-soon-le-maire-de-seoul-en-vedette-au-ces-las-vegas\/85038\/#breadcrumb","itemListElement":[{"@type":"ListItem","position":1,"name":"Home","item":"https:\/\/territorialchallenges.com\/"},{"@type":"ListItem","position":2,"name":"Park Won-Soon, le maire de Seoul en vedette au CES Las Vegas"}]},{"@type":"WebSite","@id":"https:\/\/territorialchallenges.com\/#website","url":"https:\/\/territorialchallenges.com\/","name":"Desaf\u00edos territoriales","description":"Monitoreo Internacional - Estrategias Inteligentes - Mejores Pr\u00e1cticas","publisher":{"@id":"https:\/\/territorialchallenges.com\/#organization"},"potentialAction":[{"@type":"SearchAction","target":{"@type":"EntryPoint","urlTemplate":"https:\/\/territorialchallenges.com\/?s={search_term_string}"},"query-input":"required name=search_term_string"}],"inLanguage":"es"},{"@type":"Organization","@id":"https:\/\/territorialchallenges.com\/#organization","name":"Desaf\u00edos territoriales","url":"https:\/\/territorialchallenges.com\/","logo":{"@type":"ImageObject","inLanguage":"es","@id":"https:\/\/territorialchallenges.com\/#\/schema\/logo\/image\/","url":"https:\/\/territorialchallenges.com\/wp-content\/uploads\/2023\/10\/logo-1.png","contentUrl":"https:\/\/territorialchallenges.com\/wp-content\/uploads\/2023\/10\/logo-1.png","width":1832,"height":576,"caption":"Territorial Challenges"},"image":{"@id":"https:\/\/territorialchallenges.com\/#\/schema\/logo\/image\/"}},{"@type":"Person","@id":"https:\/\/territorialchallenges.com\/#\/schema\/person\/098f145c7c61a021c425e010f840080f","name":"ni.abdi","image":{"@type":"ImageObject","inLanguage":"es","@id":"https:\/\/territorialchallenges.com\/#\/schema\/person\/image\/","url":"https:\/\/secure.gravatar.com\/avatar\/2a2f2491f3c80039986ba989b1e4b510?s=96&d=identicon&r=g","contentUrl":"https:\/\/secure.gravatar.com\/avatar\/2a2f2491f3c80039986ba989b1e4b510?s=96&d=identicon&r=g","caption":"ni.abdi"},"sameAs":["https:\/\/twitter.com\/Ni.abdi"],"url":"https:\/\/territorialchallenges.com\/es\/author\/ni-abdi\/"}]}},"_links":{"self":[{"href":"https:\/\/territorialchallenges.com\/es\/wp-json\/wp\/v2\/posts\/85038"}],"collection":[{"href":"https:\/\/territorialchallenges.com\/es\/wp-json\/wp\/v2\/posts"}],"about":[{"href":"https:\/\/territorialchallenges.com\/es\/wp-json\/wp\/v2\/types\/post"}],"author":[{"embeddable":true,"href":"https:\/\/territorialchallenges.com\/es\/wp-json\/wp\/v2\/users\/11"}],"replies":[{"embeddable":true,"href":"https:\/\/territorialchallenges.com\/es\/wp-json\/wp\/v2\/comments?post=85038"}],"version-history":[{"count":1,"href":"https:\/\/territorialchallenges.com\/es\/wp-json\/wp\/v2\/posts\/85038\/revisions"}],"predecessor-version":[{"id":85043,"href":"https:\/\/territorialchallenges.com\/es\/wp-json\/wp\/v2\/posts\/85038\/revisions\/85043"}],"wp:featuredmedia":[{"embeddable":true,"href":"https:\/\/territorialchallenges.com\/es\/wp-json\/wp\/v2\/media\/85044"}],"wp:attachment":[{"href":"https:\/\/territorialchallenges.com\/es\/wp-json\/wp\/v2\/media?parent=85038"}],"wp:term":[{"taxonomy":"category","embeddable":true,"href":"https:\/\/territorialchallenges.com\/es\/wp-json\/wp\/v2\/categories?post=85038"},{"taxonomy":"post_tag","embeddable":true,"href":"https:\/\/territorialchallenges.com\/es\/wp-json\/wp\/v2\/tags?post=85038"}],"curies":[{"name":"gracias","href":"https:\/\/api.w.org\/{rel}","templated":true}]}}