{"id":85002,"date":"2020-01-02T19:31:29","date_gmt":"2020-01-02T18:31:29","guid":{"rendered":"https:\/\/territorialchallenges.com\/?p=85002"},"modified":"2020-01-02T19:31:29","modified_gmt":"2020-01-02T18:31:29","slug":"iot-reflexions-juridiques-sur-la-confidentialite-des-donnees","status":"publish","type":"post","link":"https:\/\/territorialchallenges.com\/es\/2020\/01\/02\/iot-reflexions-juridiques-sur-la-confidentialite-des-donnees\/85002\/","title":{"rendered":"IoT: Consideraciones legales sobre la privacidad de datos"},"content":{"rendered":"<p>Los objetos conectados y las numerosas tecnolog\u00edas asociadas a ellos est\u00e1n desafiando el pensamiento y los marcos legales existentes. Las autoridades locales, los gobiernos territoriales, las empresas y los profesionales deben comprender y cumplir las regulaciones que promueven una mayor transparencia de los datos del IoT y las pol\u00edticas de seguridad. La era de la vigilancia tecnol\u00f3gica ubicua... <\/p>\n<div class=\"pmpro_content_message\">Art\u00edculo disponible s\u00f3lo para suscriptores.<br \/><a href=\"https:\/\/territorialchallenges.com\/wp-login.php\">Acceso<\/a><br \/><a href=\"https:\/\/territorialchallenges.com\/es\/wp-login.php\/?action=register\">Registro<\/a><\/div>","protected":false},"excerpt":{"rendered":"<p>Les objets connect\u00e9s et les nombreuses technologies qui y sont associ\u00e9es remettent en question la r\u00e9flexion et les structures juridiques existantes. Les collectivit\u00e9s locales, administrations territoriales, entreprises et professionnel doivent comprendre et respecter les r\u00e9glementations qui favorisent une plus grande transparence des donn\u00e9es IoT et des politiques de s\u00e9curit\u00e9. L&rsquo;\u00e8re de la surveillance technologique omnipr\u00e9sente... <\/p>\n<div class=\"pmpro_content_message\">Art\u00edculo disponible s\u00f3lo para suscriptores.<br \/><a href=\"https:\/\/territorialchallenges.com\/wp-login.php\">Acceso<\/a><br \/><a href=\"https:\/\/territorialchallenges.com\/es\/wp-login.php\/?action=register\">Registro<\/a><\/div>","protected":false},"author":11,"featured_media":85003,"comment_status":"open","ping_status":"open","sticky":true,"template":"","format":"standard","meta":{"pmpro_default_level":0,"footnotes":""},"categories":[16,124],"tags":[],"blocksy_meta":"","yoast_head":"<!-- This site is optimized with the Yoast SEO plugin v21.5 - https:\/\/yoast.com\/wordpress\/plugins\/seo\/ -->\n<title>IoT: R\u00e9flexions juridiques sur la confidentialit\u00e9 des donn\u00e9es - Territorial Challenges<\/title>\n<meta name=\"robots\" content=\"index, follow, max-snippet:-1, max-image-preview:large, max-video-preview:-1\" \/>\n<link rel=\"canonical\" href=\"https:\/\/territorialchallenges.com\/es\/2020\/01\/02\/iot-reflexions-juridiques-sur-la-confidentialite-des-donnees\/85002\/\" \/>\n<meta property=\"og:locale\" content=\"es_ES\" \/>\n<meta property=\"og:type\" content=\"article\" \/>\n<meta property=\"og:title\" content=\"IoT: R\u00e9flexions juridiques sur la confidentialit\u00e9 des donn\u00e9es - Territorial Challenges\" \/>\n<meta property=\"og:description\" content=\"Les objets connect\u00e9s et les nombreuses technologies qui y sont associ\u00e9es remettent en question la r\u00e9flexion et les structures juridiques existantes. Les collectivit\u00e9s locales, administrations territoriales, entreprises et professionnel doivent comprendre et respecter les r\u00e9glementations qui favorisent une plus grande transparence des donn\u00e9es IoT et des politiques de s\u00e9curit\u00e9. L&rsquo;\u00e8re de la surveillance technologique omnipr\u00e9sente [&hellip;]\" \/>\n<meta property=\"og:url\" content=\"https:\/\/territorialchallenges.com\/es\/2020\/01\/02\/iot-reflexions-juridiques-sur-la-confidentialite-des-donnees\/85002\/\" \/>\n<meta property=\"og:site_name\" content=\"Territorial Challenges\" \/>\n<meta property=\"article:published_time\" content=\"2020-01-02T18:31:29+00:00\" \/>\n<meta property=\"og:image\" content=\"https:\/\/territorialchallenges.com\/wp-content\/uploads\/2020\/01\/iotjuridic.jpg\" \/>\n\t<meta property=\"og:image:width\" content=\"1920\" \/>\n\t<meta property=\"og:image:height\" content=\"1341\" \/>\n\t<meta property=\"og:image:type\" content=\"image\/jpeg\" \/>\n<meta name=\"author\" content=\"ni.abdi\" \/>\n<meta name=\"twitter:card\" content=\"summary_large_image\" \/>\n<meta name=\"twitter:creator\" content=\"@Ni.abdi\" \/>\n<meta name=\"twitter:label1\" content=\"Escrito por\" \/>\n\t<meta name=\"twitter:data1\" content=\"ni.abdi\" \/>\n\t<meta name=\"twitter:label2\" content=\"Tiempo de lectura\" \/>\n\t<meta name=\"twitter:data2\" content=\"4 minutos\" \/>\n<script type=\"application\/ld+json\" class=\"yoast-schema-graph\">{\"@context\":\"https:\/\/schema.org\",\"@graph\":[{\"@type\":\"Article\",\"@id\":\"https:\/\/territorialchallenges.com\/2020\/01\/02\/iot-reflexions-juridiques-sur-la-confidentialite-des-donnees\/85002\/#article\",\"isPartOf\":{\"@id\":\"https:\/\/territorialchallenges.com\/2020\/01\/02\/iot-reflexions-juridiques-sur-la-confidentialite-des-donnees\/85002\/\"},\"author\":{\"name\":\"ni.abdi\",\"@id\":\"https:\/\/territorialchallenges.com\/#\/schema\/person\/098f145c7c61a021c425e010f840080f\"},\"headline\":\"IoT: R\u00e9flexions juridiques sur la confidentialit\u00e9 des donn\u00e9es\",\"datePublished\":\"2020-01-02T18:31:29+00:00\",\"dateModified\":\"2020-01-02T18:31:29+00:00\",\"mainEntityOfPage\":{\"@id\":\"https:\/\/territorialchallenges.com\/2020\/01\/02\/iot-reflexions-juridiques-sur-la-confidentialite-des-donnees\/85002\/\"},\"wordCount\":832,\"commentCount\":0,\"publisher\":{\"@id\":\"https:\/\/territorialchallenges.com\/#organization\"},\"articleSection\":[\"Donn\u00e9es\/Objets Connect\u00e9s\",\"Actualit\u00e9 internationale\"],\"inLanguage\":\"es\"},{\"@type\":\"WebPage\",\"@id\":\"https:\/\/territorialchallenges.com\/2020\/01\/02\/iot-reflexions-juridiques-sur-la-confidentialite-des-donnees\/85002\/\",\"url\":\"https:\/\/territorialchallenges.com\/2020\/01\/02\/iot-reflexions-juridiques-sur-la-confidentialite-des-donnees\/85002\/\",\"name\":\"IoT: R\u00e9flexions juridiques sur la confidentialit\u00e9 des donn\u00e9es - Territorial Challenges\",\"isPartOf\":{\"@id\":\"https:\/\/territorialchallenges.com\/#website\"},\"datePublished\":\"2020-01-02T18:31:29+00:00\",\"dateModified\":\"2020-01-02T18:31:29+00:00\",\"breadcrumb\":{\"@id\":\"https:\/\/territorialchallenges.com\/2020\/01\/02\/iot-reflexions-juridiques-sur-la-confidentialite-des-donnees\/85002\/#breadcrumb\"},\"inLanguage\":\"es\",\"potentialAction\":[{\"@type\":\"ReadAction\",\"target\":[\"https:\/\/territorialchallenges.com\/2020\/01\/02\/iot-reflexions-juridiques-sur-la-confidentialite-des-donnees\/85002\/\"]}]},{\"@type\":\"BreadcrumbList\",\"@id\":\"https:\/\/territorialchallenges.com\/2020\/01\/02\/iot-reflexions-juridiques-sur-la-confidentialite-des-donnees\/85002\/#breadcrumb\",\"itemListElement\":[{\"@type\":\"ListItem\",\"position\":1,\"name\":\"Home\",\"item\":\"https:\/\/territorialchallenges.com\/\"},{\"@type\":\"ListItem\",\"position\":2,\"name\":\"IoT: R\u00e9flexions juridiques sur la confidentialit\u00e9 des donn\u00e9es\"}]},{\"@type\":\"WebSite\",\"@id\":\"https:\/\/territorialchallenges.com\/#website\",\"url\":\"https:\/\/territorialchallenges.com\/\",\"name\":\"Territorial Challenges\",\"description\":\"Veille Internationale - Strat\u00e9gie Intelligentes - Bonnes pratiques\",\"publisher\":{\"@id\":\"https:\/\/territorialchallenges.com\/#organization\"},\"potentialAction\":[{\"@type\":\"SearchAction\",\"target\":{\"@type\":\"EntryPoint\",\"urlTemplate\":\"https:\/\/territorialchallenges.com\/?s={search_term_string}\"},\"query-input\":\"required name=search_term_string\"}],\"inLanguage\":\"es\"},{\"@type\":\"Organization\",\"@id\":\"https:\/\/territorialchallenges.com\/#organization\",\"name\":\"Territorial Challenges\",\"url\":\"https:\/\/territorialchallenges.com\/\",\"logo\":{\"@type\":\"ImageObject\",\"inLanguage\":\"es\",\"@id\":\"https:\/\/territorialchallenges.com\/#\/schema\/logo\/image\/\",\"url\":\"https:\/\/territorialchallenges.com\/wp-content\/uploads\/2023\/10\/logo-1.png\",\"contentUrl\":\"https:\/\/territorialchallenges.com\/wp-content\/uploads\/2023\/10\/logo-1.png\",\"width\":1832,\"height\":576,\"caption\":\"Territorial Challenges\"},\"image\":{\"@id\":\"https:\/\/territorialchallenges.com\/#\/schema\/logo\/image\/\"}},{\"@type\":\"Person\",\"@id\":\"https:\/\/territorialchallenges.com\/#\/schema\/person\/098f145c7c61a021c425e010f840080f\",\"name\":\"ni.abdi\",\"image\":{\"@type\":\"ImageObject\",\"inLanguage\":\"es\",\"@id\":\"https:\/\/territorialchallenges.com\/#\/schema\/person\/image\/\",\"url\":\"https:\/\/secure.gravatar.com\/avatar\/2a2f2491f3c80039986ba989b1e4b510?s=96&d=identicon&r=g\",\"contentUrl\":\"https:\/\/secure.gravatar.com\/avatar\/2a2f2491f3c80039986ba989b1e4b510?s=96&d=identicon&r=g\",\"caption\":\"ni.abdi\"},\"sameAs\":[\"https:\/\/twitter.com\/Ni.abdi\"],\"url\":\"https:\/\/territorialchallenges.com\/es\/author\/ni-abdi\/\"}]}<\/script>\n<!-- \/ Yoast SEO plugin. -->","yoast_head_json":{"title":"IoT: R\u00e9flexions juridiques sur la confidentialit\u00e9 des donn\u00e9es - Territorial Challenges","robots":{"index":"index","follow":"follow","max-snippet":"max-snippet:-1","max-image-preview":"max-image-preview:large","max-video-preview":"max-video-preview:-1"},"canonical":"https:\/\/territorialchallenges.com\/es\/2020\/01\/02\/iot-reflexions-juridiques-sur-la-confidentialite-des-donnees\/85002\/","og_locale":"es_ES","og_type":"article","og_title":"IoT: R\u00e9flexions juridiques sur la confidentialit\u00e9 des donn\u00e9es - Territorial Challenges","og_description":"Les objets connect\u00e9s et les nombreuses technologies qui y sont associ\u00e9es remettent en question la r\u00e9flexion et les structures juridiques existantes. Les collectivit\u00e9s locales, administrations territoriales, entreprises et professionnel doivent comprendre et respecter les r\u00e9glementations qui favorisent une plus grande transparence des donn\u00e9es IoT et des politiques de s\u00e9curit\u00e9. L&rsquo;\u00e8re de la surveillance technologique omnipr\u00e9sente [&hellip;]","og_url":"https:\/\/territorialchallenges.com\/es\/2020\/01\/02\/iot-reflexions-juridiques-sur-la-confidentialite-des-donnees\/85002\/","og_site_name":"Territorial Challenges","article_published_time":"2020-01-02T18:31:29+00:00","og_image":[{"width":1920,"height":1341,"url":"https:\/\/territorialchallenges.com\/wp-content\/uploads\/2020\/01\/iotjuridic.jpg","type":"image\/jpeg"}],"author":"ni.abdi","twitter_card":"summary_large_image","twitter_creator":"@Ni.abdi","twitter_misc":{"Escrito por":"ni.abdi","Tiempo de lectura":"4 minutos"},"schema":{"@context":"https:\/\/schema.org","@graph":[{"@type":"Article","@id":"https:\/\/territorialchallenges.com\/2020\/01\/02\/iot-reflexions-juridiques-sur-la-confidentialite-des-donnees\/85002\/#article","isPartOf":{"@id":"https:\/\/territorialchallenges.com\/2020\/01\/02\/iot-reflexions-juridiques-sur-la-confidentialite-des-donnees\/85002\/"},"author":{"name":"ni.abdi","@id":"https:\/\/territorialchallenges.com\/#\/schema\/person\/098f145c7c61a021c425e010f840080f"},"headline":"IoT: R\u00e9flexions juridiques sur la confidentialit\u00e9 des donn\u00e9es","datePublished":"2020-01-02T18:31:29+00:00","dateModified":"2020-01-02T18:31:29+00:00","mainEntityOfPage":{"@id":"https:\/\/territorialchallenges.com\/2020\/01\/02\/iot-reflexions-juridiques-sur-la-confidentialite-des-donnees\/85002\/"},"wordCount":832,"commentCount":0,"publisher":{"@id":"https:\/\/territorialchallenges.com\/#organization"},"articleSection":["Donn\u00e9es\/Objets Connect\u00e9s","Actualit\u00e9 internationale"],"inLanguage":"es"},{"@type":"WebPage","@id":"https:\/\/territorialchallenges.com\/2020\/01\/02\/iot-reflexions-juridiques-sur-la-confidentialite-des-donnees\/85002\/","url":"https:\/\/territorialchallenges.com\/2020\/01\/02\/iot-reflexions-juridiques-sur-la-confidentialite-des-donnees\/85002\/","name":"IoT: R\u00e9flexions juridiques sur la confidentialit\u00e9 des donn\u00e9es - Territorial Challenges","isPartOf":{"@id":"https:\/\/territorialchallenges.com\/#website"},"datePublished":"2020-01-02T18:31:29+00:00","dateModified":"2020-01-02T18:31:29+00:00","breadcrumb":{"@id":"https:\/\/territorialchallenges.com\/2020\/01\/02\/iot-reflexions-juridiques-sur-la-confidentialite-des-donnees\/85002\/#breadcrumb"},"inLanguage":"es","potentialAction":[{"@type":"ReadAction","target":["https:\/\/territorialchallenges.com\/2020\/01\/02\/iot-reflexions-juridiques-sur-la-confidentialite-des-donnees\/85002\/"]}]},{"@type":"BreadcrumbList","@id":"https:\/\/territorialchallenges.com\/2020\/01\/02\/iot-reflexions-juridiques-sur-la-confidentialite-des-donnees\/85002\/#breadcrumb","itemListElement":[{"@type":"ListItem","position":1,"name":"Home","item":"https:\/\/territorialchallenges.com\/"},{"@type":"ListItem","position":2,"name":"IoT: R\u00e9flexions juridiques sur la confidentialit\u00e9 des donn\u00e9es"}]},{"@type":"WebSite","@id":"https:\/\/territorialchallenges.com\/#website","url":"https:\/\/territorialchallenges.com\/","name":"Desaf\u00edos territoriales","description":"Monitoreo Internacional - Estrategias Inteligentes - Mejores Pr\u00e1cticas","publisher":{"@id":"https:\/\/territorialchallenges.com\/#organization"},"potentialAction":[{"@type":"SearchAction","target":{"@type":"EntryPoint","urlTemplate":"https:\/\/territorialchallenges.com\/?s={search_term_string}"},"query-input":"required name=search_term_string"}],"inLanguage":"es"},{"@type":"Organization","@id":"https:\/\/territorialchallenges.com\/#organization","name":"Desaf\u00edos territoriales","url":"https:\/\/territorialchallenges.com\/","logo":{"@type":"ImageObject","inLanguage":"es","@id":"https:\/\/territorialchallenges.com\/#\/schema\/logo\/image\/","url":"https:\/\/territorialchallenges.com\/wp-content\/uploads\/2023\/10\/logo-1.png","contentUrl":"https:\/\/territorialchallenges.com\/wp-content\/uploads\/2023\/10\/logo-1.png","width":1832,"height":576,"caption":"Territorial Challenges"},"image":{"@id":"https:\/\/territorialchallenges.com\/#\/schema\/logo\/image\/"}},{"@type":"Person","@id":"https:\/\/territorialchallenges.com\/#\/schema\/person\/098f145c7c61a021c425e010f840080f","name":"ni.abdi","image":{"@type":"ImageObject","inLanguage":"es","@id":"https:\/\/territorialchallenges.com\/#\/schema\/person\/image\/","url":"https:\/\/secure.gravatar.com\/avatar\/2a2f2491f3c80039986ba989b1e4b510?s=96&d=identicon&r=g","contentUrl":"https:\/\/secure.gravatar.com\/avatar\/2a2f2491f3c80039986ba989b1e4b510?s=96&d=identicon&r=g","caption":"ni.abdi"},"sameAs":["https:\/\/twitter.com\/Ni.abdi"],"url":"https:\/\/territorialchallenges.com\/es\/author\/ni-abdi\/"}]}},"_links":{"self":[{"href":"https:\/\/territorialchallenges.com\/es\/wp-json\/wp\/v2\/posts\/85002"}],"collection":[{"href":"https:\/\/territorialchallenges.com\/es\/wp-json\/wp\/v2\/posts"}],"about":[{"href":"https:\/\/territorialchallenges.com\/es\/wp-json\/wp\/v2\/types\/post"}],"author":[{"embeddable":true,"href":"https:\/\/territorialchallenges.com\/es\/wp-json\/wp\/v2\/users\/11"}],"replies":[{"embeddable":true,"href":"https:\/\/territorialchallenges.com\/es\/wp-json\/wp\/v2\/comments?post=85002"}],"version-history":[{"count":1,"href":"https:\/\/territorialchallenges.com\/es\/wp-json\/wp\/v2\/posts\/85002\/revisions"}],"predecessor-version":[{"id":85007,"href":"https:\/\/territorialchallenges.com\/es\/wp-json\/wp\/v2\/posts\/85002\/revisions\/85007"}],"wp:featuredmedia":[{"embeddable":true,"href":"https:\/\/territorialchallenges.com\/es\/wp-json\/wp\/v2\/media\/85003"}],"wp:attachment":[{"href":"https:\/\/territorialchallenges.com\/es\/wp-json\/wp\/v2\/media?parent=85002"}],"wp:term":[{"taxonomy":"category","embeddable":true,"href":"https:\/\/territorialchallenges.com\/es\/wp-json\/wp\/v2\/categories?post=85002"},{"taxonomy":"post_tag","embeddable":true,"href":"https:\/\/territorialchallenges.com\/es\/wp-json\/wp\/v2\/tags?post=85002"}],"curies":[{"name":"gracias","href":"https:\/\/api.w.org\/{rel}","templated":true}]}}