{"id":84746,"date":"2019-11-19T16:13:13","date_gmt":"2019-11-19T15:13:13","guid":{"rendered":"https:\/\/territorialchallenges.com\/?p=84746"},"modified":"2019-11-21T07:18:44","modified_gmt":"2019-11-21T06:18:44","slug":"esteban-moro-le-souci-de-la-segregation-urbaine-dans-la-smart-city","status":"publish","type":"post","link":"https:\/\/territorialchallenges.com\/es\/2019\/11\/19\/esteban-moro-le-souci-de-la-segregation-urbaine-dans-la-smart-city\/84746\/","title":{"rendered":"Esteban Moro: la preocupaci\u00f3n de la segregaci\u00f3n urbana en la Ciudad Inteligente"},"content":{"rendered":"<p>El investigador espa\u00f1ol salmantino es ahora una de las estrellas de los Territorios Inteligentes a nivel mundial con su Atlas interactivo de la Desigualdad en la ciudad de Boston. Esteban Moro, quien se incorpor\u00f3 al MIT Media Lab del Instituto Tecnol\u00f3gico de Massachusetts (MIT) en 2016, acaba de producir con su\u2026 <\/p>\n<div class=\"pmpro_content_message\">Art\u00edculo disponible s\u00f3lo para suscriptores.<br \/><a href=\"https:\/\/territorialchallenges.com\/wp-login.php\">Acceso<\/a><br \/><a href=\"https:\/\/territorialchallenges.com\/es\/wp-login.php\/?action=register\">Registro<\/a><\/div>","protected":false},"excerpt":{"rendered":"<p>Le chercheur espagnol originaire de Salamanque, s\u2019impose aujourd\u2019hui comme une des stars de la Territoires Intelligents dans le monde avec son Atlas interactif des in\u00e9galit\u00e9s, de la ville de Boston. Esteban Moro qui a rejoint le Media Lab du MIT Media Lab du Massachusetts Institute of Technology (MIT) en 2016, vient de r\u00e9aliser avec son... <\/p>\n<div class=\"pmpro_content_message\">Art\u00edculo disponible s\u00f3lo para suscriptores.<br \/><a href=\"https:\/\/territorialchallenges.com\/wp-login.php\">Acceso<\/a><br \/><a href=\"https:\/\/territorialchallenges.com\/es\/wp-login.php\/?action=register\">Registro<\/a><\/div>","protected":false},"author":11,"featured_media":84747,"comment_status":"open","ping_status":"open","sticky":true,"template":"","format":"standard","meta":{"pmpro_default_level":0,"footnotes":""},"categories":[126,117],"tags":[],"blocksy_meta":"","yoast_head":"<!-- This site is optimized with the Yoast SEO plugin v21.5 - https:\/\/yoast.com\/wordpress\/plugins\/seo\/ -->\n<title>Esteban Moro : le souci de la s\u00e9gr\u00e9gation urbaine dans la Smart City - Territorial Challenges<\/title>\n<meta name=\"robots\" content=\"index, follow, max-snippet:-1, max-image-preview:large, max-video-preview:-1\" \/>\n<link rel=\"canonical\" href=\"https:\/\/territorialchallenges.com\/es\/2019\/11\/19\/esteban-moro-le-souci-de-la-segregation-urbaine-dans-la-smart-city\/84746\/\" \/>\n<meta property=\"og:locale\" content=\"es_ES\" \/>\n<meta property=\"og:type\" content=\"article\" \/>\n<meta property=\"og:title\" content=\"Esteban Moro : le souci de la s\u00e9gr\u00e9gation urbaine dans la Smart City - Territorial Challenges\" \/>\n<meta property=\"og:description\" content=\"Le chercheur espagnol originaire de Salamanque, s\u2019impose aujourd\u2019hui comme une des stars de la Territoires Intelligents dans le monde avec son Atlas interactif des in\u00e9galit\u00e9s, de la ville de Boston. Esteban Moro qui a rejoint le Media Lab du MIT Media Lab du Massachusetts Institute of Technology (MIT) en 2016, vient de r\u00e9aliser avec son [&hellip;]\" \/>\n<meta property=\"og:url\" content=\"https:\/\/territorialchallenges.com\/es\/2019\/11\/19\/esteban-moro-le-souci-de-la-segregation-urbaine-dans-la-smart-city\/84746\/\" \/>\n<meta property=\"og:site_name\" content=\"Territorial Challenges\" \/>\n<meta property=\"article:published_time\" content=\"2019-11-19T15:13:13+00:00\" \/>\n<meta property=\"article:modified_time\" content=\"2019-11-21T06:18:44+00:00\" \/>\n<meta property=\"og:image\" content=\"https:\/\/territorialchallenges.com\/wp-content\/uploads\/2019\/08\/index.jpg\" \/>\n\t<meta property=\"og:image:width\" content=\"225\" \/>\n\t<meta property=\"og:image:height\" content=\"225\" \/>\n\t<meta property=\"og:image:type\" content=\"image\/jpeg\" \/>\n<meta name=\"author\" content=\"ni.abdi\" \/>\n<meta name=\"twitter:card\" content=\"summary_large_image\" \/>\n<meta name=\"twitter:creator\" content=\"@Ni.abdi\" \/>\n<meta name=\"twitter:label1\" content=\"Escrito por\" \/>\n\t<meta name=\"twitter:data1\" content=\"ni.abdi\" \/>\n\t<meta name=\"twitter:label2\" content=\"Tiempo de lectura\" \/>\n\t<meta name=\"twitter:data2\" content=\"3 minutos\" \/>\n<script type=\"application\/ld+json\" class=\"yoast-schema-graph\">{\"@context\":\"https:\/\/schema.org\",\"@graph\":[{\"@type\":\"Article\",\"@id\":\"https:\/\/territorialchallenges.com\/2019\/11\/19\/esteban-moro-le-souci-de-la-segregation-urbaine-dans-la-smart-city\/84746\/#article\",\"isPartOf\":{\"@id\":\"https:\/\/territorialchallenges.com\/2019\/11\/19\/esteban-moro-le-souci-de-la-segregation-urbaine-dans-la-smart-city\/84746\/\"},\"author\":{\"name\":\"ni.abdi\",\"@id\":\"https:\/\/territorialchallenges.com\/#\/schema\/person\/098f145c7c61a021c425e010f840080f\"},\"headline\":\"Esteban Moro : le souci de la s\u00e9gr\u00e9gation urbaine dans la Smart City\",\"datePublished\":\"2019-11-19T15:13:13+00:00\",\"dateModified\":\"2019-11-21T06:18:44+00:00\",\"mainEntityOfPage\":{\"@id\":\"https:\/\/territorialchallenges.com\/2019\/11\/19\/esteban-moro-le-souci-de-la-segregation-urbaine-dans-la-smart-city\/84746\/\"},\"wordCount\":568,\"commentCount\":0,\"publisher\":{\"@id\":\"https:\/\/territorialchallenges.com\/#organization\"},\"articleSection\":[\"On parle d'eux\",\"\u00c9cosyst\u00e8me\"],\"inLanguage\":\"es\"},{\"@type\":\"WebPage\",\"@id\":\"https:\/\/territorialchallenges.com\/2019\/11\/19\/esteban-moro-le-souci-de-la-segregation-urbaine-dans-la-smart-city\/84746\/\",\"url\":\"https:\/\/territorialchallenges.com\/2019\/11\/19\/esteban-moro-le-souci-de-la-segregation-urbaine-dans-la-smart-city\/84746\/\",\"name\":\"Esteban Moro : le souci de la s\u00e9gr\u00e9gation urbaine dans la Smart City - Territorial Challenges\",\"isPartOf\":{\"@id\":\"https:\/\/territorialchallenges.com\/#website\"},\"datePublished\":\"2019-11-19T15:13:13+00:00\",\"dateModified\":\"2019-11-21T06:18:44+00:00\",\"breadcrumb\":{\"@id\":\"https:\/\/territorialchallenges.com\/2019\/11\/19\/esteban-moro-le-souci-de-la-segregation-urbaine-dans-la-smart-city\/84746\/#breadcrumb\"},\"inLanguage\":\"es\",\"potentialAction\":[{\"@type\":\"ReadAction\",\"target\":[\"https:\/\/territorialchallenges.com\/2019\/11\/19\/esteban-moro-le-souci-de-la-segregation-urbaine-dans-la-smart-city\/84746\/\"]}]},{\"@type\":\"BreadcrumbList\",\"@id\":\"https:\/\/territorialchallenges.com\/2019\/11\/19\/esteban-moro-le-souci-de-la-segregation-urbaine-dans-la-smart-city\/84746\/#breadcrumb\",\"itemListElement\":[{\"@type\":\"ListItem\",\"position\":1,\"name\":\"Home\",\"item\":\"https:\/\/territorialchallenges.com\/\"},{\"@type\":\"ListItem\",\"position\":2,\"name\":\"Esteban Moro : le souci de la s\u00e9gr\u00e9gation urbaine dans la Smart City\"}]},{\"@type\":\"WebSite\",\"@id\":\"https:\/\/territorialchallenges.com\/#website\",\"url\":\"https:\/\/territorialchallenges.com\/\",\"name\":\"Territorial Challenges\",\"description\":\"Veille Internationale - Strat\u00e9gie Intelligentes - Bonnes pratiques\",\"publisher\":{\"@id\":\"https:\/\/territorialchallenges.com\/#organization\"},\"potentialAction\":[{\"@type\":\"SearchAction\",\"target\":{\"@type\":\"EntryPoint\",\"urlTemplate\":\"https:\/\/territorialchallenges.com\/?s={search_term_string}\"},\"query-input\":\"required name=search_term_string\"}],\"inLanguage\":\"es\"},{\"@type\":\"Organization\",\"@id\":\"https:\/\/territorialchallenges.com\/#organization\",\"name\":\"Territorial Challenges\",\"url\":\"https:\/\/territorialchallenges.com\/\",\"logo\":{\"@type\":\"ImageObject\",\"inLanguage\":\"es\",\"@id\":\"https:\/\/territorialchallenges.com\/#\/schema\/logo\/image\/\",\"url\":\"https:\/\/territorialchallenges.com\/wp-content\/uploads\/2023\/10\/logo-1.png\",\"contentUrl\":\"https:\/\/territorialchallenges.com\/wp-content\/uploads\/2023\/10\/logo-1.png\",\"width\":1832,\"height\":576,\"caption\":\"Territorial Challenges\"},\"image\":{\"@id\":\"https:\/\/territorialchallenges.com\/#\/schema\/logo\/image\/\"}},{\"@type\":\"Person\",\"@id\":\"https:\/\/territorialchallenges.com\/#\/schema\/person\/098f145c7c61a021c425e010f840080f\",\"name\":\"ni.abdi\",\"image\":{\"@type\":\"ImageObject\",\"inLanguage\":\"es\",\"@id\":\"https:\/\/territorialchallenges.com\/#\/schema\/person\/image\/\",\"url\":\"https:\/\/secure.gravatar.com\/avatar\/2a2f2491f3c80039986ba989b1e4b510?s=96&d=identicon&r=g\",\"contentUrl\":\"https:\/\/secure.gravatar.com\/avatar\/2a2f2491f3c80039986ba989b1e4b510?s=96&d=identicon&r=g\",\"caption\":\"ni.abdi\"},\"sameAs\":[\"https:\/\/twitter.com\/Ni.abdi\"],\"url\":\"https:\/\/territorialchallenges.com\/es\/author\/ni-abdi\/\"}]}<\/script>\n<!-- \/ Yoast SEO plugin. -->","yoast_head_json":{"title":"Esteban Moro : le souci de la s\u00e9gr\u00e9gation urbaine dans la Smart City - Territorial Challenges","robots":{"index":"index","follow":"follow","max-snippet":"max-snippet:-1","max-image-preview":"max-image-preview:large","max-video-preview":"max-video-preview:-1"},"canonical":"https:\/\/territorialchallenges.com\/es\/2019\/11\/19\/esteban-moro-le-souci-de-la-segregation-urbaine-dans-la-smart-city\/84746\/","og_locale":"es_ES","og_type":"article","og_title":"Esteban Moro : le souci de la s\u00e9gr\u00e9gation urbaine dans la Smart City - Territorial Challenges","og_description":"Le chercheur espagnol originaire de Salamanque, s\u2019impose aujourd\u2019hui comme une des stars de la Territoires Intelligents dans le monde avec son Atlas interactif des in\u00e9galit\u00e9s, de la ville de Boston. Esteban Moro qui a rejoint le Media Lab du MIT Media Lab du Massachusetts Institute of Technology (MIT) en 2016, vient de r\u00e9aliser avec son [&hellip;]","og_url":"https:\/\/territorialchallenges.com\/es\/2019\/11\/19\/esteban-moro-le-souci-de-la-segregation-urbaine-dans-la-smart-city\/84746\/","og_site_name":"Territorial Challenges","article_published_time":"2019-11-19T15:13:13+00:00","article_modified_time":"2019-11-21T06:18:44+00:00","og_image":[{"width":225,"height":225,"url":"https:\/\/territorialchallenges.com\/wp-content\/uploads\/2019\/08\/index.jpg","type":"image\/jpeg"}],"author":"ni.abdi","twitter_card":"summary_large_image","twitter_creator":"@Ni.abdi","twitter_misc":{"Escrito por":"ni.abdi","Tiempo de lectura":"3 minutos"},"schema":{"@context":"https:\/\/schema.org","@graph":[{"@type":"Article","@id":"https:\/\/territorialchallenges.com\/2019\/11\/19\/esteban-moro-le-souci-de-la-segregation-urbaine-dans-la-smart-city\/84746\/#article","isPartOf":{"@id":"https:\/\/territorialchallenges.com\/2019\/11\/19\/esteban-moro-le-souci-de-la-segregation-urbaine-dans-la-smart-city\/84746\/"},"author":{"name":"ni.abdi","@id":"https:\/\/territorialchallenges.com\/#\/schema\/person\/098f145c7c61a021c425e010f840080f"},"headline":"Esteban Moro : le souci de la s\u00e9gr\u00e9gation urbaine dans la Smart City","datePublished":"2019-11-19T15:13:13+00:00","dateModified":"2019-11-21T06:18:44+00:00","mainEntityOfPage":{"@id":"https:\/\/territorialchallenges.com\/2019\/11\/19\/esteban-moro-le-souci-de-la-segregation-urbaine-dans-la-smart-city\/84746\/"},"wordCount":568,"commentCount":0,"publisher":{"@id":"https:\/\/territorialchallenges.com\/#organization"},"articleSection":["On parle d'eux","\u00c9cosyst\u00e8me"],"inLanguage":"es"},{"@type":"WebPage","@id":"https:\/\/territorialchallenges.com\/2019\/11\/19\/esteban-moro-le-souci-de-la-segregation-urbaine-dans-la-smart-city\/84746\/","url":"https:\/\/territorialchallenges.com\/2019\/11\/19\/esteban-moro-le-souci-de-la-segregation-urbaine-dans-la-smart-city\/84746\/","name":"Esteban Moro : le souci de la s\u00e9gr\u00e9gation urbaine dans la Smart City - Territorial Challenges","isPartOf":{"@id":"https:\/\/territorialchallenges.com\/#website"},"datePublished":"2019-11-19T15:13:13+00:00","dateModified":"2019-11-21T06:18:44+00:00","breadcrumb":{"@id":"https:\/\/territorialchallenges.com\/2019\/11\/19\/esteban-moro-le-souci-de-la-segregation-urbaine-dans-la-smart-city\/84746\/#breadcrumb"},"inLanguage":"es","potentialAction":[{"@type":"ReadAction","target":["https:\/\/territorialchallenges.com\/2019\/11\/19\/esteban-moro-le-souci-de-la-segregation-urbaine-dans-la-smart-city\/84746\/"]}]},{"@type":"BreadcrumbList","@id":"https:\/\/territorialchallenges.com\/2019\/11\/19\/esteban-moro-le-souci-de-la-segregation-urbaine-dans-la-smart-city\/84746\/#breadcrumb","itemListElement":[{"@type":"ListItem","position":1,"name":"Home","item":"https:\/\/territorialchallenges.com\/"},{"@type":"ListItem","position":2,"name":"Esteban Moro : le souci de la s\u00e9gr\u00e9gation urbaine dans la Smart City"}]},{"@type":"WebSite","@id":"https:\/\/territorialchallenges.com\/#website","url":"https:\/\/territorialchallenges.com\/","name":"Desaf\u00edos territoriales","description":"Monitoreo Internacional - Estrategias Inteligentes - Mejores Pr\u00e1cticas","publisher":{"@id":"https:\/\/territorialchallenges.com\/#organization"},"potentialAction":[{"@type":"SearchAction","target":{"@type":"EntryPoint","urlTemplate":"https:\/\/territorialchallenges.com\/?s={search_term_string}"},"query-input":"required name=search_term_string"}],"inLanguage":"es"},{"@type":"Organization","@id":"https:\/\/territorialchallenges.com\/#organization","name":"Desaf\u00edos territoriales","url":"https:\/\/territorialchallenges.com\/","logo":{"@type":"ImageObject","inLanguage":"es","@id":"https:\/\/territorialchallenges.com\/#\/schema\/logo\/image\/","url":"https:\/\/territorialchallenges.com\/wp-content\/uploads\/2023\/10\/logo-1.png","contentUrl":"https:\/\/territorialchallenges.com\/wp-content\/uploads\/2023\/10\/logo-1.png","width":1832,"height":576,"caption":"Territorial Challenges"},"image":{"@id":"https:\/\/territorialchallenges.com\/#\/schema\/logo\/image\/"}},{"@type":"Person","@id":"https:\/\/territorialchallenges.com\/#\/schema\/person\/098f145c7c61a021c425e010f840080f","name":"ni.abdi","image":{"@type":"ImageObject","inLanguage":"es","@id":"https:\/\/territorialchallenges.com\/#\/schema\/person\/image\/","url":"https:\/\/secure.gravatar.com\/avatar\/2a2f2491f3c80039986ba989b1e4b510?s=96&d=identicon&r=g","contentUrl":"https:\/\/secure.gravatar.com\/avatar\/2a2f2491f3c80039986ba989b1e4b510?s=96&d=identicon&r=g","caption":"ni.abdi"},"sameAs":["https:\/\/twitter.com\/Ni.abdi"],"url":"https:\/\/territorialchallenges.com\/es\/author\/ni-abdi\/"}]}},"_links":{"self":[{"href":"https:\/\/territorialchallenges.com\/es\/wp-json\/wp\/v2\/posts\/84746"}],"collection":[{"href":"https:\/\/territorialchallenges.com\/es\/wp-json\/wp\/v2\/posts"}],"about":[{"href":"https:\/\/territorialchallenges.com\/es\/wp-json\/wp\/v2\/types\/post"}],"author":[{"embeddable":true,"href":"https:\/\/territorialchallenges.com\/es\/wp-json\/wp\/v2\/users\/11"}],"replies":[{"embeddable":true,"href":"https:\/\/territorialchallenges.com\/es\/wp-json\/wp\/v2\/comments?post=84746"}],"version-history":[{"count":1,"href":"https:\/\/territorialchallenges.com\/es\/wp-json\/wp\/v2\/posts\/84746\/revisions"}],"predecessor-version":[{"id":84751,"href":"https:\/\/territorialchallenges.com\/es\/wp-json\/wp\/v2\/posts\/84746\/revisions\/84751"}],"wp:featuredmedia":[{"embeddable":true,"href":"https:\/\/territorialchallenges.com\/es\/wp-json\/wp\/v2\/media\/84747"}],"wp:attachment":[{"href":"https:\/\/territorialchallenges.com\/es\/wp-json\/wp\/v2\/media?parent=84746"}],"wp:term":[{"taxonomy":"category","embeddable":true,"href":"https:\/\/territorialchallenges.com\/es\/wp-json\/wp\/v2\/categories?post=84746"},{"taxonomy":"post_tag","embeddable":true,"href":"https:\/\/territorialchallenges.com\/es\/wp-json\/wp\/v2\/tags?post=84746"}],"curies":[{"name":"gracias","href":"https:\/\/api.w.org\/{rel}","templated":true}]}}