{"id":573,"date":"2016-08-06T01:34:07","date_gmt":"2016-08-05T23:34:07","guid":{"rendered":"http:\/\/e-novatio.com\/?p=573"},"modified":"2016-08-06T01:34:07","modified_gmt":"2016-08-05T23:34:07","slug":"35-millions-de-compteurs-linky-et-moi-et-moi-et-moi","status":"publish","type":"post","link":"https:\/\/territorialchallenges.com\/es\/2016\/08\/06\/35-millions-de-compteurs-linky-et-moi-et-moi-et-moi\/573\/","title":{"rendered":"35 millones de medidores Linky y yo, y yo, y yo"},"content":{"rendered":"<p>(28 de abril de 2013) Se espera que la adopci\u00f3n generalizada de los contadores inteligentes del FEDER cueste entre 5.000 y 7.000 millones de euros. Las industrias el\u00e9ctrica y electr\u00f3nica ya se est\u00e1n posicionando para influir en el mercado. No es descabellado parodiar la famosa canci\u00f3n de Jacques Dutronc para ilustrar la espera de los contadores Linky. En la profunda crisis que... <\/p>\n<div class=\"pmpro_content_message\">Art\u00edculo disponible s\u00f3lo para suscriptores.<br \/><a href=\"https:\/\/territorialchallenges.com\/wp-login.php\">Acceso<\/a><br \/><a href=\"https:\/\/territorialchallenges.com\/es\/wp-login.php\/?action=register\">Registro<\/a><\/div>","protected":false},"excerpt":{"rendered":"<p>(28 avril 2013) La g\u00e9n\u00e9ralisation des compteurs intelligents d&rsquo;ERDF devrait co\u00fbter entre 5 et 7 milliards d&rsquo;euros. Les fili\u00e8res \u00e9lectriques et \u00e9lectroniques se positionnent d\u00e9j\u00e0 pour peser sur le march\u00e9. Il n&rsquo;est pas ridicule de pasticher la fameuse chanson de Jacques Dutronc pour illustrer l&rsquo;attente des compteurs Linky. Dans la crise profonde que traverse la... <\/p>\n<div class=\"pmpro_content_message\">Art\u00edculo disponible s\u00f3lo para suscriptores.<br \/><a href=\"https:\/\/territorialchallenges.com\/wp-login.php\">Acceso<\/a><br \/><a href=\"https:\/\/territorialchallenges.com\/es\/wp-login.php\/?action=register\">Registro<\/a><\/div>","protected":false},"author":11,"featured_media":0,"comment_status":"open","ping_status":"open","sticky":true,"template":"","format":"standard","meta":{"pmpro_default_level":0,"footnotes":""},"categories":[123],"tags":[],"blocksy_meta":"","yoast_head":"<!-- This site is optimized with the Yoast SEO plugin v21.5 - https:\/\/yoast.com\/wordpress\/plugins\/seo\/ -->\n<title>35 millions de compteurs Linky et moi, et moi, et moi - Territorial Challenges<\/title>\n<meta name=\"robots\" content=\"index, follow, max-snippet:-1, max-image-preview:large, max-video-preview:-1\" \/>\n<link rel=\"canonical\" href=\"https:\/\/territorialchallenges.com\/es\/2016\/08\/06\/35-millions-de-compteurs-linky-et-moi-et-moi-et-moi\/573\/\" \/>\n<meta property=\"og:locale\" content=\"es_ES\" \/>\n<meta property=\"og:type\" content=\"article\" \/>\n<meta property=\"og:title\" content=\"35 millions de compteurs Linky et moi, et moi, et moi - Territorial Challenges\" \/>\n<meta property=\"og:description\" content=\"(28 avril 2013) La g\u00e9n\u00e9ralisation des compteurs intelligents d&rsquo;ERDF devrait co\u00fbter entre 5 et 7 milliards d&rsquo;euros. Les fili\u00e8res \u00e9lectriques et \u00e9lectroniques se positionnent d\u00e9j\u00e0 pour peser sur le march\u00e9. Il n&rsquo;est pas ridicule de pasticher la fameuse chanson de Jacques Dutronc pour illustrer l&rsquo;attente des compteurs Linky. Dans la crise profonde que traverse la [&hellip;]\" \/>\n<meta property=\"og:url\" content=\"https:\/\/territorialchallenges.com\/es\/2016\/08\/06\/35-millions-de-compteurs-linky-et-moi-et-moi-et-moi\/573\/\" \/>\n<meta property=\"og:site_name\" content=\"Territorial Challenges\" \/>\n<meta property=\"article:published_time\" content=\"2016-08-05T23:34:07+00:00\" \/>\n<meta name=\"author\" content=\"ni.abdi\" \/>\n<meta name=\"twitter:card\" content=\"summary_large_image\" \/>\n<meta name=\"twitter:creator\" content=\"@Ni.abdi\" \/>\n<meta name=\"twitter:label1\" content=\"Escrito por\" \/>\n\t<meta name=\"twitter:data1\" content=\"ni.abdi\" \/>\n\t<meta name=\"twitter:label2\" content=\"Tiempo de lectura\" \/>\n\t<meta name=\"twitter:data2\" content=\"2 minutos\" \/>\n<script type=\"application\/ld+json\" class=\"yoast-schema-graph\">{\"@context\":\"https:\/\/schema.org\",\"@graph\":[{\"@type\":\"Article\",\"@id\":\"https:\/\/territorialchallenges.com\/2016\/08\/06\/35-millions-de-compteurs-linky-et-moi-et-moi-et-moi\/573\/#article\",\"isPartOf\":{\"@id\":\"https:\/\/territorialchallenges.com\/2016\/08\/06\/35-millions-de-compteurs-linky-et-moi-et-moi-et-moi\/573\/\"},\"author\":{\"name\":\"ni.abdi\",\"@id\":\"https:\/\/territorialchallenges.com\/#\/schema\/person\/098f145c7c61a021c425e010f840080f\"},\"headline\":\"35 millions de compteurs Linky et moi, et moi, et moi\",\"datePublished\":\"2016-08-05T23:34:07+00:00\",\"dateModified\":\"2016-08-05T23:34:07+00:00\",\"mainEntityOfPage\":{\"@id\":\"https:\/\/territorialchallenges.com\/2016\/08\/06\/35-millions-de-compteurs-linky-et-moi-et-moi-et-moi\/573\/\"},\"wordCount\":495,\"commentCount\":0,\"publisher\":{\"@id\":\"https:\/\/territorialchallenges.com\/#organization\"},\"articleSection\":[\"Archives - Editos\"],\"inLanguage\":\"es\"},{\"@type\":\"WebPage\",\"@id\":\"https:\/\/territorialchallenges.com\/2016\/08\/06\/35-millions-de-compteurs-linky-et-moi-et-moi-et-moi\/573\/\",\"url\":\"https:\/\/territorialchallenges.com\/2016\/08\/06\/35-millions-de-compteurs-linky-et-moi-et-moi-et-moi\/573\/\",\"name\":\"35 millions de compteurs Linky et moi, et moi, et moi - Territorial Challenges\",\"isPartOf\":{\"@id\":\"https:\/\/territorialchallenges.com\/#website\"},\"datePublished\":\"2016-08-05T23:34:07+00:00\",\"dateModified\":\"2016-08-05T23:34:07+00:00\",\"breadcrumb\":{\"@id\":\"https:\/\/territorialchallenges.com\/2016\/08\/06\/35-millions-de-compteurs-linky-et-moi-et-moi-et-moi\/573\/#breadcrumb\"},\"inLanguage\":\"es\",\"potentialAction\":[{\"@type\":\"ReadAction\",\"target\":[\"https:\/\/territorialchallenges.com\/2016\/08\/06\/35-millions-de-compteurs-linky-et-moi-et-moi-et-moi\/573\/\"]}]},{\"@type\":\"BreadcrumbList\",\"@id\":\"https:\/\/territorialchallenges.com\/2016\/08\/06\/35-millions-de-compteurs-linky-et-moi-et-moi-et-moi\/573\/#breadcrumb\",\"itemListElement\":[{\"@type\":\"ListItem\",\"position\":1,\"name\":\"Home\",\"item\":\"https:\/\/territorialchallenges.com\/\"},{\"@type\":\"ListItem\",\"position\":2,\"name\":\"35 millions de compteurs Linky et moi, et moi, et moi\"}]},{\"@type\":\"WebSite\",\"@id\":\"https:\/\/territorialchallenges.com\/#website\",\"url\":\"https:\/\/territorialchallenges.com\/\",\"name\":\"Territorial Challenges\",\"description\":\"Veille Internationale - Strat\u00e9gie Intelligentes - Bonnes pratiques\",\"publisher\":{\"@id\":\"https:\/\/territorialchallenges.com\/#organization\"},\"potentialAction\":[{\"@type\":\"SearchAction\",\"target\":{\"@type\":\"EntryPoint\",\"urlTemplate\":\"https:\/\/territorialchallenges.com\/?s={search_term_string}\"},\"query-input\":\"required name=search_term_string\"}],\"inLanguage\":\"es\"},{\"@type\":\"Organization\",\"@id\":\"https:\/\/territorialchallenges.com\/#organization\",\"name\":\"Territorial Challenges\",\"url\":\"https:\/\/territorialchallenges.com\/\",\"logo\":{\"@type\":\"ImageObject\",\"inLanguage\":\"es\",\"@id\":\"https:\/\/territorialchallenges.com\/#\/schema\/logo\/image\/\",\"url\":\"https:\/\/territorialchallenges.com\/wp-content\/uploads\/2023\/10\/logo-1.png\",\"contentUrl\":\"https:\/\/territorialchallenges.com\/wp-content\/uploads\/2023\/10\/logo-1.png\",\"width\":1832,\"height\":576,\"caption\":\"Territorial Challenges\"},\"image\":{\"@id\":\"https:\/\/territorialchallenges.com\/#\/schema\/logo\/image\/\"}},{\"@type\":\"Person\",\"@id\":\"https:\/\/territorialchallenges.com\/#\/schema\/person\/098f145c7c61a021c425e010f840080f\",\"name\":\"ni.abdi\",\"image\":{\"@type\":\"ImageObject\",\"inLanguage\":\"es\",\"@id\":\"https:\/\/territorialchallenges.com\/#\/schema\/person\/image\/\",\"url\":\"https:\/\/secure.gravatar.com\/avatar\/2a2f2491f3c80039986ba989b1e4b510?s=96&d=identicon&r=g\",\"contentUrl\":\"https:\/\/secure.gravatar.com\/avatar\/2a2f2491f3c80039986ba989b1e4b510?s=96&d=identicon&r=g\",\"caption\":\"ni.abdi\"},\"sameAs\":[\"https:\/\/twitter.com\/Ni.abdi\"],\"url\":\"https:\/\/territorialchallenges.com\/es\/author\/ni-abdi\/\"}]}<\/script>\n<!-- \/ Yoast SEO plugin. -->","yoast_head_json":{"title":"35 millions de compteurs Linky et moi, et moi, et moi - Territorial Challenges","robots":{"index":"index","follow":"follow","max-snippet":"max-snippet:-1","max-image-preview":"max-image-preview:large","max-video-preview":"max-video-preview:-1"},"canonical":"https:\/\/territorialchallenges.com\/es\/2016\/08\/06\/35-millions-de-compteurs-linky-et-moi-et-moi-et-moi\/573\/","og_locale":"es_ES","og_type":"article","og_title":"35 millions de compteurs Linky et moi, et moi, et moi - Territorial Challenges","og_description":"(28 avril 2013) La g\u00e9n\u00e9ralisation des compteurs intelligents d&rsquo;ERDF devrait co\u00fbter entre 5 et 7 milliards d&rsquo;euros. Les fili\u00e8res \u00e9lectriques et \u00e9lectroniques se positionnent d\u00e9j\u00e0 pour peser sur le march\u00e9. Il n&rsquo;est pas ridicule de pasticher la fameuse chanson de Jacques Dutronc pour illustrer l&rsquo;attente des compteurs Linky. Dans la crise profonde que traverse la [&hellip;]","og_url":"https:\/\/territorialchallenges.com\/es\/2016\/08\/06\/35-millions-de-compteurs-linky-et-moi-et-moi-et-moi\/573\/","og_site_name":"Territorial Challenges","article_published_time":"2016-08-05T23:34:07+00:00","author":"ni.abdi","twitter_card":"summary_large_image","twitter_creator":"@Ni.abdi","twitter_misc":{"Escrito por":"ni.abdi","Tiempo de lectura":"2 minutos"},"schema":{"@context":"https:\/\/schema.org","@graph":[{"@type":"Article","@id":"https:\/\/territorialchallenges.com\/2016\/08\/06\/35-millions-de-compteurs-linky-et-moi-et-moi-et-moi\/573\/#article","isPartOf":{"@id":"https:\/\/territorialchallenges.com\/2016\/08\/06\/35-millions-de-compteurs-linky-et-moi-et-moi-et-moi\/573\/"},"author":{"name":"ni.abdi","@id":"https:\/\/territorialchallenges.com\/#\/schema\/person\/098f145c7c61a021c425e010f840080f"},"headline":"35 millions de compteurs Linky et moi, et moi, et moi","datePublished":"2016-08-05T23:34:07+00:00","dateModified":"2016-08-05T23:34:07+00:00","mainEntityOfPage":{"@id":"https:\/\/territorialchallenges.com\/2016\/08\/06\/35-millions-de-compteurs-linky-et-moi-et-moi-et-moi\/573\/"},"wordCount":495,"commentCount":0,"publisher":{"@id":"https:\/\/territorialchallenges.com\/#organization"},"articleSection":["Archives - Editos"],"inLanguage":"es"},{"@type":"WebPage","@id":"https:\/\/territorialchallenges.com\/2016\/08\/06\/35-millions-de-compteurs-linky-et-moi-et-moi-et-moi\/573\/","url":"https:\/\/territorialchallenges.com\/2016\/08\/06\/35-millions-de-compteurs-linky-et-moi-et-moi-et-moi\/573\/","name":"35 millions de compteurs Linky et moi, et moi, et moi - Territorial Challenges","isPartOf":{"@id":"https:\/\/territorialchallenges.com\/#website"},"datePublished":"2016-08-05T23:34:07+00:00","dateModified":"2016-08-05T23:34:07+00:00","breadcrumb":{"@id":"https:\/\/territorialchallenges.com\/2016\/08\/06\/35-millions-de-compteurs-linky-et-moi-et-moi-et-moi\/573\/#breadcrumb"},"inLanguage":"es","potentialAction":[{"@type":"ReadAction","target":["https:\/\/territorialchallenges.com\/2016\/08\/06\/35-millions-de-compteurs-linky-et-moi-et-moi-et-moi\/573\/"]}]},{"@type":"BreadcrumbList","@id":"https:\/\/territorialchallenges.com\/2016\/08\/06\/35-millions-de-compteurs-linky-et-moi-et-moi-et-moi\/573\/#breadcrumb","itemListElement":[{"@type":"ListItem","position":1,"name":"Home","item":"https:\/\/territorialchallenges.com\/"},{"@type":"ListItem","position":2,"name":"35 millions de compteurs Linky et moi, et moi, et moi"}]},{"@type":"WebSite","@id":"https:\/\/territorialchallenges.com\/#website","url":"https:\/\/territorialchallenges.com\/","name":"Desaf\u00edos territoriales","description":"Monitoreo Internacional - Estrategias Inteligentes - Mejores Pr\u00e1cticas","publisher":{"@id":"https:\/\/territorialchallenges.com\/#organization"},"potentialAction":[{"@type":"SearchAction","target":{"@type":"EntryPoint","urlTemplate":"https:\/\/territorialchallenges.com\/?s={search_term_string}"},"query-input":"required name=search_term_string"}],"inLanguage":"es"},{"@type":"Organization","@id":"https:\/\/territorialchallenges.com\/#organization","name":"Desaf\u00edos territoriales","url":"https:\/\/territorialchallenges.com\/","logo":{"@type":"ImageObject","inLanguage":"es","@id":"https:\/\/territorialchallenges.com\/#\/schema\/logo\/image\/","url":"https:\/\/territorialchallenges.com\/wp-content\/uploads\/2023\/10\/logo-1.png","contentUrl":"https:\/\/territorialchallenges.com\/wp-content\/uploads\/2023\/10\/logo-1.png","width":1832,"height":576,"caption":"Territorial Challenges"},"image":{"@id":"https:\/\/territorialchallenges.com\/#\/schema\/logo\/image\/"}},{"@type":"Person","@id":"https:\/\/territorialchallenges.com\/#\/schema\/person\/098f145c7c61a021c425e010f840080f","name":"ni.abdi","image":{"@type":"ImageObject","inLanguage":"es","@id":"https:\/\/territorialchallenges.com\/#\/schema\/person\/image\/","url":"https:\/\/secure.gravatar.com\/avatar\/2a2f2491f3c80039986ba989b1e4b510?s=96&d=identicon&r=g","contentUrl":"https:\/\/secure.gravatar.com\/avatar\/2a2f2491f3c80039986ba989b1e4b510?s=96&d=identicon&r=g","caption":"ni.abdi"},"sameAs":["https:\/\/twitter.com\/Ni.abdi"],"url":"https:\/\/territorialchallenges.com\/es\/author\/ni-abdi\/"}]}},"_links":{"self":[{"href":"https:\/\/territorialchallenges.com\/es\/wp-json\/wp\/v2\/posts\/573"}],"collection":[{"href":"https:\/\/territorialchallenges.com\/es\/wp-json\/wp\/v2\/posts"}],"about":[{"href":"https:\/\/territorialchallenges.com\/es\/wp-json\/wp\/v2\/types\/post"}],"author":[{"embeddable":true,"href":"https:\/\/territorialchallenges.com\/es\/wp-json\/wp\/v2\/users\/11"}],"replies":[{"embeddable":true,"href":"https:\/\/territorialchallenges.com\/es\/wp-json\/wp\/v2\/comments?post=573"}],"version-history":[{"count":0,"href":"https:\/\/territorialchallenges.com\/es\/wp-json\/wp\/v2\/posts\/573\/revisions"}],"wp:attachment":[{"href":"https:\/\/territorialchallenges.com\/es\/wp-json\/wp\/v2\/media?parent=573"}],"wp:term":[{"taxonomy":"category","embeddable":true,"href":"https:\/\/territorialchallenges.com\/es\/wp-json\/wp\/v2\/categories?post=573"},{"taxonomy":"post_tag","embeddable":true,"href":"https:\/\/territorialchallenges.com\/es\/wp-json\/wp\/v2\/tags?post=573"}],"curies":[{"name":"gracias","href":"https:\/\/api.w.org\/{rel}","templated":true}]}}