{"id":522,"date":"2016-07-16T23:04:27","date_gmt":"2016-07-16T21:04:27","guid":{"rendered":"http:\/\/e-novatio.com\/?p=522"},"modified":"2016-07-16T23:04:27","modified_gmt":"2016-07-16T21:04:27","slug":"limmobilisme-en-termes-de-com-lennemie-des-patrons-de-lequipements-electriques","status":"publish","type":"post","link":"https:\/\/territorialchallenges.com\/es\/2016\/07\/16\/limmobilisme-en-termes-de-com-lennemie-des-patrons-de-lequipements-electriques\/522\/","title":{"rendered":"La inercia en la comunicaci\u00f3n, enemiga de los jefes de equipos el\u00e9ctricos"},"content":{"rendered":"<p>(4 de noviembre de 2012) En tiempos de crisis e incertidumbre en cuanto al suministro energ\u00e9tico, los fabricantes de equipos el\u00e9ctricos compiten entre s\u00ed en cuanto a conceptos de mensajes y herramientas de comunicaci\u00f3n. Pero el \u00e9xito reside en quien genera apoyo. \u00ab...La l\u00e1mpara Nernst se est\u00e1 extendiendo r\u00e1pidamente en Escocia. Hay m\u00e1s de 10.000 en Glasgow...\u00bb. <\/p>\n<div class=\"pmpro_content_message\">Art\u00edculo disponible s\u00f3lo para suscriptores.<br \/><a href=\"https:\/\/territorialchallenges.com\/wp-login.php\">Acceso<\/a><br \/><a href=\"https:\/\/territorialchallenges.com\/es\/wp-login.php\/?action=register\">Registro<\/a><\/div>","protected":false},"excerpt":{"rendered":"<p>(04 novembre 2012) Dans une p\u00e9riode de crise et d&rsquo;incertitude en termes d&rsquo;offres \u00e9nerg\u00e9tiques, les patrons de l&rsquo;\u00e9quipements \u00e9lectriques rivalisent de concepts de messages et d&rsquo;outils de communication. Mais le succ\u00e8s r\u00e9side chez celui qui suscite l&rsquo;adh\u00e9sion. \u00ab\u00a0&#8230;La lampe Nernst se r\u00e9pand tr\u00e8s vite en Ecosse. Il en existe plus de 10 000 \u00e0 Glasgow.... <\/p>\n<div class=\"pmpro_content_message\">Art\u00edculo disponible s\u00f3lo para suscriptores.<br \/><a href=\"https:\/\/territorialchallenges.com\/wp-login.php\">Acceso<\/a><br \/><a href=\"https:\/\/territorialchallenges.com\/es\/wp-login.php\/?action=register\">Registro<\/a><\/div>","protected":false},"author":11,"featured_media":0,"comment_status":"open","ping_status":"open","sticky":false,"template":"","format":"standard","meta":{"pmpro_default_level":0,"footnotes":""},"categories":[123],"tags":[],"blocksy_meta":"","yoast_head":"<!-- This site is optimized with the Yoast SEO plugin v21.5 - https:\/\/yoast.com\/wordpress\/plugins\/seo\/ -->\n<title>L&#039;immobilisme en termes de com, l&#039;ennemie des patrons de l&#039;\u00e9quipements \u00e9lectriques - Territorial Challenges<\/title>\n<meta name=\"robots\" content=\"index, follow, max-snippet:-1, max-image-preview:large, max-video-preview:-1\" \/>\n<link rel=\"canonical\" href=\"https:\/\/territorialchallenges.com\/es\/2016\/07\/16\/limmobilisme-en-termes-de-com-lennemie-des-patrons-de-lequipements-electriques\/522\/\" \/>\n<meta property=\"og:locale\" content=\"es_ES\" \/>\n<meta property=\"og:type\" content=\"article\" \/>\n<meta property=\"og:title\" content=\"L&#039;immobilisme en termes de com, l&#039;ennemie des patrons de l&#039;\u00e9quipements \u00e9lectriques - Territorial Challenges\" \/>\n<meta property=\"og:description\" content=\"(04 novembre 2012) Dans une p\u00e9riode de crise et d&rsquo;incertitude en termes d&rsquo;offres \u00e9nerg\u00e9tiques, les patrons de l&rsquo;\u00e9quipements \u00e9lectriques rivalisent de concepts de messages et d&rsquo;outils de communication. Mais le succ\u00e8s r\u00e9side chez celui qui suscite l&rsquo;adh\u00e9sion. \u00ab\u00a0&#8230;La lampe Nernst se r\u00e9pand tr\u00e8s vite en Ecosse. Il en existe plus de 10 000 \u00e0 Glasgow. [&hellip;]\" \/>\n<meta property=\"og:url\" content=\"https:\/\/territorialchallenges.com\/es\/2016\/07\/16\/limmobilisme-en-termes-de-com-lennemie-des-patrons-de-lequipements-electriques\/522\/\" \/>\n<meta property=\"og:site_name\" content=\"Territorial Challenges\" \/>\n<meta property=\"article:published_time\" content=\"2016-07-16T21:04:27+00:00\" \/>\n<meta name=\"author\" content=\"ni.abdi\" \/>\n<meta name=\"twitter:card\" content=\"summary_large_image\" \/>\n<meta name=\"twitter:creator\" content=\"@Ni.abdi\" \/>\n<meta name=\"twitter:label1\" content=\"Escrito por\" \/>\n\t<meta name=\"twitter:data1\" content=\"ni.abdi\" \/>\n\t<meta name=\"twitter:label2\" content=\"Tiempo de lectura\" \/>\n\t<meta name=\"twitter:data2\" content=\"4 minutos\" \/>\n<script type=\"application\/ld+json\" class=\"yoast-schema-graph\">{\"@context\":\"https:\/\/schema.org\",\"@graph\":[{\"@type\":\"Article\",\"@id\":\"https:\/\/territorialchallenges.com\/2016\/07\/16\/limmobilisme-en-termes-de-com-lennemie-des-patrons-de-lequipements-electriques\/522\/#article\",\"isPartOf\":{\"@id\":\"https:\/\/territorialchallenges.com\/2016\/07\/16\/limmobilisme-en-termes-de-com-lennemie-des-patrons-de-lequipements-electriques\/522\/\"},\"author\":{\"name\":\"ni.abdi\",\"@id\":\"https:\/\/territorialchallenges.com\/#\/schema\/person\/098f145c7c61a021c425e010f840080f\"},\"headline\":\"L&rsquo;immobilisme en termes de com, l&rsquo;ennemie des patrons de l&rsquo;\u00e9quipements \u00e9lectriques\",\"datePublished\":\"2016-07-16T21:04:27+00:00\",\"dateModified\":\"2016-07-16T21:04:27+00:00\",\"mainEntityOfPage\":{\"@id\":\"https:\/\/territorialchallenges.com\/2016\/07\/16\/limmobilisme-en-termes-de-com-lennemie-des-patrons-de-lequipements-electriques\/522\/\"},\"wordCount\":808,\"commentCount\":0,\"publisher\":{\"@id\":\"https:\/\/territorialchallenges.com\/#organization\"},\"articleSection\":[\"Archives - Editos\"],\"inLanguage\":\"es\"},{\"@type\":\"WebPage\",\"@id\":\"https:\/\/territorialchallenges.com\/2016\/07\/16\/limmobilisme-en-termes-de-com-lennemie-des-patrons-de-lequipements-electriques\/522\/\",\"url\":\"https:\/\/territorialchallenges.com\/2016\/07\/16\/limmobilisme-en-termes-de-com-lennemie-des-patrons-de-lequipements-electriques\/522\/\",\"name\":\"L'immobilisme en termes de com, l'ennemie des patrons de l'\u00e9quipements \u00e9lectriques - Territorial Challenges\",\"isPartOf\":{\"@id\":\"https:\/\/territorialchallenges.com\/#website\"},\"datePublished\":\"2016-07-16T21:04:27+00:00\",\"dateModified\":\"2016-07-16T21:04:27+00:00\",\"breadcrumb\":{\"@id\":\"https:\/\/territorialchallenges.com\/2016\/07\/16\/limmobilisme-en-termes-de-com-lennemie-des-patrons-de-lequipements-electriques\/522\/#breadcrumb\"},\"inLanguage\":\"es\",\"potentialAction\":[{\"@type\":\"ReadAction\",\"target\":[\"https:\/\/territorialchallenges.com\/2016\/07\/16\/limmobilisme-en-termes-de-com-lennemie-des-patrons-de-lequipements-electriques\/522\/\"]}]},{\"@type\":\"BreadcrumbList\",\"@id\":\"https:\/\/territorialchallenges.com\/2016\/07\/16\/limmobilisme-en-termes-de-com-lennemie-des-patrons-de-lequipements-electriques\/522\/#breadcrumb\",\"itemListElement\":[{\"@type\":\"ListItem\",\"position\":1,\"name\":\"Home\",\"item\":\"https:\/\/territorialchallenges.com\/\"},{\"@type\":\"ListItem\",\"position\":2,\"name\":\"L&rsquo;immobilisme en termes de com, l&rsquo;ennemie des patrons de l&rsquo;\u00e9quipements \u00e9lectriques\"}]},{\"@type\":\"WebSite\",\"@id\":\"https:\/\/territorialchallenges.com\/#website\",\"url\":\"https:\/\/territorialchallenges.com\/\",\"name\":\"Territorial Challenges\",\"description\":\"Veille Internationale - Strat\u00e9gie Intelligentes - Bonnes pratiques\",\"publisher\":{\"@id\":\"https:\/\/territorialchallenges.com\/#organization\"},\"potentialAction\":[{\"@type\":\"SearchAction\",\"target\":{\"@type\":\"EntryPoint\",\"urlTemplate\":\"https:\/\/territorialchallenges.com\/?s={search_term_string}\"},\"query-input\":\"required name=search_term_string\"}],\"inLanguage\":\"es\"},{\"@type\":\"Organization\",\"@id\":\"https:\/\/territorialchallenges.com\/#organization\",\"name\":\"Territorial Challenges\",\"url\":\"https:\/\/territorialchallenges.com\/\",\"logo\":{\"@type\":\"ImageObject\",\"inLanguage\":\"es\",\"@id\":\"https:\/\/territorialchallenges.com\/#\/schema\/logo\/image\/\",\"url\":\"https:\/\/territorialchallenges.com\/wp-content\/uploads\/2023\/10\/logo-1.png\",\"contentUrl\":\"https:\/\/territorialchallenges.com\/wp-content\/uploads\/2023\/10\/logo-1.png\",\"width\":1832,\"height\":576,\"caption\":\"Territorial Challenges\"},\"image\":{\"@id\":\"https:\/\/territorialchallenges.com\/#\/schema\/logo\/image\/\"}},{\"@type\":\"Person\",\"@id\":\"https:\/\/territorialchallenges.com\/#\/schema\/person\/098f145c7c61a021c425e010f840080f\",\"name\":\"ni.abdi\",\"image\":{\"@type\":\"ImageObject\",\"inLanguage\":\"es\",\"@id\":\"https:\/\/territorialchallenges.com\/#\/schema\/person\/image\/\",\"url\":\"https:\/\/secure.gravatar.com\/avatar\/2a2f2491f3c80039986ba989b1e4b510?s=96&d=identicon&r=g\",\"contentUrl\":\"https:\/\/secure.gravatar.com\/avatar\/2a2f2491f3c80039986ba989b1e4b510?s=96&d=identicon&r=g\",\"caption\":\"ni.abdi\"},\"sameAs\":[\"https:\/\/twitter.com\/Ni.abdi\"],\"url\":\"https:\/\/territorialchallenges.com\/es\/author\/ni-abdi\/\"}]}<\/script>\n<!-- \/ Yoast SEO plugin. -->","yoast_head_json":{"title":"L'immobilisme en termes de com, l'ennemie des patrons de l'\u00e9quipements \u00e9lectriques - Territorial Challenges","robots":{"index":"index","follow":"follow","max-snippet":"max-snippet:-1","max-image-preview":"max-image-preview:large","max-video-preview":"max-video-preview:-1"},"canonical":"https:\/\/territorialchallenges.com\/es\/2016\/07\/16\/limmobilisme-en-termes-de-com-lennemie-des-patrons-de-lequipements-electriques\/522\/","og_locale":"es_ES","og_type":"article","og_title":"L'immobilisme en termes de com, l'ennemie des patrons de l'\u00e9quipements \u00e9lectriques - Territorial Challenges","og_description":"(04 novembre 2012) Dans une p\u00e9riode de crise et d&rsquo;incertitude en termes d&rsquo;offres \u00e9nerg\u00e9tiques, les patrons de l&rsquo;\u00e9quipements \u00e9lectriques rivalisent de concepts de messages et d&rsquo;outils de communication. Mais le succ\u00e8s r\u00e9side chez celui qui suscite l&rsquo;adh\u00e9sion. \u00ab\u00a0&#8230;La lampe Nernst se r\u00e9pand tr\u00e8s vite en Ecosse. Il en existe plus de 10 000 \u00e0 Glasgow. [&hellip;]","og_url":"https:\/\/territorialchallenges.com\/es\/2016\/07\/16\/limmobilisme-en-termes-de-com-lennemie-des-patrons-de-lequipements-electriques\/522\/","og_site_name":"Territorial Challenges","article_published_time":"2016-07-16T21:04:27+00:00","author":"ni.abdi","twitter_card":"summary_large_image","twitter_creator":"@Ni.abdi","twitter_misc":{"Escrito por":"ni.abdi","Tiempo de lectura":"4 minutos"},"schema":{"@context":"https:\/\/schema.org","@graph":[{"@type":"Article","@id":"https:\/\/territorialchallenges.com\/2016\/07\/16\/limmobilisme-en-termes-de-com-lennemie-des-patrons-de-lequipements-electriques\/522\/#article","isPartOf":{"@id":"https:\/\/territorialchallenges.com\/2016\/07\/16\/limmobilisme-en-termes-de-com-lennemie-des-patrons-de-lequipements-electriques\/522\/"},"author":{"name":"ni.abdi","@id":"https:\/\/territorialchallenges.com\/#\/schema\/person\/098f145c7c61a021c425e010f840080f"},"headline":"L&rsquo;immobilisme en termes de com, l&rsquo;ennemie des patrons de l&rsquo;\u00e9quipements \u00e9lectriques","datePublished":"2016-07-16T21:04:27+00:00","dateModified":"2016-07-16T21:04:27+00:00","mainEntityOfPage":{"@id":"https:\/\/territorialchallenges.com\/2016\/07\/16\/limmobilisme-en-termes-de-com-lennemie-des-patrons-de-lequipements-electriques\/522\/"},"wordCount":808,"commentCount":0,"publisher":{"@id":"https:\/\/territorialchallenges.com\/#organization"},"articleSection":["Archives - Editos"],"inLanguage":"es"},{"@type":"WebPage","@id":"https:\/\/territorialchallenges.com\/2016\/07\/16\/limmobilisme-en-termes-de-com-lennemie-des-patrons-de-lequipements-electriques\/522\/","url":"https:\/\/territorialchallenges.com\/2016\/07\/16\/limmobilisme-en-termes-de-com-lennemie-des-patrons-de-lequipements-electriques\/522\/","name":"L'immobilisme en termes de com, l'ennemie des patrons de l'\u00e9quipements \u00e9lectriques - Territorial Challenges","isPartOf":{"@id":"https:\/\/territorialchallenges.com\/#website"},"datePublished":"2016-07-16T21:04:27+00:00","dateModified":"2016-07-16T21:04:27+00:00","breadcrumb":{"@id":"https:\/\/territorialchallenges.com\/2016\/07\/16\/limmobilisme-en-termes-de-com-lennemie-des-patrons-de-lequipements-electriques\/522\/#breadcrumb"},"inLanguage":"es","potentialAction":[{"@type":"ReadAction","target":["https:\/\/territorialchallenges.com\/2016\/07\/16\/limmobilisme-en-termes-de-com-lennemie-des-patrons-de-lequipements-electriques\/522\/"]}]},{"@type":"BreadcrumbList","@id":"https:\/\/territorialchallenges.com\/2016\/07\/16\/limmobilisme-en-termes-de-com-lennemie-des-patrons-de-lequipements-electriques\/522\/#breadcrumb","itemListElement":[{"@type":"ListItem","position":1,"name":"Home","item":"https:\/\/territorialchallenges.com\/"},{"@type":"ListItem","position":2,"name":"L&rsquo;immobilisme en termes de com, l&rsquo;ennemie des patrons de l&rsquo;\u00e9quipements \u00e9lectriques"}]},{"@type":"WebSite","@id":"https:\/\/territorialchallenges.com\/#website","url":"https:\/\/territorialchallenges.com\/","name":"Desaf\u00edos territoriales","description":"Monitoreo Internacional - Estrategias Inteligentes - Mejores Pr\u00e1cticas","publisher":{"@id":"https:\/\/territorialchallenges.com\/#organization"},"potentialAction":[{"@type":"SearchAction","target":{"@type":"EntryPoint","urlTemplate":"https:\/\/territorialchallenges.com\/?s={search_term_string}"},"query-input":"required name=search_term_string"}],"inLanguage":"es"},{"@type":"Organization","@id":"https:\/\/territorialchallenges.com\/#organization","name":"Desaf\u00edos territoriales","url":"https:\/\/territorialchallenges.com\/","logo":{"@type":"ImageObject","inLanguage":"es","@id":"https:\/\/territorialchallenges.com\/#\/schema\/logo\/image\/","url":"https:\/\/territorialchallenges.com\/wp-content\/uploads\/2023\/10\/logo-1.png","contentUrl":"https:\/\/territorialchallenges.com\/wp-content\/uploads\/2023\/10\/logo-1.png","width":1832,"height":576,"caption":"Territorial Challenges"},"image":{"@id":"https:\/\/territorialchallenges.com\/#\/schema\/logo\/image\/"}},{"@type":"Person","@id":"https:\/\/territorialchallenges.com\/#\/schema\/person\/098f145c7c61a021c425e010f840080f","name":"ni.abdi","image":{"@type":"ImageObject","inLanguage":"es","@id":"https:\/\/territorialchallenges.com\/#\/schema\/person\/image\/","url":"https:\/\/secure.gravatar.com\/avatar\/2a2f2491f3c80039986ba989b1e4b510?s=96&d=identicon&r=g","contentUrl":"https:\/\/secure.gravatar.com\/avatar\/2a2f2491f3c80039986ba989b1e4b510?s=96&d=identicon&r=g","caption":"ni.abdi"},"sameAs":["https:\/\/twitter.com\/Ni.abdi"],"url":"https:\/\/territorialchallenges.com\/es\/author\/ni-abdi\/"}]}},"_links":{"self":[{"href":"https:\/\/territorialchallenges.com\/es\/wp-json\/wp\/v2\/posts\/522"}],"collection":[{"href":"https:\/\/territorialchallenges.com\/es\/wp-json\/wp\/v2\/posts"}],"about":[{"href":"https:\/\/territorialchallenges.com\/es\/wp-json\/wp\/v2\/types\/post"}],"author":[{"embeddable":true,"href":"https:\/\/territorialchallenges.com\/es\/wp-json\/wp\/v2\/users\/11"}],"replies":[{"embeddable":true,"href":"https:\/\/territorialchallenges.com\/es\/wp-json\/wp\/v2\/comments?post=522"}],"version-history":[{"count":0,"href":"https:\/\/territorialchallenges.com\/es\/wp-json\/wp\/v2\/posts\/522\/revisions"}],"wp:attachment":[{"href":"https:\/\/territorialchallenges.com\/es\/wp-json\/wp\/v2\/media?parent=522"}],"wp:term":[{"taxonomy":"category","embeddable":true,"href":"https:\/\/territorialchallenges.com\/es\/wp-json\/wp\/v2\/categories?post=522"},{"taxonomy":"post_tag","embeddable":true,"href":"https:\/\/territorialchallenges.com\/es\/wp-json\/wp\/v2\/tags?post=522"}],"curies":[{"name":"gracias","href":"https:\/\/api.w.org\/{rel}","templated":true}]}}