{"id":505,"date":"2016-07-09T16:29:04","date_gmt":"2016-07-09T14:29:04","guid":{"rendered":"http:\/\/e-novatio.com\/?p=505"},"modified":"2016-07-09T16:29:04","modified_gmt":"2016-07-09T14:29:04","slug":"la-voiture-un-meuble-domotise-modele-pour-la-maison-intelligente","status":"publish","type":"post","link":"https:\/\/territorialchallenges.com\/es\/2016\/07\/09\/la-voiture-un-meuble-domotise-modele-pour-la-maison-intelligente\/505\/","title":{"rendered":"El coche, mueble dom\u00f3tico, modelo de casa inteligente"},"content":{"rendered":"<p>(15 de octubre de 2012) Todo parece indicar que la casa adoptar\u00e1 los mismos mecanismos que el veh\u00edculo en su funcionamiento. Porque el funcionamiento inteligente debe tener en cuenta la cuesti\u00f3n de la autonom\u00eda. Si hay un debate en esta entrada de 2012\/2013, se refiere a la cogeneraci\u00f3n para la eficiencia el\u00e9ctrica y al hidr\u00f3geno como\u2026 <\/p>\n<div class=\"pmpro_content_message\">Art\u00edculo disponible s\u00f3lo para suscriptores.<br \/><a href=\"https:\/\/territorialchallenges.com\/wp-login.php\">Acceso<\/a><br \/><a href=\"https:\/\/territorialchallenges.com\/es\/wp-login.php\/?action=register\">Registro<\/a><\/div>","protected":false},"excerpt":{"rendered":"<p>(15 octobre 2012) Tout semble indiquer que la maison va adopter dans son fonctionnement les m\u00eames m\u00e9canismes que le v\u00e9hicule. Car qui dit fonctionnement intelligent est oblig\u00e9 de prendre en compte la probl\u00e9matique de l&rsquo;autonomie. S&rsquo;il y a d\u00e9bat en cette entr\u00e9e 2012\/2013, il concerne bien la cog\u00e9n\u00e9ration pour le rendement \u00e9lectrique et l&rsquo;hydrog\u00e8ne comme... <\/p>\n<div class=\"pmpro_content_message\">Art\u00edculo disponible s\u00f3lo para suscriptores.<br \/><a href=\"https:\/\/territorialchallenges.com\/wp-login.php\">Acceso<\/a><br \/><a href=\"https:\/\/territorialchallenges.com\/es\/wp-login.php\/?action=register\">Registro<\/a><\/div>","protected":false},"author":11,"featured_media":0,"comment_status":"open","ping_status":"open","sticky":true,"template":"","format":"standard","meta":{"pmpro_default_level":0,"footnotes":""},"categories":[123],"tags":[],"blocksy_meta":"","yoast_head":"<!-- This site is optimized with the Yoast SEO plugin v21.5 - https:\/\/yoast.com\/wordpress\/plugins\/seo\/ -->\n<title>La voiture, un meuble domotis\u00e9, mod\u00e8le pour la maison intelligente - Territorial Challenges<\/title>\n<meta name=\"robots\" content=\"index, follow, max-snippet:-1, max-image-preview:large, max-video-preview:-1\" \/>\n<link rel=\"canonical\" href=\"https:\/\/territorialchallenges.com\/es\/2016\/07\/09\/la-voiture-un-meuble-domotise-modele-pour-la-maison-intelligente\/505\/\" \/>\n<meta property=\"og:locale\" content=\"es_ES\" \/>\n<meta property=\"og:type\" content=\"article\" \/>\n<meta property=\"og:title\" content=\"La voiture, un meuble domotis\u00e9, mod\u00e8le pour la maison intelligente - Territorial Challenges\" \/>\n<meta property=\"og:description\" content=\"(15 octobre 2012) Tout semble indiquer que la maison va adopter dans son fonctionnement les m\u00eames m\u00e9canismes que le v\u00e9hicule. Car qui dit fonctionnement intelligent est oblig\u00e9 de prendre en compte la probl\u00e9matique de l&rsquo;autonomie. S&rsquo;il y a d\u00e9bat en cette entr\u00e9e 2012\/2013, il concerne bien la cog\u00e9n\u00e9ration pour le rendement \u00e9lectrique et l&rsquo;hydrog\u00e8ne comme [&hellip;]\" \/>\n<meta property=\"og:url\" content=\"https:\/\/territorialchallenges.com\/es\/2016\/07\/09\/la-voiture-un-meuble-domotise-modele-pour-la-maison-intelligente\/505\/\" \/>\n<meta property=\"og:site_name\" content=\"Territorial Challenges\" \/>\n<meta property=\"article:published_time\" content=\"2016-07-09T14:29:04+00:00\" \/>\n<meta name=\"author\" content=\"ni.abdi\" \/>\n<meta name=\"twitter:card\" content=\"summary_large_image\" \/>\n<meta name=\"twitter:creator\" content=\"@Ni.abdi\" \/>\n<meta name=\"twitter:label1\" content=\"Escrito por\" \/>\n\t<meta name=\"twitter:data1\" content=\"ni.abdi\" \/>\n\t<meta name=\"twitter:label2\" content=\"Tiempo de lectura\" \/>\n\t<meta name=\"twitter:data2\" content=\"2 minutos\" \/>\n<script type=\"application\/ld+json\" class=\"yoast-schema-graph\">{\"@context\":\"https:\/\/schema.org\",\"@graph\":[{\"@type\":\"Article\",\"@id\":\"https:\/\/territorialchallenges.com\/2016\/07\/09\/la-voiture-un-meuble-domotise-modele-pour-la-maison-intelligente\/505\/#article\",\"isPartOf\":{\"@id\":\"https:\/\/territorialchallenges.com\/2016\/07\/09\/la-voiture-un-meuble-domotise-modele-pour-la-maison-intelligente\/505\/\"},\"author\":{\"name\":\"ni.abdi\",\"@id\":\"https:\/\/territorialchallenges.com\/#\/schema\/person\/098f145c7c61a021c425e010f840080f\"},\"headline\":\"La voiture, un meuble domotis\u00e9, mod\u00e8le pour la maison intelligente\",\"datePublished\":\"2016-07-09T14:29:04+00:00\",\"dateModified\":\"2016-07-09T14:29:04+00:00\",\"mainEntityOfPage\":{\"@id\":\"https:\/\/territorialchallenges.com\/2016\/07\/09\/la-voiture-un-meuble-domotise-modele-pour-la-maison-intelligente\/505\/\"},\"wordCount\":446,\"commentCount\":0,\"publisher\":{\"@id\":\"https:\/\/territorialchallenges.com\/#organization\"},\"articleSection\":[\"Archives - Editos\"],\"inLanguage\":\"es\"},{\"@type\":\"WebPage\",\"@id\":\"https:\/\/territorialchallenges.com\/2016\/07\/09\/la-voiture-un-meuble-domotise-modele-pour-la-maison-intelligente\/505\/\",\"url\":\"https:\/\/territorialchallenges.com\/2016\/07\/09\/la-voiture-un-meuble-domotise-modele-pour-la-maison-intelligente\/505\/\",\"name\":\"La voiture, un meuble domotis\u00e9, mod\u00e8le pour la maison intelligente - Territorial Challenges\",\"isPartOf\":{\"@id\":\"https:\/\/territorialchallenges.com\/#website\"},\"datePublished\":\"2016-07-09T14:29:04+00:00\",\"dateModified\":\"2016-07-09T14:29:04+00:00\",\"breadcrumb\":{\"@id\":\"https:\/\/territorialchallenges.com\/2016\/07\/09\/la-voiture-un-meuble-domotise-modele-pour-la-maison-intelligente\/505\/#breadcrumb\"},\"inLanguage\":\"es\",\"potentialAction\":[{\"@type\":\"ReadAction\",\"target\":[\"https:\/\/territorialchallenges.com\/2016\/07\/09\/la-voiture-un-meuble-domotise-modele-pour-la-maison-intelligente\/505\/\"]}]},{\"@type\":\"BreadcrumbList\",\"@id\":\"https:\/\/territorialchallenges.com\/2016\/07\/09\/la-voiture-un-meuble-domotise-modele-pour-la-maison-intelligente\/505\/#breadcrumb\",\"itemListElement\":[{\"@type\":\"ListItem\",\"position\":1,\"name\":\"Home\",\"item\":\"https:\/\/territorialchallenges.com\/\"},{\"@type\":\"ListItem\",\"position\":2,\"name\":\"La voiture, un meuble domotis\u00e9, mod\u00e8le pour la maison intelligente\"}]},{\"@type\":\"WebSite\",\"@id\":\"https:\/\/territorialchallenges.com\/#website\",\"url\":\"https:\/\/territorialchallenges.com\/\",\"name\":\"Territorial Challenges\",\"description\":\"Veille Internationale - Strat\u00e9gie Intelligentes - Bonnes pratiques\",\"publisher\":{\"@id\":\"https:\/\/territorialchallenges.com\/#organization\"},\"potentialAction\":[{\"@type\":\"SearchAction\",\"target\":{\"@type\":\"EntryPoint\",\"urlTemplate\":\"https:\/\/territorialchallenges.com\/?s={search_term_string}\"},\"query-input\":\"required name=search_term_string\"}],\"inLanguage\":\"es\"},{\"@type\":\"Organization\",\"@id\":\"https:\/\/territorialchallenges.com\/#organization\",\"name\":\"Territorial Challenges\",\"url\":\"https:\/\/territorialchallenges.com\/\",\"logo\":{\"@type\":\"ImageObject\",\"inLanguage\":\"es\",\"@id\":\"https:\/\/territorialchallenges.com\/#\/schema\/logo\/image\/\",\"url\":\"https:\/\/territorialchallenges.com\/wp-content\/uploads\/2023\/10\/logo-1.png\",\"contentUrl\":\"https:\/\/territorialchallenges.com\/wp-content\/uploads\/2023\/10\/logo-1.png\",\"width\":1832,\"height\":576,\"caption\":\"Territorial Challenges\"},\"image\":{\"@id\":\"https:\/\/territorialchallenges.com\/#\/schema\/logo\/image\/\"}},{\"@type\":\"Person\",\"@id\":\"https:\/\/territorialchallenges.com\/#\/schema\/person\/098f145c7c61a021c425e010f840080f\",\"name\":\"ni.abdi\",\"image\":{\"@type\":\"ImageObject\",\"inLanguage\":\"es\",\"@id\":\"https:\/\/territorialchallenges.com\/#\/schema\/person\/image\/\",\"url\":\"https:\/\/secure.gravatar.com\/avatar\/2a2f2491f3c80039986ba989b1e4b510?s=96&d=identicon&r=g\",\"contentUrl\":\"https:\/\/secure.gravatar.com\/avatar\/2a2f2491f3c80039986ba989b1e4b510?s=96&d=identicon&r=g\",\"caption\":\"ni.abdi\"},\"sameAs\":[\"https:\/\/twitter.com\/Ni.abdi\"],\"url\":\"https:\/\/territorialchallenges.com\/es\/author\/ni-abdi\/\"}]}<\/script>\n<!-- \/ Yoast SEO plugin. -->","yoast_head_json":{"title":"La voiture, un meuble domotis\u00e9, mod\u00e8le pour la maison intelligente - Territorial Challenges","robots":{"index":"index","follow":"follow","max-snippet":"max-snippet:-1","max-image-preview":"max-image-preview:large","max-video-preview":"max-video-preview:-1"},"canonical":"https:\/\/territorialchallenges.com\/es\/2016\/07\/09\/la-voiture-un-meuble-domotise-modele-pour-la-maison-intelligente\/505\/","og_locale":"es_ES","og_type":"article","og_title":"La voiture, un meuble domotis\u00e9, mod\u00e8le pour la maison intelligente - Territorial Challenges","og_description":"(15 octobre 2012) Tout semble indiquer que la maison va adopter dans son fonctionnement les m\u00eames m\u00e9canismes que le v\u00e9hicule. Car qui dit fonctionnement intelligent est oblig\u00e9 de prendre en compte la probl\u00e9matique de l&rsquo;autonomie. S&rsquo;il y a d\u00e9bat en cette entr\u00e9e 2012\/2013, il concerne bien la cog\u00e9n\u00e9ration pour le rendement \u00e9lectrique et l&rsquo;hydrog\u00e8ne comme [&hellip;]","og_url":"https:\/\/territorialchallenges.com\/es\/2016\/07\/09\/la-voiture-un-meuble-domotise-modele-pour-la-maison-intelligente\/505\/","og_site_name":"Territorial Challenges","article_published_time":"2016-07-09T14:29:04+00:00","author":"ni.abdi","twitter_card":"summary_large_image","twitter_creator":"@Ni.abdi","twitter_misc":{"Escrito por":"ni.abdi","Tiempo de lectura":"2 minutos"},"schema":{"@context":"https:\/\/schema.org","@graph":[{"@type":"Article","@id":"https:\/\/territorialchallenges.com\/2016\/07\/09\/la-voiture-un-meuble-domotise-modele-pour-la-maison-intelligente\/505\/#article","isPartOf":{"@id":"https:\/\/territorialchallenges.com\/2016\/07\/09\/la-voiture-un-meuble-domotise-modele-pour-la-maison-intelligente\/505\/"},"author":{"name":"ni.abdi","@id":"https:\/\/territorialchallenges.com\/#\/schema\/person\/098f145c7c61a021c425e010f840080f"},"headline":"La voiture, un meuble domotis\u00e9, mod\u00e8le pour la maison intelligente","datePublished":"2016-07-09T14:29:04+00:00","dateModified":"2016-07-09T14:29:04+00:00","mainEntityOfPage":{"@id":"https:\/\/territorialchallenges.com\/2016\/07\/09\/la-voiture-un-meuble-domotise-modele-pour-la-maison-intelligente\/505\/"},"wordCount":446,"commentCount":0,"publisher":{"@id":"https:\/\/territorialchallenges.com\/#organization"},"articleSection":["Archives - Editos"],"inLanguage":"es"},{"@type":"WebPage","@id":"https:\/\/territorialchallenges.com\/2016\/07\/09\/la-voiture-un-meuble-domotise-modele-pour-la-maison-intelligente\/505\/","url":"https:\/\/territorialchallenges.com\/2016\/07\/09\/la-voiture-un-meuble-domotise-modele-pour-la-maison-intelligente\/505\/","name":"La voiture, un meuble domotis\u00e9, mod\u00e8le pour la maison intelligente - Territorial Challenges","isPartOf":{"@id":"https:\/\/territorialchallenges.com\/#website"},"datePublished":"2016-07-09T14:29:04+00:00","dateModified":"2016-07-09T14:29:04+00:00","breadcrumb":{"@id":"https:\/\/territorialchallenges.com\/2016\/07\/09\/la-voiture-un-meuble-domotise-modele-pour-la-maison-intelligente\/505\/#breadcrumb"},"inLanguage":"es","potentialAction":[{"@type":"ReadAction","target":["https:\/\/territorialchallenges.com\/2016\/07\/09\/la-voiture-un-meuble-domotise-modele-pour-la-maison-intelligente\/505\/"]}]},{"@type":"BreadcrumbList","@id":"https:\/\/territorialchallenges.com\/2016\/07\/09\/la-voiture-un-meuble-domotise-modele-pour-la-maison-intelligente\/505\/#breadcrumb","itemListElement":[{"@type":"ListItem","position":1,"name":"Home","item":"https:\/\/territorialchallenges.com\/"},{"@type":"ListItem","position":2,"name":"La voiture, un meuble domotis\u00e9, mod\u00e8le pour la maison intelligente"}]},{"@type":"WebSite","@id":"https:\/\/territorialchallenges.com\/#website","url":"https:\/\/territorialchallenges.com\/","name":"Desaf\u00edos territoriales","description":"Monitoreo Internacional - Estrategias Inteligentes - Mejores Pr\u00e1cticas","publisher":{"@id":"https:\/\/territorialchallenges.com\/#organization"},"potentialAction":[{"@type":"SearchAction","target":{"@type":"EntryPoint","urlTemplate":"https:\/\/territorialchallenges.com\/?s={search_term_string}"},"query-input":"required name=search_term_string"}],"inLanguage":"es"},{"@type":"Organization","@id":"https:\/\/territorialchallenges.com\/#organization","name":"Desaf\u00edos territoriales","url":"https:\/\/territorialchallenges.com\/","logo":{"@type":"ImageObject","inLanguage":"es","@id":"https:\/\/territorialchallenges.com\/#\/schema\/logo\/image\/","url":"https:\/\/territorialchallenges.com\/wp-content\/uploads\/2023\/10\/logo-1.png","contentUrl":"https:\/\/territorialchallenges.com\/wp-content\/uploads\/2023\/10\/logo-1.png","width":1832,"height":576,"caption":"Territorial Challenges"},"image":{"@id":"https:\/\/territorialchallenges.com\/#\/schema\/logo\/image\/"}},{"@type":"Person","@id":"https:\/\/territorialchallenges.com\/#\/schema\/person\/098f145c7c61a021c425e010f840080f","name":"ni.abdi","image":{"@type":"ImageObject","inLanguage":"es","@id":"https:\/\/territorialchallenges.com\/#\/schema\/person\/image\/","url":"https:\/\/secure.gravatar.com\/avatar\/2a2f2491f3c80039986ba989b1e4b510?s=96&d=identicon&r=g","contentUrl":"https:\/\/secure.gravatar.com\/avatar\/2a2f2491f3c80039986ba989b1e4b510?s=96&d=identicon&r=g","caption":"ni.abdi"},"sameAs":["https:\/\/twitter.com\/Ni.abdi"],"url":"https:\/\/territorialchallenges.com\/es\/author\/ni-abdi\/"}]}},"_links":{"self":[{"href":"https:\/\/territorialchallenges.com\/es\/wp-json\/wp\/v2\/posts\/505"}],"collection":[{"href":"https:\/\/territorialchallenges.com\/es\/wp-json\/wp\/v2\/posts"}],"about":[{"href":"https:\/\/territorialchallenges.com\/es\/wp-json\/wp\/v2\/types\/post"}],"author":[{"embeddable":true,"href":"https:\/\/territorialchallenges.com\/es\/wp-json\/wp\/v2\/users\/11"}],"replies":[{"embeddable":true,"href":"https:\/\/territorialchallenges.com\/es\/wp-json\/wp\/v2\/comments?post=505"}],"version-history":[{"count":0,"href":"https:\/\/territorialchallenges.com\/es\/wp-json\/wp\/v2\/posts\/505\/revisions"}],"wp:attachment":[{"href":"https:\/\/territorialchallenges.com\/es\/wp-json\/wp\/v2\/media?parent=505"}],"wp:term":[{"taxonomy":"category","embeddable":true,"href":"https:\/\/territorialchallenges.com\/es\/wp-json\/wp\/v2\/categories?post=505"},{"taxonomy":"post_tag","embeddable":true,"href":"https:\/\/territorialchallenges.com\/es\/wp-json\/wp\/v2\/tags?post=505"}],"curies":[{"name":"gracias","href":"https:\/\/api.w.org\/{rel}","templated":true}]}}