{"id":483,"date":"2016-07-09T14:05:03","date_gmt":"2016-07-09T12:05:03","guid":{"rendered":"http:\/\/e-novatio.com\/?p=483"},"modified":"2016-07-09T14:05:03","modified_gmt":"2016-07-09T12:05:03","slug":"la-3eme-revolution-industrielle-de-rifkin-et-le-poulet-de-bresse-de-montebourg","status":"publish","type":"post","link":"https:\/\/territorialchallenges.com\/es\/2016\/07\/09\/la-3eme-revolution-industrielle-de-rifkin-et-le-poulet-de-bresse-de-montebourg\/483\/","title":{"rendered":"La Tercera Revoluci\u00f3n Industrial de Rifkin y el Pollo de Bresse de Montebourg"},"content":{"rendered":"<p>(24 de agosto de 2012) Cuando, el 19 de agosto, en la Fiesta de la Rosa en Frangy-en-Bresse (Saona y Loira), Arnaud Montebourg declar\u00f3 que el gobierno socialista ten\u00eda un plan para \u00abguiar a Francia hacia la tercera revoluci\u00f3n industrial\u00bb, muchos lo relacionaron con la obra del economista estadounidense Jeremy Rifkin (*). As\u00ed pues, nuestro ministro... <\/p>\n<div class=\"pmpro_content_message\">Art\u00edculo disponible s\u00f3lo para suscriptores.<br \/><a href=\"https:\/\/territorialchallenges.com\/wp-login.php\">Acceso<\/a><br \/><a href=\"https:\/\/territorialchallenges.com\/es\/wp-login.php\/?action=register\">Registro<\/a><\/div>","protected":false},"excerpt":{"rendered":"<p>(24 ao\u00fbt 2012) Lorsque le 19 ao\u00fbt \u00e0 la F\u00eate de la Rose de Frangy-en-Bresse (Sa\u00f4ne-et-Loire), Arnaud\u00a0Montebourg d\u00e9clarait que le gouvernement socialiste avait pour projet de \u00ab\u00a0conduire la France sur la route de la troisi\u00e8me r\u00e9volution industrielle\u00a0\u00bb, nombreux ceux qui ont fait le lien avec l&rsquo;ouvrage de l&rsquo;\u00e9conomiste am\u00e9ricain Jeremy Rifkin (*). Alors, notre ministre... <\/p>\n<div class=\"pmpro_content_message\">Art\u00edculo disponible s\u00f3lo para suscriptores.<br \/><a href=\"https:\/\/territorialchallenges.com\/wp-login.php\">Acceso<\/a><br \/><a href=\"https:\/\/territorialchallenges.com\/es\/wp-login.php\/?action=register\">Registro<\/a><\/div>","protected":false},"author":11,"featured_media":0,"comment_status":"open","ping_status":"open","sticky":true,"template":"","format":"standard","meta":{"pmpro_default_level":0,"footnotes":""},"categories":[123],"tags":[],"blocksy_meta":"","yoast_head":"<!-- This site is optimized with the Yoast SEO plugin v21.5 - https:\/\/yoast.com\/wordpress\/plugins\/seo\/ -->\n<title>La 3\u00e8me r\u00e9volution industrielle de Rifkin et le poulet de Bresse de Montebourg - Territorial Challenges<\/title>\n<meta name=\"robots\" content=\"index, follow, max-snippet:-1, max-image-preview:large, max-video-preview:-1\" \/>\n<link rel=\"canonical\" href=\"https:\/\/territorialchallenges.com\/es\/2016\/07\/09\/la-3eme-revolution-industrielle-de-rifkin-et-le-poulet-de-bresse-de-montebourg\/483\/\" \/>\n<meta property=\"og:locale\" content=\"es_ES\" \/>\n<meta property=\"og:type\" content=\"article\" \/>\n<meta property=\"og:title\" content=\"La 3\u00e8me r\u00e9volution industrielle de Rifkin et le poulet de Bresse de Montebourg - Territorial Challenges\" \/>\n<meta property=\"og:description\" content=\"(24 ao\u00fbt 2012) Lorsque le 19 ao\u00fbt \u00e0 la F\u00eate de la Rose de Frangy-en-Bresse (Sa\u00f4ne-et-Loire), Arnaud\u00a0Montebourg d\u00e9clarait que le gouvernement socialiste avait pour projet de \u00ab\u00a0conduire la France sur la route de la troisi\u00e8me r\u00e9volution industrielle\u00a0\u00bb, nombreux ceux qui ont fait le lien avec l&rsquo;ouvrage de l&rsquo;\u00e9conomiste am\u00e9ricain Jeremy Rifkin (*). Alors, notre ministre [&hellip;]\" \/>\n<meta property=\"og:url\" content=\"https:\/\/territorialchallenges.com\/es\/2016\/07\/09\/la-3eme-revolution-industrielle-de-rifkin-et-le-poulet-de-bresse-de-montebourg\/483\/\" \/>\n<meta property=\"og:site_name\" content=\"Territorial Challenges\" \/>\n<meta property=\"article:published_time\" content=\"2016-07-09T12:05:03+00:00\" \/>\n<meta name=\"author\" content=\"ni.abdi\" \/>\n<meta name=\"twitter:card\" content=\"summary_large_image\" \/>\n<meta name=\"twitter:creator\" content=\"@Ni.abdi\" \/>\n<meta name=\"twitter:label1\" content=\"Escrito por\" \/>\n\t<meta name=\"twitter:data1\" content=\"ni.abdi\" \/>\n\t<meta name=\"twitter:label2\" content=\"Tiempo de lectura\" \/>\n\t<meta name=\"twitter:data2\" content=\"3 minutos\" \/>\n<script type=\"application\/ld+json\" class=\"yoast-schema-graph\">{\"@context\":\"https:\/\/schema.org\",\"@graph\":[{\"@type\":\"Article\",\"@id\":\"https:\/\/territorialchallenges.com\/2016\/07\/09\/la-3eme-revolution-industrielle-de-rifkin-et-le-poulet-de-bresse-de-montebourg\/483\/#article\",\"isPartOf\":{\"@id\":\"https:\/\/territorialchallenges.com\/2016\/07\/09\/la-3eme-revolution-industrielle-de-rifkin-et-le-poulet-de-bresse-de-montebourg\/483\/\"},\"author\":{\"name\":\"ni.abdi\",\"@id\":\"https:\/\/territorialchallenges.com\/#\/schema\/person\/098f145c7c61a021c425e010f840080f\"},\"headline\":\"La 3\u00e8me r\u00e9volution industrielle de Rifkin et le poulet de Bresse de Montebourg\",\"datePublished\":\"2016-07-09T12:05:03+00:00\",\"dateModified\":\"2016-07-09T12:05:03+00:00\",\"mainEntityOfPage\":{\"@id\":\"https:\/\/territorialchallenges.com\/2016\/07\/09\/la-3eme-revolution-industrielle-de-rifkin-et-le-poulet-de-bresse-de-montebourg\/483\/\"},\"wordCount\":709,\"commentCount\":0,\"publisher\":{\"@id\":\"https:\/\/territorialchallenges.com\/#organization\"},\"articleSection\":[\"Archives - Editos\"],\"inLanguage\":\"es\"},{\"@type\":\"WebPage\",\"@id\":\"https:\/\/territorialchallenges.com\/2016\/07\/09\/la-3eme-revolution-industrielle-de-rifkin-et-le-poulet-de-bresse-de-montebourg\/483\/\",\"url\":\"https:\/\/territorialchallenges.com\/2016\/07\/09\/la-3eme-revolution-industrielle-de-rifkin-et-le-poulet-de-bresse-de-montebourg\/483\/\",\"name\":\"La 3\u00e8me r\u00e9volution industrielle de Rifkin et le poulet de Bresse de Montebourg - Territorial Challenges\",\"isPartOf\":{\"@id\":\"https:\/\/territorialchallenges.com\/#website\"},\"datePublished\":\"2016-07-09T12:05:03+00:00\",\"dateModified\":\"2016-07-09T12:05:03+00:00\",\"breadcrumb\":{\"@id\":\"https:\/\/territorialchallenges.com\/2016\/07\/09\/la-3eme-revolution-industrielle-de-rifkin-et-le-poulet-de-bresse-de-montebourg\/483\/#breadcrumb\"},\"inLanguage\":\"es\",\"potentialAction\":[{\"@type\":\"ReadAction\",\"target\":[\"https:\/\/territorialchallenges.com\/2016\/07\/09\/la-3eme-revolution-industrielle-de-rifkin-et-le-poulet-de-bresse-de-montebourg\/483\/\"]}]},{\"@type\":\"BreadcrumbList\",\"@id\":\"https:\/\/territorialchallenges.com\/2016\/07\/09\/la-3eme-revolution-industrielle-de-rifkin-et-le-poulet-de-bresse-de-montebourg\/483\/#breadcrumb\",\"itemListElement\":[{\"@type\":\"ListItem\",\"position\":1,\"name\":\"Home\",\"item\":\"https:\/\/territorialchallenges.com\/\"},{\"@type\":\"ListItem\",\"position\":2,\"name\":\"La 3\u00e8me r\u00e9volution industrielle de Rifkin et le poulet de Bresse de Montebourg\"}]},{\"@type\":\"WebSite\",\"@id\":\"https:\/\/territorialchallenges.com\/#website\",\"url\":\"https:\/\/territorialchallenges.com\/\",\"name\":\"Territorial Challenges\",\"description\":\"Veille Internationale - Strat\u00e9gie Intelligentes - Bonnes pratiques\",\"publisher\":{\"@id\":\"https:\/\/territorialchallenges.com\/#organization\"},\"potentialAction\":[{\"@type\":\"SearchAction\",\"target\":{\"@type\":\"EntryPoint\",\"urlTemplate\":\"https:\/\/territorialchallenges.com\/?s={search_term_string}\"},\"query-input\":\"required name=search_term_string\"}],\"inLanguage\":\"es\"},{\"@type\":\"Organization\",\"@id\":\"https:\/\/territorialchallenges.com\/#organization\",\"name\":\"Territorial Challenges\",\"url\":\"https:\/\/territorialchallenges.com\/\",\"logo\":{\"@type\":\"ImageObject\",\"inLanguage\":\"es\",\"@id\":\"https:\/\/territorialchallenges.com\/#\/schema\/logo\/image\/\",\"url\":\"https:\/\/territorialchallenges.com\/wp-content\/uploads\/2023\/10\/logo-1.png\",\"contentUrl\":\"https:\/\/territorialchallenges.com\/wp-content\/uploads\/2023\/10\/logo-1.png\",\"width\":1832,\"height\":576,\"caption\":\"Territorial Challenges\"},\"image\":{\"@id\":\"https:\/\/territorialchallenges.com\/#\/schema\/logo\/image\/\"}},{\"@type\":\"Person\",\"@id\":\"https:\/\/territorialchallenges.com\/#\/schema\/person\/098f145c7c61a021c425e010f840080f\",\"name\":\"ni.abdi\",\"image\":{\"@type\":\"ImageObject\",\"inLanguage\":\"es\",\"@id\":\"https:\/\/territorialchallenges.com\/#\/schema\/person\/image\/\",\"url\":\"https:\/\/secure.gravatar.com\/avatar\/2a2f2491f3c80039986ba989b1e4b510?s=96&d=identicon&r=g\",\"contentUrl\":\"https:\/\/secure.gravatar.com\/avatar\/2a2f2491f3c80039986ba989b1e4b510?s=96&d=identicon&r=g\",\"caption\":\"ni.abdi\"},\"sameAs\":[\"https:\/\/twitter.com\/Ni.abdi\"],\"url\":\"https:\/\/territorialchallenges.com\/es\/author\/ni-abdi\/\"}]}<\/script>\n<!-- \/ Yoast SEO plugin. -->","yoast_head_json":{"title":"La 3\u00e8me r\u00e9volution industrielle de Rifkin et le poulet de Bresse de Montebourg - Territorial Challenges","robots":{"index":"index","follow":"follow","max-snippet":"max-snippet:-1","max-image-preview":"max-image-preview:large","max-video-preview":"max-video-preview:-1"},"canonical":"https:\/\/territorialchallenges.com\/es\/2016\/07\/09\/la-3eme-revolution-industrielle-de-rifkin-et-le-poulet-de-bresse-de-montebourg\/483\/","og_locale":"es_ES","og_type":"article","og_title":"La 3\u00e8me r\u00e9volution industrielle de Rifkin et le poulet de Bresse de Montebourg - Territorial Challenges","og_description":"(24 ao\u00fbt 2012) Lorsque le 19 ao\u00fbt \u00e0 la F\u00eate de la Rose de Frangy-en-Bresse (Sa\u00f4ne-et-Loire), Arnaud\u00a0Montebourg d\u00e9clarait que le gouvernement socialiste avait pour projet de \u00ab\u00a0conduire la France sur la route de la troisi\u00e8me r\u00e9volution industrielle\u00a0\u00bb, nombreux ceux qui ont fait le lien avec l&rsquo;ouvrage de l&rsquo;\u00e9conomiste am\u00e9ricain Jeremy Rifkin (*). Alors, notre ministre [&hellip;]","og_url":"https:\/\/territorialchallenges.com\/es\/2016\/07\/09\/la-3eme-revolution-industrielle-de-rifkin-et-le-poulet-de-bresse-de-montebourg\/483\/","og_site_name":"Territorial Challenges","article_published_time":"2016-07-09T12:05:03+00:00","author":"ni.abdi","twitter_card":"summary_large_image","twitter_creator":"@Ni.abdi","twitter_misc":{"Escrito por":"ni.abdi","Tiempo de lectura":"3 minutos"},"schema":{"@context":"https:\/\/schema.org","@graph":[{"@type":"Article","@id":"https:\/\/territorialchallenges.com\/2016\/07\/09\/la-3eme-revolution-industrielle-de-rifkin-et-le-poulet-de-bresse-de-montebourg\/483\/#article","isPartOf":{"@id":"https:\/\/territorialchallenges.com\/2016\/07\/09\/la-3eme-revolution-industrielle-de-rifkin-et-le-poulet-de-bresse-de-montebourg\/483\/"},"author":{"name":"ni.abdi","@id":"https:\/\/territorialchallenges.com\/#\/schema\/person\/098f145c7c61a021c425e010f840080f"},"headline":"La 3\u00e8me r\u00e9volution industrielle de Rifkin et le poulet de Bresse de Montebourg","datePublished":"2016-07-09T12:05:03+00:00","dateModified":"2016-07-09T12:05:03+00:00","mainEntityOfPage":{"@id":"https:\/\/territorialchallenges.com\/2016\/07\/09\/la-3eme-revolution-industrielle-de-rifkin-et-le-poulet-de-bresse-de-montebourg\/483\/"},"wordCount":709,"commentCount":0,"publisher":{"@id":"https:\/\/territorialchallenges.com\/#organization"},"articleSection":["Archives - Editos"],"inLanguage":"es"},{"@type":"WebPage","@id":"https:\/\/territorialchallenges.com\/2016\/07\/09\/la-3eme-revolution-industrielle-de-rifkin-et-le-poulet-de-bresse-de-montebourg\/483\/","url":"https:\/\/territorialchallenges.com\/2016\/07\/09\/la-3eme-revolution-industrielle-de-rifkin-et-le-poulet-de-bresse-de-montebourg\/483\/","name":"La 3\u00e8me r\u00e9volution industrielle de Rifkin et le poulet de Bresse de Montebourg - Territorial Challenges","isPartOf":{"@id":"https:\/\/territorialchallenges.com\/#website"},"datePublished":"2016-07-09T12:05:03+00:00","dateModified":"2016-07-09T12:05:03+00:00","breadcrumb":{"@id":"https:\/\/territorialchallenges.com\/2016\/07\/09\/la-3eme-revolution-industrielle-de-rifkin-et-le-poulet-de-bresse-de-montebourg\/483\/#breadcrumb"},"inLanguage":"es","potentialAction":[{"@type":"ReadAction","target":["https:\/\/territorialchallenges.com\/2016\/07\/09\/la-3eme-revolution-industrielle-de-rifkin-et-le-poulet-de-bresse-de-montebourg\/483\/"]}]},{"@type":"BreadcrumbList","@id":"https:\/\/territorialchallenges.com\/2016\/07\/09\/la-3eme-revolution-industrielle-de-rifkin-et-le-poulet-de-bresse-de-montebourg\/483\/#breadcrumb","itemListElement":[{"@type":"ListItem","position":1,"name":"Home","item":"https:\/\/territorialchallenges.com\/"},{"@type":"ListItem","position":2,"name":"La 3\u00e8me r\u00e9volution industrielle de Rifkin et le poulet de Bresse de Montebourg"}]},{"@type":"WebSite","@id":"https:\/\/territorialchallenges.com\/#website","url":"https:\/\/territorialchallenges.com\/","name":"Desaf\u00edos territoriales","description":"Monitoreo Internacional - Estrategias Inteligentes - Mejores Pr\u00e1cticas","publisher":{"@id":"https:\/\/territorialchallenges.com\/#organization"},"potentialAction":[{"@type":"SearchAction","target":{"@type":"EntryPoint","urlTemplate":"https:\/\/territorialchallenges.com\/?s={search_term_string}"},"query-input":"required name=search_term_string"}],"inLanguage":"es"},{"@type":"Organization","@id":"https:\/\/territorialchallenges.com\/#organization","name":"Desaf\u00edos territoriales","url":"https:\/\/territorialchallenges.com\/","logo":{"@type":"ImageObject","inLanguage":"es","@id":"https:\/\/territorialchallenges.com\/#\/schema\/logo\/image\/","url":"https:\/\/territorialchallenges.com\/wp-content\/uploads\/2023\/10\/logo-1.png","contentUrl":"https:\/\/territorialchallenges.com\/wp-content\/uploads\/2023\/10\/logo-1.png","width":1832,"height":576,"caption":"Territorial Challenges"},"image":{"@id":"https:\/\/territorialchallenges.com\/#\/schema\/logo\/image\/"}},{"@type":"Person","@id":"https:\/\/territorialchallenges.com\/#\/schema\/person\/098f145c7c61a021c425e010f840080f","name":"ni.abdi","image":{"@type":"ImageObject","inLanguage":"es","@id":"https:\/\/territorialchallenges.com\/#\/schema\/person\/image\/","url":"https:\/\/secure.gravatar.com\/avatar\/2a2f2491f3c80039986ba989b1e4b510?s=96&d=identicon&r=g","contentUrl":"https:\/\/secure.gravatar.com\/avatar\/2a2f2491f3c80039986ba989b1e4b510?s=96&d=identicon&r=g","caption":"ni.abdi"},"sameAs":["https:\/\/twitter.com\/Ni.abdi"],"url":"https:\/\/territorialchallenges.com\/es\/author\/ni-abdi\/"}]}},"_links":{"self":[{"href":"https:\/\/territorialchallenges.com\/es\/wp-json\/wp\/v2\/posts\/483"}],"collection":[{"href":"https:\/\/territorialchallenges.com\/es\/wp-json\/wp\/v2\/posts"}],"about":[{"href":"https:\/\/territorialchallenges.com\/es\/wp-json\/wp\/v2\/types\/post"}],"author":[{"embeddable":true,"href":"https:\/\/territorialchallenges.com\/es\/wp-json\/wp\/v2\/users\/11"}],"replies":[{"embeddable":true,"href":"https:\/\/territorialchallenges.com\/es\/wp-json\/wp\/v2\/comments?post=483"}],"version-history":[{"count":0,"href":"https:\/\/territorialchallenges.com\/es\/wp-json\/wp\/v2\/posts\/483\/revisions"}],"wp:attachment":[{"href":"https:\/\/territorialchallenges.com\/es\/wp-json\/wp\/v2\/media?parent=483"}],"wp:term":[{"taxonomy":"category","embeddable":true,"href":"https:\/\/territorialchallenges.com\/es\/wp-json\/wp\/v2\/categories?post=483"},{"taxonomy":"post_tag","embeddable":true,"href":"https:\/\/territorialchallenges.com\/es\/wp-json\/wp\/v2\/tags?post=483"}],"curies":[{"name":"gracias","href":"https:\/\/api.w.org\/{rel}","templated":true}]}}