{"id":1923,"date":"2019-03-31T12:24:19","date_gmt":"2019-03-31T10:24:19","guid":{"rendered":"https:\/\/ecoinovatio.com\/?p=1923"},"modified":"2019-05-07T17:10:41","modified_gmt":"2019-05-07T15:10:41","slug":"oslo-offre-de-lenergie-sans-fil-a-ses-taxis-electriques","status":"publish","type":"post","link":"https:\/\/territorialchallenges.com\/es\/2019\/03\/31\/oslo-offre-de-lenergie-sans-fil-a-ses-taxis-electriques\/1923\/","title":{"rendered":"Oslo ofrece energ\u00eda inal\u00e1mbrica a sus taxis el\u00e9ctricos"},"content":{"rendered":"<p>La capital noruega se convierte en la primera ciudad del mundo en utilizar infraestructura de carga r\u00e1pida inal\u00e1mbrica para su flota de taxis, como parte de un esfuerzo por implementar exclusivamente taxis el\u00e9ctricos para 2023. Las placas de carga que utilizan tecnolog\u00eda de inducci\u00f3n para proporcionar una carga\u2026 <\/p>\n<div class=\"pmpro_content_message\">Art\u00edculo disponible s\u00f3lo para suscriptores.<br \/><a href=\"https:\/\/territorialchallenges.com\/wp-login.php\">Acceso<\/a><br \/><a href=\"https:\/\/territorialchallenges.com\/es\/wp-login.php\/?action=register\">Registro<\/a><\/div>","protected":false},"excerpt":{"rendered":"<p>La capitale norv\u00e9gienne est en train de devenir la premi\u00e8re ville au monde \u00e0 utiliser une infrastructure de recharge rapide sans fil pour son parc de taxis, dans le cadre d&rsquo;un effort visant \u00e0 d\u00e9ployer uniquement des taxis \u00e9lectriques d&rsquo;ici 2023. Des plaques de chargement qui utilisent la technologie \u00e0 induction pour fournir une charge... <\/p>\n<div class=\"pmpro_content_message\">Art\u00edculo disponible s\u00f3lo para suscriptores.<br \/><a href=\"https:\/\/territorialchallenges.com\/wp-login.php\">Acceso<\/a><br \/><a href=\"https:\/\/territorialchallenges.com\/es\/wp-login.php\/?action=register\">Registro<\/a><\/div>","protected":false},"author":11,"featured_media":83593,"comment_status":"open","ping_status":"open","sticky":false,"template":"","format":"standard","meta":{"pmpro_default_level":0,"footnotes":""},"categories":[18,127],"tags":[],"blocksy_meta":"","yoast_head":"<!-- This site is optimized with the Yoast SEO plugin v21.5 - https:\/\/yoast.com\/wordpress\/plugins\/seo\/ -->\n<title>Oslo, offre de l\u2019\u00e9nergie sans fil \u00e0 ses taxis \u00e9lectriques - Territorial Challenges<\/title>\n<meta name=\"robots\" content=\"index, follow, max-snippet:-1, max-image-preview:large, max-video-preview:-1\" \/>\n<link rel=\"canonical\" href=\"https:\/\/territorialchallenges.com\/es\/2019\/03\/31\/oslo-offre-de-lenergie-sans-fil-a-ses-taxis-electriques\/1923\/\" \/>\n<meta property=\"og:locale\" content=\"es_ES\" \/>\n<meta property=\"og:type\" content=\"article\" \/>\n<meta property=\"og:title\" content=\"Oslo, offre de l\u2019\u00e9nergie sans fil \u00e0 ses taxis \u00e9lectriques - Territorial Challenges\" \/>\n<meta property=\"og:description\" content=\"La capitale norv\u00e9gienne est en train de devenir la premi\u00e8re ville au monde \u00e0 utiliser une infrastructure de recharge rapide sans fil pour son parc de taxis, dans le cadre d&rsquo;un effort visant \u00e0 d\u00e9ployer uniquement des taxis \u00e9lectriques d&rsquo;ici 2023. Des plaques de chargement qui utilisent la technologie \u00e0 induction pour fournir une charge [&hellip;]\" \/>\n<meta property=\"og:url\" content=\"https:\/\/territorialchallenges.com\/es\/2019\/03\/31\/oslo-offre-de-lenergie-sans-fil-a-ses-taxis-electriques\/1923\/\" \/>\n<meta property=\"og:site_name\" content=\"Territorial Challenges\" \/>\n<meta property=\"article:published_time\" content=\"2019-03-31T10:24:19+00:00\" \/>\n<meta property=\"article:modified_time\" content=\"2019-05-07T15:10:41+00:00\" \/>\n<meta property=\"og:image\" content=\"https:\/\/territorialchallenges.com\/wp-content\/uploads\/2019\/05\/oslo-1024x683.jpg\" \/>\n\t<meta property=\"og:image:width\" content=\"1024\" \/>\n\t<meta property=\"og:image:height\" content=\"683\" \/>\n\t<meta property=\"og:image:type\" content=\"image\/jpeg\" \/>\n<meta name=\"author\" content=\"ni.abdi\" \/>\n<meta name=\"twitter:card\" content=\"summary_large_image\" \/>\n<meta name=\"twitter:creator\" content=\"@Ni.abdi\" \/>\n<meta name=\"twitter:label1\" content=\"Escrito por\" \/>\n\t<meta name=\"twitter:data1\" content=\"ni.abdi\" \/>\n\t<meta name=\"twitter:label2\" content=\"Tiempo de lectura\" \/>\n\t<meta name=\"twitter:data2\" content=\"2 minutos\" \/>\n<script type=\"application\/ld+json\" class=\"yoast-schema-graph\">{\"@context\":\"https:\/\/schema.org\",\"@graph\":[{\"@type\":\"Article\",\"@id\":\"https:\/\/territorialchallenges.com\/2019\/03\/31\/oslo-offre-de-lenergie-sans-fil-a-ses-taxis-electriques\/1923\/#article\",\"isPartOf\":{\"@id\":\"https:\/\/territorialchallenges.com\/2019\/03\/31\/oslo-offre-de-lenergie-sans-fil-a-ses-taxis-electriques\/1923\/\"},\"author\":{\"name\":\"ni.abdi\",\"@id\":\"https:\/\/territorialchallenges.com\/#\/schema\/person\/098f145c7c61a021c425e010f840080f\"},\"headline\":\"Oslo, offre de l\u2019\u00e9nergie sans fil \u00e0 ses taxis \u00e9lectriques\",\"datePublished\":\"2019-03-31T10:24:19+00:00\",\"dateModified\":\"2019-05-07T15:10:41+00:00\",\"mainEntityOfPage\":{\"@id\":\"https:\/\/territorialchallenges.com\/2019\/03\/31\/oslo-offre-de-lenergie-sans-fil-a-ses-taxis-electriques\/1923\/\"},\"wordCount\":468,\"commentCount\":0,\"publisher\":{\"@id\":\"https:\/\/territorialchallenges.com\/#organization\"},\"articleSection\":[\"Transition \u00c9nerg\u00e9tique\",\"Actualit\u00e9 Europe\"],\"inLanguage\":\"es\"},{\"@type\":\"WebPage\",\"@id\":\"https:\/\/territorialchallenges.com\/2019\/03\/31\/oslo-offre-de-lenergie-sans-fil-a-ses-taxis-electriques\/1923\/\",\"url\":\"https:\/\/territorialchallenges.com\/2019\/03\/31\/oslo-offre-de-lenergie-sans-fil-a-ses-taxis-electriques\/1923\/\",\"name\":\"Oslo, offre de l\u2019\u00e9nergie sans fil \u00e0 ses taxis \u00e9lectriques - Territorial Challenges\",\"isPartOf\":{\"@id\":\"https:\/\/territorialchallenges.com\/#website\"},\"datePublished\":\"2019-03-31T10:24:19+00:00\",\"dateModified\":\"2019-05-07T15:10:41+00:00\",\"breadcrumb\":{\"@id\":\"https:\/\/territorialchallenges.com\/2019\/03\/31\/oslo-offre-de-lenergie-sans-fil-a-ses-taxis-electriques\/1923\/#breadcrumb\"},\"inLanguage\":\"es\",\"potentialAction\":[{\"@type\":\"ReadAction\",\"target\":[\"https:\/\/territorialchallenges.com\/2019\/03\/31\/oslo-offre-de-lenergie-sans-fil-a-ses-taxis-electriques\/1923\/\"]}]},{\"@type\":\"BreadcrumbList\",\"@id\":\"https:\/\/territorialchallenges.com\/2019\/03\/31\/oslo-offre-de-lenergie-sans-fil-a-ses-taxis-electriques\/1923\/#breadcrumb\",\"itemListElement\":[{\"@type\":\"ListItem\",\"position\":1,\"name\":\"Home\",\"item\":\"https:\/\/territorialchallenges.com\/\"},{\"@type\":\"ListItem\",\"position\":2,\"name\":\"Oslo, offre de l\u2019\u00e9nergie sans fil \u00e0 ses taxis \u00e9lectriques\"}]},{\"@type\":\"WebSite\",\"@id\":\"https:\/\/territorialchallenges.com\/#website\",\"url\":\"https:\/\/territorialchallenges.com\/\",\"name\":\"Territorial Challenges\",\"description\":\"Veille Internationale - Strat\u00e9gie Intelligentes - Bonnes pratiques\",\"publisher\":{\"@id\":\"https:\/\/territorialchallenges.com\/#organization\"},\"potentialAction\":[{\"@type\":\"SearchAction\",\"target\":{\"@type\":\"EntryPoint\",\"urlTemplate\":\"https:\/\/territorialchallenges.com\/?s={search_term_string}\"},\"query-input\":\"required name=search_term_string\"}],\"inLanguage\":\"es\"},{\"@type\":\"Organization\",\"@id\":\"https:\/\/territorialchallenges.com\/#organization\",\"name\":\"Territorial Challenges\",\"url\":\"https:\/\/territorialchallenges.com\/\",\"logo\":{\"@type\":\"ImageObject\",\"inLanguage\":\"es\",\"@id\":\"https:\/\/territorialchallenges.com\/#\/schema\/logo\/image\/\",\"url\":\"https:\/\/territorialchallenges.com\/wp-content\/uploads\/2023\/10\/logo-1.png\",\"contentUrl\":\"https:\/\/territorialchallenges.com\/wp-content\/uploads\/2023\/10\/logo-1.png\",\"width\":1832,\"height\":576,\"caption\":\"Territorial Challenges\"},\"image\":{\"@id\":\"https:\/\/territorialchallenges.com\/#\/schema\/logo\/image\/\"}},{\"@type\":\"Person\",\"@id\":\"https:\/\/territorialchallenges.com\/#\/schema\/person\/098f145c7c61a021c425e010f840080f\",\"name\":\"ni.abdi\",\"image\":{\"@type\":\"ImageObject\",\"inLanguage\":\"es\",\"@id\":\"https:\/\/territorialchallenges.com\/#\/schema\/person\/image\/\",\"url\":\"https:\/\/secure.gravatar.com\/avatar\/2a2f2491f3c80039986ba989b1e4b510?s=96&d=identicon&r=g\",\"contentUrl\":\"https:\/\/secure.gravatar.com\/avatar\/2a2f2491f3c80039986ba989b1e4b510?s=96&d=identicon&r=g\",\"caption\":\"ni.abdi\"},\"sameAs\":[\"https:\/\/twitter.com\/Ni.abdi\"],\"url\":\"https:\/\/territorialchallenges.com\/es\/author\/ni-abdi\/\"}]}<\/script>\n<!-- \/ Yoast SEO plugin. -->","yoast_head_json":{"title":"Oslo, offre de l\u2019\u00e9nergie sans fil \u00e0 ses taxis \u00e9lectriques - Territorial Challenges","robots":{"index":"index","follow":"follow","max-snippet":"max-snippet:-1","max-image-preview":"max-image-preview:large","max-video-preview":"max-video-preview:-1"},"canonical":"https:\/\/territorialchallenges.com\/es\/2019\/03\/31\/oslo-offre-de-lenergie-sans-fil-a-ses-taxis-electriques\/1923\/","og_locale":"es_ES","og_type":"article","og_title":"Oslo, offre de l\u2019\u00e9nergie sans fil \u00e0 ses taxis \u00e9lectriques - Territorial Challenges","og_description":"La capitale norv\u00e9gienne est en train de devenir la premi\u00e8re ville au monde \u00e0 utiliser une infrastructure de recharge rapide sans fil pour son parc de taxis, dans le cadre d&rsquo;un effort visant \u00e0 d\u00e9ployer uniquement des taxis \u00e9lectriques d&rsquo;ici 2023. Des plaques de chargement qui utilisent la technologie \u00e0 induction pour fournir une charge [&hellip;]","og_url":"https:\/\/territorialchallenges.com\/es\/2019\/03\/31\/oslo-offre-de-lenergie-sans-fil-a-ses-taxis-electriques\/1923\/","og_site_name":"Territorial Challenges","article_published_time":"2019-03-31T10:24:19+00:00","article_modified_time":"2019-05-07T15:10:41+00:00","og_image":[{"width":1024,"height":683,"url":"https:\/\/territorialchallenges.com\/wp-content\/uploads\/2019\/05\/oslo-1024x683.jpg","type":"image\/jpeg"}],"author":"ni.abdi","twitter_card":"summary_large_image","twitter_creator":"@Ni.abdi","twitter_misc":{"Escrito por":"ni.abdi","Tiempo de lectura":"2 minutos"},"schema":{"@context":"https:\/\/schema.org","@graph":[{"@type":"Article","@id":"https:\/\/territorialchallenges.com\/2019\/03\/31\/oslo-offre-de-lenergie-sans-fil-a-ses-taxis-electriques\/1923\/#article","isPartOf":{"@id":"https:\/\/territorialchallenges.com\/2019\/03\/31\/oslo-offre-de-lenergie-sans-fil-a-ses-taxis-electriques\/1923\/"},"author":{"name":"ni.abdi","@id":"https:\/\/territorialchallenges.com\/#\/schema\/person\/098f145c7c61a021c425e010f840080f"},"headline":"Oslo, offre de l\u2019\u00e9nergie sans fil \u00e0 ses taxis \u00e9lectriques","datePublished":"2019-03-31T10:24:19+00:00","dateModified":"2019-05-07T15:10:41+00:00","mainEntityOfPage":{"@id":"https:\/\/territorialchallenges.com\/2019\/03\/31\/oslo-offre-de-lenergie-sans-fil-a-ses-taxis-electriques\/1923\/"},"wordCount":468,"commentCount":0,"publisher":{"@id":"https:\/\/territorialchallenges.com\/#organization"},"articleSection":["Transition \u00c9nerg\u00e9tique","Actualit\u00e9 Europe"],"inLanguage":"es"},{"@type":"WebPage","@id":"https:\/\/territorialchallenges.com\/2019\/03\/31\/oslo-offre-de-lenergie-sans-fil-a-ses-taxis-electriques\/1923\/","url":"https:\/\/territorialchallenges.com\/2019\/03\/31\/oslo-offre-de-lenergie-sans-fil-a-ses-taxis-electriques\/1923\/","name":"Oslo, offre de l\u2019\u00e9nergie sans fil \u00e0 ses taxis \u00e9lectriques - Territorial Challenges","isPartOf":{"@id":"https:\/\/territorialchallenges.com\/#website"},"datePublished":"2019-03-31T10:24:19+00:00","dateModified":"2019-05-07T15:10:41+00:00","breadcrumb":{"@id":"https:\/\/territorialchallenges.com\/2019\/03\/31\/oslo-offre-de-lenergie-sans-fil-a-ses-taxis-electriques\/1923\/#breadcrumb"},"inLanguage":"es","potentialAction":[{"@type":"ReadAction","target":["https:\/\/territorialchallenges.com\/2019\/03\/31\/oslo-offre-de-lenergie-sans-fil-a-ses-taxis-electriques\/1923\/"]}]},{"@type":"BreadcrumbList","@id":"https:\/\/territorialchallenges.com\/2019\/03\/31\/oslo-offre-de-lenergie-sans-fil-a-ses-taxis-electriques\/1923\/#breadcrumb","itemListElement":[{"@type":"ListItem","position":1,"name":"Home","item":"https:\/\/territorialchallenges.com\/"},{"@type":"ListItem","position":2,"name":"Oslo, offre de l\u2019\u00e9nergie sans fil \u00e0 ses taxis \u00e9lectriques"}]},{"@type":"WebSite","@id":"https:\/\/territorialchallenges.com\/#website","url":"https:\/\/territorialchallenges.com\/","name":"Desaf\u00edos territoriales","description":"Monitoreo Internacional - Estrategias Inteligentes - Mejores Pr\u00e1cticas","publisher":{"@id":"https:\/\/territorialchallenges.com\/#organization"},"potentialAction":[{"@type":"SearchAction","target":{"@type":"EntryPoint","urlTemplate":"https:\/\/territorialchallenges.com\/?s={search_term_string}"},"query-input":"required name=search_term_string"}],"inLanguage":"es"},{"@type":"Organization","@id":"https:\/\/territorialchallenges.com\/#organization","name":"Desaf\u00edos territoriales","url":"https:\/\/territorialchallenges.com\/","logo":{"@type":"ImageObject","inLanguage":"es","@id":"https:\/\/territorialchallenges.com\/#\/schema\/logo\/image\/","url":"https:\/\/territorialchallenges.com\/wp-content\/uploads\/2023\/10\/logo-1.png","contentUrl":"https:\/\/territorialchallenges.com\/wp-content\/uploads\/2023\/10\/logo-1.png","width":1832,"height":576,"caption":"Territorial Challenges"},"image":{"@id":"https:\/\/territorialchallenges.com\/#\/schema\/logo\/image\/"}},{"@type":"Person","@id":"https:\/\/territorialchallenges.com\/#\/schema\/person\/098f145c7c61a021c425e010f840080f","name":"ni.abdi","image":{"@type":"ImageObject","inLanguage":"es","@id":"https:\/\/territorialchallenges.com\/#\/schema\/person\/image\/","url":"https:\/\/secure.gravatar.com\/avatar\/2a2f2491f3c80039986ba989b1e4b510?s=96&d=identicon&r=g","contentUrl":"https:\/\/secure.gravatar.com\/avatar\/2a2f2491f3c80039986ba989b1e4b510?s=96&d=identicon&r=g","caption":"ni.abdi"},"sameAs":["https:\/\/twitter.com\/Ni.abdi"],"url":"https:\/\/territorialchallenges.com\/es\/author\/ni-abdi\/"}]}},"_links":{"self":[{"href":"https:\/\/territorialchallenges.com\/es\/wp-json\/wp\/v2\/posts\/1923"}],"collection":[{"href":"https:\/\/territorialchallenges.com\/es\/wp-json\/wp\/v2\/posts"}],"about":[{"href":"https:\/\/territorialchallenges.com\/es\/wp-json\/wp\/v2\/types\/post"}],"author":[{"embeddable":true,"href":"https:\/\/territorialchallenges.com\/es\/wp-json\/wp\/v2\/users\/11"}],"replies":[{"embeddable":true,"href":"https:\/\/territorialchallenges.com\/es\/wp-json\/wp\/v2\/comments?post=1923"}],"version-history":[{"count":1,"href":"https:\/\/territorialchallenges.com\/es\/wp-json\/wp\/v2\/posts\/1923\/revisions"}],"predecessor-version":[{"id":83663,"href":"https:\/\/territorialchallenges.com\/es\/wp-json\/wp\/v2\/posts\/1923\/revisions\/83663"}],"wp:featuredmedia":[{"embeddable":true,"href":"https:\/\/territorialchallenges.com\/es\/wp-json\/wp\/v2\/media\/83593"}],"wp:attachment":[{"href":"https:\/\/territorialchallenges.com\/es\/wp-json\/wp\/v2\/media?parent=1923"}],"wp:term":[{"taxonomy":"category","embeddable":true,"href":"https:\/\/territorialchallenges.com\/es\/wp-json\/wp\/v2\/categories?post=1923"},{"taxonomy":"post_tag","embeddable":true,"href":"https:\/\/territorialchallenges.com\/es\/wp-json\/wp\/v2\/tags?post=1923"}],"curies":[{"name":"gracias","href":"https:\/\/api.w.org\/{rel}","templated":true}]}}