{"id":1684,"date":"2018-10-14T18:45:02","date_gmt":"2018-10-14T16:45:02","guid":{"rendered":"https:\/\/ecoinovatio.com\/?p=1684"},"modified":"2018-10-14T18:45:02","modified_gmt":"2018-10-14T16:45:02","slug":"la-revolution-energetique-et-lubiquite","status":"publish","type":"post","link":"https:\/\/territorialchallenges.com\/es\/2018\/10\/14\/la-revolution-energetique-et-lubiquite\/1684\/","title":{"rendered":"La revoluci\u00f3n energ\u00e9tica y la ubicuidad"},"content":{"rendered":"<p>A medida que nos adentramos en las primeras etapas de la transici\u00f3n energ\u00e9tica, se hace m\u00e1s evidente la disparidad entre la capacidad de los especialistas en TI para estar presentes en todas partes y los electricistas, que solo piensan en la producci\u00f3n, distribuci\u00f3n y consumo de energ\u00eda. \u00bfDeber\u00eda lograrse una transici\u00f3n energ\u00e9tica solo con empresas involucradas en el suministro de electricidad y...? <\/p>\n<div class=\"pmpro_content_message\">Art\u00edculo disponible s\u00f3lo para suscriptores.<br \/><a href=\"https:\/\/territorialchallenges.com\/wp-login.php\">Acceso<\/a><br \/><a href=\"https:\/\/territorialchallenges.com\/es\/wp-login.php\/?action=register\">Registro<\/a><\/div>","protected":false},"excerpt":{"rendered":"<p>Plus on rentre dans les premi\u00e8res phases de la transition \u00e9nerg\u00e9tique, plus une anomalie se fait sentir entre la capacit\u00e9 des informaticiens \u00e0 \u00eatre partout face \u00e0 des \u00e9lectriciens qui ne r\u00e9fl\u00e9chissent qu\u2019en termes de production, distribution et consommation \u00e9nerg\u00e9tique. Une transition \u00e9nerg\u00e9tique doit-elle se r\u00e9aliser qu\u2019avec des entreprises impliqu\u00e9es dans l\u2019offre de l\u2019\u00e9lectricit\u00e9 et... <\/p>\n<div class=\"pmpro_content_message\">Art\u00edculo disponible s\u00f3lo para suscriptores.<br \/><a href=\"https:\/\/territorialchallenges.com\/wp-login.php\">Acceso<\/a><br \/><a href=\"https:\/\/territorialchallenges.com\/es\/wp-login.php\/?action=register\">Registro<\/a><\/div>","protected":false},"author":11,"featured_media":0,"comment_status":"open","ping_status":"open","sticky":true,"template":"","format":"standard","meta":{"pmpro_default_level":0,"footnotes":""},"categories":[123],"tags":[],"blocksy_meta":"","yoast_head":"<!-- This site is optimized with the Yoast SEO plugin v21.5 - https:\/\/yoast.com\/wordpress\/plugins\/seo\/ -->\n<title>La r\u00e9volution \u00e9nerg\u00e9tique et l\u2019ubiquit\u00e9 - Territorial Challenges<\/title>\n<meta name=\"robots\" content=\"index, follow, max-snippet:-1, max-image-preview:large, max-video-preview:-1\" \/>\n<link rel=\"canonical\" href=\"https:\/\/territorialchallenges.com\/es\/2018\/10\/14\/la-revolution-energetique-et-lubiquite\/1684\/\" \/>\n<meta property=\"og:locale\" content=\"es_ES\" \/>\n<meta property=\"og:type\" content=\"article\" \/>\n<meta property=\"og:title\" content=\"La r\u00e9volution \u00e9nerg\u00e9tique et l\u2019ubiquit\u00e9 - Territorial Challenges\" \/>\n<meta property=\"og:description\" content=\"Plus on rentre dans les premi\u00e8res phases de la transition \u00e9nerg\u00e9tique, plus une anomalie se fait sentir entre la capacit\u00e9 des informaticiens \u00e0 \u00eatre partout face \u00e0 des \u00e9lectriciens qui ne r\u00e9fl\u00e9chissent qu\u2019en termes de production, distribution et consommation \u00e9nerg\u00e9tique. Une transition \u00e9nerg\u00e9tique doit-elle se r\u00e9aliser qu\u2019avec des entreprises impliqu\u00e9es dans l\u2019offre de l\u2019\u00e9lectricit\u00e9 et [&hellip;]\" \/>\n<meta property=\"og:url\" content=\"https:\/\/territorialchallenges.com\/es\/2018\/10\/14\/la-revolution-energetique-et-lubiquite\/1684\/\" \/>\n<meta property=\"og:site_name\" content=\"Territorial Challenges\" \/>\n<meta property=\"article:published_time\" content=\"2018-10-14T16:45:02+00:00\" \/>\n<meta name=\"author\" content=\"ni.abdi\" \/>\n<meta name=\"twitter:card\" content=\"summary_large_image\" \/>\n<meta name=\"twitter:creator\" content=\"@Ni.abdi\" \/>\n<meta name=\"twitter:label1\" content=\"Escrito por\" \/>\n\t<meta name=\"twitter:data1\" content=\"ni.abdi\" \/>\n\t<meta name=\"twitter:label2\" content=\"Tiempo de lectura\" \/>\n\t<meta name=\"twitter:data2\" content=\"3 minutos\" \/>\n<script type=\"application\/ld+json\" class=\"yoast-schema-graph\">{\"@context\":\"https:\/\/schema.org\",\"@graph\":[{\"@type\":\"Article\",\"@id\":\"https:\/\/territorialchallenges.com\/2018\/10\/14\/la-revolution-energetique-et-lubiquite\/1684\/#article\",\"isPartOf\":{\"@id\":\"https:\/\/territorialchallenges.com\/2018\/10\/14\/la-revolution-energetique-et-lubiquite\/1684\/\"},\"author\":{\"name\":\"ni.abdi\",\"@id\":\"https:\/\/territorialchallenges.com\/#\/schema\/person\/098f145c7c61a021c425e010f840080f\"},\"headline\":\"La r\u00e9volution \u00e9nerg\u00e9tique et l\u2019ubiquit\u00e9\",\"datePublished\":\"2018-10-14T16:45:02+00:00\",\"dateModified\":\"2018-10-14T16:45:02+00:00\",\"mainEntityOfPage\":{\"@id\":\"https:\/\/territorialchallenges.com\/2018\/10\/14\/la-revolution-energetique-et-lubiquite\/1684\/\"},\"wordCount\":611,\"commentCount\":0,\"publisher\":{\"@id\":\"https:\/\/territorialchallenges.com\/#organization\"},\"articleSection\":[\"Archives - Editos\"],\"inLanguage\":\"es\"},{\"@type\":\"WebPage\",\"@id\":\"https:\/\/territorialchallenges.com\/2018\/10\/14\/la-revolution-energetique-et-lubiquite\/1684\/\",\"url\":\"https:\/\/territorialchallenges.com\/2018\/10\/14\/la-revolution-energetique-et-lubiquite\/1684\/\",\"name\":\"La r\u00e9volution \u00e9nerg\u00e9tique et l\u2019ubiquit\u00e9 - Territorial Challenges\",\"isPartOf\":{\"@id\":\"https:\/\/territorialchallenges.com\/#website\"},\"datePublished\":\"2018-10-14T16:45:02+00:00\",\"dateModified\":\"2018-10-14T16:45:02+00:00\",\"breadcrumb\":{\"@id\":\"https:\/\/territorialchallenges.com\/2018\/10\/14\/la-revolution-energetique-et-lubiquite\/1684\/#breadcrumb\"},\"inLanguage\":\"es\",\"potentialAction\":[{\"@type\":\"ReadAction\",\"target\":[\"https:\/\/territorialchallenges.com\/2018\/10\/14\/la-revolution-energetique-et-lubiquite\/1684\/\"]}]},{\"@type\":\"BreadcrumbList\",\"@id\":\"https:\/\/territorialchallenges.com\/2018\/10\/14\/la-revolution-energetique-et-lubiquite\/1684\/#breadcrumb\",\"itemListElement\":[{\"@type\":\"ListItem\",\"position\":1,\"name\":\"Home\",\"item\":\"https:\/\/territorialchallenges.com\/\"},{\"@type\":\"ListItem\",\"position\":2,\"name\":\"La r\u00e9volution \u00e9nerg\u00e9tique et l\u2019ubiquit\u00e9\"}]},{\"@type\":\"WebSite\",\"@id\":\"https:\/\/territorialchallenges.com\/#website\",\"url\":\"https:\/\/territorialchallenges.com\/\",\"name\":\"Territorial Challenges\",\"description\":\"Veille Internationale - Strat\u00e9gie Intelligentes - Bonnes pratiques\",\"publisher\":{\"@id\":\"https:\/\/territorialchallenges.com\/#organization\"},\"potentialAction\":[{\"@type\":\"SearchAction\",\"target\":{\"@type\":\"EntryPoint\",\"urlTemplate\":\"https:\/\/territorialchallenges.com\/?s={search_term_string}\"},\"query-input\":\"required name=search_term_string\"}],\"inLanguage\":\"es\"},{\"@type\":\"Organization\",\"@id\":\"https:\/\/territorialchallenges.com\/#organization\",\"name\":\"Territorial Challenges\",\"url\":\"https:\/\/territorialchallenges.com\/\",\"logo\":{\"@type\":\"ImageObject\",\"inLanguage\":\"es\",\"@id\":\"https:\/\/territorialchallenges.com\/#\/schema\/logo\/image\/\",\"url\":\"https:\/\/territorialchallenges.com\/wp-content\/uploads\/2023\/10\/logo-1.png\",\"contentUrl\":\"https:\/\/territorialchallenges.com\/wp-content\/uploads\/2023\/10\/logo-1.png\",\"width\":1832,\"height\":576,\"caption\":\"Territorial Challenges\"},\"image\":{\"@id\":\"https:\/\/territorialchallenges.com\/#\/schema\/logo\/image\/\"}},{\"@type\":\"Person\",\"@id\":\"https:\/\/territorialchallenges.com\/#\/schema\/person\/098f145c7c61a021c425e010f840080f\",\"name\":\"ni.abdi\",\"image\":{\"@type\":\"ImageObject\",\"inLanguage\":\"es\",\"@id\":\"https:\/\/territorialchallenges.com\/#\/schema\/person\/image\/\",\"url\":\"https:\/\/secure.gravatar.com\/avatar\/2a2f2491f3c80039986ba989b1e4b510?s=96&d=identicon&r=g\",\"contentUrl\":\"https:\/\/secure.gravatar.com\/avatar\/2a2f2491f3c80039986ba989b1e4b510?s=96&d=identicon&r=g\",\"caption\":\"ni.abdi\"},\"sameAs\":[\"https:\/\/twitter.com\/Ni.abdi\"],\"url\":\"https:\/\/territorialchallenges.com\/es\/author\/ni-abdi\/\"}]}<\/script>\n<!-- \/ Yoast SEO plugin. -->","yoast_head_json":{"title":"La r\u00e9volution \u00e9nerg\u00e9tique et l\u2019ubiquit\u00e9 - Territorial Challenges","robots":{"index":"index","follow":"follow","max-snippet":"max-snippet:-1","max-image-preview":"max-image-preview:large","max-video-preview":"max-video-preview:-1"},"canonical":"https:\/\/territorialchallenges.com\/es\/2018\/10\/14\/la-revolution-energetique-et-lubiquite\/1684\/","og_locale":"es_ES","og_type":"article","og_title":"La r\u00e9volution \u00e9nerg\u00e9tique et l\u2019ubiquit\u00e9 - Territorial Challenges","og_description":"Plus on rentre dans les premi\u00e8res phases de la transition \u00e9nerg\u00e9tique, plus une anomalie se fait sentir entre la capacit\u00e9 des informaticiens \u00e0 \u00eatre partout face \u00e0 des \u00e9lectriciens qui ne r\u00e9fl\u00e9chissent qu\u2019en termes de production, distribution et consommation \u00e9nerg\u00e9tique. Une transition \u00e9nerg\u00e9tique doit-elle se r\u00e9aliser qu\u2019avec des entreprises impliqu\u00e9es dans l\u2019offre de l\u2019\u00e9lectricit\u00e9 et [&hellip;]","og_url":"https:\/\/territorialchallenges.com\/es\/2018\/10\/14\/la-revolution-energetique-et-lubiquite\/1684\/","og_site_name":"Territorial Challenges","article_published_time":"2018-10-14T16:45:02+00:00","author":"ni.abdi","twitter_card":"summary_large_image","twitter_creator":"@Ni.abdi","twitter_misc":{"Escrito por":"ni.abdi","Tiempo de lectura":"3 minutos"},"schema":{"@context":"https:\/\/schema.org","@graph":[{"@type":"Article","@id":"https:\/\/territorialchallenges.com\/2018\/10\/14\/la-revolution-energetique-et-lubiquite\/1684\/#article","isPartOf":{"@id":"https:\/\/territorialchallenges.com\/2018\/10\/14\/la-revolution-energetique-et-lubiquite\/1684\/"},"author":{"name":"ni.abdi","@id":"https:\/\/territorialchallenges.com\/#\/schema\/person\/098f145c7c61a021c425e010f840080f"},"headline":"La r\u00e9volution \u00e9nerg\u00e9tique et l\u2019ubiquit\u00e9","datePublished":"2018-10-14T16:45:02+00:00","dateModified":"2018-10-14T16:45:02+00:00","mainEntityOfPage":{"@id":"https:\/\/territorialchallenges.com\/2018\/10\/14\/la-revolution-energetique-et-lubiquite\/1684\/"},"wordCount":611,"commentCount":0,"publisher":{"@id":"https:\/\/territorialchallenges.com\/#organization"},"articleSection":["Archives - Editos"],"inLanguage":"es"},{"@type":"WebPage","@id":"https:\/\/territorialchallenges.com\/2018\/10\/14\/la-revolution-energetique-et-lubiquite\/1684\/","url":"https:\/\/territorialchallenges.com\/2018\/10\/14\/la-revolution-energetique-et-lubiquite\/1684\/","name":"La r\u00e9volution \u00e9nerg\u00e9tique et l\u2019ubiquit\u00e9 - Territorial Challenges","isPartOf":{"@id":"https:\/\/territorialchallenges.com\/#website"},"datePublished":"2018-10-14T16:45:02+00:00","dateModified":"2018-10-14T16:45:02+00:00","breadcrumb":{"@id":"https:\/\/territorialchallenges.com\/2018\/10\/14\/la-revolution-energetique-et-lubiquite\/1684\/#breadcrumb"},"inLanguage":"es","potentialAction":[{"@type":"ReadAction","target":["https:\/\/territorialchallenges.com\/2018\/10\/14\/la-revolution-energetique-et-lubiquite\/1684\/"]}]},{"@type":"BreadcrumbList","@id":"https:\/\/territorialchallenges.com\/2018\/10\/14\/la-revolution-energetique-et-lubiquite\/1684\/#breadcrumb","itemListElement":[{"@type":"ListItem","position":1,"name":"Home","item":"https:\/\/territorialchallenges.com\/"},{"@type":"ListItem","position":2,"name":"La r\u00e9volution \u00e9nerg\u00e9tique et l\u2019ubiquit\u00e9"}]},{"@type":"WebSite","@id":"https:\/\/territorialchallenges.com\/#website","url":"https:\/\/territorialchallenges.com\/","name":"Desaf\u00edos territoriales","description":"Monitoreo Internacional - Estrategias Inteligentes - Mejores Pr\u00e1cticas","publisher":{"@id":"https:\/\/territorialchallenges.com\/#organization"},"potentialAction":[{"@type":"SearchAction","target":{"@type":"EntryPoint","urlTemplate":"https:\/\/territorialchallenges.com\/?s={search_term_string}"},"query-input":"required name=search_term_string"}],"inLanguage":"es"},{"@type":"Organization","@id":"https:\/\/territorialchallenges.com\/#organization","name":"Desaf\u00edos territoriales","url":"https:\/\/territorialchallenges.com\/","logo":{"@type":"ImageObject","inLanguage":"es","@id":"https:\/\/territorialchallenges.com\/#\/schema\/logo\/image\/","url":"https:\/\/territorialchallenges.com\/wp-content\/uploads\/2023\/10\/logo-1.png","contentUrl":"https:\/\/territorialchallenges.com\/wp-content\/uploads\/2023\/10\/logo-1.png","width":1832,"height":576,"caption":"Territorial Challenges"},"image":{"@id":"https:\/\/territorialchallenges.com\/#\/schema\/logo\/image\/"}},{"@type":"Person","@id":"https:\/\/territorialchallenges.com\/#\/schema\/person\/098f145c7c61a021c425e010f840080f","name":"ni.abdi","image":{"@type":"ImageObject","inLanguage":"es","@id":"https:\/\/territorialchallenges.com\/#\/schema\/person\/image\/","url":"https:\/\/secure.gravatar.com\/avatar\/2a2f2491f3c80039986ba989b1e4b510?s=96&d=identicon&r=g","contentUrl":"https:\/\/secure.gravatar.com\/avatar\/2a2f2491f3c80039986ba989b1e4b510?s=96&d=identicon&r=g","caption":"ni.abdi"},"sameAs":["https:\/\/twitter.com\/Ni.abdi"],"url":"https:\/\/territorialchallenges.com\/es\/author\/ni-abdi\/"}]}},"_links":{"self":[{"href":"https:\/\/territorialchallenges.com\/es\/wp-json\/wp\/v2\/posts\/1684"}],"collection":[{"href":"https:\/\/territorialchallenges.com\/es\/wp-json\/wp\/v2\/posts"}],"about":[{"href":"https:\/\/territorialchallenges.com\/es\/wp-json\/wp\/v2\/types\/post"}],"author":[{"embeddable":true,"href":"https:\/\/territorialchallenges.com\/es\/wp-json\/wp\/v2\/users\/11"}],"replies":[{"embeddable":true,"href":"https:\/\/territorialchallenges.com\/es\/wp-json\/wp\/v2\/comments?post=1684"}],"version-history":[{"count":0,"href":"https:\/\/territorialchallenges.com\/es\/wp-json\/wp\/v2\/posts\/1684\/revisions"}],"wp:attachment":[{"href":"https:\/\/territorialchallenges.com\/es\/wp-json\/wp\/v2\/media?parent=1684"}],"wp:term":[{"taxonomy":"category","embeddable":true,"href":"https:\/\/territorialchallenges.com\/es\/wp-json\/wp\/v2\/categories?post=1684"},{"taxonomy":"post_tag","embeddable":true,"href":"https:\/\/territorialchallenges.com\/es\/wp-json\/wp\/v2\/tags?post=1684"}],"curies":[{"name":"gracias","href":"https:\/\/api.w.org\/{rel}","templated":true}]}}