{"id":1682,"date":"2018-10-14T18:36:24","date_gmt":"2018-10-14T16:36:24","guid":{"rendered":"https:\/\/ecoinovatio.com\/?p=1682"},"modified":"2018-10-14T18:36:24","modified_gmt":"2018-10-14T16:36:24","slug":"pourquoi-la-transition-energetique-actuelle-manque-de-panache","status":"publish","type":"post","link":"https:\/\/territorialchallenges.com\/es\/2018\/10\/14\/pourquoi-la-transition-energetique-actuelle-manque-de-panache\/1682\/","title":{"rendered":"\u00bfPor qu\u00e9 la actual transici\u00f3n energ\u00e9tica carece de estilo?"},"content":{"rendered":"<p>Si bien es un tema pol\u00edtico, social, econ\u00f3mico y ambiental, la transici\u00f3n energ\u00e9tica lucha por existir en t\u00e9rminos editoriales. Una mirada retrospectiva a una situaci\u00f3n sin precedentes, donde un evento hist\u00f3rico no logra trascender los comunicados de prensa ni generar una perspectiva francesa sobre la energ\u00eda. \u00bfEs la culpa compartida entre la industria, la pol\u00edtica y los departamentos gubernamentales? <\/p>\n<div class=\"pmpro_content_message\">Art\u00edculo disponible s\u00f3lo para suscriptores.<br \/><a href=\"https:\/\/territorialchallenges.com\/wp-login.php\">Acceso<\/a><br \/><a href=\"https:\/\/territorialchallenges.com\/es\/wp-login.php\/?action=register\">Registro<\/a><\/div>","protected":false},"excerpt":{"rendered":"<p>Si c\u2019est un enjeu politique, social, \u00e9conomique et environnemental, la transition \u00e9nerg\u00e9tique, peine \u00e0 exister en termes \u00e9ditorial. Retour sur une situation in\u00e9dite, o\u00f9 un rendez-vous historique n\u2019arrive pas \u00e0 sortir de la production de communiqu\u00e9s de presse, \u00e0 faire jaillir une pens\u00e9e fran\u00e7aise de l\u2019\u00e9nergie. La faute est-elle partag\u00e9e entre industriels, politiques et administrations... <\/p>\n<div class=\"pmpro_content_message\">Art\u00edculo disponible s\u00f3lo para suscriptores.<br \/><a href=\"https:\/\/territorialchallenges.com\/wp-login.php\">Acceso<\/a><br \/><a href=\"https:\/\/territorialchallenges.com\/es\/wp-login.php\/?action=register\">Registro<\/a><\/div>","protected":false},"author":11,"featured_media":0,"comment_status":"open","ping_status":"open","sticky":true,"template":"","format":"standard","meta":{"pmpro_default_level":0,"footnotes":""},"categories":[123],"tags":[],"blocksy_meta":"","yoast_head":"<!-- This site is optimized with the Yoast SEO plugin v21.5 - https:\/\/yoast.com\/wordpress\/plugins\/seo\/ -->\n<title>Pourquoi la transition \u00e9nerg\u00e9tique actuelle manque de panache? - Territorial Challenges<\/title>\n<meta name=\"robots\" content=\"index, follow, max-snippet:-1, max-image-preview:large, max-video-preview:-1\" \/>\n<link rel=\"canonical\" href=\"https:\/\/territorialchallenges.com\/es\/2018\/10\/14\/pourquoi-la-transition-energetique-actuelle-manque-de-panache\/1682\/\" \/>\n<meta property=\"og:locale\" content=\"es_ES\" \/>\n<meta property=\"og:type\" content=\"article\" \/>\n<meta property=\"og:title\" content=\"Pourquoi la transition \u00e9nerg\u00e9tique actuelle manque de panache? - Territorial Challenges\" \/>\n<meta property=\"og:description\" content=\"Si c\u2019est un enjeu politique, social, \u00e9conomique et environnemental, la transition \u00e9nerg\u00e9tique, peine \u00e0 exister en termes \u00e9ditorial. Retour sur une situation in\u00e9dite, o\u00f9 un rendez-vous historique n\u2019arrive pas \u00e0 sortir de la production de communiqu\u00e9s de presse, \u00e0 faire jaillir une pens\u00e9e fran\u00e7aise de l\u2019\u00e9nergie. La faute est-elle partag\u00e9e entre industriels, politiques et administrations [&hellip;]\" \/>\n<meta property=\"og:url\" content=\"https:\/\/territorialchallenges.com\/es\/2018\/10\/14\/pourquoi-la-transition-energetique-actuelle-manque-de-panache\/1682\/\" \/>\n<meta property=\"og:site_name\" content=\"Territorial Challenges\" \/>\n<meta property=\"article:published_time\" content=\"2018-10-14T16:36:24+00:00\" \/>\n<meta name=\"author\" content=\"ni.abdi\" \/>\n<meta name=\"twitter:card\" content=\"summary_large_image\" \/>\n<meta name=\"twitter:creator\" content=\"@Ni.abdi\" \/>\n<meta name=\"twitter:label1\" content=\"Escrito por\" \/>\n\t<meta name=\"twitter:data1\" content=\"ni.abdi\" \/>\n\t<meta name=\"twitter:label2\" content=\"Tiempo de lectura\" \/>\n\t<meta name=\"twitter:data2\" content=\"3 minutos\" \/>\n<script type=\"application\/ld+json\" class=\"yoast-schema-graph\">{\"@context\":\"https:\/\/schema.org\",\"@graph\":[{\"@type\":\"Article\",\"@id\":\"https:\/\/territorialchallenges.com\/2018\/10\/14\/pourquoi-la-transition-energetique-actuelle-manque-de-panache\/1682\/#article\",\"isPartOf\":{\"@id\":\"https:\/\/territorialchallenges.com\/2018\/10\/14\/pourquoi-la-transition-energetique-actuelle-manque-de-panache\/1682\/\"},\"author\":{\"name\":\"ni.abdi\",\"@id\":\"https:\/\/territorialchallenges.com\/#\/schema\/person\/098f145c7c61a021c425e010f840080f\"},\"headline\":\"Pourquoi la transition \u00e9nerg\u00e9tique actuelle manque de panache?\",\"datePublished\":\"2018-10-14T16:36:24+00:00\",\"dateModified\":\"2018-10-14T16:36:24+00:00\",\"mainEntityOfPage\":{\"@id\":\"https:\/\/territorialchallenges.com\/2018\/10\/14\/pourquoi-la-transition-energetique-actuelle-manque-de-panache\/1682\/\"},\"wordCount\":561,\"commentCount\":0,\"publisher\":{\"@id\":\"https:\/\/territorialchallenges.com\/#organization\"},\"articleSection\":[\"Archives - Editos\"],\"inLanguage\":\"es\"},{\"@type\":\"WebPage\",\"@id\":\"https:\/\/territorialchallenges.com\/2018\/10\/14\/pourquoi-la-transition-energetique-actuelle-manque-de-panache\/1682\/\",\"url\":\"https:\/\/territorialchallenges.com\/2018\/10\/14\/pourquoi-la-transition-energetique-actuelle-manque-de-panache\/1682\/\",\"name\":\"Pourquoi la transition \u00e9nerg\u00e9tique actuelle manque de panache? - Territorial Challenges\",\"isPartOf\":{\"@id\":\"https:\/\/territorialchallenges.com\/#website\"},\"datePublished\":\"2018-10-14T16:36:24+00:00\",\"dateModified\":\"2018-10-14T16:36:24+00:00\",\"breadcrumb\":{\"@id\":\"https:\/\/territorialchallenges.com\/2018\/10\/14\/pourquoi-la-transition-energetique-actuelle-manque-de-panache\/1682\/#breadcrumb\"},\"inLanguage\":\"es\",\"potentialAction\":[{\"@type\":\"ReadAction\",\"target\":[\"https:\/\/territorialchallenges.com\/2018\/10\/14\/pourquoi-la-transition-energetique-actuelle-manque-de-panache\/1682\/\"]}]},{\"@type\":\"BreadcrumbList\",\"@id\":\"https:\/\/territorialchallenges.com\/2018\/10\/14\/pourquoi-la-transition-energetique-actuelle-manque-de-panache\/1682\/#breadcrumb\",\"itemListElement\":[{\"@type\":\"ListItem\",\"position\":1,\"name\":\"Home\",\"item\":\"https:\/\/territorialchallenges.com\/\"},{\"@type\":\"ListItem\",\"position\":2,\"name\":\"Pourquoi la transition \u00e9nerg\u00e9tique actuelle manque de panache?\"}]},{\"@type\":\"WebSite\",\"@id\":\"https:\/\/territorialchallenges.com\/#website\",\"url\":\"https:\/\/territorialchallenges.com\/\",\"name\":\"Territorial Challenges\",\"description\":\"Veille Internationale - Strat\u00e9gie Intelligentes - Bonnes pratiques\",\"publisher\":{\"@id\":\"https:\/\/territorialchallenges.com\/#organization\"},\"potentialAction\":[{\"@type\":\"SearchAction\",\"target\":{\"@type\":\"EntryPoint\",\"urlTemplate\":\"https:\/\/territorialchallenges.com\/?s={search_term_string}\"},\"query-input\":\"required name=search_term_string\"}],\"inLanguage\":\"es\"},{\"@type\":\"Organization\",\"@id\":\"https:\/\/territorialchallenges.com\/#organization\",\"name\":\"Territorial Challenges\",\"url\":\"https:\/\/territorialchallenges.com\/\",\"logo\":{\"@type\":\"ImageObject\",\"inLanguage\":\"es\",\"@id\":\"https:\/\/territorialchallenges.com\/#\/schema\/logo\/image\/\",\"url\":\"https:\/\/territorialchallenges.com\/wp-content\/uploads\/2023\/10\/logo-1.png\",\"contentUrl\":\"https:\/\/territorialchallenges.com\/wp-content\/uploads\/2023\/10\/logo-1.png\",\"width\":1832,\"height\":576,\"caption\":\"Territorial Challenges\"},\"image\":{\"@id\":\"https:\/\/territorialchallenges.com\/#\/schema\/logo\/image\/\"}},{\"@type\":\"Person\",\"@id\":\"https:\/\/territorialchallenges.com\/#\/schema\/person\/098f145c7c61a021c425e010f840080f\",\"name\":\"ni.abdi\",\"image\":{\"@type\":\"ImageObject\",\"inLanguage\":\"es\",\"@id\":\"https:\/\/territorialchallenges.com\/#\/schema\/person\/image\/\",\"url\":\"https:\/\/secure.gravatar.com\/avatar\/2a2f2491f3c80039986ba989b1e4b510?s=96&d=identicon&r=g\",\"contentUrl\":\"https:\/\/secure.gravatar.com\/avatar\/2a2f2491f3c80039986ba989b1e4b510?s=96&d=identicon&r=g\",\"caption\":\"ni.abdi\"},\"sameAs\":[\"https:\/\/twitter.com\/Ni.abdi\"],\"url\":\"https:\/\/territorialchallenges.com\/es\/author\/ni-abdi\/\"}]}<\/script>\n<!-- \/ Yoast SEO plugin. -->","yoast_head_json":{"title":"Pourquoi la transition \u00e9nerg\u00e9tique actuelle manque de panache? - Territorial Challenges","robots":{"index":"index","follow":"follow","max-snippet":"max-snippet:-1","max-image-preview":"max-image-preview:large","max-video-preview":"max-video-preview:-1"},"canonical":"https:\/\/territorialchallenges.com\/es\/2018\/10\/14\/pourquoi-la-transition-energetique-actuelle-manque-de-panache\/1682\/","og_locale":"es_ES","og_type":"article","og_title":"Pourquoi la transition \u00e9nerg\u00e9tique actuelle manque de panache? - Territorial Challenges","og_description":"Si c\u2019est un enjeu politique, social, \u00e9conomique et environnemental, la transition \u00e9nerg\u00e9tique, peine \u00e0 exister en termes \u00e9ditorial. Retour sur une situation in\u00e9dite, o\u00f9 un rendez-vous historique n\u2019arrive pas \u00e0 sortir de la production de communiqu\u00e9s de presse, \u00e0 faire jaillir une pens\u00e9e fran\u00e7aise de l\u2019\u00e9nergie. La faute est-elle partag\u00e9e entre industriels, politiques et administrations [&hellip;]","og_url":"https:\/\/territorialchallenges.com\/es\/2018\/10\/14\/pourquoi-la-transition-energetique-actuelle-manque-de-panache\/1682\/","og_site_name":"Territorial Challenges","article_published_time":"2018-10-14T16:36:24+00:00","author":"ni.abdi","twitter_card":"summary_large_image","twitter_creator":"@Ni.abdi","twitter_misc":{"Escrito por":"ni.abdi","Tiempo de lectura":"3 minutos"},"schema":{"@context":"https:\/\/schema.org","@graph":[{"@type":"Article","@id":"https:\/\/territorialchallenges.com\/2018\/10\/14\/pourquoi-la-transition-energetique-actuelle-manque-de-panache\/1682\/#article","isPartOf":{"@id":"https:\/\/territorialchallenges.com\/2018\/10\/14\/pourquoi-la-transition-energetique-actuelle-manque-de-panache\/1682\/"},"author":{"name":"ni.abdi","@id":"https:\/\/territorialchallenges.com\/#\/schema\/person\/098f145c7c61a021c425e010f840080f"},"headline":"Pourquoi la transition \u00e9nerg\u00e9tique actuelle manque de panache?","datePublished":"2018-10-14T16:36:24+00:00","dateModified":"2018-10-14T16:36:24+00:00","mainEntityOfPage":{"@id":"https:\/\/territorialchallenges.com\/2018\/10\/14\/pourquoi-la-transition-energetique-actuelle-manque-de-panache\/1682\/"},"wordCount":561,"commentCount":0,"publisher":{"@id":"https:\/\/territorialchallenges.com\/#organization"},"articleSection":["Archives - Editos"],"inLanguage":"es"},{"@type":"WebPage","@id":"https:\/\/territorialchallenges.com\/2018\/10\/14\/pourquoi-la-transition-energetique-actuelle-manque-de-panache\/1682\/","url":"https:\/\/territorialchallenges.com\/2018\/10\/14\/pourquoi-la-transition-energetique-actuelle-manque-de-panache\/1682\/","name":"Pourquoi la transition \u00e9nerg\u00e9tique actuelle manque de panache? - Territorial Challenges","isPartOf":{"@id":"https:\/\/territorialchallenges.com\/#website"},"datePublished":"2018-10-14T16:36:24+00:00","dateModified":"2018-10-14T16:36:24+00:00","breadcrumb":{"@id":"https:\/\/territorialchallenges.com\/2018\/10\/14\/pourquoi-la-transition-energetique-actuelle-manque-de-panache\/1682\/#breadcrumb"},"inLanguage":"es","potentialAction":[{"@type":"ReadAction","target":["https:\/\/territorialchallenges.com\/2018\/10\/14\/pourquoi-la-transition-energetique-actuelle-manque-de-panache\/1682\/"]}]},{"@type":"BreadcrumbList","@id":"https:\/\/territorialchallenges.com\/2018\/10\/14\/pourquoi-la-transition-energetique-actuelle-manque-de-panache\/1682\/#breadcrumb","itemListElement":[{"@type":"ListItem","position":1,"name":"Home","item":"https:\/\/territorialchallenges.com\/"},{"@type":"ListItem","position":2,"name":"Pourquoi la transition \u00e9nerg\u00e9tique actuelle manque de panache?"}]},{"@type":"WebSite","@id":"https:\/\/territorialchallenges.com\/#website","url":"https:\/\/territorialchallenges.com\/","name":"Desaf\u00edos territoriales","description":"Monitoreo Internacional - Estrategias Inteligentes - Mejores Pr\u00e1cticas","publisher":{"@id":"https:\/\/territorialchallenges.com\/#organization"},"potentialAction":[{"@type":"SearchAction","target":{"@type":"EntryPoint","urlTemplate":"https:\/\/territorialchallenges.com\/?s={search_term_string}"},"query-input":"required name=search_term_string"}],"inLanguage":"es"},{"@type":"Organization","@id":"https:\/\/territorialchallenges.com\/#organization","name":"Desaf\u00edos territoriales","url":"https:\/\/territorialchallenges.com\/","logo":{"@type":"ImageObject","inLanguage":"es","@id":"https:\/\/territorialchallenges.com\/#\/schema\/logo\/image\/","url":"https:\/\/territorialchallenges.com\/wp-content\/uploads\/2023\/10\/logo-1.png","contentUrl":"https:\/\/territorialchallenges.com\/wp-content\/uploads\/2023\/10\/logo-1.png","width":1832,"height":576,"caption":"Territorial Challenges"},"image":{"@id":"https:\/\/territorialchallenges.com\/#\/schema\/logo\/image\/"}},{"@type":"Person","@id":"https:\/\/territorialchallenges.com\/#\/schema\/person\/098f145c7c61a021c425e010f840080f","name":"ni.abdi","image":{"@type":"ImageObject","inLanguage":"es","@id":"https:\/\/territorialchallenges.com\/#\/schema\/person\/image\/","url":"https:\/\/secure.gravatar.com\/avatar\/2a2f2491f3c80039986ba989b1e4b510?s=96&d=identicon&r=g","contentUrl":"https:\/\/secure.gravatar.com\/avatar\/2a2f2491f3c80039986ba989b1e4b510?s=96&d=identicon&r=g","caption":"ni.abdi"},"sameAs":["https:\/\/twitter.com\/Ni.abdi"],"url":"https:\/\/territorialchallenges.com\/es\/author\/ni-abdi\/"}]}},"_links":{"self":[{"href":"https:\/\/territorialchallenges.com\/es\/wp-json\/wp\/v2\/posts\/1682"}],"collection":[{"href":"https:\/\/territorialchallenges.com\/es\/wp-json\/wp\/v2\/posts"}],"about":[{"href":"https:\/\/territorialchallenges.com\/es\/wp-json\/wp\/v2\/types\/post"}],"author":[{"embeddable":true,"href":"https:\/\/territorialchallenges.com\/es\/wp-json\/wp\/v2\/users\/11"}],"replies":[{"embeddable":true,"href":"https:\/\/territorialchallenges.com\/es\/wp-json\/wp\/v2\/comments?post=1682"}],"version-history":[{"count":0,"href":"https:\/\/territorialchallenges.com\/es\/wp-json\/wp\/v2\/posts\/1682\/revisions"}],"wp:attachment":[{"href":"https:\/\/territorialchallenges.com\/es\/wp-json\/wp\/v2\/media?parent=1682"}],"wp:term":[{"taxonomy":"category","embeddable":true,"href":"https:\/\/territorialchallenges.com\/es\/wp-json\/wp\/v2\/categories?post=1682"},{"taxonomy":"post_tag","embeddable":true,"href":"https:\/\/territorialchallenges.com\/es\/wp-json\/wp\/v2\/tags?post=1682"}],"curies":[{"name":"gracias","href":"https:\/\/api.w.org\/{rel}","templated":true}]}}