{"id":1534,"date":"2018-06-26T09:17:32","date_gmt":"2018-06-26T07:17:32","guid":{"rendered":"https:\/\/ecoinovatio.com\/?p=1534"},"modified":"2018-06-26T09:17:32","modified_gmt":"2018-06-26T07:17:32","slug":"un-maire-combatif-pour-une-city-intelligente","status":"publish","type":"post","link":"https:\/\/territorialchallenges.com\/es\/2018\/06\/26\/un-maire-combatif-pour-une-city-intelligente\/1534\/","title":{"rendered":"Un alcalde combativo para una ciudad inteligente"},"content":{"rendered":"<p>Ante la catastr\u00f3fica situaci\u00f3n creada por el Brexit, uno habr\u00eda pensado que los londinenses observar\u00edan con fatalismo c\u00f3mo las empresas tecnol\u00f3gicas abandonaban la ciudad. Esto es subestimar la f\u00e9rrea determinaci\u00f3n del alcalde de la capital brit\u00e1nica para defender su ciudad. El s\u00e1bado pasado, Sadiq Khan, alcalde de Londres, reflexion\u00f3 sobre las medidas que ha tomado en los \u00faltimos dos a\u00f1os... <\/p>\n<div class=\"pmpro_content_message\">Art\u00edculo disponible s\u00f3lo para suscriptores.<br \/><a href=\"https:\/\/territorialchallenges.com\/wp-login.php\">Acceso<\/a><br \/><a href=\"https:\/\/territorialchallenges.com\/es\/wp-login.php\/?action=register\">Registro<\/a><\/div>","protected":false},"excerpt":{"rendered":"<p>Devant la catastrophique situation cr\u00e9\u00e9e par Brexit, on aurait pens\u00e9 que les Londoniens verraient partir avec fatalisme les entreprises technologiques de leur city. C&rsquo;est m\u00e9conna\u00eetre la farouche hargne du maire de la capitale britannique pour d\u00e9fendre sa ville. Samedi dernier, Sadiq Khan, maire de Londres, pouvait se rem\u00e9morer les actions qu&rsquo;il a men\u00e9 depuis deux... <\/p>\n<div class=\"pmpro_content_message\">Art\u00edculo disponible s\u00f3lo para suscriptores.<br \/><a href=\"https:\/\/territorialchallenges.com\/wp-login.php\">Acceso<\/a><br \/><a href=\"https:\/\/territorialchallenges.com\/es\/wp-login.php\/?action=register\">Registro<\/a><\/div>","protected":false},"author":11,"featured_media":0,"comment_status":"open","ping_status":"open","sticky":true,"template":"","format":"standard","meta":{"pmpro_default_level":0,"footnotes":""},"categories":[130],"tags":[],"blocksy_meta":"","yoast_head":"<!-- This site is optimized with the Yoast SEO plugin v21.5 - https:\/\/yoast.com\/wordpress\/plugins\/seo\/ -->\n<title>Un maire combatif pour une city intelligente - Territorial Challenges<\/title>\n<meta name=\"robots\" content=\"index, follow, max-snippet:-1, max-image-preview:large, max-video-preview:-1\" \/>\n<link rel=\"canonical\" href=\"https:\/\/territorialchallenges.com\/es\/2018\/06\/26\/un-maire-combatif-pour-une-city-intelligente\/1534\/\" \/>\n<meta property=\"og:locale\" content=\"es_ES\" \/>\n<meta property=\"og:type\" content=\"article\" \/>\n<meta property=\"og:title\" content=\"Un maire combatif pour une city intelligente - Territorial Challenges\" \/>\n<meta property=\"og:description\" content=\"Devant la catastrophique situation cr\u00e9\u00e9e par Brexit, on aurait pens\u00e9 que les Londoniens verraient partir avec fatalisme les entreprises technologiques de leur city. C&rsquo;est m\u00e9conna\u00eetre la farouche hargne du maire de la capitale britannique pour d\u00e9fendre sa ville. Samedi dernier, Sadiq Khan, maire de Londres, pouvait se rem\u00e9morer les actions qu&rsquo;il a men\u00e9 depuis deux [&hellip;]\" \/>\n<meta property=\"og:url\" content=\"https:\/\/territorialchallenges.com\/es\/2018\/06\/26\/un-maire-combatif-pour-une-city-intelligente\/1534\/\" \/>\n<meta property=\"og:site_name\" content=\"Territorial Challenges\" \/>\n<meta property=\"article:published_time\" content=\"2018-06-26T07:17:32+00:00\" \/>\n<meta name=\"author\" content=\"ni.abdi\" \/>\n<meta name=\"twitter:card\" content=\"summary_large_image\" \/>\n<meta name=\"twitter:creator\" content=\"@Ni.abdi\" \/>\n<meta name=\"twitter:label1\" content=\"Escrito por\" \/>\n\t<meta name=\"twitter:data1\" content=\"ni.abdi\" \/>\n\t<meta name=\"twitter:label2\" content=\"Tiempo de lectura\" \/>\n\t<meta name=\"twitter:data2\" content=\"3 minutos\" \/>\n<script type=\"application\/ld+json\" class=\"yoast-schema-graph\">{\"@context\":\"https:\/\/schema.org\",\"@graph\":[{\"@type\":\"Article\",\"@id\":\"https:\/\/territorialchallenges.com\/2018\/06\/26\/un-maire-combatif-pour-une-city-intelligente\/1534\/#article\",\"isPartOf\":{\"@id\":\"https:\/\/territorialchallenges.com\/2018\/06\/26\/un-maire-combatif-pour-une-city-intelligente\/1534\/\"},\"author\":{\"name\":\"ni.abdi\",\"@id\":\"https:\/\/territorialchallenges.com\/#\/schema\/person\/098f145c7c61a021c425e010f840080f\"},\"headline\":\"Un maire combatif pour une city intelligente\",\"datePublished\":\"2018-06-26T07:17:32+00:00\",\"dateModified\":\"2018-06-26T07:17:32+00:00\",\"mainEntityOfPage\":{\"@id\":\"https:\/\/territorialchallenges.com\/2018\/06\/26\/un-maire-combatif-pour-une-city-intelligente\/1534\/\"},\"wordCount\":681,\"commentCount\":0,\"publisher\":{\"@id\":\"https:\/\/territorialchallenges.com\/#organization\"},\"articleSection\":[\"R\u00e9flexion faite\"],\"inLanguage\":\"es\"},{\"@type\":\"WebPage\",\"@id\":\"https:\/\/territorialchallenges.com\/2018\/06\/26\/un-maire-combatif-pour-une-city-intelligente\/1534\/\",\"url\":\"https:\/\/territorialchallenges.com\/2018\/06\/26\/un-maire-combatif-pour-une-city-intelligente\/1534\/\",\"name\":\"Un maire combatif pour une city intelligente - Territorial Challenges\",\"isPartOf\":{\"@id\":\"https:\/\/territorialchallenges.com\/#website\"},\"datePublished\":\"2018-06-26T07:17:32+00:00\",\"dateModified\":\"2018-06-26T07:17:32+00:00\",\"breadcrumb\":{\"@id\":\"https:\/\/territorialchallenges.com\/2018\/06\/26\/un-maire-combatif-pour-une-city-intelligente\/1534\/#breadcrumb\"},\"inLanguage\":\"es\",\"potentialAction\":[{\"@type\":\"ReadAction\",\"target\":[\"https:\/\/territorialchallenges.com\/2018\/06\/26\/un-maire-combatif-pour-une-city-intelligente\/1534\/\"]}]},{\"@type\":\"BreadcrumbList\",\"@id\":\"https:\/\/territorialchallenges.com\/2018\/06\/26\/un-maire-combatif-pour-une-city-intelligente\/1534\/#breadcrumb\",\"itemListElement\":[{\"@type\":\"ListItem\",\"position\":1,\"name\":\"Home\",\"item\":\"https:\/\/territorialchallenges.com\/\"},{\"@type\":\"ListItem\",\"position\":2,\"name\":\"Un maire combatif pour une city intelligente\"}]},{\"@type\":\"WebSite\",\"@id\":\"https:\/\/territorialchallenges.com\/#website\",\"url\":\"https:\/\/territorialchallenges.com\/\",\"name\":\"Territorial Challenges\",\"description\":\"Veille Internationale - Strat\u00e9gie Intelligentes - Bonnes pratiques\",\"publisher\":{\"@id\":\"https:\/\/territorialchallenges.com\/#organization\"},\"potentialAction\":[{\"@type\":\"SearchAction\",\"target\":{\"@type\":\"EntryPoint\",\"urlTemplate\":\"https:\/\/territorialchallenges.com\/?s={search_term_string}\"},\"query-input\":\"required name=search_term_string\"}],\"inLanguage\":\"es\"},{\"@type\":\"Organization\",\"@id\":\"https:\/\/territorialchallenges.com\/#organization\",\"name\":\"Territorial Challenges\",\"url\":\"https:\/\/territorialchallenges.com\/\",\"logo\":{\"@type\":\"ImageObject\",\"inLanguage\":\"es\",\"@id\":\"https:\/\/territorialchallenges.com\/#\/schema\/logo\/image\/\",\"url\":\"https:\/\/territorialchallenges.com\/wp-content\/uploads\/2023\/10\/logo-1.png\",\"contentUrl\":\"https:\/\/territorialchallenges.com\/wp-content\/uploads\/2023\/10\/logo-1.png\",\"width\":1832,\"height\":576,\"caption\":\"Territorial Challenges\"},\"image\":{\"@id\":\"https:\/\/territorialchallenges.com\/#\/schema\/logo\/image\/\"}},{\"@type\":\"Person\",\"@id\":\"https:\/\/territorialchallenges.com\/#\/schema\/person\/098f145c7c61a021c425e010f840080f\",\"name\":\"ni.abdi\",\"image\":{\"@type\":\"ImageObject\",\"inLanguage\":\"es\",\"@id\":\"https:\/\/territorialchallenges.com\/#\/schema\/person\/image\/\",\"url\":\"https:\/\/secure.gravatar.com\/avatar\/2a2f2491f3c80039986ba989b1e4b510?s=96&d=identicon&r=g\",\"contentUrl\":\"https:\/\/secure.gravatar.com\/avatar\/2a2f2491f3c80039986ba989b1e4b510?s=96&d=identicon&r=g\",\"caption\":\"ni.abdi\"},\"sameAs\":[\"https:\/\/twitter.com\/Ni.abdi\"],\"url\":\"https:\/\/territorialchallenges.com\/es\/author\/ni-abdi\/\"}]}<\/script>\n<!-- \/ Yoast SEO plugin. -->","yoast_head_json":{"title":"Un maire combatif pour une city intelligente - Territorial Challenges","robots":{"index":"index","follow":"follow","max-snippet":"max-snippet:-1","max-image-preview":"max-image-preview:large","max-video-preview":"max-video-preview:-1"},"canonical":"https:\/\/territorialchallenges.com\/es\/2018\/06\/26\/un-maire-combatif-pour-une-city-intelligente\/1534\/","og_locale":"es_ES","og_type":"article","og_title":"Un maire combatif pour une city intelligente - Territorial Challenges","og_description":"Devant la catastrophique situation cr\u00e9\u00e9e par Brexit, on aurait pens\u00e9 que les Londoniens verraient partir avec fatalisme les entreprises technologiques de leur city. C&rsquo;est m\u00e9conna\u00eetre la farouche hargne du maire de la capitale britannique pour d\u00e9fendre sa ville. Samedi dernier, Sadiq Khan, maire de Londres, pouvait se rem\u00e9morer les actions qu&rsquo;il a men\u00e9 depuis deux [&hellip;]","og_url":"https:\/\/territorialchallenges.com\/es\/2018\/06\/26\/un-maire-combatif-pour-une-city-intelligente\/1534\/","og_site_name":"Territorial Challenges","article_published_time":"2018-06-26T07:17:32+00:00","author":"ni.abdi","twitter_card":"summary_large_image","twitter_creator":"@Ni.abdi","twitter_misc":{"Escrito por":"ni.abdi","Tiempo de lectura":"3 minutos"},"schema":{"@context":"https:\/\/schema.org","@graph":[{"@type":"Article","@id":"https:\/\/territorialchallenges.com\/2018\/06\/26\/un-maire-combatif-pour-une-city-intelligente\/1534\/#article","isPartOf":{"@id":"https:\/\/territorialchallenges.com\/2018\/06\/26\/un-maire-combatif-pour-une-city-intelligente\/1534\/"},"author":{"name":"ni.abdi","@id":"https:\/\/territorialchallenges.com\/#\/schema\/person\/098f145c7c61a021c425e010f840080f"},"headline":"Un maire combatif pour une city intelligente","datePublished":"2018-06-26T07:17:32+00:00","dateModified":"2018-06-26T07:17:32+00:00","mainEntityOfPage":{"@id":"https:\/\/territorialchallenges.com\/2018\/06\/26\/un-maire-combatif-pour-une-city-intelligente\/1534\/"},"wordCount":681,"commentCount":0,"publisher":{"@id":"https:\/\/territorialchallenges.com\/#organization"},"articleSection":["R\u00e9flexion faite"],"inLanguage":"es"},{"@type":"WebPage","@id":"https:\/\/territorialchallenges.com\/2018\/06\/26\/un-maire-combatif-pour-une-city-intelligente\/1534\/","url":"https:\/\/territorialchallenges.com\/2018\/06\/26\/un-maire-combatif-pour-une-city-intelligente\/1534\/","name":"Un maire combatif pour une city intelligente - Territorial Challenges","isPartOf":{"@id":"https:\/\/territorialchallenges.com\/#website"},"datePublished":"2018-06-26T07:17:32+00:00","dateModified":"2018-06-26T07:17:32+00:00","breadcrumb":{"@id":"https:\/\/territorialchallenges.com\/2018\/06\/26\/un-maire-combatif-pour-une-city-intelligente\/1534\/#breadcrumb"},"inLanguage":"es","potentialAction":[{"@type":"ReadAction","target":["https:\/\/territorialchallenges.com\/2018\/06\/26\/un-maire-combatif-pour-une-city-intelligente\/1534\/"]}]},{"@type":"BreadcrumbList","@id":"https:\/\/territorialchallenges.com\/2018\/06\/26\/un-maire-combatif-pour-une-city-intelligente\/1534\/#breadcrumb","itemListElement":[{"@type":"ListItem","position":1,"name":"Home","item":"https:\/\/territorialchallenges.com\/"},{"@type":"ListItem","position":2,"name":"Un maire combatif pour une city intelligente"}]},{"@type":"WebSite","@id":"https:\/\/territorialchallenges.com\/#website","url":"https:\/\/territorialchallenges.com\/","name":"Desaf\u00edos territoriales","description":"Monitoreo Internacional - Estrategias Inteligentes - Mejores Pr\u00e1cticas","publisher":{"@id":"https:\/\/territorialchallenges.com\/#organization"},"potentialAction":[{"@type":"SearchAction","target":{"@type":"EntryPoint","urlTemplate":"https:\/\/territorialchallenges.com\/?s={search_term_string}"},"query-input":"required name=search_term_string"}],"inLanguage":"es"},{"@type":"Organization","@id":"https:\/\/territorialchallenges.com\/#organization","name":"Desaf\u00edos territoriales","url":"https:\/\/territorialchallenges.com\/","logo":{"@type":"ImageObject","inLanguage":"es","@id":"https:\/\/territorialchallenges.com\/#\/schema\/logo\/image\/","url":"https:\/\/territorialchallenges.com\/wp-content\/uploads\/2023\/10\/logo-1.png","contentUrl":"https:\/\/territorialchallenges.com\/wp-content\/uploads\/2023\/10\/logo-1.png","width":1832,"height":576,"caption":"Territorial Challenges"},"image":{"@id":"https:\/\/territorialchallenges.com\/#\/schema\/logo\/image\/"}},{"@type":"Person","@id":"https:\/\/territorialchallenges.com\/#\/schema\/person\/098f145c7c61a021c425e010f840080f","name":"ni.abdi","image":{"@type":"ImageObject","inLanguage":"es","@id":"https:\/\/territorialchallenges.com\/#\/schema\/person\/image\/","url":"https:\/\/secure.gravatar.com\/avatar\/2a2f2491f3c80039986ba989b1e4b510?s=96&d=identicon&r=g","contentUrl":"https:\/\/secure.gravatar.com\/avatar\/2a2f2491f3c80039986ba989b1e4b510?s=96&d=identicon&r=g","caption":"ni.abdi"},"sameAs":["https:\/\/twitter.com\/Ni.abdi"],"url":"https:\/\/territorialchallenges.com\/es\/author\/ni-abdi\/"}]}},"_links":{"self":[{"href":"https:\/\/territorialchallenges.com\/es\/wp-json\/wp\/v2\/posts\/1534"}],"collection":[{"href":"https:\/\/territorialchallenges.com\/es\/wp-json\/wp\/v2\/posts"}],"about":[{"href":"https:\/\/territorialchallenges.com\/es\/wp-json\/wp\/v2\/types\/post"}],"author":[{"embeddable":true,"href":"https:\/\/territorialchallenges.com\/es\/wp-json\/wp\/v2\/users\/11"}],"replies":[{"embeddable":true,"href":"https:\/\/territorialchallenges.com\/es\/wp-json\/wp\/v2\/comments?post=1534"}],"version-history":[{"count":0,"href":"https:\/\/territorialchallenges.com\/es\/wp-json\/wp\/v2\/posts\/1534\/revisions"}],"wp:attachment":[{"href":"https:\/\/territorialchallenges.com\/es\/wp-json\/wp\/v2\/media?parent=1534"}],"wp:term":[{"taxonomy":"category","embeddable":true,"href":"https:\/\/territorialchallenges.com\/es\/wp-json\/wp\/v2\/categories?post=1534"},{"taxonomy":"post_tag","embeddable":true,"href":"https:\/\/territorialchallenges.com\/es\/wp-json\/wp\/v2\/tags?post=1534"}],"curies":[{"name":"gracias","href":"https:\/\/api.w.org\/{rel}","templated":true}]}}