{"id":1498,"date":"2018-04-24T23:52:12","date_gmt":"2018-04-24T21:52:12","guid":{"rendered":"https:\/\/ecoinovatio.com\/?p=1498"},"modified":"2018-04-24T23:52:12","modified_gmt":"2018-04-24T21:52:12","slug":"mark-zuckerberg-face-a-sa-responsabilite-societale-des-entreprises-rse","status":"publish","type":"post","link":"https:\/\/territorialchallenges.com\/es\/2018\/04\/24\/mark-zuckerberg-face-a-sa-responsabilite-societale-des-entreprises-rse\/1498\/","title":{"rendered":"Mark Zuckerberg sobre su responsabilidad social corporativa (RSC)"},"content":{"rendered":"<p>Las dos audiencias del fundador de Facebook en el Senado y la C\u00e1mara de Representantes de EE. UU. la semana pasada ilustran la falta de concienciaci\u00f3n sobre RSE entre los directivos de las GAFA. \u00bfY si este fuera el problema subyacente del esc\u00e1ndalo de la filtraci\u00f3n de datos de Cambridge Analytica? &quot;Cuando buscas gente para reclutar, tienes que buscar...&quot; <\/p>\n<div class=\"pmpro_content_message\">Art\u00edculo disponible s\u00f3lo para suscriptores.<br \/><a href=\"https:\/\/territorialchallenges.com\/wp-login.php\">Acceso<\/a><br \/><a href=\"https:\/\/territorialchallenges.com\/es\/wp-login.php\/?action=register\">Registro<\/a><\/div>","protected":false},"excerpt":{"rendered":"<p>Les deux auditions du fondateur de Facebook au S\u00e9nat puis \u00e0 la Chambre des repr\u00e9sentants am\u00e9ricains la semaine derni\u00e8re illustrent l&rsquo;absence d&rsquo;esprit RSE chez les patrons des GAFA. Et si c&rsquo;\u00e9tait le probl\u00e8me de fonds du scandale de fuite de donn\u00e9es vers Cambridge Analytica. \u00ab Quand vous cherchez des gens \u00e0 recruter, vous devez rechercher... <\/p>\n<div class=\"pmpro_content_message\">Art\u00edculo disponible s\u00f3lo para suscriptores.<br \/><a href=\"https:\/\/territorialchallenges.com\/wp-login.php\">Acceso<\/a><br \/><a href=\"https:\/\/territorialchallenges.com\/es\/wp-login.php\/?action=register\">Registro<\/a><\/div>","protected":false},"author":11,"featured_media":0,"comment_status":"open","ping_status":"open","sticky":true,"template":"","format":"standard","meta":{"pmpro_default_level":0,"footnotes":""},"categories":[130],"tags":[],"blocksy_meta":"","yoast_head":"<!-- This site is optimized with the Yoast SEO plugin v21.5 - https:\/\/yoast.com\/wordpress\/plugins\/seo\/ -->\n<title>Mark Zuckerberg face \u00e0 sa responsabilit\u00e9 soci\u00e9tale des entreprises (RSE) - Territorial Challenges<\/title>\n<meta name=\"robots\" content=\"index, follow, max-snippet:-1, max-image-preview:large, max-video-preview:-1\" \/>\n<link rel=\"canonical\" href=\"https:\/\/territorialchallenges.com\/es\/2018\/04\/24\/mark-zuckerberg-face-a-sa-responsabilite-societale-des-entreprises-rse\/1498\/\" \/>\n<meta property=\"og:locale\" content=\"es_ES\" \/>\n<meta property=\"og:type\" content=\"article\" \/>\n<meta property=\"og:title\" content=\"Mark Zuckerberg face \u00e0 sa responsabilit\u00e9 soci\u00e9tale des entreprises (RSE) - Territorial Challenges\" \/>\n<meta property=\"og:description\" content=\"Les deux auditions du fondateur de Facebook au S\u00e9nat puis \u00e0 la Chambre des repr\u00e9sentants am\u00e9ricains la semaine derni\u00e8re illustrent l&rsquo;absence d&rsquo;esprit RSE chez les patrons des GAFA. Et si c&rsquo;\u00e9tait le probl\u00e8me de fonds du scandale de fuite de donn\u00e9es vers Cambridge Analytica. \u00ab Quand vous cherchez des gens \u00e0 recruter, vous devez rechercher [&hellip;]\" \/>\n<meta property=\"og:url\" content=\"https:\/\/territorialchallenges.com\/es\/2018\/04\/24\/mark-zuckerberg-face-a-sa-responsabilite-societale-des-entreprises-rse\/1498\/\" \/>\n<meta property=\"og:site_name\" content=\"Territorial Challenges\" \/>\n<meta property=\"article:published_time\" content=\"2018-04-24T21:52:12+00:00\" \/>\n<meta name=\"author\" content=\"ni.abdi\" \/>\n<meta name=\"twitter:card\" content=\"summary_large_image\" \/>\n<meta name=\"twitter:creator\" content=\"@Ni.abdi\" \/>\n<meta name=\"twitter:label1\" content=\"Escrito por\" \/>\n\t<meta name=\"twitter:data1\" content=\"ni.abdi\" \/>\n\t<meta name=\"twitter:label2\" content=\"Tiempo de lectura\" \/>\n\t<meta name=\"twitter:data2\" content=\"4 minutos\" \/>\n<script type=\"application\/ld+json\" class=\"yoast-schema-graph\">{\"@context\":\"https:\/\/schema.org\",\"@graph\":[{\"@type\":\"Article\",\"@id\":\"https:\/\/territorialchallenges.com\/2018\/04\/24\/mark-zuckerberg-face-a-sa-responsabilite-societale-des-entreprises-rse\/1498\/#article\",\"isPartOf\":{\"@id\":\"https:\/\/territorialchallenges.com\/2018\/04\/24\/mark-zuckerberg-face-a-sa-responsabilite-societale-des-entreprises-rse\/1498\/\"},\"author\":{\"name\":\"ni.abdi\",\"@id\":\"https:\/\/territorialchallenges.com\/#\/schema\/person\/098f145c7c61a021c425e010f840080f\"},\"headline\":\"Mark Zuckerberg face \u00e0 sa responsabilit\u00e9 soci\u00e9tale des entreprises (RSE)\",\"datePublished\":\"2018-04-24T21:52:12+00:00\",\"dateModified\":\"2018-04-24T21:52:12+00:00\",\"mainEntityOfPage\":{\"@id\":\"https:\/\/territorialchallenges.com\/2018\/04\/24\/mark-zuckerberg-face-a-sa-responsabilite-societale-des-entreprises-rse\/1498\/\"},\"wordCount\":783,\"commentCount\":0,\"publisher\":{\"@id\":\"https:\/\/territorialchallenges.com\/#organization\"},\"articleSection\":[\"R\u00e9flexion faite\"],\"inLanguage\":\"es\"},{\"@type\":\"WebPage\",\"@id\":\"https:\/\/territorialchallenges.com\/2018\/04\/24\/mark-zuckerberg-face-a-sa-responsabilite-societale-des-entreprises-rse\/1498\/\",\"url\":\"https:\/\/territorialchallenges.com\/2018\/04\/24\/mark-zuckerberg-face-a-sa-responsabilite-societale-des-entreprises-rse\/1498\/\",\"name\":\"Mark Zuckerberg face \u00e0 sa responsabilit\u00e9 soci\u00e9tale des entreprises (RSE) - Territorial Challenges\",\"isPartOf\":{\"@id\":\"https:\/\/territorialchallenges.com\/#website\"},\"datePublished\":\"2018-04-24T21:52:12+00:00\",\"dateModified\":\"2018-04-24T21:52:12+00:00\",\"breadcrumb\":{\"@id\":\"https:\/\/territorialchallenges.com\/2018\/04\/24\/mark-zuckerberg-face-a-sa-responsabilite-societale-des-entreprises-rse\/1498\/#breadcrumb\"},\"inLanguage\":\"es\",\"potentialAction\":[{\"@type\":\"ReadAction\",\"target\":[\"https:\/\/territorialchallenges.com\/2018\/04\/24\/mark-zuckerberg-face-a-sa-responsabilite-societale-des-entreprises-rse\/1498\/\"]}]},{\"@type\":\"BreadcrumbList\",\"@id\":\"https:\/\/territorialchallenges.com\/2018\/04\/24\/mark-zuckerberg-face-a-sa-responsabilite-societale-des-entreprises-rse\/1498\/#breadcrumb\",\"itemListElement\":[{\"@type\":\"ListItem\",\"position\":1,\"name\":\"Home\",\"item\":\"https:\/\/territorialchallenges.com\/\"},{\"@type\":\"ListItem\",\"position\":2,\"name\":\"Mark Zuckerberg face \u00e0 sa responsabilit\u00e9 soci\u00e9tale des entreprises (RSE)\"}]},{\"@type\":\"WebSite\",\"@id\":\"https:\/\/territorialchallenges.com\/#website\",\"url\":\"https:\/\/territorialchallenges.com\/\",\"name\":\"Territorial Challenges\",\"description\":\"Veille Internationale - Strat\u00e9gie Intelligentes - Bonnes pratiques\",\"publisher\":{\"@id\":\"https:\/\/territorialchallenges.com\/#organization\"},\"potentialAction\":[{\"@type\":\"SearchAction\",\"target\":{\"@type\":\"EntryPoint\",\"urlTemplate\":\"https:\/\/territorialchallenges.com\/?s={search_term_string}\"},\"query-input\":\"required name=search_term_string\"}],\"inLanguage\":\"es\"},{\"@type\":\"Organization\",\"@id\":\"https:\/\/territorialchallenges.com\/#organization\",\"name\":\"Territorial Challenges\",\"url\":\"https:\/\/territorialchallenges.com\/\",\"logo\":{\"@type\":\"ImageObject\",\"inLanguage\":\"es\",\"@id\":\"https:\/\/territorialchallenges.com\/#\/schema\/logo\/image\/\",\"url\":\"https:\/\/territorialchallenges.com\/wp-content\/uploads\/2023\/10\/logo-1.png\",\"contentUrl\":\"https:\/\/territorialchallenges.com\/wp-content\/uploads\/2023\/10\/logo-1.png\",\"width\":1832,\"height\":576,\"caption\":\"Territorial Challenges\"},\"image\":{\"@id\":\"https:\/\/territorialchallenges.com\/#\/schema\/logo\/image\/\"}},{\"@type\":\"Person\",\"@id\":\"https:\/\/territorialchallenges.com\/#\/schema\/person\/098f145c7c61a021c425e010f840080f\",\"name\":\"ni.abdi\",\"image\":{\"@type\":\"ImageObject\",\"inLanguage\":\"es\",\"@id\":\"https:\/\/territorialchallenges.com\/#\/schema\/person\/image\/\",\"url\":\"https:\/\/secure.gravatar.com\/avatar\/2a2f2491f3c80039986ba989b1e4b510?s=96&d=identicon&r=g\",\"contentUrl\":\"https:\/\/secure.gravatar.com\/avatar\/2a2f2491f3c80039986ba989b1e4b510?s=96&d=identicon&r=g\",\"caption\":\"ni.abdi\"},\"sameAs\":[\"https:\/\/twitter.com\/Ni.abdi\"],\"url\":\"https:\/\/territorialchallenges.com\/es\/author\/ni-abdi\/\"}]}<\/script>\n<!-- \/ Yoast SEO plugin. -->","yoast_head_json":{"title":"Mark Zuckerberg face \u00e0 sa responsabilit\u00e9 soci\u00e9tale des entreprises (RSE) - Territorial Challenges","robots":{"index":"index","follow":"follow","max-snippet":"max-snippet:-1","max-image-preview":"max-image-preview:large","max-video-preview":"max-video-preview:-1"},"canonical":"https:\/\/territorialchallenges.com\/es\/2018\/04\/24\/mark-zuckerberg-face-a-sa-responsabilite-societale-des-entreprises-rse\/1498\/","og_locale":"es_ES","og_type":"article","og_title":"Mark Zuckerberg face \u00e0 sa responsabilit\u00e9 soci\u00e9tale des entreprises (RSE) - Territorial Challenges","og_description":"Les deux auditions du fondateur de Facebook au S\u00e9nat puis \u00e0 la Chambre des repr\u00e9sentants am\u00e9ricains la semaine derni\u00e8re illustrent l&rsquo;absence d&rsquo;esprit RSE chez les patrons des GAFA. Et si c&rsquo;\u00e9tait le probl\u00e8me de fonds du scandale de fuite de donn\u00e9es vers Cambridge Analytica. \u00ab Quand vous cherchez des gens \u00e0 recruter, vous devez rechercher [&hellip;]","og_url":"https:\/\/territorialchallenges.com\/es\/2018\/04\/24\/mark-zuckerberg-face-a-sa-responsabilite-societale-des-entreprises-rse\/1498\/","og_site_name":"Territorial Challenges","article_published_time":"2018-04-24T21:52:12+00:00","author":"ni.abdi","twitter_card":"summary_large_image","twitter_creator":"@Ni.abdi","twitter_misc":{"Escrito por":"ni.abdi","Tiempo de lectura":"4 minutos"},"schema":{"@context":"https:\/\/schema.org","@graph":[{"@type":"Article","@id":"https:\/\/territorialchallenges.com\/2018\/04\/24\/mark-zuckerberg-face-a-sa-responsabilite-societale-des-entreprises-rse\/1498\/#article","isPartOf":{"@id":"https:\/\/territorialchallenges.com\/2018\/04\/24\/mark-zuckerberg-face-a-sa-responsabilite-societale-des-entreprises-rse\/1498\/"},"author":{"name":"ni.abdi","@id":"https:\/\/territorialchallenges.com\/#\/schema\/person\/098f145c7c61a021c425e010f840080f"},"headline":"Mark Zuckerberg face \u00e0 sa responsabilit\u00e9 soci\u00e9tale des entreprises (RSE)","datePublished":"2018-04-24T21:52:12+00:00","dateModified":"2018-04-24T21:52:12+00:00","mainEntityOfPage":{"@id":"https:\/\/territorialchallenges.com\/2018\/04\/24\/mark-zuckerberg-face-a-sa-responsabilite-societale-des-entreprises-rse\/1498\/"},"wordCount":783,"commentCount":0,"publisher":{"@id":"https:\/\/territorialchallenges.com\/#organization"},"articleSection":["R\u00e9flexion faite"],"inLanguage":"es"},{"@type":"WebPage","@id":"https:\/\/territorialchallenges.com\/2018\/04\/24\/mark-zuckerberg-face-a-sa-responsabilite-societale-des-entreprises-rse\/1498\/","url":"https:\/\/territorialchallenges.com\/2018\/04\/24\/mark-zuckerberg-face-a-sa-responsabilite-societale-des-entreprises-rse\/1498\/","name":"Mark Zuckerberg face \u00e0 sa responsabilit\u00e9 soci\u00e9tale des entreprises (RSE) - Territorial Challenges","isPartOf":{"@id":"https:\/\/territorialchallenges.com\/#website"},"datePublished":"2018-04-24T21:52:12+00:00","dateModified":"2018-04-24T21:52:12+00:00","breadcrumb":{"@id":"https:\/\/territorialchallenges.com\/2018\/04\/24\/mark-zuckerberg-face-a-sa-responsabilite-societale-des-entreprises-rse\/1498\/#breadcrumb"},"inLanguage":"es","potentialAction":[{"@type":"ReadAction","target":["https:\/\/territorialchallenges.com\/2018\/04\/24\/mark-zuckerberg-face-a-sa-responsabilite-societale-des-entreprises-rse\/1498\/"]}]},{"@type":"BreadcrumbList","@id":"https:\/\/territorialchallenges.com\/2018\/04\/24\/mark-zuckerberg-face-a-sa-responsabilite-societale-des-entreprises-rse\/1498\/#breadcrumb","itemListElement":[{"@type":"ListItem","position":1,"name":"Home","item":"https:\/\/territorialchallenges.com\/"},{"@type":"ListItem","position":2,"name":"Mark Zuckerberg face \u00e0 sa responsabilit\u00e9 soci\u00e9tale des entreprises (RSE)"}]},{"@type":"WebSite","@id":"https:\/\/territorialchallenges.com\/#website","url":"https:\/\/territorialchallenges.com\/","name":"Desaf\u00edos territoriales","description":"Monitoreo Internacional - Estrategias Inteligentes - Mejores Pr\u00e1cticas","publisher":{"@id":"https:\/\/territorialchallenges.com\/#organization"},"potentialAction":[{"@type":"SearchAction","target":{"@type":"EntryPoint","urlTemplate":"https:\/\/territorialchallenges.com\/?s={search_term_string}"},"query-input":"required name=search_term_string"}],"inLanguage":"es"},{"@type":"Organization","@id":"https:\/\/territorialchallenges.com\/#organization","name":"Desaf\u00edos territoriales","url":"https:\/\/territorialchallenges.com\/","logo":{"@type":"ImageObject","inLanguage":"es","@id":"https:\/\/territorialchallenges.com\/#\/schema\/logo\/image\/","url":"https:\/\/territorialchallenges.com\/wp-content\/uploads\/2023\/10\/logo-1.png","contentUrl":"https:\/\/territorialchallenges.com\/wp-content\/uploads\/2023\/10\/logo-1.png","width":1832,"height":576,"caption":"Territorial Challenges"},"image":{"@id":"https:\/\/territorialchallenges.com\/#\/schema\/logo\/image\/"}},{"@type":"Person","@id":"https:\/\/territorialchallenges.com\/#\/schema\/person\/098f145c7c61a021c425e010f840080f","name":"ni.abdi","image":{"@type":"ImageObject","inLanguage":"es","@id":"https:\/\/territorialchallenges.com\/#\/schema\/person\/image\/","url":"https:\/\/secure.gravatar.com\/avatar\/2a2f2491f3c80039986ba989b1e4b510?s=96&d=identicon&r=g","contentUrl":"https:\/\/secure.gravatar.com\/avatar\/2a2f2491f3c80039986ba989b1e4b510?s=96&d=identicon&r=g","caption":"ni.abdi"},"sameAs":["https:\/\/twitter.com\/Ni.abdi"],"url":"https:\/\/territorialchallenges.com\/es\/author\/ni-abdi\/"}]}},"_links":{"self":[{"href":"https:\/\/territorialchallenges.com\/es\/wp-json\/wp\/v2\/posts\/1498"}],"collection":[{"href":"https:\/\/territorialchallenges.com\/es\/wp-json\/wp\/v2\/posts"}],"about":[{"href":"https:\/\/territorialchallenges.com\/es\/wp-json\/wp\/v2\/types\/post"}],"author":[{"embeddable":true,"href":"https:\/\/territorialchallenges.com\/es\/wp-json\/wp\/v2\/users\/11"}],"replies":[{"embeddable":true,"href":"https:\/\/territorialchallenges.com\/es\/wp-json\/wp\/v2\/comments?post=1498"}],"version-history":[{"count":0,"href":"https:\/\/territorialchallenges.com\/es\/wp-json\/wp\/v2\/posts\/1498\/revisions"}],"wp:attachment":[{"href":"https:\/\/territorialchallenges.com\/es\/wp-json\/wp\/v2\/media?parent=1498"}],"wp:term":[{"taxonomy":"category","embeddable":true,"href":"https:\/\/territorialchallenges.com\/es\/wp-json\/wp\/v2\/categories?post=1498"},{"taxonomy":"post_tag","embeddable":true,"href":"https:\/\/territorialchallenges.com\/es\/wp-json\/wp\/v2\/tags?post=1498"}],"curies":[{"name":"gracias","href":"https:\/\/api.w.org\/{rel}","templated":true}]}}