{"id":1461,"date":"2018-01-14T23:12:17","date_gmt":"2018-01-14T22:12:17","guid":{"rendered":"https:\/\/ecoinovatio.com\/?p=1461"},"modified":"2018-01-14T23:12:17","modified_gmt":"2018-01-14T22:12:17","slug":"les-gafa-netaient-pas-au-salon-du-batiment-mais-jusqua-quand","status":"publish","type":"post","link":"https:\/\/territorialchallenges.com\/es\/2018\/01\/14\/les-gafa-netaient-pas-au-salon-du-batiment-mais-jusqua-quand\/1461\/","title":{"rendered":"GAFA no estuvo en la feria de la construcci\u00f3n, pero \u00bfhasta cu\u00e1ndo?"},"content":{"rendered":"<p>Esta es la revoluci\u00f3n que marcar\u00e1 para siempre el cambio de paradigma en el acceso a la energ\u00eda. La transmisi\u00f3n de corriente el\u00e9ctrica, mediante sistemas inteligentes que generan grandes cantidades de datos, revolucionar\u00e1 nuestro consumo energ\u00e9tico. Queda por ver, despu\u00e9s de que los gigantes estadounidenses de la web hayan logrado captar el valor del uso de internet, si... <\/p>\n<div class=\"pmpro_content_message\">Art\u00edculo disponible s\u00f3lo para suscriptores.<br \/><a href=\"https:\/\/territorialchallenges.com\/wp-login.php\">Acceso<\/a><br \/><a href=\"https:\/\/territorialchallenges.com\/es\/wp-login.php\/?action=register\">Registro<\/a><\/div>","protected":false},"excerpt":{"rendered":"<p>C\u2019est la r\u00e9volution qui marquera \u00e0 jamais le changement de paradigme de l\u2019acc\u00e8s \u00e0 l\u2019\u00e9nergie. Le transport du courant \u00e9lectrique, via des syst\u00e8mes intelligents g\u00e9n\u00e9rateurs de masses de donn\u00e9es, va bouleverser notre consommation \u00e9nerg\u00e9tique. Reste \u00e0 savoir, apr\u00e8s que les g\u00e9ants am\u00e9ricains du web aient r\u00e9ussi \u00e0 capter la valeur des usages de l\u2019Internet, \u00e0... <\/p>\n<div class=\"pmpro_content_message\">Art\u00edculo disponible s\u00f3lo para suscriptores.<br \/><a href=\"https:\/\/territorialchallenges.com\/wp-login.php\">Acceso<\/a><br \/><a href=\"https:\/\/territorialchallenges.com\/es\/wp-login.php\/?action=register\">Registro<\/a><\/div>","protected":false},"author":11,"featured_media":0,"comment_status":"open","ping_status":"open","sticky":true,"template":"","format":"standard","meta":{"pmpro_default_level":0,"footnotes":""},"categories":[123],"tags":[],"blocksy_meta":"","yoast_head":"<!-- This site is optimized with the Yoast SEO plugin v21.5 - https:\/\/yoast.com\/wordpress\/plugins\/seo\/ -->\n<title>Les GAFA n\u2019\u00e9taient pas au salon du b\u00e2timent, mais jusqu\u2019\u00e0 quand ? - Territorial Challenges<\/title>\n<meta name=\"robots\" content=\"index, follow, max-snippet:-1, max-image-preview:large, max-video-preview:-1\" \/>\n<link rel=\"canonical\" href=\"https:\/\/territorialchallenges.com\/es\/2018\/01\/14\/les-gafa-netaient-pas-au-salon-du-batiment-mais-jusqua-quand\/1461\/\" \/>\n<meta property=\"og:locale\" content=\"es_ES\" \/>\n<meta property=\"og:type\" content=\"article\" \/>\n<meta property=\"og:title\" content=\"Les GAFA n\u2019\u00e9taient pas au salon du b\u00e2timent, mais jusqu\u2019\u00e0 quand ? - Territorial Challenges\" \/>\n<meta property=\"og:description\" content=\"C\u2019est la r\u00e9volution qui marquera \u00e0 jamais le changement de paradigme de l\u2019acc\u00e8s \u00e0 l\u2019\u00e9nergie. Le transport du courant \u00e9lectrique, via des syst\u00e8mes intelligents g\u00e9n\u00e9rateurs de masses de donn\u00e9es, va bouleverser notre consommation \u00e9nerg\u00e9tique. Reste \u00e0 savoir, apr\u00e8s que les g\u00e9ants am\u00e9ricains du web aient r\u00e9ussi \u00e0 capter la valeur des usages de l\u2019Internet, \u00e0 [&hellip;]\" \/>\n<meta property=\"og:url\" content=\"https:\/\/territorialchallenges.com\/es\/2018\/01\/14\/les-gafa-netaient-pas-au-salon-du-batiment-mais-jusqua-quand\/1461\/\" \/>\n<meta property=\"og:site_name\" content=\"Territorial Challenges\" \/>\n<meta property=\"article:published_time\" content=\"2018-01-14T22:12:17+00:00\" \/>\n<meta name=\"author\" content=\"ni.abdi\" \/>\n<meta name=\"twitter:card\" content=\"summary_large_image\" \/>\n<meta name=\"twitter:creator\" content=\"@Ni.abdi\" \/>\n<meta name=\"twitter:label1\" content=\"Escrito por\" \/>\n\t<meta name=\"twitter:data1\" content=\"ni.abdi\" \/>\n\t<meta name=\"twitter:label2\" content=\"Tiempo de lectura\" \/>\n\t<meta name=\"twitter:data2\" content=\"4 minutos\" \/>\n<script type=\"application\/ld+json\" class=\"yoast-schema-graph\">{\"@context\":\"https:\/\/schema.org\",\"@graph\":[{\"@type\":\"Article\",\"@id\":\"https:\/\/territorialchallenges.com\/2018\/01\/14\/les-gafa-netaient-pas-au-salon-du-batiment-mais-jusqua-quand\/1461\/#article\",\"isPartOf\":{\"@id\":\"https:\/\/territorialchallenges.com\/2018\/01\/14\/les-gafa-netaient-pas-au-salon-du-batiment-mais-jusqua-quand\/1461\/\"},\"author\":{\"name\":\"ni.abdi\",\"@id\":\"https:\/\/territorialchallenges.com\/#\/schema\/person\/098f145c7c61a021c425e010f840080f\"},\"headline\":\"Les GAFA n\u2019\u00e9taient pas au salon du b\u00e2timent, mais jusqu\u2019\u00e0 quand ?\",\"datePublished\":\"2018-01-14T22:12:17+00:00\",\"dateModified\":\"2018-01-14T22:12:17+00:00\",\"mainEntityOfPage\":{\"@id\":\"https:\/\/territorialchallenges.com\/2018\/01\/14\/les-gafa-netaient-pas-au-salon-du-batiment-mais-jusqua-quand\/1461\/\"},\"wordCount\":899,\"commentCount\":0,\"publisher\":{\"@id\":\"https:\/\/territorialchallenges.com\/#organization\"},\"articleSection\":[\"Archives - Editos\"],\"inLanguage\":\"es\"},{\"@type\":\"WebPage\",\"@id\":\"https:\/\/territorialchallenges.com\/2018\/01\/14\/les-gafa-netaient-pas-au-salon-du-batiment-mais-jusqua-quand\/1461\/\",\"url\":\"https:\/\/territorialchallenges.com\/2018\/01\/14\/les-gafa-netaient-pas-au-salon-du-batiment-mais-jusqua-quand\/1461\/\",\"name\":\"Les GAFA n\u2019\u00e9taient pas au salon du b\u00e2timent, mais jusqu\u2019\u00e0 quand ? - Territorial Challenges\",\"isPartOf\":{\"@id\":\"https:\/\/territorialchallenges.com\/#website\"},\"datePublished\":\"2018-01-14T22:12:17+00:00\",\"dateModified\":\"2018-01-14T22:12:17+00:00\",\"breadcrumb\":{\"@id\":\"https:\/\/territorialchallenges.com\/2018\/01\/14\/les-gafa-netaient-pas-au-salon-du-batiment-mais-jusqua-quand\/1461\/#breadcrumb\"},\"inLanguage\":\"es\",\"potentialAction\":[{\"@type\":\"ReadAction\",\"target\":[\"https:\/\/territorialchallenges.com\/2018\/01\/14\/les-gafa-netaient-pas-au-salon-du-batiment-mais-jusqua-quand\/1461\/\"]}]},{\"@type\":\"BreadcrumbList\",\"@id\":\"https:\/\/territorialchallenges.com\/2018\/01\/14\/les-gafa-netaient-pas-au-salon-du-batiment-mais-jusqua-quand\/1461\/#breadcrumb\",\"itemListElement\":[{\"@type\":\"ListItem\",\"position\":1,\"name\":\"Home\",\"item\":\"https:\/\/territorialchallenges.com\/\"},{\"@type\":\"ListItem\",\"position\":2,\"name\":\"Les GAFA n\u2019\u00e9taient pas au salon du b\u00e2timent, mais jusqu\u2019\u00e0 quand ?\"}]},{\"@type\":\"WebSite\",\"@id\":\"https:\/\/territorialchallenges.com\/#website\",\"url\":\"https:\/\/territorialchallenges.com\/\",\"name\":\"Territorial Challenges\",\"description\":\"Veille Internationale - Strat\u00e9gie Intelligentes - Bonnes pratiques\",\"publisher\":{\"@id\":\"https:\/\/territorialchallenges.com\/#organization\"},\"potentialAction\":[{\"@type\":\"SearchAction\",\"target\":{\"@type\":\"EntryPoint\",\"urlTemplate\":\"https:\/\/territorialchallenges.com\/?s={search_term_string}\"},\"query-input\":\"required name=search_term_string\"}],\"inLanguage\":\"es\"},{\"@type\":\"Organization\",\"@id\":\"https:\/\/territorialchallenges.com\/#organization\",\"name\":\"Territorial Challenges\",\"url\":\"https:\/\/territorialchallenges.com\/\",\"logo\":{\"@type\":\"ImageObject\",\"inLanguage\":\"es\",\"@id\":\"https:\/\/territorialchallenges.com\/#\/schema\/logo\/image\/\",\"url\":\"https:\/\/territorialchallenges.com\/wp-content\/uploads\/2023\/10\/logo-1.png\",\"contentUrl\":\"https:\/\/territorialchallenges.com\/wp-content\/uploads\/2023\/10\/logo-1.png\",\"width\":1832,\"height\":576,\"caption\":\"Territorial Challenges\"},\"image\":{\"@id\":\"https:\/\/territorialchallenges.com\/#\/schema\/logo\/image\/\"}},{\"@type\":\"Person\",\"@id\":\"https:\/\/territorialchallenges.com\/#\/schema\/person\/098f145c7c61a021c425e010f840080f\",\"name\":\"ni.abdi\",\"image\":{\"@type\":\"ImageObject\",\"inLanguage\":\"es\",\"@id\":\"https:\/\/territorialchallenges.com\/#\/schema\/person\/image\/\",\"url\":\"https:\/\/secure.gravatar.com\/avatar\/2a2f2491f3c80039986ba989b1e4b510?s=96&d=identicon&r=g\",\"contentUrl\":\"https:\/\/secure.gravatar.com\/avatar\/2a2f2491f3c80039986ba989b1e4b510?s=96&d=identicon&r=g\",\"caption\":\"ni.abdi\"},\"sameAs\":[\"https:\/\/twitter.com\/Ni.abdi\"],\"url\":\"https:\/\/territorialchallenges.com\/es\/author\/ni-abdi\/\"}]}<\/script>\n<!-- \/ Yoast SEO plugin. -->","yoast_head_json":{"title":"Les GAFA n\u2019\u00e9taient pas au salon du b\u00e2timent, mais jusqu\u2019\u00e0 quand ? - Territorial Challenges","robots":{"index":"index","follow":"follow","max-snippet":"max-snippet:-1","max-image-preview":"max-image-preview:large","max-video-preview":"max-video-preview:-1"},"canonical":"https:\/\/territorialchallenges.com\/es\/2018\/01\/14\/les-gafa-netaient-pas-au-salon-du-batiment-mais-jusqua-quand\/1461\/","og_locale":"es_ES","og_type":"article","og_title":"Les GAFA n\u2019\u00e9taient pas au salon du b\u00e2timent, mais jusqu\u2019\u00e0 quand ? - Territorial Challenges","og_description":"C\u2019est la r\u00e9volution qui marquera \u00e0 jamais le changement de paradigme de l\u2019acc\u00e8s \u00e0 l\u2019\u00e9nergie. Le transport du courant \u00e9lectrique, via des syst\u00e8mes intelligents g\u00e9n\u00e9rateurs de masses de donn\u00e9es, va bouleverser notre consommation \u00e9nerg\u00e9tique. Reste \u00e0 savoir, apr\u00e8s que les g\u00e9ants am\u00e9ricains du web aient r\u00e9ussi \u00e0 capter la valeur des usages de l\u2019Internet, \u00e0 [&hellip;]","og_url":"https:\/\/territorialchallenges.com\/es\/2018\/01\/14\/les-gafa-netaient-pas-au-salon-du-batiment-mais-jusqua-quand\/1461\/","og_site_name":"Territorial Challenges","article_published_time":"2018-01-14T22:12:17+00:00","author":"ni.abdi","twitter_card":"summary_large_image","twitter_creator":"@Ni.abdi","twitter_misc":{"Escrito por":"ni.abdi","Tiempo de lectura":"4 minutos"},"schema":{"@context":"https:\/\/schema.org","@graph":[{"@type":"Article","@id":"https:\/\/territorialchallenges.com\/2018\/01\/14\/les-gafa-netaient-pas-au-salon-du-batiment-mais-jusqua-quand\/1461\/#article","isPartOf":{"@id":"https:\/\/territorialchallenges.com\/2018\/01\/14\/les-gafa-netaient-pas-au-salon-du-batiment-mais-jusqua-quand\/1461\/"},"author":{"name":"ni.abdi","@id":"https:\/\/territorialchallenges.com\/#\/schema\/person\/098f145c7c61a021c425e010f840080f"},"headline":"Les GAFA n\u2019\u00e9taient pas au salon du b\u00e2timent, mais jusqu\u2019\u00e0 quand ?","datePublished":"2018-01-14T22:12:17+00:00","dateModified":"2018-01-14T22:12:17+00:00","mainEntityOfPage":{"@id":"https:\/\/territorialchallenges.com\/2018\/01\/14\/les-gafa-netaient-pas-au-salon-du-batiment-mais-jusqua-quand\/1461\/"},"wordCount":899,"commentCount":0,"publisher":{"@id":"https:\/\/territorialchallenges.com\/#organization"},"articleSection":["Archives - Editos"],"inLanguage":"es"},{"@type":"WebPage","@id":"https:\/\/territorialchallenges.com\/2018\/01\/14\/les-gafa-netaient-pas-au-salon-du-batiment-mais-jusqua-quand\/1461\/","url":"https:\/\/territorialchallenges.com\/2018\/01\/14\/les-gafa-netaient-pas-au-salon-du-batiment-mais-jusqua-quand\/1461\/","name":"Les GAFA n\u2019\u00e9taient pas au salon du b\u00e2timent, mais jusqu\u2019\u00e0 quand ? - Territorial Challenges","isPartOf":{"@id":"https:\/\/territorialchallenges.com\/#website"},"datePublished":"2018-01-14T22:12:17+00:00","dateModified":"2018-01-14T22:12:17+00:00","breadcrumb":{"@id":"https:\/\/territorialchallenges.com\/2018\/01\/14\/les-gafa-netaient-pas-au-salon-du-batiment-mais-jusqua-quand\/1461\/#breadcrumb"},"inLanguage":"es","potentialAction":[{"@type":"ReadAction","target":["https:\/\/territorialchallenges.com\/2018\/01\/14\/les-gafa-netaient-pas-au-salon-du-batiment-mais-jusqua-quand\/1461\/"]}]},{"@type":"BreadcrumbList","@id":"https:\/\/territorialchallenges.com\/2018\/01\/14\/les-gafa-netaient-pas-au-salon-du-batiment-mais-jusqua-quand\/1461\/#breadcrumb","itemListElement":[{"@type":"ListItem","position":1,"name":"Home","item":"https:\/\/territorialchallenges.com\/"},{"@type":"ListItem","position":2,"name":"Les GAFA n\u2019\u00e9taient pas au salon du b\u00e2timent, mais jusqu\u2019\u00e0 quand ?"}]},{"@type":"WebSite","@id":"https:\/\/territorialchallenges.com\/#website","url":"https:\/\/territorialchallenges.com\/","name":"Desaf\u00edos territoriales","description":"Monitoreo Internacional - Estrategias Inteligentes - Mejores Pr\u00e1cticas","publisher":{"@id":"https:\/\/territorialchallenges.com\/#organization"},"potentialAction":[{"@type":"SearchAction","target":{"@type":"EntryPoint","urlTemplate":"https:\/\/territorialchallenges.com\/?s={search_term_string}"},"query-input":"required name=search_term_string"}],"inLanguage":"es"},{"@type":"Organization","@id":"https:\/\/territorialchallenges.com\/#organization","name":"Desaf\u00edos territoriales","url":"https:\/\/territorialchallenges.com\/","logo":{"@type":"ImageObject","inLanguage":"es","@id":"https:\/\/territorialchallenges.com\/#\/schema\/logo\/image\/","url":"https:\/\/territorialchallenges.com\/wp-content\/uploads\/2023\/10\/logo-1.png","contentUrl":"https:\/\/territorialchallenges.com\/wp-content\/uploads\/2023\/10\/logo-1.png","width":1832,"height":576,"caption":"Territorial Challenges"},"image":{"@id":"https:\/\/territorialchallenges.com\/#\/schema\/logo\/image\/"}},{"@type":"Person","@id":"https:\/\/territorialchallenges.com\/#\/schema\/person\/098f145c7c61a021c425e010f840080f","name":"ni.abdi","image":{"@type":"ImageObject","inLanguage":"es","@id":"https:\/\/territorialchallenges.com\/#\/schema\/person\/image\/","url":"https:\/\/secure.gravatar.com\/avatar\/2a2f2491f3c80039986ba989b1e4b510?s=96&d=identicon&r=g","contentUrl":"https:\/\/secure.gravatar.com\/avatar\/2a2f2491f3c80039986ba989b1e4b510?s=96&d=identicon&r=g","caption":"ni.abdi"},"sameAs":["https:\/\/twitter.com\/Ni.abdi"],"url":"https:\/\/territorialchallenges.com\/es\/author\/ni-abdi\/"}]}},"_links":{"self":[{"href":"https:\/\/territorialchallenges.com\/es\/wp-json\/wp\/v2\/posts\/1461"}],"collection":[{"href":"https:\/\/territorialchallenges.com\/es\/wp-json\/wp\/v2\/posts"}],"about":[{"href":"https:\/\/territorialchallenges.com\/es\/wp-json\/wp\/v2\/types\/post"}],"author":[{"embeddable":true,"href":"https:\/\/territorialchallenges.com\/es\/wp-json\/wp\/v2\/users\/11"}],"replies":[{"embeddable":true,"href":"https:\/\/territorialchallenges.com\/es\/wp-json\/wp\/v2\/comments?post=1461"}],"version-history":[{"count":0,"href":"https:\/\/territorialchallenges.com\/es\/wp-json\/wp\/v2\/posts\/1461\/revisions"}],"wp:attachment":[{"href":"https:\/\/territorialchallenges.com\/es\/wp-json\/wp\/v2\/media?parent=1461"}],"wp:term":[{"taxonomy":"category","embeddable":true,"href":"https:\/\/territorialchallenges.com\/es\/wp-json\/wp\/v2\/categories?post=1461"},{"taxonomy":"post_tag","embeddable":true,"href":"https:\/\/territorialchallenges.com\/es\/wp-json\/wp\/v2\/tags?post=1461"}],"curies":[{"name":"gracias","href":"https:\/\/api.w.org\/{rel}","templated":true}]}}