{"id":1441,"date":"2018-01-14T18:51:21","date_gmt":"2018-01-14T17:51:21","guid":{"rendered":"https:\/\/ecoinovatio.com\/?p=1441"},"modified":"2018-01-14T18:51:21","modified_gmt":"2018-01-14T17:51:21","slug":"systeme-de-communication-ouvert-ou-proprietaire-le-casse-tete-des-objets-connectes","status":"publish","type":"post","link":"https:\/\/territorialchallenges.com\/es\/2018\/01\/14\/systeme-de-communication-ouvert-ou-proprietaire-le-casse-tete-des-objets-connectes\/1441\/","title":{"rendered":"Sistema de comunicaci\u00f3n abierto o propietario: el rompecabezas de los objetos conectados"},"content":{"rendered":"<p>Se nos dice que en 2020 se producir\u00e1 una revoluci\u00f3n civilizatoria con la llegada del di\u00e1logo entre los llamados objetos conectados. Una revoluci\u00f3n, sin duda, pero que tarda en consensuar la naturaleza de la herramienta de comunicaci\u00f3n: \u00bfdeber\u00eda ser abierta o propietaria? La comunicaci\u00f3n por radio de largo alcance y baja potencia, un elemento esencial del \u00e9xito de la industria de los objetos conectados... <\/p>\n<div class=\"pmpro_content_message\">Art\u00edculo disponible s\u00f3lo para suscriptores.<br \/><a href=\"https:\/\/territorialchallenges.com\/wp-login.php\">Acceso<\/a><br \/><a href=\"https:\/\/territorialchallenges.com\/es\/wp-login.php\/?action=register\">Registro<\/a><\/div>","protected":false},"excerpt":{"rendered":"<p>On nous annonce une r\u00e9volution civilisationnelle, en 2020, avec l\u2019av\u00e8nement du dialogue entre les objets dit connect\u00e9s. Une r\u00e9volution, certes, mais qui tarde \u00e0 s\u2019accorder sur la nature de l\u2019outil de communication\u00a0: doit-il \u00eatre ouvert ou propri\u00e9taire\u00a0? La communication radio longue port\u00e9e et basse consommation, \u00e9l\u00e9ment essentiel de la r\u00e9ussite de l\u2019industrie des objets connect\u00e9s... <\/p>\n<div class=\"pmpro_content_message\">Art\u00edculo disponible s\u00f3lo para suscriptores.<br \/><a href=\"https:\/\/territorialchallenges.com\/wp-login.php\">Acceso<\/a><br \/><a href=\"https:\/\/territorialchallenges.com\/es\/wp-login.php\/?action=register\">Registro<\/a><\/div>","protected":false},"author":11,"featured_media":0,"comment_status":"open","ping_status":"open","sticky":true,"template":"","format":"standard","meta":{"pmpro_default_level":0,"footnotes":""},"categories":[123],"tags":[],"blocksy_meta":"","yoast_head":"<!-- This site is optimized with the Yoast SEO plugin v21.5 - https:\/\/yoast.com\/wordpress\/plugins\/seo\/ -->\n<title>Syst\u00e8me de communication ouvert ou propri\u00e9taire, le casse-t\u00eate des objets connect\u00e9s - Territorial Challenges<\/title>\n<meta name=\"robots\" content=\"index, follow, max-snippet:-1, max-image-preview:large, max-video-preview:-1\" \/>\n<link rel=\"canonical\" href=\"https:\/\/territorialchallenges.com\/es\/2018\/01\/14\/systeme-de-communication-ouvert-ou-proprietaire-le-casse-tete-des-objets-connectes\/1441\/\" \/>\n<meta property=\"og:locale\" content=\"es_ES\" \/>\n<meta property=\"og:type\" content=\"article\" \/>\n<meta property=\"og:title\" content=\"Syst\u00e8me de communication ouvert ou propri\u00e9taire, le casse-t\u00eate des objets connect\u00e9s - Territorial Challenges\" \/>\n<meta property=\"og:description\" content=\"On nous annonce une r\u00e9volution civilisationnelle, en 2020, avec l\u2019av\u00e8nement du dialogue entre les objets dit connect\u00e9s. Une r\u00e9volution, certes, mais qui tarde \u00e0 s\u2019accorder sur la nature de l\u2019outil de communication\u00a0: doit-il \u00eatre ouvert ou propri\u00e9taire\u00a0? La communication radio longue port\u00e9e et basse consommation, \u00e9l\u00e9ment essentiel de la r\u00e9ussite de l\u2019industrie des objets connect\u00e9s [&hellip;]\" \/>\n<meta property=\"og:url\" content=\"https:\/\/territorialchallenges.com\/es\/2018\/01\/14\/systeme-de-communication-ouvert-ou-proprietaire-le-casse-tete-des-objets-connectes\/1441\/\" \/>\n<meta property=\"og:site_name\" content=\"Territorial Challenges\" \/>\n<meta property=\"article:published_time\" content=\"2018-01-14T17:51:21+00:00\" \/>\n<meta name=\"author\" content=\"ni.abdi\" \/>\n<meta name=\"twitter:card\" content=\"summary_large_image\" \/>\n<meta name=\"twitter:creator\" content=\"@Ni.abdi\" \/>\n<meta name=\"twitter:label1\" content=\"Escrito por\" \/>\n\t<meta name=\"twitter:data1\" content=\"ni.abdi\" \/>\n\t<meta name=\"twitter:label2\" content=\"Tiempo de lectura\" \/>\n\t<meta name=\"twitter:data2\" content=\"3 minutos\" \/>\n<script type=\"application\/ld+json\" class=\"yoast-schema-graph\">{\"@context\":\"https:\/\/schema.org\",\"@graph\":[{\"@type\":\"Article\",\"@id\":\"https:\/\/territorialchallenges.com\/2018\/01\/14\/systeme-de-communication-ouvert-ou-proprietaire-le-casse-tete-des-objets-connectes\/1441\/#article\",\"isPartOf\":{\"@id\":\"https:\/\/territorialchallenges.com\/2018\/01\/14\/systeme-de-communication-ouvert-ou-proprietaire-le-casse-tete-des-objets-connectes\/1441\/\"},\"author\":{\"name\":\"ni.abdi\",\"@id\":\"https:\/\/territorialchallenges.com\/#\/schema\/person\/098f145c7c61a021c425e010f840080f\"},\"headline\":\"Syst\u00e8me de communication ouvert ou propri\u00e9taire, le casse-t\u00eate des objets connect\u00e9s\",\"datePublished\":\"2018-01-14T17:51:21+00:00\",\"dateModified\":\"2018-01-14T17:51:21+00:00\",\"mainEntityOfPage\":{\"@id\":\"https:\/\/territorialchallenges.com\/2018\/01\/14\/systeme-de-communication-ouvert-ou-proprietaire-le-casse-tete-des-objets-connectes\/1441\/\"},\"wordCount\":608,\"commentCount\":0,\"publisher\":{\"@id\":\"https:\/\/territorialchallenges.com\/#organization\"},\"articleSection\":[\"Archives - Editos\"],\"inLanguage\":\"es\"},{\"@type\":\"WebPage\",\"@id\":\"https:\/\/territorialchallenges.com\/2018\/01\/14\/systeme-de-communication-ouvert-ou-proprietaire-le-casse-tete-des-objets-connectes\/1441\/\",\"url\":\"https:\/\/territorialchallenges.com\/2018\/01\/14\/systeme-de-communication-ouvert-ou-proprietaire-le-casse-tete-des-objets-connectes\/1441\/\",\"name\":\"Syst\u00e8me de communication ouvert ou propri\u00e9taire, le casse-t\u00eate des objets connect\u00e9s - Territorial Challenges\",\"isPartOf\":{\"@id\":\"https:\/\/territorialchallenges.com\/#website\"},\"datePublished\":\"2018-01-14T17:51:21+00:00\",\"dateModified\":\"2018-01-14T17:51:21+00:00\",\"breadcrumb\":{\"@id\":\"https:\/\/territorialchallenges.com\/2018\/01\/14\/systeme-de-communication-ouvert-ou-proprietaire-le-casse-tete-des-objets-connectes\/1441\/#breadcrumb\"},\"inLanguage\":\"es\",\"potentialAction\":[{\"@type\":\"ReadAction\",\"target\":[\"https:\/\/territorialchallenges.com\/2018\/01\/14\/systeme-de-communication-ouvert-ou-proprietaire-le-casse-tete-des-objets-connectes\/1441\/\"]}]},{\"@type\":\"BreadcrumbList\",\"@id\":\"https:\/\/territorialchallenges.com\/2018\/01\/14\/systeme-de-communication-ouvert-ou-proprietaire-le-casse-tete-des-objets-connectes\/1441\/#breadcrumb\",\"itemListElement\":[{\"@type\":\"ListItem\",\"position\":1,\"name\":\"Home\",\"item\":\"https:\/\/territorialchallenges.com\/\"},{\"@type\":\"ListItem\",\"position\":2,\"name\":\"Syst\u00e8me de communication ouvert ou propri\u00e9taire, le casse-t\u00eate des objets connect\u00e9s\"}]},{\"@type\":\"WebSite\",\"@id\":\"https:\/\/territorialchallenges.com\/#website\",\"url\":\"https:\/\/territorialchallenges.com\/\",\"name\":\"Territorial Challenges\",\"description\":\"Veille Internationale - Strat\u00e9gie Intelligentes - Bonnes pratiques\",\"publisher\":{\"@id\":\"https:\/\/territorialchallenges.com\/#organization\"},\"potentialAction\":[{\"@type\":\"SearchAction\",\"target\":{\"@type\":\"EntryPoint\",\"urlTemplate\":\"https:\/\/territorialchallenges.com\/?s={search_term_string}\"},\"query-input\":\"required name=search_term_string\"}],\"inLanguage\":\"es\"},{\"@type\":\"Organization\",\"@id\":\"https:\/\/territorialchallenges.com\/#organization\",\"name\":\"Territorial Challenges\",\"url\":\"https:\/\/territorialchallenges.com\/\",\"logo\":{\"@type\":\"ImageObject\",\"inLanguage\":\"es\",\"@id\":\"https:\/\/territorialchallenges.com\/#\/schema\/logo\/image\/\",\"url\":\"https:\/\/territorialchallenges.com\/wp-content\/uploads\/2023\/10\/logo-1.png\",\"contentUrl\":\"https:\/\/territorialchallenges.com\/wp-content\/uploads\/2023\/10\/logo-1.png\",\"width\":1832,\"height\":576,\"caption\":\"Territorial Challenges\"},\"image\":{\"@id\":\"https:\/\/territorialchallenges.com\/#\/schema\/logo\/image\/\"}},{\"@type\":\"Person\",\"@id\":\"https:\/\/territorialchallenges.com\/#\/schema\/person\/098f145c7c61a021c425e010f840080f\",\"name\":\"ni.abdi\",\"image\":{\"@type\":\"ImageObject\",\"inLanguage\":\"es\",\"@id\":\"https:\/\/territorialchallenges.com\/#\/schema\/person\/image\/\",\"url\":\"https:\/\/secure.gravatar.com\/avatar\/2a2f2491f3c80039986ba989b1e4b510?s=96&d=identicon&r=g\",\"contentUrl\":\"https:\/\/secure.gravatar.com\/avatar\/2a2f2491f3c80039986ba989b1e4b510?s=96&d=identicon&r=g\",\"caption\":\"ni.abdi\"},\"sameAs\":[\"https:\/\/twitter.com\/Ni.abdi\"],\"url\":\"https:\/\/territorialchallenges.com\/es\/author\/ni-abdi\/\"}]}<\/script>\n<!-- \/ Yoast SEO plugin. -->","yoast_head_json":{"title":"Syst\u00e8me de communication ouvert ou propri\u00e9taire, le casse-t\u00eate des objets connect\u00e9s - Territorial Challenges","robots":{"index":"index","follow":"follow","max-snippet":"max-snippet:-1","max-image-preview":"max-image-preview:large","max-video-preview":"max-video-preview:-1"},"canonical":"https:\/\/territorialchallenges.com\/es\/2018\/01\/14\/systeme-de-communication-ouvert-ou-proprietaire-le-casse-tete-des-objets-connectes\/1441\/","og_locale":"es_ES","og_type":"article","og_title":"Syst\u00e8me de communication ouvert ou propri\u00e9taire, le casse-t\u00eate des objets connect\u00e9s - Territorial Challenges","og_description":"On nous annonce une r\u00e9volution civilisationnelle, en 2020, avec l\u2019av\u00e8nement du dialogue entre les objets dit connect\u00e9s. Une r\u00e9volution, certes, mais qui tarde \u00e0 s\u2019accorder sur la nature de l\u2019outil de communication\u00a0: doit-il \u00eatre ouvert ou propri\u00e9taire\u00a0? La communication radio longue port\u00e9e et basse consommation, \u00e9l\u00e9ment essentiel de la r\u00e9ussite de l\u2019industrie des objets connect\u00e9s [&hellip;]","og_url":"https:\/\/territorialchallenges.com\/es\/2018\/01\/14\/systeme-de-communication-ouvert-ou-proprietaire-le-casse-tete-des-objets-connectes\/1441\/","og_site_name":"Territorial Challenges","article_published_time":"2018-01-14T17:51:21+00:00","author":"ni.abdi","twitter_card":"summary_large_image","twitter_creator":"@Ni.abdi","twitter_misc":{"Escrito por":"ni.abdi","Tiempo de lectura":"3 minutos"},"schema":{"@context":"https:\/\/schema.org","@graph":[{"@type":"Article","@id":"https:\/\/territorialchallenges.com\/2018\/01\/14\/systeme-de-communication-ouvert-ou-proprietaire-le-casse-tete-des-objets-connectes\/1441\/#article","isPartOf":{"@id":"https:\/\/territorialchallenges.com\/2018\/01\/14\/systeme-de-communication-ouvert-ou-proprietaire-le-casse-tete-des-objets-connectes\/1441\/"},"author":{"name":"ni.abdi","@id":"https:\/\/territorialchallenges.com\/#\/schema\/person\/098f145c7c61a021c425e010f840080f"},"headline":"Syst\u00e8me de communication ouvert ou propri\u00e9taire, le casse-t\u00eate des objets connect\u00e9s","datePublished":"2018-01-14T17:51:21+00:00","dateModified":"2018-01-14T17:51:21+00:00","mainEntityOfPage":{"@id":"https:\/\/territorialchallenges.com\/2018\/01\/14\/systeme-de-communication-ouvert-ou-proprietaire-le-casse-tete-des-objets-connectes\/1441\/"},"wordCount":608,"commentCount":0,"publisher":{"@id":"https:\/\/territorialchallenges.com\/#organization"},"articleSection":["Archives - Editos"],"inLanguage":"es"},{"@type":"WebPage","@id":"https:\/\/territorialchallenges.com\/2018\/01\/14\/systeme-de-communication-ouvert-ou-proprietaire-le-casse-tete-des-objets-connectes\/1441\/","url":"https:\/\/territorialchallenges.com\/2018\/01\/14\/systeme-de-communication-ouvert-ou-proprietaire-le-casse-tete-des-objets-connectes\/1441\/","name":"Syst\u00e8me de communication ouvert ou propri\u00e9taire, le casse-t\u00eate des objets connect\u00e9s - Territorial Challenges","isPartOf":{"@id":"https:\/\/territorialchallenges.com\/#website"},"datePublished":"2018-01-14T17:51:21+00:00","dateModified":"2018-01-14T17:51:21+00:00","breadcrumb":{"@id":"https:\/\/territorialchallenges.com\/2018\/01\/14\/systeme-de-communication-ouvert-ou-proprietaire-le-casse-tete-des-objets-connectes\/1441\/#breadcrumb"},"inLanguage":"es","potentialAction":[{"@type":"ReadAction","target":["https:\/\/territorialchallenges.com\/2018\/01\/14\/systeme-de-communication-ouvert-ou-proprietaire-le-casse-tete-des-objets-connectes\/1441\/"]}]},{"@type":"BreadcrumbList","@id":"https:\/\/territorialchallenges.com\/2018\/01\/14\/systeme-de-communication-ouvert-ou-proprietaire-le-casse-tete-des-objets-connectes\/1441\/#breadcrumb","itemListElement":[{"@type":"ListItem","position":1,"name":"Home","item":"https:\/\/territorialchallenges.com\/"},{"@type":"ListItem","position":2,"name":"Syst\u00e8me de communication ouvert ou propri\u00e9taire, le casse-t\u00eate des objets connect\u00e9s"}]},{"@type":"WebSite","@id":"https:\/\/territorialchallenges.com\/#website","url":"https:\/\/territorialchallenges.com\/","name":"Desaf\u00edos territoriales","description":"Monitoreo Internacional - Estrategias Inteligentes - Mejores Pr\u00e1cticas","publisher":{"@id":"https:\/\/territorialchallenges.com\/#organization"},"potentialAction":[{"@type":"SearchAction","target":{"@type":"EntryPoint","urlTemplate":"https:\/\/territorialchallenges.com\/?s={search_term_string}"},"query-input":"required name=search_term_string"}],"inLanguage":"es"},{"@type":"Organization","@id":"https:\/\/territorialchallenges.com\/#organization","name":"Desaf\u00edos territoriales","url":"https:\/\/territorialchallenges.com\/","logo":{"@type":"ImageObject","inLanguage":"es","@id":"https:\/\/territorialchallenges.com\/#\/schema\/logo\/image\/","url":"https:\/\/territorialchallenges.com\/wp-content\/uploads\/2023\/10\/logo-1.png","contentUrl":"https:\/\/territorialchallenges.com\/wp-content\/uploads\/2023\/10\/logo-1.png","width":1832,"height":576,"caption":"Territorial Challenges"},"image":{"@id":"https:\/\/territorialchallenges.com\/#\/schema\/logo\/image\/"}},{"@type":"Person","@id":"https:\/\/territorialchallenges.com\/#\/schema\/person\/098f145c7c61a021c425e010f840080f","name":"ni.abdi","image":{"@type":"ImageObject","inLanguage":"es","@id":"https:\/\/territorialchallenges.com\/#\/schema\/person\/image\/","url":"https:\/\/secure.gravatar.com\/avatar\/2a2f2491f3c80039986ba989b1e4b510?s=96&d=identicon&r=g","contentUrl":"https:\/\/secure.gravatar.com\/avatar\/2a2f2491f3c80039986ba989b1e4b510?s=96&d=identicon&r=g","caption":"ni.abdi"},"sameAs":["https:\/\/twitter.com\/Ni.abdi"],"url":"https:\/\/territorialchallenges.com\/es\/author\/ni-abdi\/"}]}},"_links":{"self":[{"href":"https:\/\/territorialchallenges.com\/es\/wp-json\/wp\/v2\/posts\/1441"}],"collection":[{"href":"https:\/\/territorialchallenges.com\/es\/wp-json\/wp\/v2\/posts"}],"about":[{"href":"https:\/\/territorialchallenges.com\/es\/wp-json\/wp\/v2\/types\/post"}],"author":[{"embeddable":true,"href":"https:\/\/territorialchallenges.com\/es\/wp-json\/wp\/v2\/users\/11"}],"replies":[{"embeddable":true,"href":"https:\/\/territorialchallenges.com\/es\/wp-json\/wp\/v2\/comments?post=1441"}],"version-history":[{"count":0,"href":"https:\/\/territorialchallenges.com\/es\/wp-json\/wp\/v2\/posts\/1441\/revisions"}],"wp:attachment":[{"href":"https:\/\/territorialchallenges.com\/es\/wp-json\/wp\/v2\/media?parent=1441"}],"wp:term":[{"taxonomy":"category","embeddable":true,"href":"https:\/\/territorialchallenges.com\/es\/wp-json\/wp\/v2\/categories?post=1441"},{"taxonomy":"post_tag","embeddable":true,"href":"https:\/\/territorialchallenges.com\/es\/wp-json\/wp\/v2\/tags?post=1441"}],"curies":[{"name":"gracias","href":"https:\/\/api.w.org\/{rel}","templated":true}]}}