{"id":1433,"date":"2018-01-13T00:02:53","date_gmt":"2018-01-12T23:02:53","guid":{"rendered":"https:\/\/ecoinovatio.com\/?p=1433"},"modified":"2018-01-13T00:02:53","modified_gmt":"2018-01-12T23:02:53","slug":"le-design-et-linnovation-europeenne-se-sont-ils-exiles-chez-gafa","status":"publish","type":"post","link":"https:\/\/territorialchallenges.com\/es\/2018\/01\/13\/le-design-et-linnovation-europeenne-se-sont-ils-exiles-chez-gafa\/1433\/","title":{"rendered":"\u00bfEl dise\u00f1o y la innovaci\u00f3n europeos se han exiliado en las GAFA?"},"content":{"rendered":"<p>Los dos anuncios de Google, realizados la semana pasada a mediados de agosto, sobre el lanzamiento de su router OnHub y el proyecto Sunroof, reavivan el reto de las industrias europeas de energ\u00eda, equipos el\u00e9ctricos y telecomunicaciones de ser pioneras en dise\u00f1o e innovaci\u00f3n. Cada verano, el gigante estadounidense\u2026 <\/p>\n<div class=\"pmpro_content_message\">Art\u00edculo disponible s\u00f3lo para suscriptores.<br \/><a href=\"https:\/\/territorialchallenges.com\/wp-login.php\">Acceso<\/a><br \/><a href=\"https:\/\/territorialchallenges.com\/es\/wp-login.php\/?action=register\">Registro<\/a><\/div>","protected":false},"excerpt":{"rendered":"<p>Les deux annonces de la semaine derni\u00e8re, en plein mois d\u2019ao\u00fbt, par Google du lancement de son routeur OnHub et du projet Sunroof, relancent la probl\u00e9matique des industries europ\u00e9ennes de l\u2019\u00e9nergie, de l\u2019\u00e9quipement \u00e9lectrique et des t\u00e9l\u00e9coms, \u00e0 \u00eatre des pionniers dans le domaine du design et de l\u2019innovation. Chaque \u00e9t\u00e9, le g\u00e9ant am\u00e9ricain des... <\/p>\n<div class=\"pmpro_content_message\">Art\u00edculo disponible s\u00f3lo para suscriptores.<br \/><a href=\"https:\/\/territorialchallenges.com\/wp-login.php\">Acceso<\/a><br \/><a href=\"https:\/\/territorialchallenges.com\/es\/wp-login.php\/?action=register\">Registro<\/a><\/div>","protected":false},"author":11,"featured_media":0,"comment_status":"open","ping_status":"open","sticky":true,"template":"","format":"standard","meta":{"pmpro_default_level":0,"footnotes":""},"categories":[123],"tags":[],"blocksy_meta":"","yoast_head":"<!-- This site is optimized with the Yoast SEO plugin v21.5 - https:\/\/yoast.com\/wordpress\/plugins\/seo\/ -->\n<title>Le design et l\u2019innovation europ\u00e9enne se sont-ils exil\u00e9s chez GAFA ? - Territorial Challenges<\/title>\n<meta name=\"robots\" content=\"index, follow, max-snippet:-1, max-image-preview:large, max-video-preview:-1\" \/>\n<link rel=\"canonical\" href=\"https:\/\/territorialchallenges.com\/es\/2018\/01\/13\/le-design-et-linnovation-europeenne-se-sont-ils-exiles-chez-gafa\/1433\/\" \/>\n<meta property=\"og:locale\" content=\"es_ES\" \/>\n<meta property=\"og:type\" content=\"article\" \/>\n<meta property=\"og:title\" content=\"Le design et l\u2019innovation europ\u00e9enne se sont-ils exil\u00e9s chez GAFA ? - Territorial Challenges\" \/>\n<meta property=\"og:description\" content=\"Les deux annonces de la semaine derni\u00e8re, en plein mois d\u2019ao\u00fbt, par Google du lancement de son routeur OnHub et du projet Sunroof, relancent la probl\u00e9matique des industries europ\u00e9ennes de l\u2019\u00e9nergie, de l\u2019\u00e9quipement \u00e9lectrique et des t\u00e9l\u00e9coms, \u00e0 \u00eatre des pionniers dans le domaine du design et de l\u2019innovation. Chaque \u00e9t\u00e9, le g\u00e9ant am\u00e9ricain des [&hellip;]\" \/>\n<meta property=\"og:url\" content=\"https:\/\/territorialchallenges.com\/es\/2018\/01\/13\/le-design-et-linnovation-europeenne-se-sont-ils-exiles-chez-gafa\/1433\/\" \/>\n<meta property=\"og:site_name\" content=\"Territorial Challenges\" \/>\n<meta property=\"article:published_time\" content=\"2018-01-12T23:02:53+00:00\" \/>\n<meta name=\"author\" content=\"ni.abdi\" \/>\n<meta name=\"twitter:card\" content=\"summary_large_image\" \/>\n<meta name=\"twitter:creator\" content=\"@Ni.abdi\" \/>\n<meta name=\"twitter:label1\" content=\"Escrito por\" \/>\n\t<meta name=\"twitter:data1\" content=\"ni.abdi\" \/>\n\t<meta name=\"twitter:label2\" content=\"Tiempo de lectura\" \/>\n\t<meta name=\"twitter:data2\" content=\"4 minutos\" \/>\n<script type=\"application\/ld+json\" class=\"yoast-schema-graph\">{\"@context\":\"https:\/\/schema.org\",\"@graph\":[{\"@type\":\"Article\",\"@id\":\"https:\/\/territorialchallenges.com\/2018\/01\/13\/le-design-et-linnovation-europeenne-se-sont-ils-exiles-chez-gafa\/1433\/#article\",\"isPartOf\":{\"@id\":\"https:\/\/territorialchallenges.com\/2018\/01\/13\/le-design-et-linnovation-europeenne-se-sont-ils-exiles-chez-gafa\/1433\/\"},\"author\":{\"name\":\"ni.abdi\",\"@id\":\"https:\/\/territorialchallenges.com\/#\/schema\/person\/098f145c7c61a021c425e010f840080f\"},\"headline\":\"Le design et l\u2019innovation europ\u00e9enne se sont-ils exil\u00e9s chez GAFA ?\",\"datePublished\":\"2018-01-12T23:02:53+00:00\",\"dateModified\":\"2018-01-12T23:02:53+00:00\",\"mainEntityOfPage\":{\"@id\":\"https:\/\/territorialchallenges.com\/2018\/01\/13\/le-design-et-linnovation-europeenne-se-sont-ils-exiles-chez-gafa\/1433\/\"},\"wordCount\":817,\"commentCount\":0,\"publisher\":{\"@id\":\"https:\/\/territorialchallenges.com\/#organization\"},\"articleSection\":[\"Archives - Editos\"],\"inLanguage\":\"es\"},{\"@type\":\"WebPage\",\"@id\":\"https:\/\/territorialchallenges.com\/2018\/01\/13\/le-design-et-linnovation-europeenne-se-sont-ils-exiles-chez-gafa\/1433\/\",\"url\":\"https:\/\/territorialchallenges.com\/2018\/01\/13\/le-design-et-linnovation-europeenne-se-sont-ils-exiles-chez-gafa\/1433\/\",\"name\":\"Le design et l\u2019innovation europ\u00e9enne se sont-ils exil\u00e9s chez GAFA ? - Territorial Challenges\",\"isPartOf\":{\"@id\":\"https:\/\/territorialchallenges.com\/#website\"},\"datePublished\":\"2018-01-12T23:02:53+00:00\",\"dateModified\":\"2018-01-12T23:02:53+00:00\",\"breadcrumb\":{\"@id\":\"https:\/\/territorialchallenges.com\/2018\/01\/13\/le-design-et-linnovation-europeenne-se-sont-ils-exiles-chez-gafa\/1433\/#breadcrumb\"},\"inLanguage\":\"es\",\"potentialAction\":[{\"@type\":\"ReadAction\",\"target\":[\"https:\/\/territorialchallenges.com\/2018\/01\/13\/le-design-et-linnovation-europeenne-se-sont-ils-exiles-chez-gafa\/1433\/\"]}]},{\"@type\":\"BreadcrumbList\",\"@id\":\"https:\/\/territorialchallenges.com\/2018\/01\/13\/le-design-et-linnovation-europeenne-se-sont-ils-exiles-chez-gafa\/1433\/#breadcrumb\",\"itemListElement\":[{\"@type\":\"ListItem\",\"position\":1,\"name\":\"Home\",\"item\":\"https:\/\/territorialchallenges.com\/\"},{\"@type\":\"ListItem\",\"position\":2,\"name\":\"Le design et l\u2019innovation europ\u00e9enne se sont-ils exil\u00e9s chez GAFA ?\"}]},{\"@type\":\"WebSite\",\"@id\":\"https:\/\/territorialchallenges.com\/#website\",\"url\":\"https:\/\/territorialchallenges.com\/\",\"name\":\"Territorial Challenges\",\"description\":\"Veille Internationale - Strat\u00e9gie Intelligentes - Bonnes pratiques\",\"publisher\":{\"@id\":\"https:\/\/territorialchallenges.com\/#organization\"},\"potentialAction\":[{\"@type\":\"SearchAction\",\"target\":{\"@type\":\"EntryPoint\",\"urlTemplate\":\"https:\/\/territorialchallenges.com\/?s={search_term_string}\"},\"query-input\":\"required name=search_term_string\"}],\"inLanguage\":\"es\"},{\"@type\":\"Organization\",\"@id\":\"https:\/\/territorialchallenges.com\/#organization\",\"name\":\"Territorial Challenges\",\"url\":\"https:\/\/territorialchallenges.com\/\",\"logo\":{\"@type\":\"ImageObject\",\"inLanguage\":\"es\",\"@id\":\"https:\/\/territorialchallenges.com\/#\/schema\/logo\/image\/\",\"url\":\"https:\/\/territorialchallenges.com\/wp-content\/uploads\/2023\/10\/logo-1.png\",\"contentUrl\":\"https:\/\/territorialchallenges.com\/wp-content\/uploads\/2023\/10\/logo-1.png\",\"width\":1832,\"height\":576,\"caption\":\"Territorial Challenges\"},\"image\":{\"@id\":\"https:\/\/territorialchallenges.com\/#\/schema\/logo\/image\/\"}},{\"@type\":\"Person\",\"@id\":\"https:\/\/territorialchallenges.com\/#\/schema\/person\/098f145c7c61a021c425e010f840080f\",\"name\":\"ni.abdi\",\"image\":{\"@type\":\"ImageObject\",\"inLanguage\":\"es\",\"@id\":\"https:\/\/territorialchallenges.com\/#\/schema\/person\/image\/\",\"url\":\"https:\/\/secure.gravatar.com\/avatar\/2a2f2491f3c80039986ba989b1e4b510?s=96&d=identicon&r=g\",\"contentUrl\":\"https:\/\/secure.gravatar.com\/avatar\/2a2f2491f3c80039986ba989b1e4b510?s=96&d=identicon&r=g\",\"caption\":\"ni.abdi\"},\"sameAs\":[\"https:\/\/twitter.com\/Ni.abdi\"],\"url\":\"https:\/\/territorialchallenges.com\/es\/author\/ni-abdi\/\"}]}<\/script>\n<!-- \/ Yoast SEO plugin. -->","yoast_head_json":{"title":"Le design et l\u2019innovation europ\u00e9enne se sont-ils exil\u00e9s chez GAFA ? - Territorial Challenges","robots":{"index":"index","follow":"follow","max-snippet":"max-snippet:-1","max-image-preview":"max-image-preview:large","max-video-preview":"max-video-preview:-1"},"canonical":"https:\/\/territorialchallenges.com\/es\/2018\/01\/13\/le-design-et-linnovation-europeenne-se-sont-ils-exiles-chez-gafa\/1433\/","og_locale":"es_ES","og_type":"article","og_title":"Le design et l\u2019innovation europ\u00e9enne se sont-ils exil\u00e9s chez GAFA ? - Territorial Challenges","og_description":"Les deux annonces de la semaine derni\u00e8re, en plein mois d\u2019ao\u00fbt, par Google du lancement de son routeur OnHub et du projet Sunroof, relancent la probl\u00e9matique des industries europ\u00e9ennes de l\u2019\u00e9nergie, de l\u2019\u00e9quipement \u00e9lectrique et des t\u00e9l\u00e9coms, \u00e0 \u00eatre des pionniers dans le domaine du design et de l\u2019innovation. Chaque \u00e9t\u00e9, le g\u00e9ant am\u00e9ricain des [&hellip;]","og_url":"https:\/\/territorialchallenges.com\/es\/2018\/01\/13\/le-design-et-linnovation-europeenne-se-sont-ils-exiles-chez-gafa\/1433\/","og_site_name":"Territorial Challenges","article_published_time":"2018-01-12T23:02:53+00:00","author":"ni.abdi","twitter_card":"summary_large_image","twitter_creator":"@Ni.abdi","twitter_misc":{"Escrito por":"ni.abdi","Tiempo de lectura":"4 minutos"},"schema":{"@context":"https:\/\/schema.org","@graph":[{"@type":"Article","@id":"https:\/\/territorialchallenges.com\/2018\/01\/13\/le-design-et-linnovation-europeenne-se-sont-ils-exiles-chez-gafa\/1433\/#article","isPartOf":{"@id":"https:\/\/territorialchallenges.com\/2018\/01\/13\/le-design-et-linnovation-europeenne-se-sont-ils-exiles-chez-gafa\/1433\/"},"author":{"name":"ni.abdi","@id":"https:\/\/territorialchallenges.com\/#\/schema\/person\/098f145c7c61a021c425e010f840080f"},"headline":"Le design et l\u2019innovation europ\u00e9enne se sont-ils exil\u00e9s chez GAFA ?","datePublished":"2018-01-12T23:02:53+00:00","dateModified":"2018-01-12T23:02:53+00:00","mainEntityOfPage":{"@id":"https:\/\/territorialchallenges.com\/2018\/01\/13\/le-design-et-linnovation-europeenne-se-sont-ils-exiles-chez-gafa\/1433\/"},"wordCount":817,"commentCount":0,"publisher":{"@id":"https:\/\/territorialchallenges.com\/#organization"},"articleSection":["Archives - Editos"],"inLanguage":"es"},{"@type":"WebPage","@id":"https:\/\/territorialchallenges.com\/2018\/01\/13\/le-design-et-linnovation-europeenne-se-sont-ils-exiles-chez-gafa\/1433\/","url":"https:\/\/territorialchallenges.com\/2018\/01\/13\/le-design-et-linnovation-europeenne-se-sont-ils-exiles-chez-gafa\/1433\/","name":"Le design et l\u2019innovation europ\u00e9enne se sont-ils exil\u00e9s chez GAFA ? - Territorial Challenges","isPartOf":{"@id":"https:\/\/territorialchallenges.com\/#website"},"datePublished":"2018-01-12T23:02:53+00:00","dateModified":"2018-01-12T23:02:53+00:00","breadcrumb":{"@id":"https:\/\/territorialchallenges.com\/2018\/01\/13\/le-design-et-linnovation-europeenne-se-sont-ils-exiles-chez-gafa\/1433\/#breadcrumb"},"inLanguage":"es","potentialAction":[{"@type":"ReadAction","target":["https:\/\/territorialchallenges.com\/2018\/01\/13\/le-design-et-linnovation-europeenne-se-sont-ils-exiles-chez-gafa\/1433\/"]}]},{"@type":"BreadcrumbList","@id":"https:\/\/territorialchallenges.com\/2018\/01\/13\/le-design-et-linnovation-europeenne-se-sont-ils-exiles-chez-gafa\/1433\/#breadcrumb","itemListElement":[{"@type":"ListItem","position":1,"name":"Home","item":"https:\/\/territorialchallenges.com\/"},{"@type":"ListItem","position":2,"name":"Le design et l\u2019innovation europ\u00e9enne se sont-ils exil\u00e9s chez GAFA ?"}]},{"@type":"WebSite","@id":"https:\/\/territorialchallenges.com\/#website","url":"https:\/\/territorialchallenges.com\/","name":"Desaf\u00edos territoriales","description":"Monitoreo Internacional - Estrategias Inteligentes - Mejores Pr\u00e1cticas","publisher":{"@id":"https:\/\/territorialchallenges.com\/#organization"},"potentialAction":[{"@type":"SearchAction","target":{"@type":"EntryPoint","urlTemplate":"https:\/\/territorialchallenges.com\/?s={search_term_string}"},"query-input":"required name=search_term_string"}],"inLanguage":"es"},{"@type":"Organization","@id":"https:\/\/territorialchallenges.com\/#organization","name":"Desaf\u00edos territoriales","url":"https:\/\/territorialchallenges.com\/","logo":{"@type":"ImageObject","inLanguage":"es","@id":"https:\/\/territorialchallenges.com\/#\/schema\/logo\/image\/","url":"https:\/\/territorialchallenges.com\/wp-content\/uploads\/2023\/10\/logo-1.png","contentUrl":"https:\/\/territorialchallenges.com\/wp-content\/uploads\/2023\/10\/logo-1.png","width":1832,"height":576,"caption":"Territorial Challenges"},"image":{"@id":"https:\/\/territorialchallenges.com\/#\/schema\/logo\/image\/"}},{"@type":"Person","@id":"https:\/\/territorialchallenges.com\/#\/schema\/person\/098f145c7c61a021c425e010f840080f","name":"ni.abdi","image":{"@type":"ImageObject","inLanguage":"es","@id":"https:\/\/territorialchallenges.com\/#\/schema\/person\/image\/","url":"https:\/\/secure.gravatar.com\/avatar\/2a2f2491f3c80039986ba989b1e4b510?s=96&d=identicon&r=g","contentUrl":"https:\/\/secure.gravatar.com\/avatar\/2a2f2491f3c80039986ba989b1e4b510?s=96&d=identicon&r=g","caption":"ni.abdi"},"sameAs":["https:\/\/twitter.com\/Ni.abdi"],"url":"https:\/\/territorialchallenges.com\/es\/author\/ni-abdi\/"}]}},"_links":{"self":[{"href":"https:\/\/territorialchallenges.com\/es\/wp-json\/wp\/v2\/posts\/1433"}],"collection":[{"href":"https:\/\/territorialchallenges.com\/es\/wp-json\/wp\/v2\/posts"}],"about":[{"href":"https:\/\/territorialchallenges.com\/es\/wp-json\/wp\/v2\/types\/post"}],"author":[{"embeddable":true,"href":"https:\/\/territorialchallenges.com\/es\/wp-json\/wp\/v2\/users\/11"}],"replies":[{"embeddable":true,"href":"https:\/\/territorialchallenges.com\/es\/wp-json\/wp\/v2\/comments?post=1433"}],"version-history":[{"count":0,"href":"https:\/\/territorialchallenges.com\/es\/wp-json\/wp\/v2\/posts\/1433\/revisions"}],"wp:attachment":[{"href":"https:\/\/territorialchallenges.com\/es\/wp-json\/wp\/v2\/media?parent=1433"}],"wp:term":[{"taxonomy":"category","embeddable":true,"href":"https:\/\/territorialchallenges.com\/es\/wp-json\/wp\/v2\/categories?post=1433"},{"taxonomy":"post_tag","embeddable":true,"href":"https:\/\/territorialchallenges.com\/es\/wp-json\/wp\/v2\/tags?post=1433"}],"curies":[{"name":"gracias","href":"https:\/\/api.w.org\/{rel}","templated":true}]}}