{"id":1431,"date":"2018-01-12T23:46:14","date_gmt":"2018-01-12T22:46:14","guid":{"rendered":"https:\/\/ecoinovatio.com\/?p=1431"},"modified":"2018-01-12T23:46:14","modified_gmt":"2018-01-12T22:46:14","slug":"les-industries-de-lelectrique-et-de-lelectronique-fetent-leur-40-ans-de-mariage","status":"publish","type":"post","link":"https:\/\/territorialchallenges.com\/es\/2018\/01\/12\/les-industries-de-lelectrique-et-de-lelectronique-fetent-leur-40-ans-de-mariage\/1431\/","title":{"rendered":"Las industrias el\u00e9ctrica y electr\u00f3nica celebran su 40 aniversario"},"content":{"rendered":"<p>En medio de la agitaci\u00f3n de las transiciones energ\u00e9tica y digital, el aniversario de la uni\u00f3n de las industrias el\u00e9ctrica y electr\u00f3nica no deja indiferente a nadie. Sobre todo en un momento en el que el futuro de ambos sectores est\u00e1 en juego. Hace 40 a\u00f1os, el 1 de julio de 1975, la Uni\u00f3n General de la Construcci\u00f3n El\u00e9ctrica (SGCE) y la Federaci\u00f3n Nacional de Industrias Electr\u00f3nicas\u2026 <\/p>\n<div class=\"pmpro_content_message\">Art\u00edculo disponible s\u00f3lo para suscriptores.<br \/><a href=\"https:\/\/territorialchallenges.com\/wp-login.php\">Acceso<\/a><br \/><a href=\"https:\/\/territorialchallenges.com\/es\/wp-login.php\/?action=register\">Registro<\/a><\/div>","protected":false},"excerpt":{"rendered":"<p>Dans l\u2019agitation des transitions \u00e9nerg\u00e9tiques et num\u00e9riques, l\u2019anniversaire des \u00e9pousailles des industries \u00e9lectrique et \u00e9lectronique ne peuvent laisser indiff\u00e9rent. Surtout \u00e0 un moment o\u00f9\u00a0 l\u2019avenir des deux fili\u00e8res est en jeu. Il y a 40 ans, le 1er juillet 1975, le Syndicat G\u00e9n\u00e9ral de la Construction Electrique (SGCE) et la F\u00e9d\u00e9ration Nationale des Industries Electroniques... <\/p>\n<div class=\"pmpro_content_message\">Art\u00edculo disponible s\u00f3lo para suscriptores.<br \/><a href=\"https:\/\/territorialchallenges.com\/wp-login.php\">Acceso<\/a><br \/><a href=\"https:\/\/territorialchallenges.com\/es\/wp-login.php\/?action=register\">Registro<\/a><\/div>","protected":false},"author":11,"featured_media":0,"comment_status":"open","ping_status":"open","sticky":true,"template":"","format":"standard","meta":{"pmpro_default_level":0,"footnotes":""},"categories":[123],"tags":[],"blocksy_meta":"","yoast_head":"<!-- This site is optimized with the Yoast SEO plugin v21.5 - https:\/\/yoast.com\/wordpress\/plugins\/seo\/ -->\n<title>Les industries de l\u2019\u00e9lectrique et de l\u2019\u00e9lectronique f\u00eatent leur 40 ans de mariage - Territorial Challenges<\/title>\n<meta name=\"robots\" content=\"index, follow, max-snippet:-1, max-image-preview:large, max-video-preview:-1\" \/>\n<link rel=\"canonical\" href=\"https:\/\/territorialchallenges.com\/es\/2018\/01\/12\/les-industries-de-lelectrique-et-de-lelectronique-fetent-leur-40-ans-de-mariage\/1431\/\" \/>\n<meta property=\"og:locale\" content=\"es_ES\" \/>\n<meta property=\"og:type\" content=\"article\" \/>\n<meta property=\"og:title\" content=\"Les industries de l\u2019\u00e9lectrique et de l\u2019\u00e9lectronique f\u00eatent leur 40 ans de mariage - Territorial Challenges\" \/>\n<meta property=\"og:description\" content=\"Dans l\u2019agitation des transitions \u00e9nerg\u00e9tiques et num\u00e9riques, l\u2019anniversaire des \u00e9pousailles des industries \u00e9lectrique et \u00e9lectronique ne peuvent laisser indiff\u00e9rent. Surtout \u00e0 un moment o\u00f9\u00a0 l\u2019avenir des deux fili\u00e8res est en jeu. Il y a 40 ans, le 1er juillet 1975, le Syndicat G\u00e9n\u00e9ral de la Construction Electrique (SGCE) et la F\u00e9d\u00e9ration Nationale des Industries Electroniques [&hellip;]\" \/>\n<meta property=\"og:url\" content=\"https:\/\/territorialchallenges.com\/es\/2018\/01\/12\/les-industries-de-lelectrique-et-de-lelectronique-fetent-leur-40-ans-de-mariage\/1431\/\" \/>\n<meta property=\"og:site_name\" content=\"Territorial Challenges\" \/>\n<meta property=\"article:published_time\" content=\"2018-01-12T22:46:14+00:00\" \/>\n<meta name=\"author\" content=\"ni.abdi\" \/>\n<meta name=\"twitter:card\" content=\"summary_large_image\" \/>\n<meta name=\"twitter:creator\" content=\"@Ni.abdi\" \/>\n<meta name=\"twitter:label1\" content=\"Escrito por\" \/>\n\t<meta name=\"twitter:data1\" content=\"ni.abdi\" \/>\n\t<meta name=\"twitter:label2\" content=\"Tiempo de lectura\" \/>\n\t<meta name=\"twitter:data2\" content=\"4 minutos\" \/>\n<script type=\"application\/ld+json\" class=\"yoast-schema-graph\">{\"@context\":\"https:\/\/schema.org\",\"@graph\":[{\"@type\":\"Article\",\"@id\":\"https:\/\/territorialchallenges.com\/2018\/01\/12\/les-industries-de-lelectrique-et-de-lelectronique-fetent-leur-40-ans-de-mariage\/1431\/#article\",\"isPartOf\":{\"@id\":\"https:\/\/territorialchallenges.com\/2018\/01\/12\/les-industries-de-lelectrique-et-de-lelectronique-fetent-leur-40-ans-de-mariage\/1431\/\"},\"author\":{\"name\":\"ni.abdi\",\"@id\":\"https:\/\/territorialchallenges.com\/#\/schema\/person\/098f145c7c61a021c425e010f840080f\"},\"headline\":\"Les industries de l\u2019\u00e9lectrique et de l\u2019\u00e9lectronique f\u00eatent leur 40 ans de mariage\",\"datePublished\":\"2018-01-12T22:46:14+00:00\",\"dateModified\":\"2018-01-12T22:46:14+00:00\",\"mainEntityOfPage\":{\"@id\":\"https:\/\/territorialchallenges.com\/2018\/01\/12\/les-industries-de-lelectrique-et-de-lelectronique-fetent-leur-40-ans-de-mariage\/1431\/\"},\"wordCount\":725,\"commentCount\":0,\"publisher\":{\"@id\":\"https:\/\/territorialchallenges.com\/#organization\"},\"articleSection\":[\"Archives - Editos\"],\"inLanguage\":\"es\"},{\"@type\":\"WebPage\",\"@id\":\"https:\/\/territorialchallenges.com\/2018\/01\/12\/les-industries-de-lelectrique-et-de-lelectronique-fetent-leur-40-ans-de-mariage\/1431\/\",\"url\":\"https:\/\/territorialchallenges.com\/2018\/01\/12\/les-industries-de-lelectrique-et-de-lelectronique-fetent-leur-40-ans-de-mariage\/1431\/\",\"name\":\"Les industries de l\u2019\u00e9lectrique et de l\u2019\u00e9lectronique f\u00eatent leur 40 ans de mariage - Territorial Challenges\",\"isPartOf\":{\"@id\":\"https:\/\/territorialchallenges.com\/#website\"},\"datePublished\":\"2018-01-12T22:46:14+00:00\",\"dateModified\":\"2018-01-12T22:46:14+00:00\",\"breadcrumb\":{\"@id\":\"https:\/\/territorialchallenges.com\/2018\/01\/12\/les-industries-de-lelectrique-et-de-lelectronique-fetent-leur-40-ans-de-mariage\/1431\/#breadcrumb\"},\"inLanguage\":\"es\",\"potentialAction\":[{\"@type\":\"ReadAction\",\"target\":[\"https:\/\/territorialchallenges.com\/2018\/01\/12\/les-industries-de-lelectrique-et-de-lelectronique-fetent-leur-40-ans-de-mariage\/1431\/\"]}]},{\"@type\":\"BreadcrumbList\",\"@id\":\"https:\/\/territorialchallenges.com\/2018\/01\/12\/les-industries-de-lelectrique-et-de-lelectronique-fetent-leur-40-ans-de-mariage\/1431\/#breadcrumb\",\"itemListElement\":[{\"@type\":\"ListItem\",\"position\":1,\"name\":\"Home\",\"item\":\"https:\/\/territorialchallenges.com\/\"},{\"@type\":\"ListItem\",\"position\":2,\"name\":\"Les industries de l\u2019\u00e9lectrique et de l\u2019\u00e9lectronique f\u00eatent leur 40 ans de mariage\"}]},{\"@type\":\"WebSite\",\"@id\":\"https:\/\/territorialchallenges.com\/#website\",\"url\":\"https:\/\/territorialchallenges.com\/\",\"name\":\"Territorial Challenges\",\"description\":\"Veille Internationale - Strat\u00e9gie Intelligentes - Bonnes pratiques\",\"publisher\":{\"@id\":\"https:\/\/territorialchallenges.com\/#organization\"},\"potentialAction\":[{\"@type\":\"SearchAction\",\"target\":{\"@type\":\"EntryPoint\",\"urlTemplate\":\"https:\/\/territorialchallenges.com\/?s={search_term_string}\"},\"query-input\":\"required name=search_term_string\"}],\"inLanguage\":\"es\"},{\"@type\":\"Organization\",\"@id\":\"https:\/\/territorialchallenges.com\/#organization\",\"name\":\"Territorial Challenges\",\"url\":\"https:\/\/territorialchallenges.com\/\",\"logo\":{\"@type\":\"ImageObject\",\"inLanguage\":\"es\",\"@id\":\"https:\/\/territorialchallenges.com\/#\/schema\/logo\/image\/\",\"url\":\"https:\/\/territorialchallenges.com\/wp-content\/uploads\/2023\/10\/logo-1.png\",\"contentUrl\":\"https:\/\/territorialchallenges.com\/wp-content\/uploads\/2023\/10\/logo-1.png\",\"width\":1832,\"height\":576,\"caption\":\"Territorial Challenges\"},\"image\":{\"@id\":\"https:\/\/territorialchallenges.com\/#\/schema\/logo\/image\/\"}},{\"@type\":\"Person\",\"@id\":\"https:\/\/territorialchallenges.com\/#\/schema\/person\/098f145c7c61a021c425e010f840080f\",\"name\":\"ni.abdi\",\"image\":{\"@type\":\"ImageObject\",\"inLanguage\":\"es\",\"@id\":\"https:\/\/territorialchallenges.com\/#\/schema\/person\/image\/\",\"url\":\"https:\/\/secure.gravatar.com\/avatar\/2a2f2491f3c80039986ba989b1e4b510?s=96&d=identicon&r=g\",\"contentUrl\":\"https:\/\/secure.gravatar.com\/avatar\/2a2f2491f3c80039986ba989b1e4b510?s=96&d=identicon&r=g\",\"caption\":\"ni.abdi\"},\"sameAs\":[\"https:\/\/twitter.com\/Ni.abdi\"],\"url\":\"https:\/\/territorialchallenges.com\/es\/author\/ni-abdi\/\"}]}<\/script>\n<!-- \/ Yoast SEO plugin. -->","yoast_head_json":{"title":"Les industries de l\u2019\u00e9lectrique et de l\u2019\u00e9lectronique f\u00eatent leur 40 ans de mariage - Territorial Challenges","robots":{"index":"index","follow":"follow","max-snippet":"max-snippet:-1","max-image-preview":"max-image-preview:large","max-video-preview":"max-video-preview:-1"},"canonical":"https:\/\/territorialchallenges.com\/es\/2018\/01\/12\/les-industries-de-lelectrique-et-de-lelectronique-fetent-leur-40-ans-de-mariage\/1431\/","og_locale":"es_ES","og_type":"article","og_title":"Les industries de l\u2019\u00e9lectrique et de l\u2019\u00e9lectronique f\u00eatent leur 40 ans de mariage - Territorial Challenges","og_description":"Dans l\u2019agitation des transitions \u00e9nerg\u00e9tiques et num\u00e9riques, l\u2019anniversaire des \u00e9pousailles des industries \u00e9lectrique et \u00e9lectronique ne peuvent laisser indiff\u00e9rent. Surtout \u00e0 un moment o\u00f9\u00a0 l\u2019avenir des deux fili\u00e8res est en jeu. Il y a 40 ans, le 1er juillet 1975, le Syndicat G\u00e9n\u00e9ral de la Construction Electrique (SGCE) et la F\u00e9d\u00e9ration Nationale des Industries Electroniques [&hellip;]","og_url":"https:\/\/territorialchallenges.com\/es\/2018\/01\/12\/les-industries-de-lelectrique-et-de-lelectronique-fetent-leur-40-ans-de-mariage\/1431\/","og_site_name":"Territorial Challenges","article_published_time":"2018-01-12T22:46:14+00:00","author":"ni.abdi","twitter_card":"summary_large_image","twitter_creator":"@Ni.abdi","twitter_misc":{"Escrito por":"ni.abdi","Tiempo de lectura":"4 minutos"},"schema":{"@context":"https:\/\/schema.org","@graph":[{"@type":"Article","@id":"https:\/\/territorialchallenges.com\/2018\/01\/12\/les-industries-de-lelectrique-et-de-lelectronique-fetent-leur-40-ans-de-mariage\/1431\/#article","isPartOf":{"@id":"https:\/\/territorialchallenges.com\/2018\/01\/12\/les-industries-de-lelectrique-et-de-lelectronique-fetent-leur-40-ans-de-mariage\/1431\/"},"author":{"name":"ni.abdi","@id":"https:\/\/territorialchallenges.com\/#\/schema\/person\/098f145c7c61a021c425e010f840080f"},"headline":"Les industries de l\u2019\u00e9lectrique et de l\u2019\u00e9lectronique f\u00eatent leur 40 ans de mariage","datePublished":"2018-01-12T22:46:14+00:00","dateModified":"2018-01-12T22:46:14+00:00","mainEntityOfPage":{"@id":"https:\/\/territorialchallenges.com\/2018\/01\/12\/les-industries-de-lelectrique-et-de-lelectronique-fetent-leur-40-ans-de-mariage\/1431\/"},"wordCount":725,"commentCount":0,"publisher":{"@id":"https:\/\/territorialchallenges.com\/#organization"},"articleSection":["Archives - Editos"],"inLanguage":"es"},{"@type":"WebPage","@id":"https:\/\/territorialchallenges.com\/2018\/01\/12\/les-industries-de-lelectrique-et-de-lelectronique-fetent-leur-40-ans-de-mariage\/1431\/","url":"https:\/\/territorialchallenges.com\/2018\/01\/12\/les-industries-de-lelectrique-et-de-lelectronique-fetent-leur-40-ans-de-mariage\/1431\/","name":"Les industries de l\u2019\u00e9lectrique et de l\u2019\u00e9lectronique f\u00eatent leur 40 ans de mariage - Territorial Challenges","isPartOf":{"@id":"https:\/\/territorialchallenges.com\/#website"},"datePublished":"2018-01-12T22:46:14+00:00","dateModified":"2018-01-12T22:46:14+00:00","breadcrumb":{"@id":"https:\/\/territorialchallenges.com\/2018\/01\/12\/les-industries-de-lelectrique-et-de-lelectronique-fetent-leur-40-ans-de-mariage\/1431\/#breadcrumb"},"inLanguage":"es","potentialAction":[{"@type":"ReadAction","target":["https:\/\/territorialchallenges.com\/2018\/01\/12\/les-industries-de-lelectrique-et-de-lelectronique-fetent-leur-40-ans-de-mariage\/1431\/"]}]},{"@type":"BreadcrumbList","@id":"https:\/\/territorialchallenges.com\/2018\/01\/12\/les-industries-de-lelectrique-et-de-lelectronique-fetent-leur-40-ans-de-mariage\/1431\/#breadcrumb","itemListElement":[{"@type":"ListItem","position":1,"name":"Home","item":"https:\/\/territorialchallenges.com\/"},{"@type":"ListItem","position":2,"name":"Les industries de l\u2019\u00e9lectrique et de l\u2019\u00e9lectronique f\u00eatent leur 40 ans de mariage"}]},{"@type":"WebSite","@id":"https:\/\/territorialchallenges.com\/#website","url":"https:\/\/territorialchallenges.com\/","name":"Desaf\u00edos territoriales","description":"Monitoreo Internacional - Estrategias Inteligentes - Mejores Pr\u00e1cticas","publisher":{"@id":"https:\/\/territorialchallenges.com\/#organization"},"potentialAction":[{"@type":"SearchAction","target":{"@type":"EntryPoint","urlTemplate":"https:\/\/territorialchallenges.com\/?s={search_term_string}"},"query-input":"required name=search_term_string"}],"inLanguage":"es"},{"@type":"Organization","@id":"https:\/\/territorialchallenges.com\/#organization","name":"Desaf\u00edos territoriales","url":"https:\/\/territorialchallenges.com\/","logo":{"@type":"ImageObject","inLanguage":"es","@id":"https:\/\/territorialchallenges.com\/#\/schema\/logo\/image\/","url":"https:\/\/territorialchallenges.com\/wp-content\/uploads\/2023\/10\/logo-1.png","contentUrl":"https:\/\/territorialchallenges.com\/wp-content\/uploads\/2023\/10\/logo-1.png","width":1832,"height":576,"caption":"Territorial Challenges"},"image":{"@id":"https:\/\/territorialchallenges.com\/#\/schema\/logo\/image\/"}},{"@type":"Person","@id":"https:\/\/territorialchallenges.com\/#\/schema\/person\/098f145c7c61a021c425e010f840080f","name":"ni.abdi","image":{"@type":"ImageObject","inLanguage":"es","@id":"https:\/\/territorialchallenges.com\/#\/schema\/person\/image\/","url":"https:\/\/secure.gravatar.com\/avatar\/2a2f2491f3c80039986ba989b1e4b510?s=96&d=identicon&r=g","contentUrl":"https:\/\/secure.gravatar.com\/avatar\/2a2f2491f3c80039986ba989b1e4b510?s=96&d=identicon&r=g","caption":"ni.abdi"},"sameAs":["https:\/\/twitter.com\/Ni.abdi"],"url":"https:\/\/territorialchallenges.com\/es\/author\/ni-abdi\/"}]}},"_links":{"self":[{"href":"https:\/\/territorialchallenges.com\/es\/wp-json\/wp\/v2\/posts\/1431"}],"collection":[{"href":"https:\/\/territorialchallenges.com\/es\/wp-json\/wp\/v2\/posts"}],"about":[{"href":"https:\/\/territorialchallenges.com\/es\/wp-json\/wp\/v2\/types\/post"}],"author":[{"embeddable":true,"href":"https:\/\/territorialchallenges.com\/es\/wp-json\/wp\/v2\/users\/11"}],"replies":[{"embeddable":true,"href":"https:\/\/territorialchallenges.com\/es\/wp-json\/wp\/v2\/comments?post=1431"}],"version-history":[{"count":0,"href":"https:\/\/territorialchallenges.com\/es\/wp-json\/wp\/v2\/posts\/1431\/revisions"}],"wp:attachment":[{"href":"https:\/\/territorialchallenges.com\/es\/wp-json\/wp\/v2\/media?parent=1431"}],"wp:term":[{"taxonomy":"category","embeddable":true,"href":"https:\/\/territorialchallenges.com\/es\/wp-json\/wp\/v2\/categories?post=1431"},{"taxonomy":"post_tag","embeddable":true,"href":"https:\/\/territorialchallenges.com\/es\/wp-json\/wp\/v2\/tags?post=1431"}],"curies":[{"name":"gracias","href":"https:\/\/api.w.org\/{rel}","templated":true}]}}