{"id":125055,"date":"2026-04-21T14:19:24","date_gmt":"2026-04-21T12:19:24","guid":{"rendered":"https:\/\/territorialchallenges.com\/?p=125055"},"modified":"2026-04-21T14:22:42","modified_gmt":"2026-04-21T12:22:42","slug":"la-qualite-de-vie-en-france-une-mosaique-territoriale-entre-atouts-et-fractures","status":"publish","type":"post","link":"https:\/\/territorialchallenges.com\/es\/2026\/04\/21\/la-qualite-de-vie-en-france-une-mosaique-territoriale-entre-atouts-et-fractures\/125055\/","title":{"rendered":"El trombonoscopio"},"content":{"rendered":"<p><strong><a href=\"https:\/\/www.trombinoscope.com\/\">El trombonoscopio,<\/a> <\/strong>Un directorio profesional del mundo pol\u00edtico que presenta fotos y biograf\u00edas de figuras clave de la vida pol\u00edtica francesa y europea. Es una herramienta de trabajo rica en informaci\u00f3n y reconocida por los responsables pol\u00edticos y econ\u00f3micos, as\u00ed como por los medios de comunicaci\u00f3n. Las personalidades que aparecen en estas obras se presentan en orden protocolario, con funciones y atribuciones precisas.<\/p>\n\n\n\n<p>Riguroso, imparcial y transparente, el equipo editorial del <strong><a href=\"https:\/\/www.trombinoscope.com\/\">Galer\u00eda de fotos<\/a><\/strong> Nos esforzamos por seguir las \u00faltimas elecciones, nominaciones y movimientos para ofrecerle noticias precisas y fiables sobre la vida pol\u00edtica francesa y europea. Nuestra pol\u00edtica editorial: toda la informaci\u00f3n presentada se recopila de la persona o instituci\u00f3n correspondiente.<\/p>","protected":false},"excerpt":{"rendered":"<p>Le Trombinoscope, annuaire professionnel du monde politique,\u00a0pr\u00e9sente en photos et biographies les acteurs de la vie politique fran\u00e7aise et europ\u00e9enne. C\u2019est un outil de travail riche en informations et reconnu par les d\u00e9cideurs politiques et \u00e9conomiques ainsi que par les m\u00e9dias. Les personnalit\u00e9s figurant dans ces ouvrages sont pr\u00e9sent\u00e9es dans l\u2019ordre protocolaire avec fonctions et [&hellip;]<\/p>","protected":false},"author":11,"featured_media":125158,"comment_status":"closed","ping_status":"closed","sticky":true,"template":"","format":"standard","meta":{"pmpro_default_level":0,"footnotes":""},"categories":[229],"tags":[],"blocksy_meta":"","yoast_head":"<!-- This site is optimized with the Yoast SEO plugin v21.5 - https:\/\/yoast.com\/wordpress\/plugins\/seo\/ -->\n<title>Le Trombinoscope - Territorial Challenges<\/title>\n<meta name=\"robots\" content=\"index, follow, max-snippet:-1, max-image-preview:large, max-video-preview:-1\" \/>\n<link rel=\"canonical\" href=\"https:\/\/territorialchallenges.com\/es\/2026\/04\/21\/la-qualite-de-vie-en-france-une-mosaique-territoriale-entre-atouts-et-fractures\/125055\/\" \/>\n<meta property=\"og:locale\" content=\"es_ES\" \/>\n<meta property=\"og:type\" content=\"article\" \/>\n<meta property=\"og:title\" content=\"Le Trombinoscope - Territorial Challenges\" \/>\n<meta property=\"og:description\" content=\"Le Trombinoscope, annuaire professionnel du monde politique,\u00a0pr\u00e9sente en photos et biographies les acteurs de la vie politique fran\u00e7aise et europ\u00e9enne. C\u2019est un outil de travail riche en informations et reconnu par les d\u00e9cideurs politiques et \u00e9conomiques ainsi que par les m\u00e9dias. Les personnalit\u00e9s figurant dans ces ouvrages sont pr\u00e9sent\u00e9es dans l\u2019ordre protocolaire avec fonctions et [&hellip;]\" \/>\n<meta property=\"og:url\" content=\"https:\/\/territorialchallenges.com\/es\/2026\/04\/21\/la-qualite-de-vie-en-france-une-mosaique-territoriale-entre-atouts-et-fractures\/125055\/\" \/>\n<meta property=\"og:site_name\" content=\"Territorial Challenges\" \/>\n<meta property=\"article:published_time\" content=\"2026-04-21T12:19:24+00:00\" \/>\n<meta property=\"article:modified_time\" content=\"2026-04-21T12:22:42+00:00\" \/>\n<meta property=\"og:image\" content=\"https:\/\/territorialchallenges.com\/wp-content\/uploads\/2025\/11\/partenairelogo.jpeg\" \/>\n\t<meta property=\"og:image:width\" content=\"945\" \/>\n\t<meta property=\"og:image:height\" content=\"786\" \/>\n\t<meta property=\"og:image:type\" content=\"image\/jpeg\" \/>\n<meta name=\"author\" content=\"ni.abdi\" \/>\n<meta name=\"twitter:card\" content=\"summary_large_image\" \/>\n<meta name=\"twitter:creator\" content=\"@Ni.abdi\" \/>\n<meta name=\"twitter:label1\" content=\"Escrito por\" \/>\n\t<meta name=\"twitter:data1\" content=\"ni.abdi\" \/>\n\t<meta name=\"twitter:label2\" content=\"Tiempo de lectura\" \/>\n\t<meta name=\"twitter:data2\" content=\"1 minuto\" \/>\n<script type=\"application\/ld+json\" class=\"yoast-schema-graph\">{\"@context\":\"https:\/\/schema.org\",\"@graph\":[{\"@type\":\"Article\",\"@id\":\"https:\/\/territorialchallenges.com\/2026\/04\/21\/la-qualite-de-vie-en-france-une-mosaique-territoriale-entre-atouts-et-fractures\/125055\/#article\",\"isPartOf\":{\"@id\":\"https:\/\/territorialchallenges.com\/2026\/04\/21\/la-qualite-de-vie-en-france-une-mosaique-territoriale-entre-atouts-et-fractures\/125055\/\"},\"author\":{\"name\":\"ni.abdi\",\"@id\":\"https:\/\/territorialchallenges.com\/#\/schema\/person\/098f145c7c61a021c425e010f840080f\"},\"headline\":\"Le Trombinoscope\",\"datePublished\":\"2026-04-21T12:19:24+00:00\",\"dateModified\":\"2026-04-21T12:22:42+00:00\",\"mainEntityOfPage\":{\"@id\":\"https:\/\/territorialchallenges.com\/2026\/04\/21\/la-qualite-de-vie-en-france-une-mosaique-territoriale-entre-atouts-et-fractures\/125055\/\"},\"wordCount\":127,\"publisher\":{\"@id\":\"https:\/\/territorialchallenges.com\/#organization\"},\"articleSection\":[\"Partenaires\"],\"inLanguage\":\"es\"},{\"@type\":\"WebPage\",\"@id\":\"https:\/\/territorialchallenges.com\/2026\/04\/21\/la-qualite-de-vie-en-france-une-mosaique-territoriale-entre-atouts-et-fractures\/125055\/\",\"url\":\"https:\/\/territorialchallenges.com\/2026\/04\/21\/la-qualite-de-vie-en-france-une-mosaique-territoriale-entre-atouts-et-fractures\/125055\/\",\"name\":\"Le Trombinoscope - Territorial Challenges\",\"isPartOf\":{\"@id\":\"https:\/\/territorialchallenges.com\/#website\"},\"datePublished\":\"2026-04-21T12:19:24+00:00\",\"dateModified\":\"2026-04-21T12:22:42+00:00\",\"breadcrumb\":{\"@id\":\"https:\/\/territorialchallenges.com\/2026\/04\/21\/la-qualite-de-vie-en-france-une-mosaique-territoriale-entre-atouts-et-fractures\/125055\/#breadcrumb\"},\"inLanguage\":\"es\",\"potentialAction\":[{\"@type\":\"ReadAction\",\"target\":[\"https:\/\/territorialchallenges.com\/2026\/04\/21\/la-qualite-de-vie-en-france-une-mosaique-territoriale-entre-atouts-et-fractures\/125055\/\"]}]},{\"@type\":\"BreadcrumbList\",\"@id\":\"https:\/\/territorialchallenges.com\/2026\/04\/21\/la-qualite-de-vie-en-france-une-mosaique-territoriale-entre-atouts-et-fractures\/125055\/#breadcrumb\",\"itemListElement\":[{\"@type\":\"ListItem\",\"position\":1,\"name\":\"Home\",\"item\":\"https:\/\/territorialchallenges.com\/\"},{\"@type\":\"ListItem\",\"position\":2,\"name\":\"Le Trombinoscope\"}]},{\"@type\":\"WebSite\",\"@id\":\"https:\/\/territorialchallenges.com\/#website\",\"url\":\"https:\/\/territorialchallenges.com\/\",\"name\":\"Territorial Challenges\",\"description\":\"Veille Internationale - Strat\u00e9gie Intelligentes - Bonnes pratiques\",\"publisher\":{\"@id\":\"https:\/\/territorialchallenges.com\/#organization\"},\"potentialAction\":[{\"@type\":\"SearchAction\",\"target\":{\"@type\":\"EntryPoint\",\"urlTemplate\":\"https:\/\/territorialchallenges.com\/?s={search_term_string}\"},\"query-input\":\"required name=search_term_string\"}],\"inLanguage\":\"es\"},{\"@type\":\"Organization\",\"@id\":\"https:\/\/territorialchallenges.com\/#organization\",\"name\":\"Territorial Challenges\",\"url\":\"https:\/\/territorialchallenges.com\/\",\"logo\":{\"@type\":\"ImageObject\",\"inLanguage\":\"es\",\"@id\":\"https:\/\/territorialchallenges.com\/#\/schema\/logo\/image\/\",\"url\":\"https:\/\/territorialchallenges.com\/wp-content\/uploads\/2023\/10\/logo-1.png\",\"contentUrl\":\"https:\/\/territorialchallenges.com\/wp-content\/uploads\/2023\/10\/logo-1.png\",\"width\":1832,\"height\":576,\"caption\":\"Territorial Challenges\"},\"image\":{\"@id\":\"https:\/\/territorialchallenges.com\/#\/schema\/logo\/image\/\"}},{\"@type\":\"Person\",\"@id\":\"https:\/\/territorialchallenges.com\/#\/schema\/person\/098f145c7c61a021c425e010f840080f\",\"name\":\"ni.abdi\",\"image\":{\"@type\":\"ImageObject\",\"inLanguage\":\"es\",\"@id\":\"https:\/\/territorialchallenges.com\/#\/schema\/person\/image\/\",\"url\":\"https:\/\/secure.gravatar.com\/avatar\/2a2f2491f3c80039986ba989b1e4b510?s=96&d=identicon&r=g\",\"contentUrl\":\"https:\/\/secure.gravatar.com\/avatar\/2a2f2491f3c80039986ba989b1e4b510?s=96&d=identicon&r=g\",\"caption\":\"ni.abdi\"},\"sameAs\":[\"https:\/\/twitter.com\/Ni.abdi\"],\"url\":\"https:\/\/territorialchallenges.com\/es\/author\/ni-abdi\/\"}]}<\/script>\n<!-- \/ Yoast SEO plugin. -->","yoast_head_json":{"title":"Le Trombinoscope - Territorial Challenges","robots":{"index":"index","follow":"follow","max-snippet":"max-snippet:-1","max-image-preview":"max-image-preview:large","max-video-preview":"max-video-preview:-1"},"canonical":"https:\/\/territorialchallenges.com\/es\/2026\/04\/21\/la-qualite-de-vie-en-france-une-mosaique-territoriale-entre-atouts-et-fractures\/125055\/","og_locale":"es_ES","og_type":"article","og_title":"Le Trombinoscope - Territorial Challenges","og_description":"Le Trombinoscope, annuaire professionnel du monde politique,\u00a0pr\u00e9sente en photos et biographies les acteurs de la vie politique fran\u00e7aise et europ\u00e9enne. C\u2019est un outil de travail riche en informations et reconnu par les d\u00e9cideurs politiques et \u00e9conomiques ainsi que par les m\u00e9dias. Les personnalit\u00e9s figurant dans ces ouvrages sont pr\u00e9sent\u00e9es dans l\u2019ordre protocolaire avec fonctions et [&hellip;]","og_url":"https:\/\/territorialchallenges.com\/es\/2026\/04\/21\/la-qualite-de-vie-en-france-une-mosaique-territoriale-entre-atouts-et-fractures\/125055\/","og_site_name":"Territorial Challenges","article_published_time":"2026-04-21T12:19:24+00:00","article_modified_time":"2026-04-21T12:22:42+00:00","og_image":[{"width":945,"height":786,"url":"https:\/\/territorialchallenges.com\/wp-content\/uploads\/2025\/11\/partenairelogo.jpeg","type":"image\/jpeg"}],"author":"ni.abdi","twitter_card":"summary_large_image","twitter_creator":"@Ni.abdi","twitter_misc":{"Escrito por":"ni.abdi","Tiempo de lectura":"1 minuto"},"schema":{"@context":"https:\/\/schema.org","@graph":[{"@type":"Article","@id":"https:\/\/territorialchallenges.com\/2026\/04\/21\/la-qualite-de-vie-en-france-une-mosaique-territoriale-entre-atouts-et-fractures\/125055\/#article","isPartOf":{"@id":"https:\/\/territorialchallenges.com\/2026\/04\/21\/la-qualite-de-vie-en-france-une-mosaique-territoriale-entre-atouts-et-fractures\/125055\/"},"author":{"name":"ni.abdi","@id":"https:\/\/territorialchallenges.com\/#\/schema\/person\/098f145c7c61a021c425e010f840080f"},"headline":"Le Trombinoscope","datePublished":"2026-04-21T12:19:24+00:00","dateModified":"2026-04-21T12:22:42+00:00","mainEntityOfPage":{"@id":"https:\/\/territorialchallenges.com\/2026\/04\/21\/la-qualite-de-vie-en-france-une-mosaique-territoriale-entre-atouts-et-fractures\/125055\/"},"wordCount":127,"publisher":{"@id":"https:\/\/territorialchallenges.com\/#organization"},"articleSection":["Partenaires"],"inLanguage":"es"},{"@type":"WebPage","@id":"https:\/\/territorialchallenges.com\/2026\/04\/21\/la-qualite-de-vie-en-france-une-mosaique-territoriale-entre-atouts-et-fractures\/125055\/","url":"https:\/\/territorialchallenges.com\/2026\/04\/21\/la-qualite-de-vie-en-france-une-mosaique-territoriale-entre-atouts-et-fractures\/125055\/","name":"Le Trombinoscope - Territorial Challenges","isPartOf":{"@id":"https:\/\/territorialchallenges.com\/#website"},"datePublished":"2026-04-21T12:19:24+00:00","dateModified":"2026-04-21T12:22:42+00:00","breadcrumb":{"@id":"https:\/\/territorialchallenges.com\/2026\/04\/21\/la-qualite-de-vie-en-france-une-mosaique-territoriale-entre-atouts-et-fractures\/125055\/#breadcrumb"},"inLanguage":"es","potentialAction":[{"@type":"ReadAction","target":["https:\/\/territorialchallenges.com\/2026\/04\/21\/la-qualite-de-vie-en-france-une-mosaique-territoriale-entre-atouts-et-fractures\/125055\/"]}]},{"@type":"BreadcrumbList","@id":"https:\/\/territorialchallenges.com\/2026\/04\/21\/la-qualite-de-vie-en-france-une-mosaique-territoriale-entre-atouts-et-fractures\/125055\/#breadcrumb","itemListElement":[{"@type":"ListItem","position":1,"name":"Home","item":"https:\/\/territorialchallenges.com\/"},{"@type":"ListItem","position":2,"name":"Le Trombinoscope"}]},{"@type":"WebSite","@id":"https:\/\/territorialchallenges.com\/#website","url":"https:\/\/territorialchallenges.com\/","name":"Desaf\u00edos territoriales","description":"Monitoreo Internacional - Estrategias Inteligentes - Mejores Pr\u00e1cticas","publisher":{"@id":"https:\/\/territorialchallenges.com\/#organization"},"potentialAction":[{"@type":"SearchAction","target":{"@type":"EntryPoint","urlTemplate":"https:\/\/territorialchallenges.com\/?s={search_term_string}"},"query-input":"required name=search_term_string"}],"inLanguage":"es"},{"@type":"Organization","@id":"https:\/\/territorialchallenges.com\/#organization","name":"Desaf\u00edos territoriales","url":"https:\/\/territorialchallenges.com\/","logo":{"@type":"ImageObject","inLanguage":"es","@id":"https:\/\/territorialchallenges.com\/#\/schema\/logo\/image\/","url":"https:\/\/territorialchallenges.com\/wp-content\/uploads\/2023\/10\/logo-1.png","contentUrl":"https:\/\/territorialchallenges.com\/wp-content\/uploads\/2023\/10\/logo-1.png","width":1832,"height":576,"caption":"Territorial Challenges"},"image":{"@id":"https:\/\/territorialchallenges.com\/#\/schema\/logo\/image\/"}},{"@type":"Person","@id":"https:\/\/territorialchallenges.com\/#\/schema\/person\/098f145c7c61a021c425e010f840080f","name":"ni.abdi","image":{"@type":"ImageObject","inLanguage":"es","@id":"https:\/\/territorialchallenges.com\/#\/schema\/person\/image\/","url":"https:\/\/secure.gravatar.com\/avatar\/2a2f2491f3c80039986ba989b1e4b510?s=96&d=identicon&r=g","contentUrl":"https:\/\/secure.gravatar.com\/avatar\/2a2f2491f3c80039986ba989b1e4b510?s=96&d=identicon&r=g","caption":"ni.abdi"},"sameAs":["https:\/\/twitter.com\/Ni.abdi"],"url":"https:\/\/territorialchallenges.com\/es\/author\/ni-abdi\/"}]}},"_links":{"self":[{"href":"https:\/\/territorialchallenges.com\/es\/wp-json\/wp\/v2\/posts\/125055"}],"collection":[{"href":"https:\/\/territorialchallenges.com\/es\/wp-json\/wp\/v2\/posts"}],"about":[{"href":"https:\/\/territorialchallenges.com\/es\/wp-json\/wp\/v2\/types\/post"}],"author":[{"embeddable":true,"href":"https:\/\/territorialchallenges.com\/es\/wp-json\/wp\/v2\/users\/11"}],"replies":[{"embeddable":true,"href":"https:\/\/territorialchallenges.com\/es\/wp-json\/wp\/v2\/comments?post=125055"}],"version-history":[{"count":2,"href":"https:\/\/territorialchallenges.com\/es\/wp-json\/wp\/v2\/posts\/125055\/revisions"}],"predecessor-version":[{"id":125089,"href":"https:\/\/territorialchallenges.com\/es\/wp-json\/wp\/v2\/posts\/125055\/revisions\/125089"}],"wp:featuredmedia":[{"embeddable":true,"href":"https:\/\/territorialchallenges.com\/es\/wp-json\/wp\/v2\/media\/125158"}],"wp:attachment":[{"href":"https:\/\/territorialchallenges.com\/es\/wp-json\/wp\/v2\/media?parent=125055"}],"wp:term":[{"taxonomy":"category","embeddable":true,"href":"https:\/\/territorialchallenges.com\/es\/wp-json\/wp\/v2\/categories?post=125055"},{"taxonomy":"post_tag","embeddable":true,"href":"https:\/\/territorialchallenges.com\/es\/wp-json\/wp\/v2\/tags?post=125055"}],"curies":[{"name":"gracias","href":"https:\/\/api.w.org\/{rel}","templated":true}]}}