{"id":124643,"date":"2025-07-23T11:14:25","date_gmt":"2025-07-23T09:14:25","guid":{"rendered":"https:\/\/territorialchallenges.com\/?p=124643"},"modified":"2025-07-23T11:14:26","modified_gmt":"2025-07-23T09:14:26","slug":"leurope-face-aux-defis-urgents-de-lautonomie-energetique-et-de-lia","status":"publish","type":"post","link":"https:\/\/territorialchallenges.com\/es\/2025\/07\/23\/leurope-face-aux-defis-urgents-de-lautonomie-energetique-et-de-lia\/124643\/","title":{"rendered":"Europa afronta los urgentes retos de la autonom\u00eda energ\u00e9tica y la IA"},"content":{"rendered":"<p>En medio de las crecientes tensiones geopol\u00edticas y la creciente volatilidad del mercado, Europa se encuentra en una encrucijada crucial para su futuro energ\u00e9tico y tecnol\u00f3gico. Un estudio reciente de la DG CONNECT de la Comisi\u00f3n Europea destaca los desaf\u00edos urgentes que enfrenta Europa para lograr la autonom\u00eda energ\u00e9tica y una mayor inteligencia\u2026 <\/p>\n<div class=\"pmpro_content_message\">Art\u00edculo disponible s\u00f3lo para suscriptores.<br \/><a href=\"https:\/\/territorialchallenges.com\/wp-login.php\">Acceso<\/a><br \/><a href=\"https:\/\/territorialchallenges.com\/es\/wp-login.php\/?action=register\">Registro<\/a><\/div>","protected":false},"excerpt":{"rendered":"<p>Dans un contexte marqu\u00e9 par des tensions g\u00e9opolitiques croissantes et une volatilit\u00e9 accrue des march\u00e9s, l&rsquo;Europe se trouve \u00e0 un carrefour crucial pour son avenir \u00e9nerg\u00e9tique et technologique. Une r\u00e9cente \u00e9tude de la DG CONNECT de la Commission europ\u00e9enne met en lumi\u00e8re les d\u00e9fis urgents auxquels l&rsquo;Europe est confront\u00e9e en mati\u00e8re d&rsquo;autonomie \u00e9nerg\u00e9tique et d&rsquo;intelligence... <\/p>\n<div class=\"pmpro_content_message\">Art\u00edculo disponible s\u00f3lo para suscriptores.<br \/><a href=\"https:\/\/territorialchallenges.com\/wp-login.php\">Acceso<\/a><br \/><a href=\"https:\/\/territorialchallenges.com\/es\/wp-login.php\/?action=register\">Registro<\/a><\/div>","protected":false},"author":11,"featured_media":124644,"comment_status":"closed","ping_status":"closed","sticky":true,"template":"","format":"standard","meta":{"pmpro_default_level":0,"footnotes":""},"categories":[18,127],"tags":[],"blocksy_meta":"","yoast_head":"<!-- This site is optimized with the Yoast SEO plugin v21.5 - https:\/\/yoast.com\/wordpress\/plugins\/seo\/ -->\n<title>L&#039;Europe face aux d\u00e9fis urgents de l&#039;autonomie \u00e9nerg\u00e9tique et de l&#039;IA - Territorial Challenges<\/title>\n<meta name=\"robots\" content=\"index, follow, max-snippet:-1, max-image-preview:large, max-video-preview:-1\" \/>\n<link rel=\"canonical\" href=\"https:\/\/territorialchallenges.com\/es\/2025\/07\/23\/leurope-face-aux-defis-urgents-de-lautonomie-energetique-et-de-lia\/124643\/\" \/>\n<meta property=\"og:locale\" content=\"es_ES\" \/>\n<meta property=\"og:type\" content=\"article\" \/>\n<meta property=\"og:title\" content=\"L&#039;Europe face aux d\u00e9fis urgents de l&#039;autonomie \u00e9nerg\u00e9tique et de l&#039;IA - Territorial Challenges\" \/>\n<meta property=\"og:description\" content=\"Dans un contexte marqu\u00e9 par des tensions g\u00e9opolitiques croissantes et une volatilit\u00e9 accrue des march\u00e9s, l&rsquo;Europe se trouve \u00e0 un carrefour crucial pour son avenir \u00e9nerg\u00e9tique et technologique. Une r\u00e9cente \u00e9tude de la DG CONNECT de la Commission europ\u00e9enne met en lumi\u00e8re les d\u00e9fis urgents auxquels l&rsquo;Europe est confront\u00e9e en mati\u00e8re d&rsquo;autonomie \u00e9nerg\u00e9tique et d&rsquo;intelligence [&hellip;]\" \/>\n<meta property=\"og:url\" content=\"https:\/\/territorialchallenges.com\/es\/2025\/07\/23\/leurope-face-aux-defis-urgents-de-lautonomie-energetique-et-de-lia\/124643\/\" \/>\n<meta property=\"og:site_name\" content=\"Territorial Challenges\" \/>\n<meta property=\"article:published_time\" content=\"2025-07-23T09:14:25+00:00\" \/>\n<meta property=\"article:modified_time\" content=\"2025-07-23T09:14:26+00:00\" \/>\n<meta property=\"og:image\" content=\"https:\/\/territorialchallenges.com\/wp-content\/uploads\/2025\/07\/transitionenergetiqueImage-2.jpg\" \/>\n\t<meta property=\"og:image:width\" content=\"1280\" \/>\n\t<meta property=\"og:image:height\" content=\"869\" \/>\n\t<meta property=\"og:image:type\" content=\"image\/jpeg\" \/>\n<meta name=\"author\" content=\"ni.abdi\" \/>\n<meta name=\"twitter:card\" content=\"summary_large_image\" \/>\n<meta name=\"twitter:creator\" content=\"@Ni.abdi\" \/>\n<meta name=\"twitter:label1\" content=\"Escrito por\" \/>\n\t<meta name=\"twitter:data1\" content=\"ni.abdi\" \/>\n\t<meta name=\"twitter:label2\" content=\"Tiempo de lectura\" \/>\n\t<meta name=\"twitter:data2\" content=\"3 minutos\" \/>\n<script type=\"application\/ld+json\" class=\"yoast-schema-graph\">{\"@context\":\"https:\/\/schema.org\",\"@graph\":[{\"@type\":\"Article\",\"@id\":\"https:\/\/territorialchallenges.com\/2025\/07\/23\/leurope-face-aux-defis-urgents-de-lautonomie-energetique-et-de-lia\/124643\/#article\",\"isPartOf\":{\"@id\":\"https:\/\/territorialchallenges.com\/2025\/07\/23\/leurope-face-aux-defis-urgents-de-lautonomie-energetique-et-de-lia\/124643\/\"},\"author\":{\"name\":\"ni.abdi\",\"@id\":\"https:\/\/territorialchallenges.com\/#\/schema\/person\/098f145c7c61a021c425e010f840080f\"},\"headline\":\"L&rsquo;Europe face aux d\u00e9fis urgents de l&rsquo;autonomie \u00e9nerg\u00e9tique et de l&rsquo;IA\",\"datePublished\":\"2025-07-23T09:14:25+00:00\",\"dateModified\":\"2025-07-23T09:14:26+00:00\",\"mainEntityOfPage\":{\"@id\":\"https:\/\/territorialchallenges.com\/2025\/07\/23\/leurope-face-aux-defis-urgents-de-lautonomie-energetique-et-de-lia\/124643\/\"},\"wordCount\":583,\"publisher\":{\"@id\":\"https:\/\/territorialchallenges.com\/#organization\"},\"articleSection\":[\"Transition \u00c9nerg\u00e9tique\",\"Actualit\u00e9 Europe\"],\"inLanguage\":\"es\"},{\"@type\":\"WebPage\",\"@id\":\"https:\/\/territorialchallenges.com\/2025\/07\/23\/leurope-face-aux-defis-urgents-de-lautonomie-energetique-et-de-lia\/124643\/\",\"url\":\"https:\/\/territorialchallenges.com\/2025\/07\/23\/leurope-face-aux-defis-urgents-de-lautonomie-energetique-et-de-lia\/124643\/\",\"name\":\"L'Europe face aux d\u00e9fis urgents de l'autonomie \u00e9nerg\u00e9tique et de l'IA - Territorial Challenges\",\"isPartOf\":{\"@id\":\"https:\/\/territorialchallenges.com\/#website\"},\"datePublished\":\"2025-07-23T09:14:25+00:00\",\"dateModified\":\"2025-07-23T09:14:26+00:00\",\"breadcrumb\":{\"@id\":\"https:\/\/territorialchallenges.com\/2025\/07\/23\/leurope-face-aux-defis-urgents-de-lautonomie-energetique-et-de-lia\/124643\/#breadcrumb\"},\"inLanguage\":\"es\",\"potentialAction\":[{\"@type\":\"ReadAction\",\"target\":[\"https:\/\/territorialchallenges.com\/2025\/07\/23\/leurope-face-aux-defis-urgents-de-lautonomie-energetique-et-de-lia\/124643\/\"]}]},{\"@type\":\"BreadcrumbList\",\"@id\":\"https:\/\/territorialchallenges.com\/2025\/07\/23\/leurope-face-aux-defis-urgents-de-lautonomie-energetique-et-de-lia\/124643\/#breadcrumb\",\"itemListElement\":[{\"@type\":\"ListItem\",\"position\":1,\"name\":\"Home\",\"item\":\"https:\/\/territorialchallenges.com\/\"},{\"@type\":\"ListItem\",\"position\":2,\"name\":\"L&rsquo;Europe face aux d\u00e9fis urgents de l&rsquo;autonomie \u00e9nerg\u00e9tique et de l&rsquo;IA\"}]},{\"@type\":\"WebSite\",\"@id\":\"https:\/\/territorialchallenges.com\/#website\",\"url\":\"https:\/\/territorialchallenges.com\/\",\"name\":\"Territorial Challenges\",\"description\":\"Veille Internationale - Strat\u00e9gie Intelligentes - Bonnes pratiques\",\"publisher\":{\"@id\":\"https:\/\/territorialchallenges.com\/#organization\"},\"potentialAction\":[{\"@type\":\"SearchAction\",\"target\":{\"@type\":\"EntryPoint\",\"urlTemplate\":\"https:\/\/territorialchallenges.com\/?s={search_term_string}\"},\"query-input\":\"required name=search_term_string\"}],\"inLanguage\":\"es\"},{\"@type\":\"Organization\",\"@id\":\"https:\/\/territorialchallenges.com\/#organization\",\"name\":\"Territorial Challenges\",\"url\":\"https:\/\/territorialchallenges.com\/\",\"logo\":{\"@type\":\"ImageObject\",\"inLanguage\":\"es\",\"@id\":\"https:\/\/territorialchallenges.com\/#\/schema\/logo\/image\/\",\"url\":\"https:\/\/territorialchallenges.com\/wp-content\/uploads\/2023\/10\/logo-1.png\",\"contentUrl\":\"https:\/\/territorialchallenges.com\/wp-content\/uploads\/2023\/10\/logo-1.png\",\"width\":1832,\"height\":576,\"caption\":\"Territorial Challenges\"},\"image\":{\"@id\":\"https:\/\/territorialchallenges.com\/#\/schema\/logo\/image\/\"}},{\"@type\":\"Person\",\"@id\":\"https:\/\/territorialchallenges.com\/#\/schema\/person\/098f145c7c61a021c425e010f840080f\",\"name\":\"ni.abdi\",\"image\":{\"@type\":\"ImageObject\",\"inLanguage\":\"es\",\"@id\":\"https:\/\/territorialchallenges.com\/#\/schema\/person\/image\/\",\"url\":\"https:\/\/secure.gravatar.com\/avatar\/2a2f2491f3c80039986ba989b1e4b510?s=96&d=identicon&r=g\",\"contentUrl\":\"https:\/\/secure.gravatar.com\/avatar\/2a2f2491f3c80039986ba989b1e4b510?s=96&d=identicon&r=g\",\"caption\":\"ni.abdi\"},\"sameAs\":[\"https:\/\/twitter.com\/Ni.abdi\"],\"url\":\"https:\/\/territorialchallenges.com\/es\/author\/ni-abdi\/\"}]}<\/script>\n<!-- \/ Yoast SEO plugin. -->","yoast_head_json":{"title":"L'Europe face aux d\u00e9fis urgents de l'autonomie \u00e9nerg\u00e9tique et de l'IA - Territorial Challenges","robots":{"index":"index","follow":"follow","max-snippet":"max-snippet:-1","max-image-preview":"max-image-preview:large","max-video-preview":"max-video-preview:-1"},"canonical":"https:\/\/territorialchallenges.com\/es\/2025\/07\/23\/leurope-face-aux-defis-urgents-de-lautonomie-energetique-et-de-lia\/124643\/","og_locale":"es_ES","og_type":"article","og_title":"L'Europe face aux d\u00e9fis urgents de l'autonomie \u00e9nerg\u00e9tique et de l'IA - Territorial Challenges","og_description":"Dans un contexte marqu\u00e9 par des tensions g\u00e9opolitiques croissantes et une volatilit\u00e9 accrue des march\u00e9s, l&rsquo;Europe se trouve \u00e0 un carrefour crucial pour son avenir \u00e9nerg\u00e9tique et technologique. Une r\u00e9cente \u00e9tude de la DG CONNECT de la Commission europ\u00e9enne met en lumi\u00e8re les d\u00e9fis urgents auxquels l&rsquo;Europe est confront\u00e9e en mati\u00e8re d&rsquo;autonomie \u00e9nerg\u00e9tique et d&rsquo;intelligence [&hellip;]","og_url":"https:\/\/territorialchallenges.com\/es\/2025\/07\/23\/leurope-face-aux-defis-urgents-de-lautonomie-energetique-et-de-lia\/124643\/","og_site_name":"Territorial Challenges","article_published_time":"2025-07-23T09:14:25+00:00","article_modified_time":"2025-07-23T09:14:26+00:00","og_image":[{"width":1280,"height":869,"url":"https:\/\/territorialchallenges.com\/wp-content\/uploads\/2025\/07\/transitionenergetiqueImage-2.jpg","type":"image\/jpeg"}],"author":"ni.abdi","twitter_card":"summary_large_image","twitter_creator":"@Ni.abdi","twitter_misc":{"Escrito por":"ni.abdi","Tiempo de lectura":"3 minutos"},"schema":{"@context":"https:\/\/schema.org","@graph":[{"@type":"Article","@id":"https:\/\/territorialchallenges.com\/2025\/07\/23\/leurope-face-aux-defis-urgents-de-lautonomie-energetique-et-de-lia\/124643\/#article","isPartOf":{"@id":"https:\/\/territorialchallenges.com\/2025\/07\/23\/leurope-face-aux-defis-urgents-de-lautonomie-energetique-et-de-lia\/124643\/"},"author":{"name":"ni.abdi","@id":"https:\/\/territorialchallenges.com\/#\/schema\/person\/098f145c7c61a021c425e010f840080f"},"headline":"L&rsquo;Europe face aux d\u00e9fis urgents de l&rsquo;autonomie \u00e9nerg\u00e9tique et de l&rsquo;IA","datePublished":"2025-07-23T09:14:25+00:00","dateModified":"2025-07-23T09:14:26+00:00","mainEntityOfPage":{"@id":"https:\/\/territorialchallenges.com\/2025\/07\/23\/leurope-face-aux-defis-urgents-de-lautonomie-energetique-et-de-lia\/124643\/"},"wordCount":583,"publisher":{"@id":"https:\/\/territorialchallenges.com\/#organization"},"articleSection":["Transition \u00c9nerg\u00e9tique","Actualit\u00e9 Europe"],"inLanguage":"es"},{"@type":"WebPage","@id":"https:\/\/territorialchallenges.com\/2025\/07\/23\/leurope-face-aux-defis-urgents-de-lautonomie-energetique-et-de-lia\/124643\/","url":"https:\/\/territorialchallenges.com\/2025\/07\/23\/leurope-face-aux-defis-urgents-de-lautonomie-energetique-et-de-lia\/124643\/","name":"L'Europe face aux d\u00e9fis urgents de l'autonomie \u00e9nerg\u00e9tique et de l'IA - Territorial Challenges","isPartOf":{"@id":"https:\/\/territorialchallenges.com\/#website"},"datePublished":"2025-07-23T09:14:25+00:00","dateModified":"2025-07-23T09:14:26+00:00","breadcrumb":{"@id":"https:\/\/territorialchallenges.com\/2025\/07\/23\/leurope-face-aux-defis-urgents-de-lautonomie-energetique-et-de-lia\/124643\/#breadcrumb"},"inLanguage":"es","potentialAction":[{"@type":"ReadAction","target":["https:\/\/territorialchallenges.com\/2025\/07\/23\/leurope-face-aux-defis-urgents-de-lautonomie-energetique-et-de-lia\/124643\/"]}]},{"@type":"BreadcrumbList","@id":"https:\/\/territorialchallenges.com\/2025\/07\/23\/leurope-face-aux-defis-urgents-de-lautonomie-energetique-et-de-lia\/124643\/#breadcrumb","itemListElement":[{"@type":"ListItem","position":1,"name":"Home","item":"https:\/\/territorialchallenges.com\/"},{"@type":"ListItem","position":2,"name":"L&rsquo;Europe face aux d\u00e9fis urgents de l&rsquo;autonomie \u00e9nerg\u00e9tique et de l&rsquo;IA"}]},{"@type":"WebSite","@id":"https:\/\/territorialchallenges.com\/#website","url":"https:\/\/territorialchallenges.com\/","name":"Desaf\u00edos territoriales","description":"Monitoreo Internacional - Estrategias Inteligentes - Mejores Pr\u00e1cticas","publisher":{"@id":"https:\/\/territorialchallenges.com\/#organization"},"potentialAction":[{"@type":"SearchAction","target":{"@type":"EntryPoint","urlTemplate":"https:\/\/territorialchallenges.com\/?s={search_term_string}"},"query-input":"required name=search_term_string"}],"inLanguage":"es"},{"@type":"Organization","@id":"https:\/\/territorialchallenges.com\/#organization","name":"Desaf\u00edos territoriales","url":"https:\/\/territorialchallenges.com\/","logo":{"@type":"ImageObject","inLanguage":"es","@id":"https:\/\/territorialchallenges.com\/#\/schema\/logo\/image\/","url":"https:\/\/territorialchallenges.com\/wp-content\/uploads\/2023\/10\/logo-1.png","contentUrl":"https:\/\/territorialchallenges.com\/wp-content\/uploads\/2023\/10\/logo-1.png","width":1832,"height":576,"caption":"Territorial Challenges"},"image":{"@id":"https:\/\/territorialchallenges.com\/#\/schema\/logo\/image\/"}},{"@type":"Person","@id":"https:\/\/territorialchallenges.com\/#\/schema\/person\/098f145c7c61a021c425e010f840080f","name":"ni.abdi","image":{"@type":"ImageObject","inLanguage":"es","@id":"https:\/\/territorialchallenges.com\/#\/schema\/person\/image\/","url":"https:\/\/secure.gravatar.com\/avatar\/2a2f2491f3c80039986ba989b1e4b510?s=96&d=identicon&r=g","contentUrl":"https:\/\/secure.gravatar.com\/avatar\/2a2f2491f3c80039986ba989b1e4b510?s=96&d=identicon&r=g","caption":"ni.abdi"},"sameAs":["https:\/\/twitter.com\/Ni.abdi"],"url":"https:\/\/territorialchallenges.com\/es\/author\/ni-abdi\/"}]}},"_links":{"self":[{"href":"https:\/\/territorialchallenges.com\/es\/wp-json\/wp\/v2\/posts\/124643"}],"collection":[{"href":"https:\/\/territorialchallenges.com\/es\/wp-json\/wp\/v2\/posts"}],"about":[{"href":"https:\/\/territorialchallenges.com\/es\/wp-json\/wp\/v2\/types\/post"}],"author":[{"embeddable":true,"href":"https:\/\/territorialchallenges.com\/es\/wp-json\/wp\/v2\/users\/11"}],"replies":[{"embeddable":true,"href":"https:\/\/territorialchallenges.com\/es\/wp-json\/wp\/v2\/comments?post=124643"}],"version-history":[{"count":1,"href":"https:\/\/territorialchallenges.com\/es\/wp-json\/wp\/v2\/posts\/124643\/revisions"}],"predecessor-version":[{"id":124645,"href":"https:\/\/territorialchallenges.com\/es\/wp-json\/wp\/v2\/posts\/124643\/revisions\/124645"}],"wp:featuredmedia":[{"embeddable":true,"href":"https:\/\/territorialchallenges.com\/es\/wp-json\/wp\/v2\/media\/124644"}],"wp:attachment":[{"href":"https:\/\/territorialchallenges.com\/es\/wp-json\/wp\/v2\/media?parent=124643"}],"wp:term":[{"taxonomy":"category","embeddable":true,"href":"https:\/\/territorialchallenges.com\/es\/wp-json\/wp\/v2\/categories?post=124643"},{"taxonomy":"post_tag","embeddable":true,"href":"https:\/\/territorialchallenges.com\/es\/wp-json\/wp\/v2\/tags?post=124643"}],"curies":[{"name":"gracias","href":"https:\/\/api.w.org\/{rel}","templated":true}]}}