{"id":124370,"date":"2025-05-15T15:41:31","date_gmt":"2025-05-15T13:41:31","guid":{"rendered":"https:\/\/territorialchallenges.com\/?p=124370"},"modified":"2025-05-15T15:41:31","modified_gmt":"2025-05-15T13:41:31","slug":"ecosse-le-fonds-pour-les-zones-a-faibles-emissions-de-glasgow-un-pas-vers-linclusion-numerique","status":"publish","type":"post","link":"https:\/\/territorialchallenges.com\/es\/2025\/05\/15\/ecosse-le-fonds-pour-les-zones-a-faibles-emissions-de-glasgow-un-pas-vers-linclusion-numerique\/124370\/","title":{"rendered":"Escocia: El Fondo de Zonas de Bajas Emisiones de Glasgow, un paso hacia la inclusi\u00f3n digital"},"content":{"rendered":"<p>En un mundo cada vez m\u00e1s conectado, el acceso a la tecnolog\u00eda se ha convertido en una necesidad. Sin embargo, muchas personas se ven excluidas de esta revoluci\u00f3n digital. En Glasgow, el Fondo para Zonas de Bajas Emisiones (ZBE) aborda este problema apoyando iniciativas como Plugged In, que recicla dispositivos tecnol\u00f3gicos para\u2026 <\/p>\n<div class=\"pmpro_content_message\">Art\u00edculo disponible s\u00f3lo para suscriptores.<br \/><a href=\"https:\/\/territorialchallenges.com\/wp-login.php\">Acceso<\/a><br \/><a href=\"https:\/\/territorialchallenges.com\/es\/wp-login.php\/?action=register\">Registro<\/a><\/div>","protected":false},"excerpt":{"rendered":"<p>Dans un monde de plus en plus connect\u00e9, l&rsquo;acc\u00e8s \u00e0 la technologie est devenu une n\u00e9cessit\u00e9. Pourtant, de nombreuses personnes se retrouvent exclues de cette r\u00e9volution num\u00e9rique. \u00c0 Glasgow, le Fonds pour les zones \u00e0 faibles \u00e9missions (LEZ) s&rsquo;attaque \u00e0 ce probl\u00e8me en soutenant des initiatives comme Plugged In, qui recycle des appareils technologiques pour... <\/p>\n<div class=\"pmpro_content_message\">Art\u00edculo disponible s\u00f3lo para suscriptores.<br \/><a href=\"https:\/\/territorialchallenges.com\/wp-login.php\">Acceso<\/a><br \/><a href=\"https:\/\/territorialchallenges.com\/es\/wp-login.php\/?action=register\">Registro<\/a><\/div>","protected":false},"author":11,"featured_media":124371,"comment_status":"closed","ping_status":"closed","sticky":true,"template":"","format":"standard","meta":{"pmpro_default_level":0,"footnotes":""},"categories":[120,117],"tags":[],"blocksy_meta":"","yoast_head":"<!-- This site is optimized with the Yoast SEO plugin v21.5 - https:\/\/yoast.com\/wordpress\/plugins\/seo\/ -->\n<title>Ecosse: Le Fonds pour les zones \u00e0 faibles \u00e9missions de Glasgow, un pas vers l&#039;inclusion num\u00e9rique - Territorial Challenges<\/title>\n<meta name=\"robots\" content=\"index, follow, max-snippet:-1, max-image-preview:large, max-video-preview:-1\" \/>\n<link rel=\"canonical\" href=\"https:\/\/territorialchallenges.com\/es\/2025\/05\/15\/ecosse-le-fonds-pour-les-zones-a-faibles-emissions-de-glasgow-un-pas-vers-linclusion-numerique\/124370\/\" \/>\n<meta property=\"og:locale\" content=\"es_ES\" \/>\n<meta property=\"og:type\" content=\"article\" \/>\n<meta property=\"og:title\" content=\"Ecosse: Le Fonds pour les zones \u00e0 faibles \u00e9missions de Glasgow, un pas vers l&#039;inclusion num\u00e9rique - Territorial Challenges\" \/>\n<meta property=\"og:description\" content=\"Dans un monde de plus en plus connect\u00e9, l&rsquo;acc\u00e8s \u00e0 la technologie est devenu une n\u00e9cessit\u00e9. Pourtant, de nombreuses personnes se retrouvent exclues de cette r\u00e9volution num\u00e9rique. \u00c0 Glasgow, le Fonds pour les zones \u00e0 faibles \u00e9missions (LEZ) s&rsquo;attaque \u00e0 ce probl\u00e8me en soutenant des initiatives comme Plugged In, qui recycle des appareils technologiques pour [&hellip;]\" \/>\n<meta property=\"og:url\" content=\"https:\/\/territorialchallenges.com\/es\/2025\/05\/15\/ecosse-le-fonds-pour-les-zones-a-faibles-emissions-de-glasgow-un-pas-vers-linclusion-numerique\/124370\/\" \/>\n<meta property=\"og:site_name\" content=\"Territorial Challenges\" \/>\n<meta property=\"article:published_time\" content=\"2025-05-15T13:41:31+00:00\" \/>\n<meta property=\"og:image\" content=\"https:\/\/territorialchallenges.com\/wp-content\/uploads\/2025\/05\/ilsestpassea14.05.25.jpg\" \/>\n\t<meta property=\"og:image:width\" content=\"1280\" \/>\n\t<meta property=\"og:image:height\" content=\"853\" \/>\n\t<meta property=\"og:image:type\" content=\"image\/jpeg\" \/>\n<meta name=\"author\" content=\"ni.abdi\" \/>\n<meta name=\"twitter:card\" content=\"summary_large_image\" \/>\n<meta name=\"twitter:creator\" content=\"@Ni.abdi\" \/>\n<meta name=\"twitter:label1\" content=\"Escrito por\" \/>\n\t<meta name=\"twitter:data1\" content=\"ni.abdi\" \/>\n\t<meta name=\"twitter:label2\" content=\"Tiempo de lectura\" \/>\n\t<meta name=\"twitter:data2\" content=\"3 minutos\" \/>\n<script type=\"application\/ld+json\" class=\"yoast-schema-graph\">{\"@context\":\"https:\/\/schema.org\",\"@graph\":[{\"@type\":\"Article\",\"@id\":\"https:\/\/territorialchallenges.com\/2025\/05\/15\/ecosse-le-fonds-pour-les-zones-a-faibles-emissions-de-glasgow-un-pas-vers-linclusion-numerique\/124370\/#article\",\"isPartOf\":{\"@id\":\"https:\/\/territorialchallenges.com\/2025\/05\/15\/ecosse-le-fonds-pour-les-zones-a-faibles-emissions-de-glasgow-un-pas-vers-linclusion-numerique\/124370\/\"},\"author\":{\"name\":\"ni.abdi\",\"@id\":\"https:\/\/territorialchallenges.com\/#\/schema\/person\/098f145c7c61a021c425e010f840080f\"},\"headline\":\"Ecosse: Le Fonds pour les zones \u00e0 faibles \u00e9missions de Glasgow, un pas vers l&rsquo;inclusion num\u00e9rique\",\"datePublished\":\"2025-05-15T13:41:31+00:00\",\"dateModified\":\"2025-05-15T13:41:31+00:00\",\"mainEntityOfPage\":{\"@id\":\"https:\/\/territorialchallenges.com\/2025\/05\/15\/ecosse-le-fonds-pour-les-zones-a-faibles-emissions-de-glasgow-un-pas-vers-linclusion-numerique\/124370\/\"},\"wordCount\":560,\"publisher\":{\"@id\":\"https:\/\/territorialchallenges.com\/#organization\"},\"articleSection\":[\"Il s'est pass\u00e9 \u00e0\",\"\u00c9cosyst\u00e8me\"],\"inLanguage\":\"es\"},{\"@type\":\"WebPage\",\"@id\":\"https:\/\/territorialchallenges.com\/2025\/05\/15\/ecosse-le-fonds-pour-les-zones-a-faibles-emissions-de-glasgow-un-pas-vers-linclusion-numerique\/124370\/\",\"url\":\"https:\/\/territorialchallenges.com\/2025\/05\/15\/ecosse-le-fonds-pour-les-zones-a-faibles-emissions-de-glasgow-un-pas-vers-linclusion-numerique\/124370\/\",\"name\":\"Ecosse: Le Fonds pour les zones \u00e0 faibles \u00e9missions de Glasgow, un pas vers l'inclusion num\u00e9rique - Territorial Challenges\",\"isPartOf\":{\"@id\":\"https:\/\/territorialchallenges.com\/#website\"},\"datePublished\":\"2025-05-15T13:41:31+00:00\",\"dateModified\":\"2025-05-15T13:41:31+00:00\",\"breadcrumb\":{\"@id\":\"https:\/\/territorialchallenges.com\/2025\/05\/15\/ecosse-le-fonds-pour-les-zones-a-faibles-emissions-de-glasgow-un-pas-vers-linclusion-numerique\/124370\/#breadcrumb\"},\"inLanguage\":\"es\",\"potentialAction\":[{\"@type\":\"ReadAction\",\"target\":[\"https:\/\/territorialchallenges.com\/2025\/05\/15\/ecosse-le-fonds-pour-les-zones-a-faibles-emissions-de-glasgow-un-pas-vers-linclusion-numerique\/124370\/\"]}]},{\"@type\":\"BreadcrumbList\",\"@id\":\"https:\/\/territorialchallenges.com\/2025\/05\/15\/ecosse-le-fonds-pour-les-zones-a-faibles-emissions-de-glasgow-un-pas-vers-linclusion-numerique\/124370\/#breadcrumb\",\"itemListElement\":[{\"@type\":\"ListItem\",\"position\":1,\"name\":\"Home\",\"item\":\"https:\/\/territorialchallenges.com\/\"},{\"@type\":\"ListItem\",\"position\":2,\"name\":\"Ecosse: Le Fonds pour les zones \u00e0 faibles \u00e9missions de Glasgow, un pas vers l&rsquo;inclusion num\u00e9rique\"}]},{\"@type\":\"WebSite\",\"@id\":\"https:\/\/territorialchallenges.com\/#website\",\"url\":\"https:\/\/territorialchallenges.com\/\",\"name\":\"Territorial Challenges\",\"description\":\"Veille Internationale - Strat\u00e9gie Intelligentes - Bonnes pratiques\",\"publisher\":{\"@id\":\"https:\/\/territorialchallenges.com\/#organization\"},\"potentialAction\":[{\"@type\":\"SearchAction\",\"target\":{\"@type\":\"EntryPoint\",\"urlTemplate\":\"https:\/\/territorialchallenges.com\/?s={search_term_string}\"},\"query-input\":\"required name=search_term_string\"}],\"inLanguage\":\"es\"},{\"@type\":\"Organization\",\"@id\":\"https:\/\/territorialchallenges.com\/#organization\",\"name\":\"Territorial Challenges\",\"url\":\"https:\/\/territorialchallenges.com\/\",\"logo\":{\"@type\":\"ImageObject\",\"inLanguage\":\"es\",\"@id\":\"https:\/\/territorialchallenges.com\/#\/schema\/logo\/image\/\",\"url\":\"https:\/\/territorialchallenges.com\/wp-content\/uploads\/2023\/10\/logo-1.png\",\"contentUrl\":\"https:\/\/territorialchallenges.com\/wp-content\/uploads\/2023\/10\/logo-1.png\",\"width\":1832,\"height\":576,\"caption\":\"Territorial Challenges\"},\"image\":{\"@id\":\"https:\/\/territorialchallenges.com\/#\/schema\/logo\/image\/\"}},{\"@type\":\"Person\",\"@id\":\"https:\/\/territorialchallenges.com\/#\/schema\/person\/098f145c7c61a021c425e010f840080f\",\"name\":\"ni.abdi\",\"image\":{\"@type\":\"ImageObject\",\"inLanguage\":\"es\",\"@id\":\"https:\/\/territorialchallenges.com\/#\/schema\/person\/image\/\",\"url\":\"https:\/\/secure.gravatar.com\/avatar\/2a2f2491f3c80039986ba989b1e4b510?s=96&d=identicon&r=g\",\"contentUrl\":\"https:\/\/secure.gravatar.com\/avatar\/2a2f2491f3c80039986ba989b1e4b510?s=96&d=identicon&r=g\",\"caption\":\"ni.abdi\"},\"sameAs\":[\"https:\/\/twitter.com\/Ni.abdi\"],\"url\":\"https:\/\/territorialchallenges.com\/es\/author\/ni-abdi\/\"}]}<\/script>\n<!-- \/ Yoast SEO plugin. -->","yoast_head_json":{"title":"Ecosse: Le Fonds pour les zones \u00e0 faibles \u00e9missions de Glasgow, un pas vers l'inclusion num\u00e9rique - Territorial Challenges","robots":{"index":"index","follow":"follow","max-snippet":"max-snippet:-1","max-image-preview":"max-image-preview:large","max-video-preview":"max-video-preview:-1"},"canonical":"https:\/\/territorialchallenges.com\/es\/2025\/05\/15\/ecosse-le-fonds-pour-les-zones-a-faibles-emissions-de-glasgow-un-pas-vers-linclusion-numerique\/124370\/","og_locale":"es_ES","og_type":"article","og_title":"Ecosse: Le Fonds pour les zones \u00e0 faibles \u00e9missions de Glasgow, un pas vers l'inclusion num\u00e9rique - Territorial Challenges","og_description":"Dans un monde de plus en plus connect\u00e9, l&rsquo;acc\u00e8s \u00e0 la technologie est devenu une n\u00e9cessit\u00e9. Pourtant, de nombreuses personnes se retrouvent exclues de cette r\u00e9volution num\u00e9rique. \u00c0 Glasgow, le Fonds pour les zones \u00e0 faibles \u00e9missions (LEZ) s&rsquo;attaque \u00e0 ce probl\u00e8me en soutenant des initiatives comme Plugged In, qui recycle des appareils technologiques pour [&hellip;]","og_url":"https:\/\/territorialchallenges.com\/es\/2025\/05\/15\/ecosse-le-fonds-pour-les-zones-a-faibles-emissions-de-glasgow-un-pas-vers-linclusion-numerique\/124370\/","og_site_name":"Territorial Challenges","article_published_time":"2025-05-15T13:41:31+00:00","og_image":[{"width":1280,"height":853,"url":"https:\/\/territorialchallenges.com\/wp-content\/uploads\/2025\/05\/ilsestpassea14.05.25.jpg","type":"image\/jpeg"}],"author":"ni.abdi","twitter_card":"summary_large_image","twitter_creator":"@Ni.abdi","twitter_misc":{"Escrito por":"ni.abdi","Tiempo de lectura":"3 minutos"},"schema":{"@context":"https:\/\/schema.org","@graph":[{"@type":"Article","@id":"https:\/\/territorialchallenges.com\/2025\/05\/15\/ecosse-le-fonds-pour-les-zones-a-faibles-emissions-de-glasgow-un-pas-vers-linclusion-numerique\/124370\/#article","isPartOf":{"@id":"https:\/\/territorialchallenges.com\/2025\/05\/15\/ecosse-le-fonds-pour-les-zones-a-faibles-emissions-de-glasgow-un-pas-vers-linclusion-numerique\/124370\/"},"author":{"name":"ni.abdi","@id":"https:\/\/territorialchallenges.com\/#\/schema\/person\/098f145c7c61a021c425e010f840080f"},"headline":"Ecosse: Le Fonds pour les zones \u00e0 faibles \u00e9missions de Glasgow, un pas vers l&rsquo;inclusion num\u00e9rique","datePublished":"2025-05-15T13:41:31+00:00","dateModified":"2025-05-15T13:41:31+00:00","mainEntityOfPage":{"@id":"https:\/\/territorialchallenges.com\/2025\/05\/15\/ecosse-le-fonds-pour-les-zones-a-faibles-emissions-de-glasgow-un-pas-vers-linclusion-numerique\/124370\/"},"wordCount":560,"publisher":{"@id":"https:\/\/territorialchallenges.com\/#organization"},"articleSection":["Il s'est pass\u00e9 \u00e0","\u00c9cosyst\u00e8me"],"inLanguage":"es"},{"@type":"WebPage","@id":"https:\/\/territorialchallenges.com\/2025\/05\/15\/ecosse-le-fonds-pour-les-zones-a-faibles-emissions-de-glasgow-un-pas-vers-linclusion-numerique\/124370\/","url":"https:\/\/territorialchallenges.com\/2025\/05\/15\/ecosse-le-fonds-pour-les-zones-a-faibles-emissions-de-glasgow-un-pas-vers-linclusion-numerique\/124370\/","name":"Ecosse: Le Fonds pour les zones \u00e0 faibles \u00e9missions de Glasgow, un pas vers l'inclusion num\u00e9rique - Territorial Challenges","isPartOf":{"@id":"https:\/\/territorialchallenges.com\/#website"},"datePublished":"2025-05-15T13:41:31+00:00","dateModified":"2025-05-15T13:41:31+00:00","breadcrumb":{"@id":"https:\/\/territorialchallenges.com\/2025\/05\/15\/ecosse-le-fonds-pour-les-zones-a-faibles-emissions-de-glasgow-un-pas-vers-linclusion-numerique\/124370\/#breadcrumb"},"inLanguage":"es","potentialAction":[{"@type":"ReadAction","target":["https:\/\/territorialchallenges.com\/2025\/05\/15\/ecosse-le-fonds-pour-les-zones-a-faibles-emissions-de-glasgow-un-pas-vers-linclusion-numerique\/124370\/"]}]},{"@type":"BreadcrumbList","@id":"https:\/\/territorialchallenges.com\/2025\/05\/15\/ecosse-le-fonds-pour-les-zones-a-faibles-emissions-de-glasgow-un-pas-vers-linclusion-numerique\/124370\/#breadcrumb","itemListElement":[{"@type":"ListItem","position":1,"name":"Home","item":"https:\/\/territorialchallenges.com\/"},{"@type":"ListItem","position":2,"name":"Ecosse: Le Fonds pour les zones \u00e0 faibles \u00e9missions de Glasgow, un pas vers l&rsquo;inclusion num\u00e9rique"}]},{"@type":"WebSite","@id":"https:\/\/territorialchallenges.com\/#website","url":"https:\/\/territorialchallenges.com\/","name":"Desaf\u00edos territoriales","description":"Monitoreo Internacional - Estrategias Inteligentes - Mejores Pr\u00e1cticas","publisher":{"@id":"https:\/\/territorialchallenges.com\/#organization"},"potentialAction":[{"@type":"SearchAction","target":{"@type":"EntryPoint","urlTemplate":"https:\/\/territorialchallenges.com\/?s={search_term_string}"},"query-input":"required name=search_term_string"}],"inLanguage":"es"},{"@type":"Organization","@id":"https:\/\/territorialchallenges.com\/#organization","name":"Desaf\u00edos territoriales","url":"https:\/\/territorialchallenges.com\/","logo":{"@type":"ImageObject","inLanguage":"es","@id":"https:\/\/territorialchallenges.com\/#\/schema\/logo\/image\/","url":"https:\/\/territorialchallenges.com\/wp-content\/uploads\/2023\/10\/logo-1.png","contentUrl":"https:\/\/territorialchallenges.com\/wp-content\/uploads\/2023\/10\/logo-1.png","width":1832,"height":576,"caption":"Territorial Challenges"},"image":{"@id":"https:\/\/territorialchallenges.com\/#\/schema\/logo\/image\/"}},{"@type":"Person","@id":"https:\/\/territorialchallenges.com\/#\/schema\/person\/098f145c7c61a021c425e010f840080f","name":"ni.abdi","image":{"@type":"ImageObject","inLanguage":"es","@id":"https:\/\/territorialchallenges.com\/#\/schema\/person\/image\/","url":"https:\/\/secure.gravatar.com\/avatar\/2a2f2491f3c80039986ba989b1e4b510?s=96&d=identicon&r=g","contentUrl":"https:\/\/secure.gravatar.com\/avatar\/2a2f2491f3c80039986ba989b1e4b510?s=96&d=identicon&r=g","caption":"ni.abdi"},"sameAs":["https:\/\/twitter.com\/Ni.abdi"],"url":"https:\/\/territorialchallenges.com\/es\/author\/ni-abdi\/"}]}},"_links":{"self":[{"href":"https:\/\/territorialchallenges.com\/es\/wp-json\/wp\/v2\/posts\/124370"}],"collection":[{"href":"https:\/\/territorialchallenges.com\/es\/wp-json\/wp\/v2\/posts"}],"about":[{"href":"https:\/\/territorialchallenges.com\/es\/wp-json\/wp\/v2\/types\/post"}],"author":[{"embeddable":true,"href":"https:\/\/territorialchallenges.com\/es\/wp-json\/wp\/v2\/users\/11"}],"replies":[{"embeddable":true,"href":"https:\/\/territorialchallenges.com\/es\/wp-json\/wp\/v2\/comments?post=124370"}],"version-history":[{"count":1,"href":"https:\/\/territorialchallenges.com\/es\/wp-json\/wp\/v2\/posts\/124370\/revisions"}],"predecessor-version":[{"id":124372,"href":"https:\/\/territorialchallenges.com\/es\/wp-json\/wp\/v2\/posts\/124370\/revisions\/124372"}],"wp:featuredmedia":[{"embeddable":true,"href":"https:\/\/territorialchallenges.com\/es\/wp-json\/wp\/v2\/media\/124371"}],"wp:attachment":[{"href":"https:\/\/territorialchallenges.com\/es\/wp-json\/wp\/v2\/media?parent=124370"}],"wp:term":[{"taxonomy":"category","embeddable":true,"href":"https:\/\/territorialchallenges.com\/es\/wp-json\/wp\/v2\/categories?post=124370"},{"taxonomy":"post_tag","embeddable":true,"href":"https:\/\/territorialchallenges.com\/es\/wp-json\/wp\/v2\/tags?post=124370"}],"curies":[{"name":"gracias","href":"https:\/\/api.w.org\/{rel}","templated":true}]}}