{"id":124294,"date":"2025-04-24T21:47:16","date_gmt":"2025-04-24T19:47:16","guid":{"rendered":"https:\/\/territorialchallenges.com\/?p=124294"},"modified":"2025-04-24T21:47:18","modified_gmt":"2025-04-24T19:47:18","slug":"la-chine-devoile-son-futur-modele-de-ville-intelligente-a-lexposition-universelle-2025","status":"publish","type":"post","link":"https:\/\/territorialchallenges.com\/es\/2025\/04\/24\/la-chine-devoile-son-futur-modele-de-ville-intelligente-a-lexposition-universelle-2025\/124294\/","title":{"rendered":"China presenta su futuro modelo de ciudad inteligente en la Expo 2025"},"content":{"rendered":"<p>El CEEC presenta en Osaka su visi\u00f3n para una urbanizaci\u00f3n sostenible y conectada, integrando ocho redes esenciales para ciudades habitables y resilientes. La Expo 2025, celebrada en Osaka bajo el lema &quot;Dise\u00f1ando la sociedad del ma\u00f1ana para nuestras vidas&quot;, ofrece una oportunidad para que m\u00e1s de 150 pa\u00edses, regiones y organizaciones internacionales\u2026 <\/p>\n<div class=\"pmpro_content_message\">Art\u00edculo disponible s\u00f3lo para suscriptores.<br \/><a href=\"https:\/\/territorialchallenges.com\/wp-login.php\">Acceso<\/a><br \/><a href=\"https:\/\/territorialchallenges.com\/es\/wp-login.php\/?action=register\">Registro<\/a><\/div>","protected":false},"excerpt":{"rendered":"<p>Le CEEC pr\u00e9sente \u00e0 Osaka sa vision d&rsquo;une urbanisation durable et connect\u00e9e, int\u00e9grant huit r\u00e9seaux essentiels pour des villes vivables et r\u00e9silientes. L\u2019Exposition universelle 2025, qui se tient \u00e0 Osaka sous le th\u00e8me \u00ab Concevoir la soci\u00e9t\u00e9 de demain pour nos vies \u00bb, est l\u2019occasion pour plus de 150 pays, r\u00e9gions et organisations internationales de... <\/p>\n<div class=\"pmpro_content_message\">Art\u00edculo disponible s\u00f3lo para suscriptores.<br \/><a href=\"https:\/\/territorialchallenges.com\/wp-login.php\">Acceso<\/a><br \/><a href=\"https:\/\/territorialchallenges.com\/es\/wp-login.php\/?action=register\">Registro<\/a><\/div>","protected":false},"author":11,"featured_media":124295,"comment_status":"closed","ping_status":"closed","sticky":true,"template":"","format":"standard","meta":{"pmpro_default_level":0,"footnotes":""},"categories":[19,124],"tags":[],"blocksy_meta":"","yoast_head":"<!-- This site is optimized with the Yoast SEO plugin v21.5 - https:\/\/yoast.com\/wordpress\/plugins\/seo\/ -->\n<title>La Chine d\u00e9voile son futur mod\u00e8le de ville intelligente \u00e0 l\u2019Exposition universelle 2025 - Territorial Challenges<\/title>\n<meta name=\"robots\" content=\"index, follow, max-snippet:-1, max-image-preview:large, max-video-preview:-1\" \/>\n<link rel=\"canonical\" href=\"https:\/\/territorialchallenges.com\/es\/2025\/04\/24\/la-chine-devoile-son-futur-modele-de-ville-intelligente-a-lexposition-universelle-2025\/124294\/\" \/>\n<meta property=\"og:locale\" content=\"es_ES\" \/>\n<meta property=\"og:type\" content=\"article\" \/>\n<meta property=\"og:title\" content=\"La Chine d\u00e9voile son futur mod\u00e8le de ville intelligente \u00e0 l\u2019Exposition universelle 2025 - Territorial Challenges\" \/>\n<meta property=\"og:description\" content=\"Le CEEC pr\u00e9sente \u00e0 Osaka sa vision d&rsquo;une urbanisation durable et connect\u00e9e, int\u00e9grant huit r\u00e9seaux essentiels pour des villes vivables et r\u00e9silientes. L\u2019Exposition universelle 2025, qui se tient \u00e0 Osaka sous le th\u00e8me \u00ab Concevoir la soci\u00e9t\u00e9 de demain pour nos vies \u00bb, est l\u2019occasion pour plus de 150 pays, r\u00e9gions et organisations internationales de [&hellip;]\" \/>\n<meta property=\"og:url\" content=\"https:\/\/territorialchallenges.com\/es\/2025\/04\/24\/la-chine-devoile-son-futur-modele-de-ville-intelligente-a-lexposition-universelle-2025\/124294\/\" \/>\n<meta property=\"og:site_name\" content=\"Territorial Challenges\" \/>\n<meta property=\"article:published_time\" content=\"2025-04-24T19:47:16+00:00\" \/>\n<meta property=\"article:modified_time\" content=\"2025-04-24T19:47:18+00:00\" \/>\n<meta property=\"og:image\" content=\"https:\/\/territorialchallenges.com\/wp-content\/uploads\/2025\/04\/territoiresintelligents22.04.25.Image_.jpeg\" \/>\n\t<meta property=\"og:image:width\" content=\"600\" \/>\n\t<meta property=\"og:image:height\" content=\"450\" \/>\n\t<meta property=\"og:image:type\" content=\"image\/jpeg\" \/>\n<meta name=\"author\" content=\"ni.abdi\" \/>\n<meta name=\"twitter:card\" content=\"summary_large_image\" \/>\n<meta name=\"twitter:creator\" content=\"@Ni.abdi\" \/>\n<meta name=\"twitter:label1\" content=\"Escrito por\" \/>\n\t<meta name=\"twitter:data1\" content=\"ni.abdi\" \/>\n\t<meta name=\"twitter:label2\" content=\"Tiempo de lectura\" \/>\n\t<meta name=\"twitter:data2\" content=\"4 minutos\" \/>\n<script type=\"application\/ld+json\" class=\"yoast-schema-graph\">{\"@context\":\"https:\/\/schema.org\",\"@graph\":[{\"@type\":\"Article\",\"@id\":\"https:\/\/territorialchallenges.com\/2025\/04\/24\/la-chine-devoile-son-futur-modele-de-ville-intelligente-a-lexposition-universelle-2025\/124294\/#article\",\"isPartOf\":{\"@id\":\"https:\/\/territorialchallenges.com\/2025\/04\/24\/la-chine-devoile-son-futur-modele-de-ville-intelligente-a-lexposition-universelle-2025\/124294\/\"},\"author\":{\"name\":\"ni.abdi\",\"@id\":\"https:\/\/territorialchallenges.com\/#\/schema\/person\/098f145c7c61a021c425e010f840080f\"},\"headline\":\"La Chine d\u00e9voile son futur mod\u00e8le de ville intelligente \u00e0 l\u2019Exposition universelle 2025\",\"datePublished\":\"2025-04-24T19:47:16+00:00\",\"dateModified\":\"2025-04-24T19:47:18+00:00\",\"mainEntityOfPage\":{\"@id\":\"https:\/\/territorialchallenges.com\/2025\/04\/24\/la-chine-devoile-son-futur-modele-de-ville-intelligente-a-lexposition-universelle-2025\/124294\/\"},\"wordCount\":741,\"publisher\":{\"@id\":\"https:\/\/territorialchallenges.com\/#organization\"},\"articleSection\":[\"Territoires Intelligents\",\"Actualit\u00e9 internationale\"],\"inLanguage\":\"es\"},{\"@type\":\"WebPage\",\"@id\":\"https:\/\/territorialchallenges.com\/2025\/04\/24\/la-chine-devoile-son-futur-modele-de-ville-intelligente-a-lexposition-universelle-2025\/124294\/\",\"url\":\"https:\/\/territorialchallenges.com\/2025\/04\/24\/la-chine-devoile-son-futur-modele-de-ville-intelligente-a-lexposition-universelle-2025\/124294\/\",\"name\":\"La Chine d\u00e9voile son futur mod\u00e8le de ville intelligente \u00e0 l\u2019Exposition universelle 2025 - Territorial Challenges\",\"isPartOf\":{\"@id\":\"https:\/\/territorialchallenges.com\/#website\"},\"datePublished\":\"2025-04-24T19:47:16+00:00\",\"dateModified\":\"2025-04-24T19:47:18+00:00\",\"breadcrumb\":{\"@id\":\"https:\/\/territorialchallenges.com\/2025\/04\/24\/la-chine-devoile-son-futur-modele-de-ville-intelligente-a-lexposition-universelle-2025\/124294\/#breadcrumb\"},\"inLanguage\":\"es\",\"potentialAction\":[{\"@type\":\"ReadAction\",\"target\":[\"https:\/\/territorialchallenges.com\/2025\/04\/24\/la-chine-devoile-son-futur-modele-de-ville-intelligente-a-lexposition-universelle-2025\/124294\/\"]}]},{\"@type\":\"BreadcrumbList\",\"@id\":\"https:\/\/territorialchallenges.com\/2025\/04\/24\/la-chine-devoile-son-futur-modele-de-ville-intelligente-a-lexposition-universelle-2025\/124294\/#breadcrumb\",\"itemListElement\":[{\"@type\":\"ListItem\",\"position\":1,\"name\":\"Home\",\"item\":\"https:\/\/territorialchallenges.com\/\"},{\"@type\":\"ListItem\",\"position\":2,\"name\":\"La Chine d\u00e9voile son futur mod\u00e8le de ville intelligente \u00e0 l\u2019Exposition universelle 2025\"}]},{\"@type\":\"WebSite\",\"@id\":\"https:\/\/territorialchallenges.com\/#website\",\"url\":\"https:\/\/territorialchallenges.com\/\",\"name\":\"Territorial Challenges\",\"description\":\"Veille Internationale - Strat\u00e9gie Intelligentes - Bonnes pratiques\",\"publisher\":{\"@id\":\"https:\/\/territorialchallenges.com\/#organization\"},\"potentialAction\":[{\"@type\":\"SearchAction\",\"target\":{\"@type\":\"EntryPoint\",\"urlTemplate\":\"https:\/\/territorialchallenges.com\/?s={search_term_string}\"},\"query-input\":\"required name=search_term_string\"}],\"inLanguage\":\"es\"},{\"@type\":\"Organization\",\"@id\":\"https:\/\/territorialchallenges.com\/#organization\",\"name\":\"Territorial Challenges\",\"url\":\"https:\/\/territorialchallenges.com\/\",\"logo\":{\"@type\":\"ImageObject\",\"inLanguage\":\"es\",\"@id\":\"https:\/\/territorialchallenges.com\/#\/schema\/logo\/image\/\",\"url\":\"https:\/\/territorialchallenges.com\/wp-content\/uploads\/2023\/10\/logo-1.png\",\"contentUrl\":\"https:\/\/territorialchallenges.com\/wp-content\/uploads\/2023\/10\/logo-1.png\",\"width\":1832,\"height\":576,\"caption\":\"Territorial Challenges\"},\"image\":{\"@id\":\"https:\/\/territorialchallenges.com\/#\/schema\/logo\/image\/\"}},{\"@type\":\"Person\",\"@id\":\"https:\/\/territorialchallenges.com\/#\/schema\/person\/098f145c7c61a021c425e010f840080f\",\"name\":\"ni.abdi\",\"image\":{\"@type\":\"ImageObject\",\"inLanguage\":\"es\",\"@id\":\"https:\/\/territorialchallenges.com\/#\/schema\/person\/image\/\",\"url\":\"https:\/\/secure.gravatar.com\/avatar\/2a2f2491f3c80039986ba989b1e4b510?s=96&d=identicon&r=g\",\"contentUrl\":\"https:\/\/secure.gravatar.com\/avatar\/2a2f2491f3c80039986ba989b1e4b510?s=96&d=identicon&r=g\",\"caption\":\"ni.abdi\"},\"sameAs\":[\"https:\/\/twitter.com\/Ni.abdi\"],\"url\":\"https:\/\/territorialchallenges.com\/es\/author\/ni-abdi\/\"}]}<\/script>\n<!-- \/ Yoast SEO plugin. -->","yoast_head_json":{"title":"La Chine d\u00e9voile son futur mod\u00e8le de ville intelligente \u00e0 l\u2019Exposition universelle 2025 - Territorial Challenges","robots":{"index":"index","follow":"follow","max-snippet":"max-snippet:-1","max-image-preview":"max-image-preview:large","max-video-preview":"max-video-preview:-1"},"canonical":"https:\/\/territorialchallenges.com\/es\/2025\/04\/24\/la-chine-devoile-son-futur-modele-de-ville-intelligente-a-lexposition-universelle-2025\/124294\/","og_locale":"es_ES","og_type":"article","og_title":"La Chine d\u00e9voile son futur mod\u00e8le de ville intelligente \u00e0 l\u2019Exposition universelle 2025 - Territorial Challenges","og_description":"Le CEEC pr\u00e9sente \u00e0 Osaka sa vision d&rsquo;une urbanisation durable et connect\u00e9e, int\u00e9grant huit r\u00e9seaux essentiels pour des villes vivables et r\u00e9silientes. L\u2019Exposition universelle 2025, qui se tient \u00e0 Osaka sous le th\u00e8me \u00ab Concevoir la soci\u00e9t\u00e9 de demain pour nos vies \u00bb, est l\u2019occasion pour plus de 150 pays, r\u00e9gions et organisations internationales de [&hellip;]","og_url":"https:\/\/territorialchallenges.com\/es\/2025\/04\/24\/la-chine-devoile-son-futur-modele-de-ville-intelligente-a-lexposition-universelle-2025\/124294\/","og_site_name":"Territorial Challenges","article_published_time":"2025-04-24T19:47:16+00:00","article_modified_time":"2025-04-24T19:47:18+00:00","og_image":[{"width":600,"height":450,"url":"https:\/\/territorialchallenges.com\/wp-content\/uploads\/2025\/04\/territoiresintelligents22.04.25.Image_.jpeg","type":"image\/jpeg"}],"author":"ni.abdi","twitter_card":"summary_large_image","twitter_creator":"@Ni.abdi","twitter_misc":{"Escrito por":"ni.abdi","Tiempo de lectura":"4 minutos"},"schema":{"@context":"https:\/\/schema.org","@graph":[{"@type":"Article","@id":"https:\/\/territorialchallenges.com\/2025\/04\/24\/la-chine-devoile-son-futur-modele-de-ville-intelligente-a-lexposition-universelle-2025\/124294\/#article","isPartOf":{"@id":"https:\/\/territorialchallenges.com\/2025\/04\/24\/la-chine-devoile-son-futur-modele-de-ville-intelligente-a-lexposition-universelle-2025\/124294\/"},"author":{"name":"ni.abdi","@id":"https:\/\/territorialchallenges.com\/#\/schema\/person\/098f145c7c61a021c425e010f840080f"},"headline":"La Chine d\u00e9voile son futur mod\u00e8le de ville intelligente \u00e0 l\u2019Exposition universelle 2025","datePublished":"2025-04-24T19:47:16+00:00","dateModified":"2025-04-24T19:47:18+00:00","mainEntityOfPage":{"@id":"https:\/\/territorialchallenges.com\/2025\/04\/24\/la-chine-devoile-son-futur-modele-de-ville-intelligente-a-lexposition-universelle-2025\/124294\/"},"wordCount":741,"publisher":{"@id":"https:\/\/territorialchallenges.com\/#organization"},"articleSection":["Territoires Intelligents","Actualit\u00e9 internationale"],"inLanguage":"es"},{"@type":"WebPage","@id":"https:\/\/territorialchallenges.com\/2025\/04\/24\/la-chine-devoile-son-futur-modele-de-ville-intelligente-a-lexposition-universelle-2025\/124294\/","url":"https:\/\/territorialchallenges.com\/2025\/04\/24\/la-chine-devoile-son-futur-modele-de-ville-intelligente-a-lexposition-universelle-2025\/124294\/","name":"La Chine d\u00e9voile son futur mod\u00e8le de ville intelligente \u00e0 l\u2019Exposition universelle 2025 - Territorial Challenges","isPartOf":{"@id":"https:\/\/territorialchallenges.com\/#website"},"datePublished":"2025-04-24T19:47:16+00:00","dateModified":"2025-04-24T19:47:18+00:00","breadcrumb":{"@id":"https:\/\/territorialchallenges.com\/2025\/04\/24\/la-chine-devoile-son-futur-modele-de-ville-intelligente-a-lexposition-universelle-2025\/124294\/#breadcrumb"},"inLanguage":"es","potentialAction":[{"@type":"ReadAction","target":["https:\/\/territorialchallenges.com\/2025\/04\/24\/la-chine-devoile-son-futur-modele-de-ville-intelligente-a-lexposition-universelle-2025\/124294\/"]}]},{"@type":"BreadcrumbList","@id":"https:\/\/territorialchallenges.com\/2025\/04\/24\/la-chine-devoile-son-futur-modele-de-ville-intelligente-a-lexposition-universelle-2025\/124294\/#breadcrumb","itemListElement":[{"@type":"ListItem","position":1,"name":"Home","item":"https:\/\/territorialchallenges.com\/"},{"@type":"ListItem","position":2,"name":"La Chine d\u00e9voile son futur mod\u00e8le de ville intelligente \u00e0 l\u2019Exposition universelle 2025"}]},{"@type":"WebSite","@id":"https:\/\/territorialchallenges.com\/#website","url":"https:\/\/territorialchallenges.com\/","name":"Desaf\u00edos territoriales","description":"Monitoreo Internacional - Estrategias Inteligentes - Mejores Pr\u00e1cticas","publisher":{"@id":"https:\/\/territorialchallenges.com\/#organization"},"potentialAction":[{"@type":"SearchAction","target":{"@type":"EntryPoint","urlTemplate":"https:\/\/territorialchallenges.com\/?s={search_term_string}"},"query-input":"required name=search_term_string"}],"inLanguage":"es"},{"@type":"Organization","@id":"https:\/\/territorialchallenges.com\/#organization","name":"Desaf\u00edos territoriales","url":"https:\/\/territorialchallenges.com\/","logo":{"@type":"ImageObject","inLanguage":"es","@id":"https:\/\/territorialchallenges.com\/#\/schema\/logo\/image\/","url":"https:\/\/territorialchallenges.com\/wp-content\/uploads\/2023\/10\/logo-1.png","contentUrl":"https:\/\/territorialchallenges.com\/wp-content\/uploads\/2023\/10\/logo-1.png","width":1832,"height":576,"caption":"Territorial Challenges"},"image":{"@id":"https:\/\/territorialchallenges.com\/#\/schema\/logo\/image\/"}},{"@type":"Person","@id":"https:\/\/territorialchallenges.com\/#\/schema\/person\/098f145c7c61a021c425e010f840080f","name":"ni.abdi","image":{"@type":"ImageObject","inLanguage":"es","@id":"https:\/\/territorialchallenges.com\/#\/schema\/person\/image\/","url":"https:\/\/secure.gravatar.com\/avatar\/2a2f2491f3c80039986ba989b1e4b510?s=96&d=identicon&r=g","contentUrl":"https:\/\/secure.gravatar.com\/avatar\/2a2f2491f3c80039986ba989b1e4b510?s=96&d=identicon&r=g","caption":"ni.abdi"},"sameAs":["https:\/\/twitter.com\/Ni.abdi"],"url":"https:\/\/territorialchallenges.com\/es\/author\/ni-abdi\/"}]}},"_links":{"self":[{"href":"https:\/\/territorialchallenges.com\/es\/wp-json\/wp\/v2\/posts\/124294"}],"collection":[{"href":"https:\/\/territorialchallenges.com\/es\/wp-json\/wp\/v2\/posts"}],"about":[{"href":"https:\/\/territorialchallenges.com\/es\/wp-json\/wp\/v2\/types\/post"}],"author":[{"embeddable":true,"href":"https:\/\/territorialchallenges.com\/es\/wp-json\/wp\/v2\/users\/11"}],"replies":[{"embeddable":true,"href":"https:\/\/territorialchallenges.com\/es\/wp-json\/wp\/v2\/comments?post=124294"}],"version-history":[{"count":1,"href":"https:\/\/territorialchallenges.com\/es\/wp-json\/wp\/v2\/posts\/124294\/revisions"}],"predecessor-version":[{"id":124296,"href":"https:\/\/territorialchallenges.com\/es\/wp-json\/wp\/v2\/posts\/124294\/revisions\/124296"}],"wp:featuredmedia":[{"embeddable":true,"href":"https:\/\/territorialchallenges.com\/es\/wp-json\/wp\/v2\/media\/124295"}],"wp:attachment":[{"href":"https:\/\/territorialchallenges.com\/es\/wp-json\/wp\/v2\/media?parent=124294"}],"wp:term":[{"taxonomy":"category","embeddable":true,"href":"https:\/\/territorialchallenges.com\/es\/wp-json\/wp\/v2\/categories?post=124294"},{"taxonomy":"post_tag","embeddable":true,"href":"https:\/\/territorialchallenges.com\/es\/wp-json\/wp\/v2\/tags?post=124294"}],"curies":[{"name":"gracias","href":"https:\/\/api.w.org\/{rel}","templated":true}]}}