{"id":124291,"date":"2025-04-24T21:44:18","date_gmt":"2025-04-24T19:44:18","guid":{"rendered":"https:\/\/territorialchallenges.com\/?p=124291"},"modified":"2025-04-24T21:44:19","modified_gmt":"2025-04-24T19:44:19","slug":"les-universites-polytechniques-italiennes-et-terna-unissent-leurs-forces-pour-la-transition-energetique","status":"publish","type":"post","link":"https:\/\/territorialchallenges.com\/es\/2025\/04\/24\/les-universites-polytechniques-italiennes-et-terna-unissent-leurs-forces-pour-la-transition-energetique\/124291\/","title":{"rendered":"Las Universidades Polit\u00e9cnicas Italianas y Terna unen fuerzas para la transici\u00f3n energ\u00e9tica"},"content":{"rendered":"<p>Las Universidades Polit\u00e9cnicas de Tur\u00edn, Mil\u00e1n y Bari han firmado un acuerdo de colaboraci\u00f3n con el Grupo Terna para fortalecer la investigaci\u00f3n, la innovaci\u00f3n y la educaci\u00f3n superior en el campo de los sistemas el\u00e9ctricos. Esta iniciativa busca formar profesionales cualificados y desarrollar tecnolog\u00edas innovadoras para impulsar la transici\u00f3n energ\u00e9tica. Recientemente firmaron\u2026 <\/p>\n<div class=\"pmpro_content_message\">Art\u00edculo disponible s\u00f3lo para suscriptores.<br \/><a href=\"https:\/\/territorialchallenges.com\/wp-login.php\">Acceso<\/a><br \/><a href=\"https:\/\/territorialchallenges.com\/es\/wp-login.php\/?action=register\">Registro<\/a><\/div>","protected":false},"excerpt":{"rendered":"<p>Les universit\u00e9s polytechniques de Turin, Milan et Bari ont sign\u00e9 un accord de collaboration avec le groupe Terna pour renforcer la recherche, l\u2019innovation et l\u2019enseignement sup\u00e9rieur dans le domaine des syst\u00e8mes \u00e9lectriques. Cette initiative vise \u00e0 former des professionnels qualifi\u00e9s et \u00e0 d\u00e9velopper des technologies innovantes pour soutenir la transition \u00e9nerg\u00e9tique. Elles ont r\u00e9cemment conclu... <\/p>\n<div class=\"pmpro_content_message\">Art\u00edculo disponible s\u00f3lo para suscriptores.<br \/><a href=\"https:\/\/territorialchallenges.com\/wp-login.php\">Acceso<\/a><br \/><a href=\"https:\/\/territorialchallenges.com\/es\/wp-login.php\/?action=register\">Registro<\/a><\/div>","protected":false},"author":11,"featured_media":124292,"comment_status":"closed","ping_status":"closed","sticky":true,"template":"","format":"standard","meta":{"pmpro_default_level":0,"footnotes":""},"categories":[18,127],"tags":[],"blocksy_meta":"","yoast_head":"<!-- This site is optimized with the Yoast SEO plugin v21.5 - https:\/\/yoast.com\/wordpress\/plugins\/seo\/ -->\n<title>Les universit\u00e9s polytechniques italiennes et Terna unissent leurs forces pour la transition \u00e9nerg\u00e9tique - Territorial Challenges<\/title>\n<meta name=\"robots\" content=\"index, follow, max-snippet:-1, max-image-preview:large, max-video-preview:-1\" \/>\n<link rel=\"canonical\" href=\"https:\/\/territorialchallenges.com\/es\/2025\/04\/24\/les-universites-polytechniques-italiennes-et-terna-unissent-leurs-forces-pour-la-transition-energetique\/124291\/\" \/>\n<meta property=\"og:locale\" content=\"es_ES\" \/>\n<meta property=\"og:type\" content=\"article\" \/>\n<meta property=\"og:title\" content=\"Les universit\u00e9s polytechniques italiennes et Terna unissent leurs forces pour la transition \u00e9nerg\u00e9tique - Territorial Challenges\" \/>\n<meta property=\"og:description\" content=\"Les universit\u00e9s polytechniques de Turin, Milan et Bari ont sign\u00e9 un accord de collaboration avec le groupe Terna pour renforcer la recherche, l\u2019innovation et l\u2019enseignement sup\u00e9rieur dans le domaine des syst\u00e8mes \u00e9lectriques. Cette initiative vise \u00e0 former des professionnels qualifi\u00e9s et \u00e0 d\u00e9velopper des technologies innovantes pour soutenir la transition \u00e9nerg\u00e9tique. Elles ont r\u00e9cemment conclu [&hellip;]\" \/>\n<meta property=\"og:url\" content=\"https:\/\/territorialchallenges.com\/es\/2025\/04\/24\/les-universites-polytechniques-italiennes-et-terna-unissent-leurs-forces-pour-la-transition-energetique\/124291\/\" \/>\n<meta property=\"og:site_name\" content=\"Territorial Challenges\" \/>\n<meta property=\"article:published_time\" content=\"2025-04-24T19:44:18+00:00\" \/>\n<meta property=\"article:modified_time\" content=\"2025-04-24T19:44:19+00:00\" \/>\n<meta property=\"og:image\" content=\"https:\/\/territorialchallenges.com\/wp-content\/uploads\/2025\/04\/transitionenergetique22.04.25.Image_.jpg\" \/>\n\t<meta property=\"og:image:width\" content=\"1280\" \/>\n\t<meta property=\"og:image:height\" content=\"720\" \/>\n\t<meta property=\"og:image:type\" content=\"image\/jpeg\" \/>\n<meta name=\"author\" content=\"ni.abdi\" \/>\n<meta name=\"twitter:card\" content=\"summary_large_image\" \/>\n<meta name=\"twitter:creator\" content=\"@Ni.abdi\" \/>\n<meta name=\"twitter:label1\" content=\"Escrito por\" \/>\n\t<meta name=\"twitter:data1\" content=\"ni.abdi\" \/>\n\t<meta name=\"twitter:label2\" content=\"Tiempo de lectura\" \/>\n\t<meta name=\"twitter:data2\" content=\"3 minutos\" \/>\n<script type=\"application\/ld+json\" class=\"yoast-schema-graph\">{\"@context\":\"https:\/\/schema.org\",\"@graph\":[{\"@type\":\"Article\",\"@id\":\"https:\/\/territorialchallenges.com\/2025\/04\/24\/les-universites-polytechniques-italiennes-et-terna-unissent-leurs-forces-pour-la-transition-energetique\/124291\/#article\",\"isPartOf\":{\"@id\":\"https:\/\/territorialchallenges.com\/2025\/04\/24\/les-universites-polytechniques-italiennes-et-terna-unissent-leurs-forces-pour-la-transition-energetique\/124291\/\"},\"author\":{\"name\":\"ni.abdi\",\"@id\":\"https:\/\/territorialchallenges.com\/#\/schema\/person\/098f145c7c61a021c425e010f840080f\"},\"headline\":\"Les universit\u00e9s polytechniques italiennes et Terna unissent leurs forces pour la transition \u00e9nerg\u00e9tique\",\"datePublished\":\"2025-04-24T19:44:18+00:00\",\"dateModified\":\"2025-04-24T19:44:19+00:00\",\"mainEntityOfPage\":{\"@id\":\"https:\/\/territorialchallenges.com\/2025\/04\/24\/les-universites-polytechniques-italiennes-et-terna-unissent-leurs-forces-pour-la-transition-energetique\/124291\/\"},\"wordCount\":689,\"publisher\":{\"@id\":\"https:\/\/territorialchallenges.com\/#organization\"},\"articleSection\":[\"Transition \u00c9nerg\u00e9tique\",\"Actualit\u00e9 Europe\"],\"inLanguage\":\"es\"},{\"@type\":\"WebPage\",\"@id\":\"https:\/\/territorialchallenges.com\/2025\/04\/24\/les-universites-polytechniques-italiennes-et-terna-unissent-leurs-forces-pour-la-transition-energetique\/124291\/\",\"url\":\"https:\/\/territorialchallenges.com\/2025\/04\/24\/les-universites-polytechniques-italiennes-et-terna-unissent-leurs-forces-pour-la-transition-energetique\/124291\/\",\"name\":\"Les universit\u00e9s polytechniques italiennes et Terna unissent leurs forces pour la transition \u00e9nerg\u00e9tique - Territorial Challenges\",\"isPartOf\":{\"@id\":\"https:\/\/territorialchallenges.com\/#website\"},\"datePublished\":\"2025-04-24T19:44:18+00:00\",\"dateModified\":\"2025-04-24T19:44:19+00:00\",\"breadcrumb\":{\"@id\":\"https:\/\/territorialchallenges.com\/2025\/04\/24\/les-universites-polytechniques-italiennes-et-terna-unissent-leurs-forces-pour-la-transition-energetique\/124291\/#breadcrumb\"},\"inLanguage\":\"es\",\"potentialAction\":[{\"@type\":\"ReadAction\",\"target\":[\"https:\/\/territorialchallenges.com\/2025\/04\/24\/les-universites-polytechniques-italiennes-et-terna-unissent-leurs-forces-pour-la-transition-energetique\/124291\/\"]}]},{\"@type\":\"BreadcrumbList\",\"@id\":\"https:\/\/territorialchallenges.com\/2025\/04\/24\/les-universites-polytechniques-italiennes-et-terna-unissent-leurs-forces-pour-la-transition-energetique\/124291\/#breadcrumb\",\"itemListElement\":[{\"@type\":\"ListItem\",\"position\":1,\"name\":\"Home\",\"item\":\"https:\/\/territorialchallenges.com\/\"},{\"@type\":\"ListItem\",\"position\":2,\"name\":\"Les universit\u00e9s polytechniques italiennes et Terna unissent leurs forces pour la transition \u00e9nerg\u00e9tique\"}]},{\"@type\":\"WebSite\",\"@id\":\"https:\/\/territorialchallenges.com\/#website\",\"url\":\"https:\/\/territorialchallenges.com\/\",\"name\":\"Territorial Challenges\",\"description\":\"Veille Internationale - Strat\u00e9gie Intelligentes - Bonnes pratiques\",\"publisher\":{\"@id\":\"https:\/\/territorialchallenges.com\/#organization\"},\"potentialAction\":[{\"@type\":\"SearchAction\",\"target\":{\"@type\":\"EntryPoint\",\"urlTemplate\":\"https:\/\/territorialchallenges.com\/?s={search_term_string}\"},\"query-input\":\"required name=search_term_string\"}],\"inLanguage\":\"es\"},{\"@type\":\"Organization\",\"@id\":\"https:\/\/territorialchallenges.com\/#organization\",\"name\":\"Territorial Challenges\",\"url\":\"https:\/\/territorialchallenges.com\/\",\"logo\":{\"@type\":\"ImageObject\",\"inLanguage\":\"es\",\"@id\":\"https:\/\/territorialchallenges.com\/#\/schema\/logo\/image\/\",\"url\":\"https:\/\/territorialchallenges.com\/wp-content\/uploads\/2023\/10\/logo-1.png\",\"contentUrl\":\"https:\/\/territorialchallenges.com\/wp-content\/uploads\/2023\/10\/logo-1.png\",\"width\":1832,\"height\":576,\"caption\":\"Territorial Challenges\"},\"image\":{\"@id\":\"https:\/\/territorialchallenges.com\/#\/schema\/logo\/image\/\"}},{\"@type\":\"Person\",\"@id\":\"https:\/\/territorialchallenges.com\/#\/schema\/person\/098f145c7c61a021c425e010f840080f\",\"name\":\"ni.abdi\",\"image\":{\"@type\":\"ImageObject\",\"inLanguage\":\"es\",\"@id\":\"https:\/\/territorialchallenges.com\/#\/schema\/person\/image\/\",\"url\":\"https:\/\/secure.gravatar.com\/avatar\/2a2f2491f3c80039986ba989b1e4b510?s=96&d=identicon&r=g\",\"contentUrl\":\"https:\/\/secure.gravatar.com\/avatar\/2a2f2491f3c80039986ba989b1e4b510?s=96&d=identicon&r=g\",\"caption\":\"ni.abdi\"},\"sameAs\":[\"https:\/\/twitter.com\/Ni.abdi\"],\"url\":\"https:\/\/territorialchallenges.com\/es\/author\/ni-abdi\/\"}]}<\/script>\n<!-- \/ Yoast SEO plugin. -->","yoast_head_json":{"title":"Les universit\u00e9s polytechniques italiennes et Terna unissent leurs forces pour la transition \u00e9nerg\u00e9tique - Territorial Challenges","robots":{"index":"index","follow":"follow","max-snippet":"max-snippet:-1","max-image-preview":"max-image-preview:large","max-video-preview":"max-video-preview:-1"},"canonical":"https:\/\/territorialchallenges.com\/es\/2025\/04\/24\/les-universites-polytechniques-italiennes-et-terna-unissent-leurs-forces-pour-la-transition-energetique\/124291\/","og_locale":"es_ES","og_type":"article","og_title":"Les universit\u00e9s polytechniques italiennes et Terna unissent leurs forces pour la transition \u00e9nerg\u00e9tique - Territorial Challenges","og_description":"Les universit\u00e9s polytechniques de Turin, Milan et Bari ont sign\u00e9 un accord de collaboration avec le groupe Terna pour renforcer la recherche, l\u2019innovation et l\u2019enseignement sup\u00e9rieur dans le domaine des syst\u00e8mes \u00e9lectriques. Cette initiative vise \u00e0 former des professionnels qualifi\u00e9s et \u00e0 d\u00e9velopper des technologies innovantes pour soutenir la transition \u00e9nerg\u00e9tique. Elles ont r\u00e9cemment conclu [&hellip;]","og_url":"https:\/\/territorialchallenges.com\/es\/2025\/04\/24\/les-universites-polytechniques-italiennes-et-terna-unissent-leurs-forces-pour-la-transition-energetique\/124291\/","og_site_name":"Territorial Challenges","article_published_time":"2025-04-24T19:44:18+00:00","article_modified_time":"2025-04-24T19:44:19+00:00","og_image":[{"width":1280,"height":720,"url":"https:\/\/territorialchallenges.com\/wp-content\/uploads\/2025\/04\/transitionenergetique22.04.25.Image_.jpg","type":"image\/jpeg"}],"author":"ni.abdi","twitter_card":"summary_large_image","twitter_creator":"@Ni.abdi","twitter_misc":{"Escrito por":"ni.abdi","Tiempo de lectura":"3 minutos"},"schema":{"@context":"https:\/\/schema.org","@graph":[{"@type":"Article","@id":"https:\/\/territorialchallenges.com\/2025\/04\/24\/les-universites-polytechniques-italiennes-et-terna-unissent-leurs-forces-pour-la-transition-energetique\/124291\/#article","isPartOf":{"@id":"https:\/\/territorialchallenges.com\/2025\/04\/24\/les-universites-polytechniques-italiennes-et-terna-unissent-leurs-forces-pour-la-transition-energetique\/124291\/"},"author":{"name":"ni.abdi","@id":"https:\/\/territorialchallenges.com\/#\/schema\/person\/098f145c7c61a021c425e010f840080f"},"headline":"Les universit\u00e9s polytechniques italiennes et Terna unissent leurs forces pour la transition \u00e9nerg\u00e9tique","datePublished":"2025-04-24T19:44:18+00:00","dateModified":"2025-04-24T19:44:19+00:00","mainEntityOfPage":{"@id":"https:\/\/territorialchallenges.com\/2025\/04\/24\/les-universites-polytechniques-italiennes-et-terna-unissent-leurs-forces-pour-la-transition-energetique\/124291\/"},"wordCount":689,"publisher":{"@id":"https:\/\/territorialchallenges.com\/#organization"},"articleSection":["Transition \u00c9nerg\u00e9tique","Actualit\u00e9 Europe"],"inLanguage":"es"},{"@type":"WebPage","@id":"https:\/\/territorialchallenges.com\/2025\/04\/24\/les-universites-polytechniques-italiennes-et-terna-unissent-leurs-forces-pour-la-transition-energetique\/124291\/","url":"https:\/\/territorialchallenges.com\/2025\/04\/24\/les-universites-polytechniques-italiennes-et-terna-unissent-leurs-forces-pour-la-transition-energetique\/124291\/","name":"Les universit\u00e9s polytechniques italiennes et Terna unissent leurs forces pour la transition \u00e9nerg\u00e9tique - Territorial Challenges","isPartOf":{"@id":"https:\/\/territorialchallenges.com\/#website"},"datePublished":"2025-04-24T19:44:18+00:00","dateModified":"2025-04-24T19:44:19+00:00","breadcrumb":{"@id":"https:\/\/territorialchallenges.com\/2025\/04\/24\/les-universites-polytechniques-italiennes-et-terna-unissent-leurs-forces-pour-la-transition-energetique\/124291\/#breadcrumb"},"inLanguage":"es","potentialAction":[{"@type":"ReadAction","target":["https:\/\/territorialchallenges.com\/2025\/04\/24\/les-universites-polytechniques-italiennes-et-terna-unissent-leurs-forces-pour-la-transition-energetique\/124291\/"]}]},{"@type":"BreadcrumbList","@id":"https:\/\/territorialchallenges.com\/2025\/04\/24\/les-universites-polytechniques-italiennes-et-terna-unissent-leurs-forces-pour-la-transition-energetique\/124291\/#breadcrumb","itemListElement":[{"@type":"ListItem","position":1,"name":"Home","item":"https:\/\/territorialchallenges.com\/"},{"@type":"ListItem","position":2,"name":"Les universit\u00e9s polytechniques italiennes et Terna unissent leurs forces pour la transition \u00e9nerg\u00e9tique"}]},{"@type":"WebSite","@id":"https:\/\/territorialchallenges.com\/#website","url":"https:\/\/territorialchallenges.com\/","name":"Desaf\u00edos territoriales","description":"Monitoreo Internacional - Estrategias Inteligentes - Mejores Pr\u00e1cticas","publisher":{"@id":"https:\/\/territorialchallenges.com\/#organization"},"potentialAction":[{"@type":"SearchAction","target":{"@type":"EntryPoint","urlTemplate":"https:\/\/territorialchallenges.com\/?s={search_term_string}"},"query-input":"required name=search_term_string"}],"inLanguage":"es"},{"@type":"Organization","@id":"https:\/\/territorialchallenges.com\/#organization","name":"Desaf\u00edos territoriales","url":"https:\/\/territorialchallenges.com\/","logo":{"@type":"ImageObject","inLanguage":"es","@id":"https:\/\/territorialchallenges.com\/#\/schema\/logo\/image\/","url":"https:\/\/territorialchallenges.com\/wp-content\/uploads\/2023\/10\/logo-1.png","contentUrl":"https:\/\/territorialchallenges.com\/wp-content\/uploads\/2023\/10\/logo-1.png","width":1832,"height":576,"caption":"Territorial Challenges"},"image":{"@id":"https:\/\/territorialchallenges.com\/#\/schema\/logo\/image\/"}},{"@type":"Person","@id":"https:\/\/territorialchallenges.com\/#\/schema\/person\/098f145c7c61a021c425e010f840080f","name":"ni.abdi","image":{"@type":"ImageObject","inLanguage":"es","@id":"https:\/\/territorialchallenges.com\/#\/schema\/person\/image\/","url":"https:\/\/secure.gravatar.com\/avatar\/2a2f2491f3c80039986ba989b1e4b510?s=96&d=identicon&r=g","contentUrl":"https:\/\/secure.gravatar.com\/avatar\/2a2f2491f3c80039986ba989b1e4b510?s=96&d=identicon&r=g","caption":"ni.abdi"},"sameAs":["https:\/\/twitter.com\/Ni.abdi"],"url":"https:\/\/territorialchallenges.com\/es\/author\/ni-abdi\/"}]}},"_links":{"self":[{"href":"https:\/\/territorialchallenges.com\/es\/wp-json\/wp\/v2\/posts\/124291"}],"collection":[{"href":"https:\/\/territorialchallenges.com\/es\/wp-json\/wp\/v2\/posts"}],"about":[{"href":"https:\/\/territorialchallenges.com\/es\/wp-json\/wp\/v2\/types\/post"}],"author":[{"embeddable":true,"href":"https:\/\/territorialchallenges.com\/es\/wp-json\/wp\/v2\/users\/11"}],"replies":[{"embeddable":true,"href":"https:\/\/territorialchallenges.com\/es\/wp-json\/wp\/v2\/comments?post=124291"}],"version-history":[{"count":1,"href":"https:\/\/territorialchallenges.com\/es\/wp-json\/wp\/v2\/posts\/124291\/revisions"}],"predecessor-version":[{"id":124293,"href":"https:\/\/territorialchallenges.com\/es\/wp-json\/wp\/v2\/posts\/124291\/revisions\/124293"}],"wp:featuredmedia":[{"embeddable":true,"href":"https:\/\/territorialchallenges.com\/es\/wp-json\/wp\/v2\/media\/124292"}],"wp:attachment":[{"href":"https:\/\/territorialchallenges.com\/es\/wp-json\/wp\/v2\/media?parent=124291"}],"wp:term":[{"taxonomy":"category","embeddable":true,"href":"https:\/\/territorialchallenges.com\/es\/wp-json\/wp\/v2\/categories?post=124291"},{"taxonomy":"post_tag","embeddable":true,"href":"https:\/\/territorialchallenges.com\/es\/wp-json\/wp\/v2\/tags?post=124291"}],"curies":[{"name":"gracias","href":"https:\/\/api.w.org\/{rel}","templated":true}]}}