{"id":124267,"date":"2025-04-16T20:30:11","date_gmt":"2025-04-16T18:30:11","guid":{"rendered":"https:\/\/territorialchallenges.com\/?p=124267"},"modified":"2025-04-17T18:28:08","modified_gmt":"2025-04-17T16:28:08","slug":"cristina-zambrano-restrepo-la-visionnaire-de-linternationalisation-de-medellin","status":"publish","type":"post","link":"https:\/\/territorialchallenges.com\/es\/2025\/04\/16\/cristina-zambrano-restrepo-la-visionnaire-de-linternationalisation-de-medellin\/124267\/","title":{"rendered":"Cristina Zambrano Restrepo: la visionaria de la internacionalizaci\u00f3n de Medell\u00edn"},"content":{"rendered":"<p>Cristina Zambrano Restrepo, nueva Directora Ejecutiva de ICA Medell\u00edn, encarna la ambici\u00f3n de la ciudad colombiana de convertirse en un centro global de inversi\u00f3n y cooperaci\u00f3n. Su impresionante trayectoria y visi\u00f3n estrat\u00e9gica prometen convertir a Medell\u00edn en un destino imprescindible para los negocios y el desarrollo sostenible. Cristina Zambrano Restrepo, nueva Directora Ejecutiva de\u2026 <\/p>\n<div class=\"pmpro_content_message\">Art\u00edculo disponible s\u00f3lo para suscriptores.<br \/><a href=\"https:\/\/territorialchallenges.com\/wp-login.php\">Acceso<\/a><br \/><a href=\"https:\/\/territorialchallenges.com\/es\/wp-login.php\/?action=register\">Registro<\/a><\/div>","protected":false},"excerpt":{"rendered":"<p>Cristina Zambrano Restrepo, nouvelle Directrice Ex\u00e9cutive de l\u2019ICA Medell\u00edn, incarne l\u2019ambition de la ville colombienne de devenir un hub mondial pour l\u2019investissement et la coop\u00e9ration. Son parcours impressionnant et sa vision strat\u00e9gique promettent de transformer Medell\u00edn en une destination incontournable pour les affaires et le d\u00e9veloppement durable. Cristina Zambrano Restrepo, la nouvelle Directrice Ex\u00e9cutive de... <\/p>\n<div class=\"pmpro_content_message\">Art\u00edculo disponible s\u00f3lo para suscriptores.<br \/><a href=\"https:\/\/territorialchallenges.com\/wp-login.php\">Acceso<\/a><br \/><a href=\"https:\/\/territorialchallenges.com\/es\/wp-login.php\/?action=register\">Registro<\/a><\/div>","protected":false},"author":11,"featured_media":124273,"comment_status":"closed","ping_status":"closed","sticky":true,"template":"","format":"standard","meta":{"pmpro_default_level":0,"footnotes":""},"categories":[126,117],"tags":[],"blocksy_meta":"","yoast_head":"<!-- This site is optimized with the Yoast SEO plugin v21.5 - https:\/\/yoast.com\/wordpress\/plugins\/seo\/ -->\n<title>Cristina Zambrano Restrepo : la visionnaire de l&#039;internationalisation de Medell\u00edn - Territorial Challenges<\/title>\n<meta name=\"robots\" content=\"index, follow, max-snippet:-1, max-image-preview:large, max-video-preview:-1\" \/>\n<link rel=\"canonical\" href=\"https:\/\/territorialchallenges.com\/es\/2025\/04\/16\/cristina-zambrano-restrepo-la-visionnaire-de-linternationalisation-de-medellin\/124267\/\" \/>\n<meta property=\"og:locale\" content=\"es_ES\" \/>\n<meta property=\"og:type\" content=\"article\" \/>\n<meta property=\"og:title\" content=\"Cristina Zambrano Restrepo : la visionnaire de l&#039;internationalisation de Medell\u00edn - Territorial Challenges\" \/>\n<meta property=\"og:description\" content=\"Cristina Zambrano Restrepo, nouvelle Directrice Ex\u00e9cutive de l\u2019ICA Medell\u00edn, incarne l\u2019ambition de la ville colombienne de devenir un hub mondial pour l\u2019investissement et la coop\u00e9ration. Son parcours impressionnant et sa vision strat\u00e9gique promettent de transformer Medell\u00edn en une destination incontournable pour les affaires et le d\u00e9veloppement durable. Cristina Zambrano Restrepo, la nouvelle Directrice Ex\u00e9cutive de [&hellip;]\" \/>\n<meta property=\"og:url\" content=\"https:\/\/territorialchallenges.com\/es\/2025\/04\/16\/cristina-zambrano-restrepo-la-visionnaire-de-linternationalisation-de-medellin\/124267\/\" \/>\n<meta property=\"og:site_name\" content=\"Territorial Challenges\" \/>\n<meta property=\"article:published_time\" content=\"2025-04-16T18:30:11+00:00\" \/>\n<meta property=\"article:modified_time\" content=\"2025-04-17T16:28:08+00:00\" \/>\n<meta property=\"og:image\" content=\"https:\/\/territorialchallenges.com\/wp-content\/uploads\/2025\/04\/2Onparledeux16.04.25.Image_.jpg\" \/>\n\t<meta property=\"og:image:width\" content=\"200\" \/>\n\t<meta property=\"og:image:height\" content=\"165\" \/>\n\t<meta property=\"og:image:type\" content=\"image\/jpeg\" \/>\n<meta name=\"author\" content=\"ni.abdi\" \/>\n<meta name=\"twitter:card\" content=\"summary_large_image\" \/>\n<meta name=\"twitter:creator\" content=\"@Ni.abdi\" \/>\n<meta name=\"twitter:label1\" content=\"Escrito por\" \/>\n\t<meta name=\"twitter:data1\" content=\"ni.abdi\" \/>\n\t<meta name=\"twitter:label2\" content=\"Tiempo de lectura\" \/>\n\t<meta name=\"twitter:data2\" content=\"4 minutos\" \/>\n<script type=\"application\/ld+json\" class=\"yoast-schema-graph\">{\"@context\":\"https:\/\/schema.org\",\"@graph\":[{\"@type\":\"Article\",\"@id\":\"https:\/\/territorialchallenges.com\/2025\/04\/16\/cristina-zambrano-restrepo-la-visionnaire-de-linternationalisation-de-medellin\/124267\/#article\",\"isPartOf\":{\"@id\":\"https:\/\/territorialchallenges.com\/2025\/04\/16\/cristina-zambrano-restrepo-la-visionnaire-de-linternationalisation-de-medellin\/124267\/\"},\"author\":{\"name\":\"ni.abdi\",\"@id\":\"https:\/\/territorialchallenges.com\/#\/schema\/person\/098f145c7c61a021c425e010f840080f\"},\"headline\":\"Cristina Zambrano Restrepo : la visionnaire de l&rsquo;internationalisation de Medell\u00edn\",\"datePublished\":\"2025-04-16T18:30:11+00:00\",\"dateModified\":\"2025-04-17T16:28:08+00:00\",\"mainEntityOfPage\":{\"@id\":\"https:\/\/territorialchallenges.com\/2025\/04\/16\/cristina-zambrano-restrepo-la-visionnaire-de-linternationalisation-de-medellin\/124267\/\"},\"wordCount\":681,\"publisher\":{\"@id\":\"https:\/\/territorialchallenges.com\/#organization\"},\"articleSection\":[\"On parle d'eux\",\"\u00c9cosyst\u00e8me\"],\"inLanguage\":\"es\"},{\"@type\":\"WebPage\",\"@id\":\"https:\/\/territorialchallenges.com\/2025\/04\/16\/cristina-zambrano-restrepo-la-visionnaire-de-linternationalisation-de-medellin\/124267\/\",\"url\":\"https:\/\/territorialchallenges.com\/2025\/04\/16\/cristina-zambrano-restrepo-la-visionnaire-de-linternationalisation-de-medellin\/124267\/\",\"name\":\"Cristina Zambrano Restrepo : la visionnaire de l'internationalisation de Medell\u00edn - Territorial Challenges\",\"isPartOf\":{\"@id\":\"https:\/\/territorialchallenges.com\/#website\"},\"datePublished\":\"2025-04-16T18:30:11+00:00\",\"dateModified\":\"2025-04-17T16:28:08+00:00\",\"breadcrumb\":{\"@id\":\"https:\/\/territorialchallenges.com\/2025\/04\/16\/cristina-zambrano-restrepo-la-visionnaire-de-linternationalisation-de-medellin\/124267\/#breadcrumb\"},\"inLanguage\":\"es\",\"potentialAction\":[{\"@type\":\"ReadAction\",\"target\":[\"https:\/\/territorialchallenges.com\/2025\/04\/16\/cristina-zambrano-restrepo-la-visionnaire-de-linternationalisation-de-medellin\/124267\/\"]}]},{\"@type\":\"BreadcrumbList\",\"@id\":\"https:\/\/territorialchallenges.com\/2025\/04\/16\/cristina-zambrano-restrepo-la-visionnaire-de-linternationalisation-de-medellin\/124267\/#breadcrumb\",\"itemListElement\":[{\"@type\":\"ListItem\",\"position\":1,\"name\":\"Home\",\"item\":\"https:\/\/territorialchallenges.com\/\"},{\"@type\":\"ListItem\",\"position\":2,\"name\":\"Cristina Zambrano Restrepo : la visionnaire de l&rsquo;internationalisation de Medell\u00edn\"}]},{\"@type\":\"WebSite\",\"@id\":\"https:\/\/territorialchallenges.com\/#website\",\"url\":\"https:\/\/territorialchallenges.com\/\",\"name\":\"Territorial Challenges\",\"description\":\"Veille Internationale - Strat\u00e9gie Intelligentes - Bonnes pratiques\",\"publisher\":{\"@id\":\"https:\/\/territorialchallenges.com\/#organization\"},\"potentialAction\":[{\"@type\":\"SearchAction\",\"target\":{\"@type\":\"EntryPoint\",\"urlTemplate\":\"https:\/\/territorialchallenges.com\/?s={search_term_string}\"},\"query-input\":\"required name=search_term_string\"}],\"inLanguage\":\"es\"},{\"@type\":\"Organization\",\"@id\":\"https:\/\/territorialchallenges.com\/#organization\",\"name\":\"Territorial Challenges\",\"url\":\"https:\/\/territorialchallenges.com\/\",\"logo\":{\"@type\":\"ImageObject\",\"inLanguage\":\"es\",\"@id\":\"https:\/\/territorialchallenges.com\/#\/schema\/logo\/image\/\",\"url\":\"https:\/\/territorialchallenges.com\/wp-content\/uploads\/2023\/10\/logo-1.png\",\"contentUrl\":\"https:\/\/territorialchallenges.com\/wp-content\/uploads\/2023\/10\/logo-1.png\",\"width\":1832,\"height\":576,\"caption\":\"Territorial Challenges\"},\"image\":{\"@id\":\"https:\/\/territorialchallenges.com\/#\/schema\/logo\/image\/\"}},{\"@type\":\"Person\",\"@id\":\"https:\/\/territorialchallenges.com\/#\/schema\/person\/098f145c7c61a021c425e010f840080f\",\"name\":\"ni.abdi\",\"image\":{\"@type\":\"ImageObject\",\"inLanguage\":\"es\",\"@id\":\"https:\/\/territorialchallenges.com\/#\/schema\/person\/image\/\",\"url\":\"https:\/\/secure.gravatar.com\/avatar\/2a2f2491f3c80039986ba989b1e4b510?s=96&d=identicon&r=g\",\"contentUrl\":\"https:\/\/secure.gravatar.com\/avatar\/2a2f2491f3c80039986ba989b1e4b510?s=96&d=identicon&r=g\",\"caption\":\"ni.abdi\"},\"sameAs\":[\"https:\/\/twitter.com\/Ni.abdi\"],\"url\":\"https:\/\/territorialchallenges.com\/es\/author\/ni-abdi\/\"}]}<\/script>\n<!-- \/ Yoast SEO plugin. -->","yoast_head_json":{"title":"Cristina Zambrano Restrepo : la visionnaire de l'internationalisation de Medell\u00edn - Territorial Challenges","robots":{"index":"index","follow":"follow","max-snippet":"max-snippet:-1","max-image-preview":"max-image-preview:large","max-video-preview":"max-video-preview:-1"},"canonical":"https:\/\/territorialchallenges.com\/es\/2025\/04\/16\/cristina-zambrano-restrepo-la-visionnaire-de-linternationalisation-de-medellin\/124267\/","og_locale":"es_ES","og_type":"article","og_title":"Cristina Zambrano Restrepo : la visionnaire de l'internationalisation de Medell\u00edn - Territorial Challenges","og_description":"Cristina Zambrano Restrepo, nouvelle Directrice Ex\u00e9cutive de l\u2019ICA Medell\u00edn, incarne l\u2019ambition de la ville colombienne de devenir un hub mondial pour l\u2019investissement et la coop\u00e9ration. Son parcours impressionnant et sa vision strat\u00e9gique promettent de transformer Medell\u00edn en une destination incontournable pour les affaires et le d\u00e9veloppement durable. Cristina Zambrano Restrepo, la nouvelle Directrice Ex\u00e9cutive de [&hellip;]","og_url":"https:\/\/territorialchallenges.com\/es\/2025\/04\/16\/cristina-zambrano-restrepo-la-visionnaire-de-linternationalisation-de-medellin\/124267\/","og_site_name":"Territorial Challenges","article_published_time":"2025-04-16T18:30:11+00:00","article_modified_time":"2025-04-17T16:28:08+00:00","og_image":[{"width":200,"height":165,"url":"https:\/\/territorialchallenges.com\/wp-content\/uploads\/2025\/04\/2Onparledeux16.04.25.Image_.jpg","type":"image\/jpeg"}],"author":"ni.abdi","twitter_card":"summary_large_image","twitter_creator":"@Ni.abdi","twitter_misc":{"Escrito por":"ni.abdi","Tiempo de lectura":"4 minutos"},"schema":{"@context":"https:\/\/schema.org","@graph":[{"@type":"Article","@id":"https:\/\/territorialchallenges.com\/2025\/04\/16\/cristina-zambrano-restrepo-la-visionnaire-de-linternationalisation-de-medellin\/124267\/#article","isPartOf":{"@id":"https:\/\/territorialchallenges.com\/2025\/04\/16\/cristina-zambrano-restrepo-la-visionnaire-de-linternationalisation-de-medellin\/124267\/"},"author":{"name":"ni.abdi","@id":"https:\/\/territorialchallenges.com\/#\/schema\/person\/098f145c7c61a021c425e010f840080f"},"headline":"Cristina Zambrano Restrepo : la visionnaire de l&rsquo;internationalisation de Medell\u00edn","datePublished":"2025-04-16T18:30:11+00:00","dateModified":"2025-04-17T16:28:08+00:00","mainEntityOfPage":{"@id":"https:\/\/territorialchallenges.com\/2025\/04\/16\/cristina-zambrano-restrepo-la-visionnaire-de-linternationalisation-de-medellin\/124267\/"},"wordCount":681,"publisher":{"@id":"https:\/\/territorialchallenges.com\/#organization"},"articleSection":["On parle d'eux","\u00c9cosyst\u00e8me"],"inLanguage":"es"},{"@type":"WebPage","@id":"https:\/\/territorialchallenges.com\/2025\/04\/16\/cristina-zambrano-restrepo-la-visionnaire-de-linternationalisation-de-medellin\/124267\/","url":"https:\/\/territorialchallenges.com\/2025\/04\/16\/cristina-zambrano-restrepo-la-visionnaire-de-linternationalisation-de-medellin\/124267\/","name":"Cristina Zambrano Restrepo : la visionnaire de l'internationalisation de Medell\u00edn - Territorial Challenges","isPartOf":{"@id":"https:\/\/territorialchallenges.com\/#website"},"datePublished":"2025-04-16T18:30:11+00:00","dateModified":"2025-04-17T16:28:08+00:00","breadcrumb":{"@id":"https:\/\/territorialchallenges.com\/2025\/04\/16\/cristina-zambrano-restrepo-la-visionnaire-de-linternationalisation-de-medellin\/124267\/#breadcrumb"},"inLanguage":"es","potentialAction":[{"@type":"ReadAction","target":["https:\/\/territorialchallenges.com\/2025\/04\/16\/cristina-zambrano-restrepo-la-visionnaire-de-linternationalisation-de-medellin\/124267\/"]}]},{"@type":"BreadcrumbList","@id":"https:\/\/territorialchallenges.com\/2025\/04\/16\/cristina-zambrano-restrepo-la-visionnaire-de-linternationalisation-de-medellin\/124267\/#breadcrumb","itemListElement":[{"@type":"ListItem","position":1,"name":"Home","item":"https:\/\/territorialchallenges.com\/"},{"@type":"ListItem","position":2,"name":"Cristina Zambrano Restrepo : la visionnaire de l&rsquo;internationalisation de Medell\u00edn"}]},{"@type":"WebSite","@id":"https:\/\/territorialchallenges.com\/#website","url":"https:\/\/territorialchallenges.com\/","name":"Desaf\u00edos territoriales","description":"Monitoreo Internacional - Estrategias Inteligentes - Mejores Pr\u00e1cticas","publisher":{"@id":"https:\/\/territorialchallenges.com\/#organization"},"potentialAction":[{"@type":"SearchAction","target":{"@type":"EntryPoint","urlTemplate":"https:\/\/territorialchallenges.com\/?s={search_term_string}"},"query-input":"required name=search_term_string"}],"inLanguage":"es"},{"@type":"Organization","@id":"https:\/\/territorialchallenges.com\/#organization","name":"Desaf\u00edos territoriales","url":"https:\/\/territorialchallenges.com\/","logo":{"@type":"ImageObject","inLanguage":"es","@id":"https:\/\/territorialchallenges.com\/#\/schema\/logo\/image\/","url":"https:\/\/territorialchallenges.com\/wp-content\/uploads\/2023\/10\/logo-1.png","contentUrl":"https:\/\/territorialchallenges.com\/wp-content\/uploads\/2023\/10\/logo-1.png","width":1832,"height":576,"caption":"Territorial Challenges"},"image":{"@id":"https:\/\/territorialchallenges.com\/#\/schema\/logo\/image\/"}},{"@type":"Person","@id":"https:\/\/territorialchallenges.com\/#\/schema\/person\/098f145c7c61a021c425e010f840080f","name":"ni.abdi","image":{"@type":"ImageObject","inLanguage":"es","@id":"https:\/\/territorialchallenges.com\/#\/schema\/person\/image\/","url":"https:\/\/secure.gravatar.com\/avatar\/2a2f2491f3c80039986ba989b1e4b510?s=96&d=identicon&r=g","contentUrl":"https:\/\/secure.gravatar.com\/avatar\/2a2f2491f3c80039986ba989b1e4b510?s=96&d=identicon&r=g","caption":"ni.abdi"},"sameAs":["https:\/\/twitter.com\/Ni.abdi"],"url":"https:\/\/territorialchallenges.com\/es\/author\/ni-abdi\/"}]}},"_links":{"self":[{"href":"https:\/\/territorialchallenges.com\/es\/wp-json\/wp\/v2\/posts\/124267"}],"collection":[{"href":"https:\/\/territorialchallenges.com\/es\/wp-json\/wp\/v2\/posts"}],"about":[{"href":"https:\/\/territorialchallenges.com\/es\/wp-json\/wp\/v2\/types\/post"}],"author":[{"embeddable":true,"href":"https:\/\/territorialchallenges.com\/es\/wp-json\/wp\/v2\/users\/11"}],"replies":[{"embeddable":true,"href":"https:\/\/territorialchallenges.com\/es\/wp-json\/wp\/v2\/comments?post=124267"}],"version-history":[{"count":2,"href":"https:\/\/territorialchallenges.com\/es\/wp-json\/wp\/v2\/posts\/124267\/revisions"}],"predecessor-version":[{"id":124280,"href":"https:\/\/territorialchallenges.com\/es\/wp-json\/wp\/v2\/posts\/124267\/revisions\/124280"}],"wp:featuredmedia":[{"embeddable":true,"href":"https:\/\/territorialchallenges.com\/es\/wp-json\/wp\/v2\/media\/124273"}],"wp:attachment":[{"href":"https:\/\/territorialchallenges.com\/es\/wp-json\/wp\/v2\/media?parent=124267"}],"wp:term":[{"taxonomy":"category","embeddable":true,"href":"https:\/\/territorialchallenges.com\/es\/wp-json\/wp\/v2\/categories?post=124267"},{"taxonomy":"post_tag","embeddable":true,"href":"https:\/\/territorialchallenges.com\/es\/wp-json\/wp\/v2\/tags?post=124267"}],"curies":[{"name":"gracias","href":"https:\/\/api.w.org\/{rel}","templated":true}]}}