{"id":124188,"date":"2025-04-03T21:45:06","date_gmt":"2025-04-03T19:45:06","guid":{"rendered":"https:\/\/territorialchallenges.com\/?p=124188"},"modified":"2025-04-03T21:52:05","modified_gmt":"2025-04-03T19:52:05","slug":"rio-de-janeiro-lance-la-premiere-station-de-recharge-rapide-publique","status":"publish","type":"post","link":"https:\/\/territorialchallenges.com\/es\/2025\/04\/03\/rio-de-janeiro-lance-la-premiere-station-de-recharge-rapide-publique\/124188\/","title":{"rendered":"R\u00edo de Janeiro inaugura su primera estaci\u00f3n p\u00fablica de carga r\u00e1pida"},"content":{"rendered":"<p>R\u00edo de Janeiro da un paso importante en la transici\u00f3n energ\u00e9tica con la inauguraci\u00f3n de la primera estaci\u00f3n p\u00fablica de carga r\u00e1pida. Ubicada en Barra da Tijuca, esta iniciativa refuerza el compromiso de la ciudad con la reducci\u00f3n de las emisiones de carbono y el desarrollo de infraestructura de electromovilidad. R\u00edo de Janeiro, la ic\u00f3nica ciudad de\u2026 <\/p>\n<div class=\"pmpro_content_message\">Art\u00edculo disponible s\u00f3lo para suscriptores.<br \/><a href=\"https:\/\/territorialchallenges.com\/wp-login.php\">Acceso<\/a><br \/><a href=\"https:\/\/territorialchallenges.com\/es\/wp-login.php\/?action=register\">Registro<\/a><\/div>","protected":false},"excerpt":{"rendered":"<p>Rio de Janeiro franchit une \u00e9tape majeure dans la transition \u00e9nerg\u00e9tique avec l&rsquo;inauguration de la premi\u00e8re station de recharge rapide publique. Situ\u00e9e \u00e0 Barra da Tijuca, cette initiative renforce l&rsquo;engagement de la ville en faveur de la r\u00e9duction des \u00e9missions de carbone et du d\u00e9veloppement des infrastructures d&rsquo;\u00e9lectromobilit\u00e9. Rio de Janeiro, la ville embl\u00e9matique du... <\/p>\n<div class=\"pmpro_content_message\">Art\u00edculo disponible s\u00f3lo para suscriptores.<br \/><a href=\"https:\/\/territorialchallenges.com\/wp-login.php\">Acceso<\/a><br \/><a href=\"https:\/\/territorialchallenges.com\/es\/wp-login.php\/?action=register\">Registro<\/a><\/div>","protected":false},"author":11,"featured_media":124189,"comment_status":"closed","ping_status":"closed","sticky":true,"template":"","format":"standard","meta":{"pmpro_default_level":0,"footnotes":""},"categories":[120,117],"tags":[],"blocksy_meta":"","yoast_head":"<!-- This site is optimized with the Yoast SEO plugin v21.5 - https:\/\/yoast.com\/wordpress\/plugins\/seo\/ -->\n<title>Rio de Janeiro lance la premi\u00e8re station de recharge rapide publique - Territorial Challenges<\/title>\n<meta name=\"robots\" content=\"index, follow, max-snippet:-1, max-image-preview:large, max-video-preview:-1\" \/>\n<link rel=\"canonical\" href=\"https:\/\/territorialchallenges.com\/es\/2025\/04\/03\/rio-de-janeiro-lance-la-premiere-station-de-recharge-rapide-publique\/124188\/\" \/>\n<meta property=\"og:locale\" content=\"es_ES\" \/>\n<meta property=\"og:type\" content=\"article\" \/>\n<meta property=\"og:title\" content=\"Rio de Janeiro lance la premi\u00e8re station de recharge rapide publique - Territorial Challenges\" \/>\n<meta property=\"og:description\" content=\"Rio de Janeiro franchit une \u00e9tape majeure dans la transition \u00e9nerg\u00e9tique avec l&rsquo;inauguration de la premi\u00e8re station de recharge rapide publique. Situ\u00e9e \u00e0 Barra da Tijuca, cette initiative renforce l&rsquo;engagement de la ville en faveur de la r\u00e9duction des \u00e9missions de carbone et du d\u00e9veloppement des infrastructures d&rsquo;\u00e9lectromobilit\u00e9. Rio de Janeiro, la ville embl\u00e9matique du [&hellip;]\" \/>\n<meta property=\"og:url\" content=\"https:\/\/territorialchallenges.com\/es\/2025\/04\/03\/rio-de-janeiro-lance-la-premiere-station-de-recharge-rapide-publique\/124188\/\" \/>\n<meta property=\"og:site_name\" content=\"Territorial Challenges\" \/>\n<meta property=\"article:published_time\" content=\"2025-04-03T19:45:06+00:00\" \/>\n<meta property=\"article:modified_time\" content=\"2025-04-03T19:52:05+00:00\" \/>\n<meta property=\"og:image\" content=\"https:\/\/territorialchallenges.com\/wp-content\/uploads\/2025\/04\/ilsestpassea2.04.25.Image_.jpg\" \/>\n\t<meta property=\"og:image:width\" content=\"1280\" \/>\n\t<meta property=\"og:image:height\" content=\"720\" \/>\n\t<meta property=\"og:image:type\" content=\"image\/jpeg\" \/>\n<meta name=\"author\" content=\"ni.abdi\" \/>\n<meta name=\"twitter:card\" content=\"summary_large_image\" \/>\n<meta name=\"twitter:creator\" content=\"@Ni.abdi\" \/>\n<meta name=\"twitter:label1\" content=\"Escrito por\" \/>\n\t<meta name=\"twitter:data1\" content=\"ni.abdi\" \/>\n\t<meta name=\"twitter:label2\" content=\"Tiempo de lectura\" \/>\n\t<meta name=\"twitter:data2\" content=\"3 minutos\" \/>\n<script type=\"application\/ld+json\" class=\"yoast-schema-graph\">{\"@context\":\"https:\/\/schema.org\",\"@graph\":[{\"@type\":\"Article\",\"@id\":\"https:\/\/territorialchallenges.com\/2025\/04\/03\/rio-de-janeiro-lance-la-premiere-station-de-recharge-rapide-publique\/124188\/#article\",\"isPartOf\":{\"@id\":\"https:\/\/territorialchallenges.com\/2025\/04\/03\/rio-de-janeiro-lance-la-premiere-station-de-recharge-rapide-publique\/124188\/\"},\"author\":{\"name\":\"ni.abdi\",\"@id\":\"https:\/\/territorialchallenges.com\/#\/schema\/person\/098f145c7c61a021c425e010f840080f\"},\"headline\":\"Rio de Janeiro lance la premi\u00e8re station de recharge rapide publique\",\"datePublished\":\"2025-04-03T19:45:06+00:00\",\"dateModified\":\"2025-04-03T19:52:05+00:00\",\"mainEntityOfPage\":{\"@id\":\"https:\/\/territorialchallenges.com\/2025\/04\/03\/rio-de-janeiro-lance-la-premiere-station-de-recharge-rapide-publique\/124188\/\"},\"wordCount\":645,\"publisher\":{\"@id\":\"https:\/\/territorialchallenges.com\/#organization\"},\"articleSection\":[\"Il s'est pass\u00e9 \u00e0\",\"\u00c9cosyst\u00e8me\"],\"inLanguage\":\"es\"},{\"@type\":\"WebPage\",\"@id\":\"https:\/\/territorialchallenges.com\/2025\/04\/03\/rio-de-janeiro-lance-la-premiere-station-de-recharge-rapide-publique\/124188\/\",\"url\":\"https:\/\/territorialchallenges.com\/2025\/04\/03\/rio-de-janeiro-lance-la-premiere-station-de-recharge-rapide-publique\/124188\/\",\"name\":\"Rio de Janeiro lance la premi\u00e8re station de recharge rapide publique - Territorial Challenges\",\"isPartOf\":{\"@id\":\"https:\/\/territorialchallenges.com\/#website\"},\"datePublished\":\"2025-04-03T19:45:06+00:00\",\"dateModified\":\"2025-04-03T19:52:05+00:00\",\"breadcrumb\":{\"@id\":\"https:\/\/territorialchallenges.com\/2025\/04\/03\/rio-de-janeiro-lance-la-premiere-station-de-recharge-rapide-publique\/124188\/#breadcrumb\"},\"inLanguage\":\"es\",\"potentialAction\":[{\"@type\":\"ReadAction\",\"target\":[\"https:\/\/territorialchallenges.com\/2025\/04\/03\/rio-de-janeiro-lance-la-premiere-station-de-recharge-rapide-publique\/124188\/\"]}]},{\"@type\":\"BreadcrumbList\",\"@id\":\"https:\/\/territorialchallenges.com\/2025\/04\/03\/rio-de-janeiro-lance-la-premiere-station-de-recharge-rapide-publique\/124188\/#breadcrumb\",\"itemListElement\":[{\"@type\":\"ListItem\",\"position\":1,\"name\":\"Home\",\"item\":\"https:\/\/territorialchallenges.com\/\"},{\"@type\":\"ListItem\",\"position\":2,\"name\":\"Rio de Janeiro lance la premi\u00e8re station de recharge rapide publique\"}]},{\"@type\":\"WebSite\",\"@id\":\"https:\/\/territorialchallenges.com\/#website\",\"url\":\"https:\/\/territorialchallenges.com\/\",\"name\":\"Territorial Challenges\",\"description\":\"Veille Internationale - Strat\u00e9gie Intelligentes - Bonnes pratiques\",\"publisher\":{\"@id\":\"https:\/\/territorialchallenges.com\/#organization\"},\"potentialAction\":[{\"@type\":\"SearchAction\",\"target\":{\"@type\":\"EntryPoint\",\"urlTemplate\":\"https:\/\/territorialchallenges.com\/?s={search_term_string}\"},\"query-input\":\"required name=search_term_string\"}],\"inLanguage\":\"es\"},{\"@type\":\"Organization\",\"@id\":\"https:\/\/territorialchallenges.com\/#organization\",\"name\":\"Territorial Challenges\",\"url\":\"https:\/\/territorialchallenges.com\/\",\"logo\":{\"@type\":\"ImageObject\",\"inLanguage\":\"es\",\"@id\":\"https:\/\/territorialchallenges.com\/#\/schema\/logo\/image\/\",\"url\":\"https:\/\/territorialchallenges.com\/wp-content\/uploads\/2023\/10\/logo-1.png\",\"contentUrl\":\"https:\/\/territorialchallenges.com\/wp-content\/uploads\/2023\/10\/logo-1.png\",\"width\":1832,\"height\":576,\"caption\":\"Territorial Challenges\"},\"image\":{\"@id\":\"https:\/\/territorialchallenges.com\/#\/schema\/logo\/image\/\"}},{\"@type\":\"Person\",\"@id\":\"https:\/\/territorialchallenges.com\/#\/schema\/person\/098f145c7c61a021c425e010f840080f\",\"name\":\"ni.abdi\",\"image\":{\"@type\":\"ImageObject\",\"inLanguage\":\"es\",\"@id\":\"https:\/\/territorialchallenges.com\/#\/schema\/person\/image\/\",\"url\":\"https:\/\/secure.gravatar.com\/avatar\/2a2f2491f3c80039986ba989b1e4b510?s=96&d=identicon&r=g\",\"contentUrl\":\"https:\/\/secure.gravatar.com\/avatar\/2a2f2491f3c80039986ba989b1e4b510?s=96&d=identicon&r=g\",\"caption\":\"ni.abdi\"},\"sameAs\":[\"https:\/\/twitter.com\/Ni.abdi\"],\"url\":\"https:\/\/territorialchallenges.com\/es\/author\/ni-abdi\/\"}]}<\/script>\n<!-- \/ Yoast SEO plugin. -->","yoast_head_json":{"title":"Rio de Janeiro lance la premi\u00e8re station de recharge rapide publique - Territorial Challenges","robots":{"index":"index","follow":"follow","max-snippet":"max-snippet:-1","max-image-preview":"max-image-preview:large","max-video-preview":"max-video-preview:-1"},"canonical":"https:\/\/territorialchallenges.com\/es\/2025\/04\/03\/rio-de-janeiro-lance-la-premiere-station-de-recharge-rapide-publique\/124188\/","og_locale":"es_ES","og_type":"article","og_title":"Rio de Janeiro lance la premi\u00e8re station de recharge rapide publique - Territorial Challenges","og_description":"Rio de Janeiro franchit une \u00e9tape majeure dans la transition \u00e9nerg\u00e9tique avec l&rsquo;inauguration de la premi\u00e8re station de recharge rapide publique. Situ\u00e9e \u00e0 Barra da Tijuca, cette initiative renforce l&rsquo;engagement de la ville en faveur de la r\u00e9duction des \u00e9missions de carbone et du d\u00e9veloppement des infrastructures d&rsquo;\u00e9lectromobilit\u00e9. Rio de Janeiro, la ville embl\u00e9matique du [&hellip;]","og_url":"https:\/\/territorialchallenges.com\/es\/2025\/04\/03\/rio-de-janeiro-lance-la-premiere-station-de-recharge-rapide-publique\/124188\/","og_site_name":"Territorial Challenges","article_published_time":"2025-04-03T19:45:06+00:00","article_modified_time":"2025-04-03T19:52:05+00:00","og_image":[{"width":1280,"height":720,"url":"https:\/\/territorialchallenges.com\/wp-content\/uploads\/2025\/04\/ilsestpassea2.04.25.Image_.jpg","type":"image\/jpeg"}],"author":"ni.abdi","twitter_card":"summary_large_image","twitter_creator":"@Ni.abdi","twitter_misc":{"Escrito por":"ni.abdi","Tiempo de lectura":"3 minutos"},"schema":{"@context":"https:\/\/schema.org","@graph":[{"@type":"Article","@id":"https:\/\/territorialchallenges.com\/2025\/04\/03\/rio-de-janeiro-lance-la-premiere-station-de-recharge-rapide-publique\/124188\/#article","isPartOf":{"@id":"https:\/\/territorialchallenges.com\/2025\/04\/03\/rio-de-janeiro-lance-la-premiere-station-de-recharge-rapide-publique\/124188\/"},"author":{"name":"ni.abdi","@id":"https:\/\/territorialchallenges.com\/#\/schema\/person\/098f145c7c61a021c425e010f840080f"},"headline":"Rio de Janeiro lance la premi\u00e8re station de recharge rapide publique","datePublished":"2025-04-03T19:45:06+00:00","dateModified":"2025-04-03T19:52:05+00:00","mainEntityOfPage":{"@id":"https:\/\/territorialchallenges.com\/2025\/04\/03\/rio-de-janeiro-lance-la-premiere-station-de-recharge-rapide-publique\/124188\/"},"wordCount":645,"publisher":{"@id":"https:\/\/territorialchallenges.com\/#organization"},"articleSection":["Il s'est pass\u00e9 \u00e0","\u00c9cosyst\u00e8me"],"inLanguage":"es"},{"@type":"WebPage","@id":"https:\/\/territorialchallenges.com\/2025\/04\/03\/rio-de-janeiro-lance-la-premiere-station-de-recharge-rapide-publique\/124188\/","url":"https:\/\/territorialchallenges.com\/2025\/04\/03\/rio-de-janeiro-lance-la-premiere-station-de-recharge-rapide-publique\/124188\/","name":"Rio de Janeiro lance la premi\u00e8re station de recharge rapide publique - Territorial Challenges","isPartOf":{"@id":"https:\/\/territorialchallenges.com\/#website"},"datePublished":"2025-04-03T19:45:06+00:00","dateModified":"2025-04-03T19:52:05+00:00","breadcrumb":{"@id":"https:\/\/territorialchallenges.com\/2025\/04\/03\/rio-de-janeiro-lance-la-premiere-station-de-recharge-rapide-publique\/124188\/#breadcrumb"},"inLanguage":"es","potentialAction":[{"@type":"ReadAction","target":["https:\/\/territorialchallenges.com\/2025\/04\/03\/rio-de-janeiro-lance-la-premiere-station-de-recharge-rapide-publique\/124188\/"]}]},{"@type":"BreadcrumbList","@id":"https:\/\/territorialchallenges.com\/2025\/04\/03\/rio-de-janeiro-lance-la-premiere-station-de-recharge-rapide-publique\/124188\/#breadcrumb","itemListElement":[{"@type":"ListItem","position":1,"name":"Home","item":"https:\/\/territorialchallenges.com\/"},{"@type":"ListItem","position":2,"name":"Rio de Janeiro lance la premi\u00e8re station de recharge rapide publique"}]},{"@type":"WebSite","@id":"https:\/\/territorialchallenges.com\/#website","url":"https:\/\/territorialchallenges.com\/","name":"Desaf\u00edos territoriales","description":"Monitoreo Internacional - Estrategias Inteligentes - Mejores Pr\u00e1cticas","publisher":{"@id":"https:\/\/territorialchallenges.com\/#organization"},"potentialAction":[{"@type":"SearchAction","target":{"@type":"EntryPoint","urlTemplate":"https:\/\/territorialchallenges.com\/?s={search_term_string}"},"query-input":"required name=search_term_string"}],"inLanguage":"es"},{"@type":"Organization","@id":"https:\/\/territorialchallenges.com\/#organization","name":"Desaf\u00edos territoriales","url":"https:\/\/territorialchallenges.com\/","logo":{"@type":"ImageObject","inLanguage":"es","@id":"https:\/\/territorialchallenges.com\/#\/schema\/logo\/image\/","url":"https:\/\/territorialchallenges.com\/wp-content\/uploads\/2023\/10\/logo-1.png","contentUrl":"https:\/\/territorialchallenges.com\/wp-content\/uploads\/2023\/10\/logo-1.png","width":1832,"height":576,"caption":"Territorial Challenges"},"image":{"@id":"https:\/\/territorialchallenges.com\/#\/schema\/logo\/image\/"}},{"@type":"Person","@id":"https:\/\/territorialchallenges.com\/#\/schema\/person\/098f145c7c61a021c425e010f840080f","name":"ni.abdi","image":{"@type":"ImageObject","inLanguage":"es","@id":"https:\/\/territorialchallenges.com\/#\/schema\/person\/image\/","url":"https:\/\/secure.gravatar.com\/avatar\/2a2f2491f3c80039986ba989b1e4b510?s=96&d=identicon&r=g","contentUrl":"https:\/\/secure.gravatar.com\/avatar\/2a2f2491f3c80039986ba989b1e4b510?s=96&d=identicon&r=g","caption":"ni.abdi"},"sameAs":["https:\/\/twitter.com\/Ni.abdi"],"url":"https:\/\/territorialchallenges.com\/es\/author\/ni-abdi\/"}]}},"_links":{"self":[{"href":"https:\/\/territorialchallenges.com\/es\/wp-json\/wp\/v2\/posts\/124188"}],"collection":[{"href":"https:\/\/territorialchallenges.com\/es\/wp-json\/wp\/v2\/posts"}],"about":[{"href":"https:\/\/territorialchallenges.com\/es\/wp-json\/wp\/v2\/types\/post"}],"author":[{"embeddable":true,"href":"https:\/\/territorialchallenges.com\/es\/wp-json\/wp\/v2\/users\/11"}],"replies":[{"embeddable":true,"href":"https:\/\/territorialchallenges.com\/es\/wp-json\/wp\/v2\/comments?post=124188"}],"version-history":[{"count":1,"href":"https:\/\/territorialchallenges.com\/es\/wp-json\/wp\/v2\/posts\/124188\/revisions"}],"predecessor-version":[{"id":124190,"href":"https:\/\/territorialchallenges.com\/es\/wp-json\/wp\/v2\/posts\/124188\/revisions\/124190"}],"wp:featuredmedia":[{"embeddable":true,"href":"https:\/\/territorialchallenges.com\/es\/wp-json\/wp\/v2\/media\/124189"}],"wp:attachment":[{"href":"https:\/\/territorialchallenges.com\/es\/wp-json\/wp\/v2\/media?parent=124188"}],"wp:term":[{"taxonomy":"category","embeddable":true,"href":"https:\/\/territorialchallenges.com\/es\/wp-json\/wp\/v2\/categories?post=124188"},{"taxonomy":"post_tag","embeddable":true,"href":"https:\/\/territorialchallenges.com\/es\/wp-json\/wp\/v2\/tags?post=124188"}],"curies":[{"name":"gracias","href":"https:\/\/api.w.org\/{rel}","templated":true}]}}