{"id":124115,"date":"2025-03-20T12:53:47","date_gmt":"2025-03-20T11:53:47","guid":{"rendered":"https:\/\/territorialchallenges.com\/?p=124115"},"modified":"2025-03-20T12:53:48","modified_gmt":"2025-03-20T11:53:48","slug":"dublin-a-la-pointe-de-linnovation-avec-le-premier-laboratoire-dia-generative-dirlande","status":"publish","type":"post","link":"https:\/\/territorialchallenges.com\/es\/2025\/03\/20\/dublin-a-la-pointe-de-linnovation-avec-le-premier-laboratoire-dia-generative-dirlande\/124115\/","title":{"rendered":"Dubl\u00edn a la vanguardia de la innovaci\u00f3n con el primer laboratorio de IA generativa de Irlanda"},"content":{"rendered":"<p>El Ayuntamiento de Dubl\u00edn y el Trinity College de Dubl\u00edn se han asociado para lanzar el primer Laboratorio de IA Generativa de Irlanda. Esta iniciativa busca transformar los servicios p\u00fablicos mediante la inteligencia artificial, garantizando al mismo tiempo la adopci\u00f3n \u00e9tica y responsable de esta tecnolog\u00eda. El 20 de febrero de 2025, el Ayuntamiento de Dubl\u00edn (DCC) y\u2026 <\/p>\n<div class=\"pmpro_content_message\">Art\u00edculo disponible s\u00f3lo para suscriptores.<br \/><a href=\"https:\/\/territorialchallenges.com\/wp-login.php\">Acceso<\/a><br \/><a href=\"https:\/\/territorialchallenges.com\/es\/wp-login.php\/?action=register\">Registro<\/a><\/div>","protected":false},"excerpt":{"rendered":"<p>Le conseil municipal de Dublin et le Trinity College Dublin s&rsquo;associent pour lancer le premier laboratoire d&rsquo;IA g\u00e9n\u00e9rative d&rsquo;Irlande. Cette initiative vise \u00e0 transformer les services publics gr\u00e2ce \u00e0 l&rsquo;intelligence artificielle, tout en assurant une adoption \u00e9thique et responsable de cette technologie. Le 20 f\u00e9vrier 2025, le conseil municipal de Dublin (DCC) et le centre... <\/p>\n<div class=\"pmpro_content_message\">Art\u00edculo disponible s\u00f3lo para suscriptores.<br \/><a href=\"https:\/\/territorialchallenges.com\/wp-login.php\">Acceso<\/a><br \/><a href=\"https:\/\/territorialchallenges.com\/es\/wp-login.php\/?action=register\">Registro<\/a><\/div>","protected":false},"author":11,"featured_media":124116,"comment_status":"closed","ping_status":"closed","sticky":true,"template":"","format":"standard","meta":{"pmpro_default_level":0,"footnotes":""},"categories":[19,127],"tags":[],"blocksy_meta":"","yoast_head":"<!-- This site is optimized with the Yoast SEO plugin v21.5 - https:\/\/yoast.com\/wordpress\/plugins\/seo\/ -->\n<title>Dublin \u00e0 la pointe de l&#039;innovation avec le premier laboratoire d&#039;IA g\u00e9n\u00e9rative d&#039;Irlande - Territorial Challenges<\/title>\n<meta name=\"robots\" content=\"index, follow, max-snippet:-1, max-image-preview:large, max-video-preview:-1\" \/>\n<link rel=\"canonical\" href=\"https:\/\/territorialchallenges.com\/es\/2025\/03\/20\/dublin-a-la-pointe-de-linnovation-avec-le-premier-laboratoire-dia-generative-dirlande\/124115\/\" \/>\n<meta property=\"og:locale\" content=\"es_ES\" \/>\n<meta property=\"og:type\" content=\"article\" \/>\n<meta property=\"og:title\" content=\"Dublin \u00e0 la pointe de l&#039;innovation avec le premier laboratoire d&#039;IA g\u00e9n\u00e9rative d&#039;Irlande - Territorial Challenges\" \/>\n<meta property=\"og:description\" content=\"Le conseil municipal de Dublin et le Trinity College Dublin s&rsquo;associent pour lancer le premier laboratoire d&rsquo;IA g\u00e9n\u00e9rative d&rsquo;Irlande. Cette initiative vise \u00e0 transformer les services publics gr\u00e2ce \u00e0 l&rsquo;intelligence artificielle, tout en assurant une adoption \u00e9thique et responsable de cette technologie. Le 20 f\u00e9vrier 2025, le conseil municipal de Dublin (DCC) et le centre [&hellip;]\" \/>\n<meta property=\"og:url\" content=\"https:\/\/territorialchallenges.com\/es\/2025\/03\/20\/dublin-a-la-pointe-de-linnovation-avec-le-premier-laboratoire-dia-generative-dirlande\/124115\/\" \/>\n<meta property=\"og:site_name\" content=\"Territorial Challenges\" \/>\n<meta property=\"article:published_time\" content=\"2025-03-20T11:53:47+00:00\" \/>\n<meta property=\"article:modified_time\" content=\"2025-03-20T11:53:48+00:00\" \/>\n<meta property=\"og:image\" content=\"https:\/\/territorialchallenges.com\/wp-content\/uploads\/2025\/03\/territoiresintelligentsImage.jpg\" \/>\n\t<meta property=\"og:image:width\" content=\"1280\" \/>\n\t<meta property=\"og:image:height\" content=\"853\" \/>\n\t<meta property=\"og:image:type\" content=\"image\/jpeg\" \/>\n<meta name=\"author\" content=\"ni.abdi\" \/>\n<meta name=\"twitter:card\" content=\"summary_large_image\" \/>\n<meta name=\"twitter:creator\" content=\"@Ni.abdi\" \/>\n<meta name=\"twitter:label1\" content=\"Escrito por\" \/>\n\t<meta name=\"twitter:data1\" content=\"ni.abdi\" \/>\n\t<meta name=\"twitter:label2\" content=\"Tiempo de lectura\" \/>\n\t<meta name=\"twitter:data2\" content=\"5 minutos\" \/>\n<script type=\"application\/ld+json\" class=\"yoast-schema-graph\">{\"@context\":\"https:\/\/schema.org\",\"@graph\":[{\"@type\":\"Article\",\"@id\":\"https:\/\/territorialchallenges.com\/2025\/03\/20\/dublin-a-la-pointe-de-linnovation-avec-le-premier-laboratoire-dia-generative-dirlande\/124115\/#article\",\"isPartOf\":{\"@id\":\"https:\/\/territorialchallenges.com\/2025\/03\/20\/dublin-a-la-pointe-de-linnovation-avec-le-premier-laboratoire-dia-generative-dirlande\/124115\/\"},\"author\":{\"name\":\"ni.abdi\",\"@id\":\"https:\/\/territorialchallenges.com\/#\/schema\/person\/098f145c7c61a021c425e010f840080f\"},\"headline\":\"Dublin \u00e0 la pointe de l&rsquo;innovation avec le premier laboratoire d&rsquo;IA g\u00e9n\u00e9rative d&rsquo;Irlande\",\"datePublished\":\"2025-03-20T11:53:47+00:00\",\"dateModified\":\"2025-03-20T11:53:48+00:00\",\"mainEntityOfPage\":{\"@id\":\"https:\/\/territorialchallenges.com\/2025\/03\/20\/dublin-a-la-pointe-de-linnovation-avec-le-premier-laboratoire-dia-generative-dirlande\/124115\/\"},\"wordCount\":915,\"publisher\":{\"@id\":\"https:\/\/territorialchallenges.com\/#organization\"},\"articleSection\":[\"Territoires Intelligents\",\"Actualit\u00e9 Europe\"],\"inLanguage\":\"es\"},{\"@type\":\"WebPage\",\"@id\":\"https:\/\/territorialchallenges.com\/2025\/03\/20\/dublin-a-la-pointe-de-linnovation-avec-le-premier-laboratoire-dia-generative-dirlande\/124115\/\",\"url\":\"https:\/\/territorialchallenges.com\/2025\/03\/20\/dublin-a-la-pointe-de-linnovation-avec-le-premier-laboratoire-dia-generative-dirlande\/124115\/\",\"name\":\"Dublin \u00e0 la pointe de l'innovation avec le premier laboratoire d'IA g\u00e9n\u00e9rative d'Irlande - Territorial Challenges\",\"isPartOf\":{\"@id\":\"https:\/\/territorialchallenges.com\/#website\"},\"datePublished\":\"2025-03-20T11:53:47+00:00\",\"dateModified\":\"2025-03-20T11:53:48+00:00\",\"breadcrumb\":{\"@id\":\"https:\/\/territorialchallenges.com\/2025\/03\/20\/dublin-a-la-pointe-de-linnovation-avec-le-premier-laboratoire-dia-generative-dirlande\/124115\/#breadcrumb\"},\"inLanguage\":\"es\",\"potentialAction\":[{\"@type\":\"ReadAction\",\"target\":[\"https:\/\/territorialchallenges.com\/2025\/03\/20\/dublin-a-la-pointe-de-linnovation-avec-le-premier-laboratoire-dia-generative-dirlande\/124115\/\"]}]},{\"@type\":\"BreadcrumbList\",\"@id\":\"https:\/\/territorialchallenges.com\/2025\/03\/20\/dublin-a-la-pointe-de-linnovation-avec-le-premier-laboratoire-dia-generative-dirlande\/124115\/#breadcrumb\",\"itemListElement\":[{\"@type\":\"ListItem\",\"position\":1,\"name\":\"Home\",\"item\":\"https:\/\/territorialchallenges.com\/\"},{\"@type\":\"ListItem\",\"position\":2,\"name\":\"Dublin \u00e0 la pointe de l&rsquo;innovation avec le premier laboratoire d&rsquo;IA g\u00e9n\u00e9rative d&rsquo;Irlande\"}]},{\"@type\":\"WebSite\",\"@id\":\"https:\/\/territorialchallenges.com\/#website\",\"url\":\"https:\/\/territorialchallenges.com\/\",\"name\":\"Territorial Challenges\",\"description\":\"Veille Internationale - Strat\u00e9gie Intelligentes - Bonnes pratiques\",\"publisher\":{\"@id\":\"https:\/\/territorialchallenges.com\/#organization\"},\"potentialAction\":[{\"@type\":\"SearchAction\",\"target\":{\"@type\":\"EntryPoint\",\"urlTemplate\":\"https:\/\/territorialchallenges.com\/?s={search_term_string}\"},\"query-input\":\"required name=search_term_string\"}],\"inLanguage\":\"es\"},{\"@type\":\"Organization\",\"@id\":\"https:\/\/territorialchallenges.com\/#organization\",\"name\":\"Territorial Challenges\",\"url\":\"https:\/\/territorialchallenges.com\/\",\"logo\":{\"@type\":\"ImageObject\",\"inLanguage\":\"es\",\"@id\":\"https:\/\/territorialchallenges.com\/#\/schema\/logo\/image\/\",\"url\":\"https:\/\/territorialchallenges.com\/wp-content\/uploads\/2023\/10\/logo-1.png\",\"contentUrl\":\"https:\/\/territorialchallenges.com\/wp-content\/uploads\/2023\/10\/logo-1.png\",\"width\":1832,\"height\":576,\"caption\":\"Territorial Challenges\"},\"image\":{\"@id\":\"https:\/\/territorialchallenges.com\/#\/schema\/logo\/image\/\"}},{\"@type\":\"Person\",\"@id\":\"https:\/\/territorialchallenges.com\/#\/schema\/person\/098f145c7c61a021c425e010f840080f\",\"name\":\"ni.abdi\",\"image\":{\"@type\":\"ImageObject\",\"inLanguage\":\"es\",\"@id\":\"https:\/\/territorialchallenges.com\/#\/schema\/person\/image\/\",\"url\":\"https:\/\/secure.gravatar.com\/avatar\/2a2f2491f3c80039986ba989b1e4b510?s=96&d=identicon&r=g\",\"contentUrl\":\"https:\/\/secure.gravatar.com\/avatar\/2a2f2491f3c80039986ba989b1e4b510?s=96&d=identicon&r=g\",\"caption\":\"ni.abdi\"},\"sameAs\":[\"https:\/\/twitter.com\/Ni.abdi\"],\"url\":\"https:\/\/territorialchallenges.com\/es\/author\/ni-abdi\/\"}]}<\/script>\n<!-- \/ Yoast SEO plugin. -->","yoast_head_json":{"title":"Dublin \u00e0 la pointe de l'innovation avec le premier laboratoire d'IA g\u00e9n\u00e9rative d'Irlande - Territorial Challenges","robots":{"index":"index","follow":"follow","max-snippet":"max-snippet:-1","max-image-preview":"max-image-preview:large","max-video-preview":"max-video-preview:-1"},"canonical":"https:\/\/territorialchallenges.com\/es\/2025\/03\/20\/dublin-a-la-pointe-de-linnovation-avec-le-premier-laboratoire-dia-generative-dirlande\/124115\/","og_locale":"es_ES","og_type":"article","og_title":"Dublin \u00e0 la pointe de l'innovation avec le premier laboratoire d'IA g\u00e9n\u00e9rative d'Irlande - Territorial Challenges","og_description":"Le conseil municipal de Dublin et le Trinity College Dublin s&rsquo;associent pour lancer le premier laboratoire d&rsquo;IA g\u00e9n\u00e9rative d&rsquo;Irlande. Cette initiative vise \u00e0 transformer les services publics gr\u00e2ce \u00e0 l&rsquo;intelligence artificielle, tout en assurant une adoption \u00e9thique et responsable de cette technologie. Le 20 f\u00e9vrier 2025, le conseil municipal de Dublin (DCC) et le centre [&hellip;]","og_url":"https:\/\/territorialchallenges.com\/es\/2025\/03\/20\/dublin-a-la-pointe-de-linnovation-avec-le-premier-laboratoire-dia-generative-dirlande\/124115\/","og_site_name":"Territorial Challenges","article_published_time":"2025-03-20T11:53:47+00:00","article_modified_time":"2025-03-20T11:53:48+00:00","og_image":[{"width":1280,"height":853,"url":"https:\/\/territorialchallenges.com\/wp-content\/uploads\/2025\/03\/territoiresintelligentsImage.jpg","type":"image\/jpeg"}],"author":"ni.abdi","twitter_card":"summary_large_image","twitter_creator":"@Ni.abdi","twitter_misc":{"Escrito por":"ni.abdi","Tiempo de lectura":"5 minutos"},"schema":{"@context":"https:\/\/schema.org","@graph":[{"@type":"Article","@id":"https:\/\/territorialchallenges.com\/2025\/03\/20\/dublin-a-la-pointe-de-linnovation-avec-le-premier-laboratoire-dia-generative-dirlande\/124115\/#article","isPartOf":{"@id":"https:\/\/territorialchallenges.com\/2025\/03\/20\/dublin-a-la-pointe-de-linnovation-avec-le-premier-laboratoire-dia-generative-dirlande\/124115\/"},"author":{"name":"ni.abdi","@id":"https:\/\/territorialchallenges.com\/#\/schema\/person\/098f145c7c61a021c425e010f840080f"},"headline":"Dublin \u00e0 la pointe de l&rsquo;innovation avec le premier laboratoire d&rsquo;IA g\u00e9n\u00e9rative d&rsquo;Irlande","datePublished":"2025-03-20T11:53:47+00:00","dateModified":"2025-03-20T11:53:48+00:00","mainEntityOfPage":{"@id":"https:\/\/territorialchallenges.com\/2025\/03\/20\/dublin-a-la-pointe-de-linnovation-avec-le-premier-laboratoire-dia-generative-dirlande\/124115\/"},"wordCount":915,"publisher":{"@id":"https:\/\/territorialchallenges.com\/#organization"},"articleSection":["Territoires Intelligents","Actualit\u00e9 Europe"],"inLanguage":"es"},{"@type":"WebPage","@id":"https:\/\/territorialchallenges.com\/2025\/03\/20\/dublin-a-la-pointe-de-linnovation-avec-le-premier-laboratoire-dia-generative-dirlande\/124115\/","url":"https:\/\/territorialchallenges.com\/2025\/03\/20\/dublin-a-la-pointe-de-linnovation-avec-le-premier-laboratoire-dia-generative-dirlande\/124115\/","name":"Dublin \u00e0 la pointe de l'innovation avec le premier laboratoire d'IA g\u00e9n\u00e9rative d'Irlande - Territorial Challenges","isPartOf":{"@id":"https:\/\/territorialchallenges.com\/#website"},"datePublished":"2025-03-20T11:53:47+00:00","dateModified":"2025-03-20T11:53:48+00:00","breadcrumb":{"@id":"https:\/\/territorialchallenges.com\/2025\/03\/20\/dublin-a-la-pointe-de-linnovation-avec-le-premier-laboratoire-dia-generative-dirlande\/124115\/#breadcrumb"},"inLanguage":"es","potentialAction":[{"@type":"ReadAction","target":["https:\/\/territorialchallenges.com\/2025\/03\/20\/dublin-a-la-pointe-de-linnovation-avec-le-premier-laboratoire-dia-generative-dirlande\/124115\/"]}]},{"@type":"BreadcrumbList","@id":"https:\/\/territorialchallenges.com\/2025\/03\/20\/dublin-a-la-pointe-de-linnovation-avec-le-premier-laboratoire-dia-generative-dirlande\/124115\/#breadcrumb","itemListElement":[{"@type":"ListItem","position":1,"name":"Home","item":"https:\/\/territorialchallenges.com\/"},{"@type":"ListItem","position":2,"name":"Dublin \u00e0 la pointe de l&rsquo;innovation avec le premier laboratoire d&rsquo;IA g\u00e9n\u00e9rative d&rsquo;Irlande"}]},{"@type":"WebSite","@id":"https:\/\/territorialchallenges.com\/#website","url":"https:\/\/territorialchallenges.com\/","name":"Desaf\u00edos territoriales","description":"Monitoreo Internacional - Estrategias Inteligentes - Mejores Pr\u00e1cticas","publisher":{"@id":"https:\/\/territorialchallenges.com\/#organization"},"potentialAction":[{"@type":"SearchAction","target":{"@type":"EntryPoint","urlTemplate":"https:\/\/territorialchallenges.com\/?s={search_term_string}"},"query-input":"required name=search_term_string"}],"inLanguage":"es"},{"@type":"Organization","@id":"https:\/\/territorialchallenges.com\/#organization","name":"Desaf\u00edos territoriales","url":"https:\/\/territorialchallenges.com\/","logo":{"@type":"ImageObject","inLanguage":"es","@id":"https:\/\/territorialchallenges.com\/#\/schema\/logo\/image\/","url":"https:\/\/territorialchallenges.com\/wp-content\/uploads\/2023\/10\/logo-1.png","contentUrl":"https:\/\/territorialchallenges.com\/wp-content\/uploads\/2023\/10\/logo-1.png","width":1832,"height":576,"caption":"Territorial Challenges"},"image":{"@id":"https:\/\/territorialchallenges.com\/#\/schema\/logo\/image\/"}},{"@type":"Person","@id":"https:\/\/territorialchallenges.com\/#\/schema\/person\/098f145c7c61a021c425e010f840080f","name":"ni.abdi","image":{"@type":"ImageObject","inLanguage":"es","@id":"https:\/\/territorialchallenges.com\/#\/schema\/person\/image\/","url":"https:\/\/secure.gravatar.com\/avatar\/2a2f2491f3c80039986ba989b1e4b510?s=96&d=identicon&r=g","contentUrl":"https:\/\/secure.gravatar.com\/avatar\/2a2f2491f3c80039986ba989b1e4b510?s=96&d=identicon&r=g","caption":"ni.abdi"},"sameAs":["https:\/\/twitter.com\/Ni.abdi"],"url":"https:\/\/territorialchallenges.com\/es\/author\/ni-abdi\/"}]}},"_links":{"self":[{"href":"https:\/\/territorialchallenges.com\/es\/wp-json\/wp\/v2\/posts\/124115"}],"collection":[{"href":"https:\/\/territorialchallenges.com\/es\/wp-json\/wp\/v2\/posts"}],"about":[{"href":"https:\/\/territorialchallenges.com\/es\/wp-json\/wp\/v2\/types\/post"}],"author":[{"embeddable":true,"href":"https:\/\/territorialchallenges.com\/es\/wp-json\/wp\/v2\/users\/11"}],"replies":[{"embeddable":true,"href":"https:\/\/territorialchallenges.com\/es\/wp-json\/wp\/v2\/comments?post=124115"}],"version-history":[{"count":1,"href":"https:\/\/territorialchallenges.com\/es\/wp-json\/wp\/v2\/posts\/124115\/revisions"}],"predecessor-version":[{"id":124117,"href":"https:\/\/territorialchallenges.com\/es\/wp-json\/wp\/v2\/posts\/124115\/revisions\/124117"}],"wp:featuredmedia":[{"embeddable":true,"href":"https:\/\/territorialchallenges.com\/es\/wp-json\/wp\/v2\/media\/124116"}],"wp:attachment":[{"href":"https:\/\/territorialchallenges.com\/es\/wp-json\/wp\/v2\/media?parent=124115"}],"wp:term":[{"taxonomy":"category","embeddable":true,"href":"https:\/\/territorialchallenges.com\/es\/wp-json\/wp\/v2\/categories?post=124115"},{"taxonomy":"post_tag","embeddable":true,"href":"https:\/\/territorialchallenges.com\/es\/wp-json\/wp\/v2\/tags?post=124115"}],"curies":[{"name":"gracias","href":"https:\/\/api.w.org\/{rel}","templated":true}]}}