{"id":124075,"date":"2025-03-11T10:10:39","date_gmt":"2025-03-11T09:10:39","guid":{"rendered":"https:\/\/territorialchallenges.com\/?p=124075"},"modified":"2025-03-11T10:10:40","modified_gmt":"2025-03-11T09:10:40","slug":"energie-enquete-sur-ladoption-de-nouvelles-technologies-par-les-services-aux-collectivites","status":"publish","type":"post","link":"https:\/\/territorialchallenges.com\/es\/2025\/03\/11\/energie-enquete-sur-ladoption-de-nouvelles-technologies-par-les-services-aux-collectivites\/124075\/","title":{"rendered":"Energ\u00eda: Encuesta sobre la adopci\u00f3n de nuevas tecnolog\u00edas por parte de los servicios comunitarios"},"content":{"rendered":"<p>Seg\u00fan una encuesta reciente de la consultora EY, los ejecutivos de servicios p\u00fablicos creen que la adopci\u00f3n de nuevas tecnolog\u00edas tendr\u00e1 el mayor impacto positivo en su sector energ\u00e9tico durante los pr\u00f3ximos cinco a\u00f1os. Este estudio destaca los desaf\u00edos y las oportunidades que enfrentan las empresas de servicios p\u00fablicos en\u2026 <\/p>\n<div class=\"pmpro_content_message\">Art\u00edculo disponible s\u00f3lo para suscriptores.<br \/><a href=\"https:\/\/territorialchallenges.com\/wp-login.php\">Acceso<\/a><br \/><a href=\"https:\/\/territorialchallenges.com\/es\/wp-login.php\/?action=register\">Registro<\/a><\/div>","protected":false},"excerpt":{"rendered":"<p>Selon une r\u00e9cente enqu\u00eate du cabinet de conseil EY, les dirigeants des services publics estiment que l&rsquo;adoption de nouvelles technologies aura l&rsquo;impact le plus positif sur leur secteur \u00e9nerg\u00e9tique au cours des cinq prochaines ann\u00e9es. Cette \u00e9tude met en lumi\u00e8re les d\u00e9fis et les opportunit\u00e9s auxquels font face les services aux collectivit\u00e9s dans un contexte... <\/p>\n<div class=\"pmpro_content_message\">Art\u00edculo disponible s\u00f3lo para suscriptores.<br \/><a href=\"https:\/\/territorialchallenges.com\/wp-login.php\">Acceso<\/a><br \/><a href=\"https:\/\/territorialchallenges.com\/es\/wp-login.php\/?action=register\">Registro<\/a><\/div>","protected":false},"author":11,"featured_media":124079,"comment_status":"closed","ping_status":"closed","sticky":true,"template":"","format":"standard","meta":{"pmpro_default_level":0,"footnotes":""},"categories":[18,124],"tags":[],"blocksy_meta":"","yoast_head":"<!-- This site is optimized with the Yoast SEO plugin v21.5 - https:\/\/yoast.com\/wordpress\/plugins\/seo\/ -->\n<title>Energie: enqu\u00eate sur l\u2019adoption de nouvelles technologies par les services aux collectivit\u00e9s - Territorial Challenges<\/title>\n<meta name=\"robots\" content=\"index, follow, max-snippet:-1, max-image-preview:large, max-video-preview:-1\" \/>\n<link rel=\"canonical\" href=\"https:\/\/territorialchallenges.com\/es\/2025\/03\/11\/energie-enquete-sur-ladoption-de-nouvelles-technologies-par-les-services-aux-collectivites\/124075\/\" \/>\n<meta property=\"og:locale\" content=\"es_ES\" \/>\n<meta property=\"og:type\" content=\"article\" \/>\n<meta property=\"og:title\" content=\"Energie: enqu\u00eate sur l\u2019adoption de nouvelles technologies par les services aux collectivit\u00e9s - Territorial Challenges\" \/>\n<meta property=\"og:description\" content=\"Selon une r\u00e9cente enqu\u00eate du cabinet de conseil EY, les dirigeants des services publics estiment que l&rsquo;adoption de nouvelles technologies aura l&rsquo;impact le plus positif sur leur secteur \u00e9nerg\u00e9tique au cours des cinq prochaines ann\u00e9es. Cette \u00e9tude met en lumi\u00e8re les d\u00e9fis et les opportunit\u00e9s auxquels font face les services aux collectivit\u00e9s dans un contexte [&hellip;]\" \/>\n<meta property=\"og:url\" content=\"https:\/\/territorialchallenges.com\/es\/2025\/03\/11\/energie-enquete-sur-ladoption-de-nouvelles-technologies-par-les-services-aux-collectivites\/124075\/\" \/>\n<meta property=\"og:site_name\" content=\"Territorial Challenges\" \/>\n<meta property=\"article:published_time\" content=\"2025-03-11T09:10:39+00:00\" \/>\n<meta property=\"article:modified_time\" content=\"2025-03-11T09:10:40+00:00\" \/>\n<meta property=\"og:image\" content=\"https:\/\/territorialchallenges.com\/wp-content\/uploads\/2025\/03\/transitionenergetiqueimage.jpg\" \/>\n\t<meta property=\"og:image:width\" content=\"1280\" \/>\n\t<meta property=\"og:image:height\" content=\"848\" \/>\n\t<meta property=\"og:image:type\" content=\"image\/jpeg\" \/>\n<meta name=\"author\" content=\"ni.abdi\" \/>\n<meta name=\"twitter:card\" content=\"summary_large_image\" \/>\n<meta name=\"twitter:creator\" content=\"@Ni.abdi\" \/>\n<meta name=\"twitter:label1\" content=\"Escrito por\" \/>\n\t<meta name=\"twitter:data1\" content=\"ni.abdi\" \/>\n\t<meta name=\"twitter:label2\" content=\"Tiempo de lectura\" \/>\n\t<meta name=\"twitter:data2\" content=\"3 minutos\" \/>\n<script type=\"application\/ld+json\" class=\"yoast-schema-graph\">{\"@context\":\"https:\/\/schema.org\",\"@graph\":[{\"@type\":\"Article\",\"@id\":\"https:\/\/territorialchallenges.com\/2025\/03\/11\/energie-enquete-sur-ladoption-de-nouvelles-technologies-par-les-services-aux-collectivites\/124075\/#article\",\"isPartOf\":{\"@id\":\"https:\/\/territorialchallenges.com\/2025\/03\/11\/energie-enquete-sur-ladoption-de-nouvelles-technologies-par-les-services-aux-collectivites\/124075\/\"},\"author\":{\"name\":\"ni.abdi\",\"@id\":\"https:\/\/territorialchallenges.com\/#\/schema\/person\/098f145c7c61a021c425e010f840080f\"},\"headline\":\"Energie: enqu\u00eate sur l\u2019adoption de nouvelles technologies par les services aux collectivit\u00e9s\",\"datePublished\":\"2025-03-11T09:10:39+00:00\",\"dateModified\":\"2025-03-11T09:10:40+00:00\",\"mainEntityOfPage\":{\"@id\":\"https:\/\/territorialchallenges.com\/2025\/03\/11\/energie-enquete-sur-ladoption-de-nouvelles-technologies-par-les-services-aux-collectivites\/124075\/\"},\"wordCount\":621,\"publisher\":{\"@id\":\"https:\/\/territorialchallenges.com\/#organization\"},\"articleSection\":[\"Transition \u00c9nerg\u00e9tique\",\"Actualit\u00e9 internationale\"],\"inLanguage\":\"es\"},{\"@type\":\"WebPage\",\"@id\":\"https:\/\/territorialchallenges.com\/2025\/03\/11\/energie-enquete-sur-ladoption-de-nouvelles-technologies-par-les-services-aux-collectivites\/124075\/\",\"url\":\"https:\/\/territorialchallenges.com\/2025\/03\/11\/energie-enquete-sur-ladoption-de-nouvelles-technologies-par-les-services-aux-collectivites\/124075\/\",\"name\":\"Energie: enqu\u00eate sur l\u2019adoption de nouvelles technologies par les services aux collectivit\u00e9s - Territorial Challenges\",\"isPartOf\":{\"@id\":\"https:\/\/territorialchallenges.com\/#website\"},\"datePublished\":\"2025-03-11T09:10:39+00:00\",\"dateModified\":\"2025-03-11T09:10:40+00:00\",\"breadcrumb\":{\"@id\":\"https:\/\/territorialchallenges.com\/2025\/03\/11\/energie-enquete-sur-ladoption-de-nouvelles-technologies-par-les-services-aux-collectivites\/124075\/#breadcrumb\"},\"inLanguage\":\"es\",\"potentialAction\":[{\"@type\":\"ReadAction\",\"target\":[\"https:\/\/territorialchallenges.com\/2025\/03\/11\/energie-enquete-sur-ladoption-de-nouvelles-technologies-par-les-services-aux-collectivites\/124075\/\"]}]},{\"@type\":\"BreadcrumbList\",\"@id\":\"https:\/\/territorialchallenges.com\/2025\/03\/11\/energie-enquete-sur-ladoption-de-nouvelles-technologies-par-les-services-aux-collectivites\/124075\/#breadcrumb\",\"itemListElement\":[{\"@type\":\"ListItem\",\"position\":1,\"name\":\"Home\",\"item\":\"https:\/\/territorialchallenges.com\/\"},{\"@type\":\"ListItem\",\"position\":2,\"name\":\"Energie: enqu\u00eate sur l\u2019adoption de nouvelles technologies par les services aux collectivit\u00e9s\"}]},{\"@type\":\"WebSite\",\"@id\":\"https:\/\/territorialchallenges.com\/#website\",\"url\":\"https:\/\/territorialchallenges.com\/\",\"name\":\"Territorial Challenges\",\"description\":\"Veille Internationale - Strat\u00e9gie Intelligentes - Bonnes pratiques\",\"publisher\":{\"@id\":\"https:\/\/territorialchallenges.com\/#organization\"},\"potentialAction\":[{\"@type\":\"SearchAction\",\"target\":{\"@type\":\"EntryPoint\",\"urlTemplate\":\"https:\/\/territorialchallenges.com\/?s={search_term_string}\"},\"query-input\":\"required name=search_term_string\"}],\"inLanguage\":\"es\"},{\"@type\":\"Organization\",\"@id\":\"https:\/\/territorialchallenges.com\/#organization\",\"name\":\"Territorial Challenges\",\"url\":\"https:\/\/territorialchallenges.com\/\",\"logo\":{\"@type\":\"ImageObject\",\"inLanguage\":\"es\",\"@id\":\"https:\/\/territorialchallenges.com\/#\/schema\/logo\/image\/\",\"url\":\"https:\/\/territorialchallenges.com\/wp-content\/uploads\/2023\/10\/logo-1.png\",\"contentUrl\":\"https:\/\/territorialchallenges.com\/wp-content\/uploads\/2023\/10\/logo-1.png\",\"width\":1832,\"height\":576,\"caption\":\"Territorial Challenges\"},\"image\":{\"@id\":\"https:\/\/territorialchallenges.com\/#\/schema\/logo\/image\/\"}},{\"@type\":\"Person\",\"@id\":\"https:\/\/territorialchallenges.com\/#\/schema\/person\/098f145c7c61a021c425e010f840080f\",\"name\":\"ni.abdi\",\"image\":{\"@type\":\"ImageObject\",\"inLanguage\":\"es\",\"@id\":\"https:\/\/territorialchallenges.com\/#\/schema\/person\/image\/\",\"url\":\"https:\/\/secure.gravatar.com\/avatar\/2a2f2491f3c80039986ba989b1e4b510?s=96&d=identicon&r=g\",\"contentUrl\":\"https:\/\/secure.gravatar.com\/avatar\/2a2f2491f3c80039986ba989b1e4b510?s=96&d=identicon&r=g\",\"caption\":\"ni.abdi\"},\"sameAs\":[\"https:\/\/twitter.com\/Ni.abdi\"],\"url\":\"https:\/\/territorialchallenges.com\/es\/author\/ni-abdi\/\"}]}<\/script>\n<!-- \/ Yoast SEO plugin. -->","yoast_head_json":{"title":"Energie: enqu\u00eate sur l\u2019adoption de nouvelles technologies par les services aux collectivit\u00e9s - Territorial Challenges","robots":{"index":"index","follow":"follow","max-snippet":"max-snippet:-1","max-image-preview":"max-image-preview:large","max-video-preview":"max-video-preview:-1"},"canonical":"https:\/\/territorialchallenges.com\/es\/2025\/03\/11\/energie-enquete-sur-ladoption-de-nouvelles-technologies-par-les-services-aux-collectivites\/124075\/","og_locale":"es_ES","og_type":"article","og_title":"Energie: enqu\u00eate sur l\u2019adoption de nouvelles technologies par les services aux collectivit\u00e9s - Territorial Challenges","og_description":"Selon une r\u00e9cente enqu\u00eate du cabinet de conseil EY, les dirigeants des services publics estiment que l&rsquo;adoption de nouvelles technologies aura l&rsquo;impact le plus positif sur leur secteur \u00e9nerg\u00e9tique au cours des cinq prochaines ann\u00e9es. Cette \u00e9tude met en lumi\u00e8re les d\u00e9fis et les opportunit\u00e9s auxquels font face les services aux collectivit\u00e9s dans un contexte [&hellip;]","og_url":"https:\/\/territorialchallenges.com\/es\/2025\/03\/11\/energie-enquete-sur-ladoption-de-nouvelles-technologies-par-les-services-aux-collectivites\/124075\/","og_site_name":"Territorial Challenges","article_published_time":"2025-03-11T09:10:39+00:00","article_modified_time":"2025-03-11T09:10:40+00:00","og_image":[{"width":1280,"height":848,"url":"https:\/\/territorialchallenges.com\/wp-content\/uploads\/2025\/03\/transitionenergetiqueimage.jpg","type":"image\/jpeg"}],"author":"ni.abdi","twitter_card":"summary_large_image","twitter_creator":"@Ni.abdi","twitter_misc":{"Escrito por":"ni.abdi","Tiempo de lectura":"3 minutos"},"schema":{"@context":"https:\/\/schema.org","@graph":[{"@type":"Article","@id":"https:\/\/territorialchallenges.com\/2025\/03\/11\/energie-enquete-sur-ladoption-de-nouvelles-technologies-par-les-services-aux-collectivites\/124075\/#article","isPartOf":{"@id":"https:\/\/territorialchallenges.com\/2025\/03\/11\/energie-enquete-sur-ladoption-de-nouvelles-technologies-par-les-services-aux-collectivites\/124075\/"},"author":{"name":"ni.abdi","@id":"https:\/\/territorialchallenges.com\/#\/schema\/person\/098f145c7c61a021c425e010f840080f"},"headline":"Energie: enqu\u00eate sur l\u2019adoption de nouvelles technologies par les services aux collectivit\u00e9s","datePublished":"2025-03-11T09:10:39+00:00","dateModified":"2025-03-11T09:10:40+00:00","mainEntityOfPage":{"@id":"https:\/\/territorialchallenges.com\/2025\/03\/11\/energie-enquete-sur-ladoption-de-nouvelles-technologies-par-les-services-aux-collectivites\/124075\/"},"wordCount":621,"publisher":{"@id":"https:\/\/territorialchallenges.com\/#organization"},"articleSection":["Transition \u00c9nerg\u00e9tique","Actualit\u00e9 internationale"],"inLanguage":"es"},{"@type":"WebPage","@id":"https:\/\/territorialchallenges.com\/2025\/03\/11\/energie-enquete-sur-ladoption-de-nouvelles-technologies-par-les-services-aux-collectivites\/124075\/","url":"https:\/\/territorialchallenges.com\/2025\/03\/11\/energie-enquete-sur-ladoption-de-nouvelles-technologies-par-les-services-aux-collectivites\/124075\/","name":"Energie: enqu\u00eate sur l\u2019adoption de nouvelles technologies par les services aux collectivit\u00e9s - Territorial Challenges","isPartOf":{"@id":"https:\/\/territorialchallenges.com\/#website"},"datePublished":"2025-03-11T09:10:39+00:00","dateModified":"2025-03-11T09:10:40+00:00","breadcrumb":{"@id":"https:\/\/territorialchallenges.com\/2025\/03\/11\/energie-enquete-sur-ladoption-de-nouvelles-technologies-par-les-services-aux-collectivites\/124075\/#breadcrumb"},"inLanguage":"es","potentialAction":[{"@type":"ReadAction","target":["https:\/\/territorialchallenges.com\/2025\/03\/11\/energie-enquete-sur-ladoption-de-nouvelles-technologies-par-les-services-aux-collectivites\/124075\/"]}]},{"@type":"BreadcrumbList","@id":"https:\/\/territorialchallenges.com\/2025\/03\/11\/energie-enquete-sur-ladoption-de-nouvelles-technologies-par-les-services-aux-collectivites\/124075\/#breadcrumb","itemListElement":[{"@type":"ListItem","position":1,"name":"Home","item":"https:\/\/territorialchallenges.com\/"},{"@type":"ListItem","position":2,"name":"Energie: enqu\u00eate sur l\u2019adoption de nouvelles technologies par les services aux collectivit\u00e9s"}]},{"@type":"WebSite","@id":"https:\/\/territorialchallenges.com\/#website","url":"https:\/\/territorialchallenges.com\/","name":"Desaf\u00edos territoriales","description":"Monitoreo Internacional - Estrategias Inteligentes - Mejores Pr\u00e1cticas","publisher":{"@id":"https:\/\/territorialchallenges.com\/#organization"},"potentialAction":[{"@type":"SearchAction","target":{"@type":"EntryPoint","urlTemplate":"https:\/\/territorialchallenges.com\/?s={search_term_string}"},"query-input":"required name=search_term_string"}],"inLanguage":"es"},{"@type":"Organization","@id":"https:\/\/territorialchallenges.com\/#organization","name":"Desaf\u00edos territoriales","url":"https:\/\/territorialchallenges.com\/","logo":{"@type":"ImageObject","inLanguage":"es","@id":"https:\/\/territorialchallenges.com\/#\/schema\/logo\/image\/","url":"https:\/\/territorialchallenges.com\/wp-content\/uploads\/2023\/10\/logo-1.png","contentUrl":"https:\/\/territorialchallenges.com\/wp-content\/uploads\/2023\/10\/logo-1.png","width":1832,"height":576,"caption":"Territorial Challenges"},"image":{"@id":"https:\/\/territorialchallenges.com\/#\/schema\/logo\/image\/"}},{"@type":"Person","@id":"https:\/\/territorialchallenges.com\/#\/schema\/person\/098f145c7c61a021c425e010f840080f","name":"ni.abdi","image":{"@type":"ImageObject","inLanguage":"es","@id":"https:\/\/territorialchallenges.com\/#\/schema\/person\/image\/","url":"https:\/\/secure.gravatar.com\/avatar\/2a2f2491f3c80039986ba989b1e4b510?s=96&d=identicon&r=g","contentUrl":"https:\/\/secure.gravatar.com\/avatar\/2a2f2491f3c80039986ba989b1e4b510?s=96&d=identicon&r=g","caption":"ni.abdi"},"sameAs":["https:\/\/twitter.com\/Ni.abdi"],"url":"https:\/\/territorialchallenges.com\/es\/author\/ni-abdi\/"}]}},"_links":{"self":[{"href":"https:\/\/territorialchallenges.com\/es\/wp-json\/wp\/v2\/posts\/124075"}],"collection":[{"href":"https:\/\/territorialchallenges.com\/es\/wp-json\/wp\/v2\/posts"}],"about":[{"href":"https:\/\/territorialchallenges.com\/es\/wp-json\/wp\/v2\/types\/post"}],"author":[{"embeddable":true,"href":"https:\/\/territorialchallenges.com\/es\/wp-json\/wp\/v2\/users\/11"}],"replies":[{"embeddable":true,"href":"https:\/\/territorialchallenges.com\/es\/wp-json\/wp\/v2\/comments?post=124075"}],"version-history":[{"count":1,"href":"https:\/\/territorialchallenges.com\/es\/wp-json\/wp\/v2\/posts\/124075\/revisions"}],"predecessor-version":[{"id":124080,"href":"https:\/\/territorialchallenges.com\/es\/wp-json\/wp\/v2\/posts\/124075\/revisions\/124080"}],"wp:featuredmedia":[{"embeddable":true,"href":"https:\/\/territorialchallenges.com\/es\/wp-json\/wp\/v2\/media\/124079"}],"wp:attachment":[{"href":"https:\/\/territorialchallenges.com\/es\/wp-json\/wp\/v2\/media?parent=124075"}],"wp:term":[{"taxonomy":"category","embeddable":true,"href":"https:\/\/territorialchallenges.com\/es\/wp-json\/wp\/v2\/categories?post=124075"},{"taxonomy":"post_tag","embeddable":true,"href":"https:\/\/territorialchallenges.com\/es\/wp-json\/wp\/v2\/tags?post=124075"}],"curies":[{"name":"gracias","href":"https:\/\/api.w.org\/{rel}","templated":true}]}}