{"id":124072,"date":"2025-03-11T09:58:41","date_gmt":"2025-03-11T08:58:41","guid":{"rendered":"https:\/\/territorialchallenges.com\/?p=124072"},"modified":"2025-03-11T09:58:42","modified_gmt":"2025-03-11T08:58:42","slug":"allemagne-la-baviere-pose-les-jalons-du-developpement-de-la-quantum-valley-de-munich","status":"publish","type":"post","link":"https:\/\/territorialchallenges.com\/es\/2025\/03\/11\/allemagne-la-baviere-pose-les-jalons-du-developpement-de-la-quantum-valley-de-munich\/124072\/","title":{"rendered":"Alemania: Baviera sienta las bases para el desarrollo del Quantum Valley de M\u00fanich"},"content":{"rendered":"<p>El 11 de febrero de 2025, el gobierno de Baviera, el estado m\u00e1s grande del estado federado, reafirm\u00f3 su compromiso con Munich Quantum Valley (MQV), lo que marca un paso decisivo en la expansi\u00f3n de esta iniciativa emblem\u00e1tica. Esta decisi\u00f3n busca desarrollar y operar computadoras cu\u00e1nticas de vanguardia para aplicaciones reales, en colaboraci\u00f3n con\u2026 <\/p>\n<div class=\"pmpro_content_message\">Art\u00edculo disponible s\u00f3lo para suscriptores.<br \/><a href=\"https:\/\/territorialchallenges.com\/wp-login.php\">Acceso<\/a><br \/><a href=\"https:\/\/territorialchallenges.com\/es\/wp-login.php\/?action=register\">Registro<\/a><\/div>","protected":false},"excerpt":{"rendered":"<p>Le 11 f\u00e9vrier 2025, le gouvernement du land de Bavi\u00e8re, le plus vaste de l&rsquo;Etat f\u00e9d\u00e9ral, a r\u00e9affirm\u00e9 son engagement envers la Munich Quantum Valley (MQV), marquant une \u00e9tape audacieuse dans l&rsquo;expansion de cette initiative phare. Cette d\u00e9cision vise \u00e0 d\u00e9velopper et exploiter des ordinateurs quantiques de pointe pour des applications r\u00e9elles, en collaboration avec... <\/p>\n<div class=\"pmpro_content_message\">Art\u00edculo disponible s\u00f3lo para suscriptores.<br \/><a href=\"https:\/\/territorialchallenges.com\/wp-login.php\">Acceso<\/a><br \/><a href=\"https:\/\/territorialchallenges.com\/es\/wp-login.php\/?action=register\">Registro<\/a><\/div>","protected":false},"author":11,"featured_media":124073,"comment_status":"closed","ping_status":"closed","sticky":true,"template":"","format":"standard","meta":{"pmpro_default_level":0,"footnotes":""},"categories":[17,127],"tags":[],"blocksy_meta":"","yoast_head":"<!-- This site is optimized with the Yoast SEO plugin v21.5 - https:\/\/yoast.com\/wordpress\/plugins\/seo\/ -->\n<title>Allemagne: la Bavi\u00e8re pose les jalons du d\u00e9veloppement de la Quantum Valley de Munich - Territorial Challenges<\/title>\n<meta name=\"robots\" content=\"index, follow, max-snippet:-1, max-image-preview:large, max-video-preview:-1\" \/>\n<link rel=\"canonical\" href=\"https:\/\/territorialchallenges.com\/es\/2025\/03\/11\/allemagne-la-baviere-pose-les-jalons-du-developpement-de-la-quantum-valley-de-munich\/124072\/\" \/>\n<meta property=\"og:locale\" content=\"es_ES\" \/>\n<meta property=\"og:type\" content=\"article\" \/>\n<meta property=\"og:title\" content=\"Allemagne: la Bavi\u00e8re pose les jalons du d\u00e9veloppement de la Quantum Valley de Munich - Territorial Challenges\" \/>\n<meta property=\"og:description\" content=\"Le 11 f\u00e9vrier 2025, le gouvernement du land de Bavi\u00e8re, le plus vaste de l&rsquo;Etat f\u00e9d\u00e9ral, a r\u00e9affirm\u00e9 son engagement envers la Munich Quantum Valley (MQV), marquant une \u00e9tape audacieuse dans l&rsquo;expansion de cette initiative phare. Cette d\u00e9cision vise \u00e0 d\u00e9velopper et exploiter des ordinateurs quantiques de pointe pour des applications r\u00e9elles, en collaboration avec [&hellip;]\" \/>\n<meta property=\"og:url\" content=\"https:\/\/territorialchallenges.com\/es\/2025\/03\/11\/allemagne-la-baviere-pose-les-jalons-du-developpement-de-la-quantum-valley-de-munich\/124072\/\" \/>\n<meta property=\"og:site_name\" content=\"Territorial Challenges\" \/>\n<meta property=\"article:published_time\" content=\"2025-03-11T08:58:41+00:00\" \/>\n<meta property=\"article:modified_time\" content=\"2025-03-11T08:58:42+00:00\" \/>\n<meta property=\"og:image\" content=\"https:\/\/territorialchallenges.com\/wp-content\/uploads\/2025\/03\/industry4.0munich.jpg\" \/>\n\t<meta property=\"og:image:width\" content=\"1280\" \/>\n\t<meta property=\"og:image:height\" content=\"853\" \/>\n\t<meta property=\"og:image:type\" content=\"image\/jpeg\" \/>\n<meta name=\"author\" content=\"ni.abdi\" \/>\n<meta name=\"twitter:card\" content=\"summary_large_image\" \/>\n<meta name=\"twitter:creator\" content=\"@Ni.abdi\" \/>\n<meta name=\"twitter:label1\" content=\"Escrito por\" \/>\n\t<meta name=\"twitter:data1\" content=\"ni.abdi\" \/>\n\t<meta name=\"twitter:label2\" content=\"Tiempo de lectura\" \/>\n\t<meta name=\"twitter:data2\" content=\"3 minutos\" \/>\n<script type=\"application\/ld+json\" class=\"yoast-schema-graph\">{\"@context\":\"https:\/\/schema.org\",\"@graph\":[{\"@type\":\"Article\",\"@id\":\"https:\/\/territorialchallenges.com\/2025\/03\/11\/allemagne-la-baviere-pose-les-jalons-du-developpement-de-la-quantum-valley-de-munich\/124072\/#article\",\"isPartOf\":{\"@id\":\"https:\/\/territorialchallenges.com\/2025\/03\/11\/allemagne-la-baviere-pose-les-jalons-du-developpement-de-la-quantum-valley-de-munich\/124072\/\"},\"author\":{\"name\":\"ni.abdi\",\"@id\":\"https:\/\/territorialchallenges.com\/#\/schema\/person\/098f145c7c61a021c425e010f840080f\"},\"headline\":\"Allemagne: la Bavi\u00e8re pose les jalons du d\u00e9veloppement de la Quantum Valley de Munich\",\"datePublished\":\"2025-03-11T08:58:41+00:00\",\"dateModified\":\"2025-03-11T08:58:42+00:00\",\"mainEntityOfPage\":{\"@id\":\"https:\/\/territorialchallenges.com\/2025\/03\/11\/allemagne-la-baviere-pose-les-jalons-du-developpement-de-la-quantum-valley-de-munich\/124072\/\"},\"wordCount\":547,\"publisher\":{\"@id\":\"https:\/\/territorialchallenges.com\/#organization\"},\"articleSection\":[\"Industrie 5.0\",\"Actualit\u00e9 Europe\"],\"inLanguage\":\"es\"},{\"@type\":\"WebPage\",\"@id\":\"https:\/\/territorialchallenges.com\/2025\/03\/11\/allemagne-la-baviere-pose-les-jalons-du-developpement-de-la-quantum-valley-de-munich\/124072\/\",\"url\":\"https:\/\/territorialchallenges.com\/2025\/03\/11\/allemagne-la-baviere-pose-les-jalons-du-developpement-de-la-quantum-valley-de-munich\/124072\/\",\"name\":\"Allemagne: la Bavi\u00e8re pose les jalons du d\u00e9veloppement de la Quantum Valley de Munich - Territorial Challenges\",\"isPartOf\":{\"@id\":\"https:\/\/territorialchallenges.com\/#website\"},\"datePublished\":\"2025-03-11T08:58:41+00:00\",\"dateModified\":\"2025-03-11T08:58:42+00:00\",\"breadcrumb\":{\"@id\":\"https:\/\/territorialchallenges.com\/2025\/03\/11\/allemagne-la-baviere-pose-les-jalons-du-developpement-de-la-quantum-valley-de-munich\/124072\/#breadcrumb\"},\"inLanguage\":\"es\",\"potentialAction\":[{\"@type\":\"ReadAction\",\"target\":[\"https:\/\/territorialchallenges.com\/2025\/03\/11\/allemagne-la-baviere-pose-les-jalons-du-developpement-de-la-quantum-valley-de-munich\/124072\/\"]}]},{\"@type\":\"BreadcrumbList\",\"@id\":\"https:\/\/territorialchallenges.com\/2025\/03\/11\/allemagne-la-baviere-pose-les-jalons-du-developpement-de-la-quantum-valley-de-munich\/124072\/#breadcrumb\",\"itemListElement\":[{\"@type\":\"ListItem\",\"position\":1,\"name\":\"Home\",\"item\":\"https:\/\/territorialchallenges.com\/\"},{\"@type\":\"ListItem\",\"position\":2,\"name\":\"Allemagne: la Bavi\u00e8re pose les jalons du d\u00e9veloppement de la Quantum Valley de Munich\"}]},{\"@type\":\"WebSite\",\"@id\":\"https:\/\/territorialchallenges.com\/#website\",\"url\":\"https:\/\/territorialchallenges.com\/\",\"name\":\"Territorial Challenges\",\"description\":\"Veille Internationale - Strat\u00e9gie Intelligentes - Bonnes pratiques\",\"publisher\":{\"@id\":\"https:\/\/territorialchallenges.com\/#organization\"},\"potentialAction\":[{\"@type\":\"SearchAction\",\"target\":{\"@type\":\"EntryPoint\",\"urlTemplate\":\"https:\/\/territorialchallenges.com\/?s={search_term_string}\"},\"query-input\":\"required name=search_term_string\"}],\"inLanguage\":\"es\"},{\"@type\":\"Organization\",\"@id\":\"https:\/\/territorialchallenges.com\/#organization\",\"name\":\"Territorial Challenges\",\"url\":\"https:\/\/territorialchallenges.com\/\",\"logo\":{\"@type\":\"ImageObject\",\"inLanguage\":\"es\",\"@id\":\"https:\/\/territorialchallenges.com\/#\/schema\/logo\/image\/\",\"url\":\"https:\/\/territorialchallenges.com\/wp-content\/uploads\/2023\/10\/logo-1.png\",\"contentUrl\":\"https:\/\/territorialchallenges.com\/wp-content\/uploads\/2023\/10\/logo-1.png\",\"width\":1832,\"height\":576,\"caption\":\"Territorial Challenges\"},\"image\":{\"@id\":\"https:\/\/territorialchallenges.com\/#\/schema\/logo\/image\/\"}},{\"@type\":\"Person\",\"@id\":\"https:\/\/territorialchallenges.com\/#\/schema\/person\/098f145c7c61a021c425e010f840080f\",\"name\":\"ni.abdi\",\"image\":{\"@type\":\"ImageObject\",\"inLanguage\":\"es\",\"@id\":\"https:\/\/territorialchallenges.com\/#\/schema\/person\/image\/\",\"url\":\"https:\/\/secure.gravatar.com\/avatar\/2a2f2491f3c80039986ba989b1e4b510?s=96&d=identicon&r=g\",\"contentUrl\":\"https:\/\/secure.gravatar.com\/avatar\/2a2f2491f3c80039986ba989b1e4b510?s=96&d=identicon&r=g\",\"caption\":\"ni.abdi\"},\"sameAs\":[\"https:\/\/twitter.com\/Ni.abdi\"],\"url\":\"https:\/\/territorialchallenges.com\/es\/author\/ni-abdi\/\"}]}<\/script>\n<!-- \/ Yoast SEO plugin. -->","yoast_head_json":{"title":"Allemagne: la Bavi\u00e8re pose les jalons du d\u00e9veloppement de la Quantum Valley de Munich - Territorial Challenges","robots":{"index":"index","follow":"follow","max-snippet":"max-snippet:-1","max-image-preview":"max-image-preview:large","max-video-preview":"max-video-preview:-1"},"canonical":"https:\/\/territorialchallenges.com\/es\/2025\/03\/11\/allemagne-la-baviere-pose-les-jalons-du-developpement-de-la-quantum-valley-de-munich\/124072\/","og_locale":"es_ES","og_type":"article","og_title":"Allemagne: la Bavi\u00e8re pose les jalons du d\u00e9veloppement de la Quantum Valley de Munich - Territorial Challenges","og_description":"Le 11 f\u00e9vrier 2025, le gouvernement du land de Bavi\u00e8re, le plus vaste de l&rsquo;Etat f\u00e9d\u00e9ral, a r\u00e9affirm\u00e9 son engagement envers la Munich Quantum Valley (MQV), marquant une \u00e9tape audacieuse dans l&rsquo;expansion de cette initiative phare. Cette d\u00e9cision vise \u00e0 d\u00e9velopper et exploiter des ordinateurs quantiques de pointe pour des applications r\u00e9elles, en collaboration avec [&hellip;]","og_url":"https:\/\/territorialchallenges.com\/es\/2025\/03\/11\/allemagne-la-baviere-pose-les-jalons-du-developpement-de-la-quantum-valley-de-munich\/124072\/","og_site_name":"Territorial Challenges","article_published_time":"2025-03-11T08:58:41+00:00","article_modified_time":"2025-03-11T08:58:42+00:00","og_image":[{"width":1280,"height":853,"url":"https:\/\/territorialchallenges.com\/wp-content\/uploads\/2025\/03\/industry4.0munich.jpg","type":"image\/jpeg"}],"author":"ni.abdi","twitter_card":"summary_large_image","twitter_creator":"@Ni.abdi","twitter_misc":{"Escrito por":"ni.abdi","Tiempo de lectura":"3 minutos"},"schema":{"@context":"https:\/\/schema.org","@graph":[{"@type":"Article","@id":"https:\/\/territorialchallenges.com\/2025\/03\/11\/allemagne-la-baviere-pose-les-jalons-du-developpement-de-la-quantum-valley-de-munich\/124072\/#article","isPartOf":{"@id":"https:\/\/territorialchallenges.com\/2025\/03\/11\/allemagne-la-baviere-pose-les-jalons-du-developpement-de-la-quantum-valley-de-munich\/124072\/"},"author":{"name":"ni.abdi","@id":"https:\/\/territorialchallenges.com\/#\/schema\/person\/098f145c7c61a021c425e010f840080f"},"headline":"Allemagne: la Bavi\u00e8re pose les jalons du d\u00e9veloppement de la Quantum Valley de Munich","datePublished":"2025-03-11T08:58:41+00:00","dateModified":"2025-03-11T08:58:42+00:00","mainEntityOfPage":{"@id":"https:\/\/territorialchallenges.com\/2025\/03\/11\/allemagne-la-baviere-pose-les-jalons-du-developpement-de-la-quantum-valley-de-munich\/124072\/"},"wordCount":547,"publisher":{"@id":"https:\/\/territorialchallenges.com\/#organization"},"articleSection":["Industrie 5.0","Actualit\u00e9 Europe"],"inLanguage":"es"},{"@type":"WebPage","@id":"https:\/\/territorialchallenges.com\/2025\/03\/11\/allemagne-la-baviere-pose-les-jalons-du-developpement-de-la-quantum-valley-de-munich\/124072\/","url":"https:\/\/territorialchallenges.com\/2025\/03\/11\/allemagne-la-baviere-pose-les-jalons-du-developpement-de-la-quantum-valley-de-munich\/124072\/","name":"Allemagne: la Bavi\u00e8re pose les jalons du d\u00e9veloppement de la Quantum Valley de Munich - Territorial Challenges","isPartOf":{"@id":"https:\/\/territorialchallenges.com\/#website"},"datePublished":"2025-03-11T08:58:41+00:00","dateModified":"2025-03-11T08:58:42+00:00","breadcrumb":{"@id":"https:\/\/territorialchallenges.com\/2025\/03\/11\/allemagne-la-baviere-pose-les-jalons-du-developpement-de-la-quantum-valley-de-munich\/124072\/#breadcrumb"},"inLanguage":"es","potentialAction":[{"@type":"ReadAction","target":["https:\/\/territorialchallenges.com\/2025\/03\/11\/allemagne-la-baviere-pose-les-jalons-du-developpement-de-la-quantum-valley-de-munich\/124072\/"]}]},{"@type":"BreadcrumbList","@id":"https:\/\/territorialchallenges.com\/2025\/03\/11\/allemagne-la-baviere-pose-les-jalons-du-developpement-de-la-quantum-valley-de-munich\/124072\/#breadcrumb","itemListElement":[{"@type":"ListItem","position":1,"name":"Home","item":"https:\/\/territorialchallenges.com\/"},{"@type":"ListItem","position":2,"name":"Allemagne: la Bavi\u00e8re pose les jalons du d\u00e9veloppement de la Quantum Valley de Munich"}]},{"@type":"WebSite","@id":"https:\/\/territorialchallenges.com\/#website","url":"https:\/\/territorialchallenges.com\/","name":"Desaf\u00edos territoriales","description":"Monitoreo Internacional - Estrategias Inteligentes - Mejores Pr\u00e1cticas","publisher":{"@id":"https:\/\/territorialchallenges.com\/#organization"},"potentialAction":[{"@type":"SearchAction","target":{"@type":"EntryPoint","urlTemplate":"https:\/\/territorialchallenges.com\/?s={search_term_string}"},"query-input":"required name=search_term_string"}],"inLanguage":"es"},{"@type":"Organization","@id":"https:\/\/territorialchallenges.com\/#organization","name":"Desaf\u00edos territoriales","url":"https:\/\/territorialchallenges.com\/","logo":{"@type":"ImageObject","inLanguage":"es","@id":"https:\/\/territorialchallenges.com\/#\/schema\/logo\/image\/","url":"https:\/\/territorialchallenges.com\/wp-content\/uploads\/2023\/10\/logo-1.png","contentUrl":"https:\/\/territorialchallenges.com\/wp-content\/uploads\/2023\/10\/logo-1.png","width":1832,"height":576,"caption":"Territorial Challenges"},"image":{"@id":"https:\/\/territorialchallenges.com\/#\/schema\/logo\/image\/"}},{"@type":"Person","@id":"https:\/\/territorialchallenges.com\/#\/schema\/person\/098f145c7c61a021c425e010f840080f","name":"ni.abdi","image":{"@type":"ImageObject","inLanguage":"es","@id":"https:\/\/territorialchallenges.com\/#\/schema\/person\/image\/","url":"https:\/\/secure.gravatar.com\/avatar\/2a2f2491f3c80039986ba989b1e4b510?s=96&d=identicon&r=g","contentUrl":"https:\/\/secure.gravatar.com\/avatar\/2a2f2491f3c80039986ba989b1e4b510?s=96&d=identicon&r=g","caption":"ni.abdi"},"sameAs":["https:\/\/twitter.com\/Ni.abdi"],"url":"https:\/\/territorialchallenges.com\/es\/author\/ni-abdi\/"}]}},"_links":{"self":[{"href":"https:\/\/territorialchallenges.com\/es\/wp-json\/wp\/v2\/posts\/124072"}],"collection":[{"href":"https:\/\/territorialchallenges.com\/es\/wp-json\/wp\/v2\/posts"}],"about":[{"href":"https:\/\/territorialchallenges.com\/es\/wp-json\/wp\/v2\/types\/post"}],"author":[{"embeddable":true,"href":"https:\/\/territorialchallenges.com\/es\/wp-json\/wp\/v2\/users\/11"}],"replies":[{"embeddable":true,"href":"https:\/\/territorialchallenges.com\/es\/wp-json\/wp\/v2\/comments?post=124072"}],"version-history":[{"count":1,"href":"https:\/\/territorialchallenges.com\/es\/wp-json\/wp\/v2\/posts\/124072\/revisions"}],"predecessor-version":[{"id":124074,"href":"https:\/\/territorialchallenges.com\/es\/wp-json\/wp\/v2\/posts\/124072\/revisions\/124074"}],"wp:featuredmedia":[{"embeddable":true,"href":"https:\/\/territorialchallenges.com\/es\/wp-json\/wp\/v2\/media\/124073"}],"wp:attachment":[{"href":"https:\/\/territorialchallenges.com\/es\/wp-json\/wp\/v2\/media?parent=124072"}],"wp:term":[{"taxonomy":"category","embeddable":true,"href":"https:\/\/territorialchallenges.com\/es\/wp-json\/wp\/v2\/categories?post=124072"},{"taxonomy":"post_tag","embeddable":true,"href":"https:\/\/territorialchallenges.com\/es\/wp-json\/wp\/v2\/tags?post=124072"}],"curies":[{"name":"gracias","href":"https:\/\/api.w.org\/{rel}","templated":true}]}}