{"id":124007,"date":"2025-02-25T21:51:38","date_gmt":"2025-02-25T20:51:38","guid":{"rendered":"https:\/\/territorialchallenges.com\/?p=124007"},"modified":"2025-02-25T21:51:39","modified_gmt":"2025-02-25T20:51:39","slug":"les-collectivites-territoriales-europeennes-a-lheure-des-choix-numeriques-resister-ou-subir","status":"publish","type":"post","link":"https:\/\/territorialchallenges.com\/es\/2025\/02\/25\/les-collectivites-territoriales-europeennes-a-lheure-des-choix-numeriques-resister-ou-subir\/124007\/","title":{"rendered":"Autoridades locales europeas en la era de las opciones digitales: \u00bfresistir o sufrir?"},"content":{"rendered":"<p>Las autoridades locales europeas se encuentran en una encrucijada estrat\u00e9gica. Ante la influencia de los gigantes digitales estadounidenses, a menudo respaldados por visiones pol\u00edticas libertarias, deben elegir entre someterse o recuperar el control de su soberan\u00eda digital. El ejemplo de Pays Tarusate, una comunidad de comunas de las Landas, que abandon\u00f3 Facebook tras unas declaraciones controvertidas... <\/p>\n<div class=\"pmpro_content_message\">Art\u00edculo disponible s\u00f3lo para suscriptores.<br \/><a href=\"https:\/\/territorialchallenges.com\/wp-login.php\">Acceso<\/a><br \/><a href=\"https:\/\/territorialchallenges.com\/es\/wp-login.php\/?action=register\">Registro<\/a><\/div>","protected":false},"excerpt":{"rendered":"<p>Les collectivit\u00e9s territoriales europ\u00e9ennes se trouvent \u00e0 un tournant strat\u00e9gique. Face \u00e0 l\u2019emprise des g\u00e9ants am\u00e9ricains du num\u00e9rique, souvent adoss\u00e9s \u00e0 des visions politiques libertariennes, elles doivent choisir entre subir ou reprendre le contr\u00f4le de leur souverainet\u00e9 num\u00e9rique. L\u2019exemple du Pays tarusate, communaut\u00e9 de communes des Landes, qui a quitt\u00e9 Facebook apr\u00e8s les d\u00e9clarations pol\u00e9miques... <\/p>\n<div class=\"pmpro_content_message\">Art\u00edculo disponible s\u00f3lo para suscriptores.<br \/><a href=\"https:\/\/territorialchallenges.com\/wp-login.php\">Acceso<\/a><br \/><a href=\"https:\/\/territorialchallenges.com\/es\/wp-login.php\/?action=register\">Registro<\/a><\/div>","protected":false},"author":11,"featured_media":124008,"comment_status":"closed","ping_status":"closed","sticky":true,"template":"","format":"standard","meta":{"pmpro_default_level":0,"footnotes":""},"categories":[130,117],"tags":[],"blocksy_meta":"","yoast_head":"<!-- This site is optimized with the Yoast SEO plugin v21.5 - https:\/\/yoast.com\/wordpress\/plugins\/seo\/ -->\n<title>Les collectivit\u00e9s territoriales europ\u00e9ennes \u00e0 l\u2019heure des choix num\u00e9riques : r\u00e9sister ou subir ? - Territorial Challenges<\/title>\n<meta name=\"robots\" content=\"index, follow, max-snippet:-1, max-image-preview:large, max-video-preview:-1\" \/>\n<link rel=\"canonical\" href=\"https:\/\/territorialchallenges.com\/es\/2025\/02\/25\/les-collectivites-territoriales-europeennes-a-lheure-des-choix-numeriques-resister-ou-subir\/124007\/\" \/>\n<meta property=\"og:locale\" content=\"es_ES\" \/>\n<meta property=\"og:type\" content=\"article\" \/>\n<meta property=\"og:title\" content=\"Les collectivit\u00e9s territoriales europ\u00e9ennes \u00e0 l\u2019heure des choix num\u00e9riques : r\u00e9sister ou subir ? - Territorial Challenges\" \/>\n<meta property=\"og:description\" content=\"Les collectivit\u00e9s territoriales europ\u00e9ennes se trouvent \u00e0 un tournant strat\u00e9gique. Face \u00e0 l\u2019emprise des g\u00e9ants am\u00e9ricains du num\u00e9rique, souvent adoss\u00e9s \u00e0 des visions politiques libertariennes, elles doivent choisir entre subir ou reprendre le contr\u00f4le de leur souverainet\u00e9 num\u00e9rique. L\u2019exemple du Pays tarusate, communaut\u00e9 de communes des Landes, qui a quitt\u00e9 Facebook apr\u00e8s les d\u00e9clarations pol\u00e9miques [&hellip;]\" \/>\n<meta property=\"og:url\" content=\"https:\/\/territorialchallenges.com\/es\/2025\/02\/25\/les-collectivites-territoriales-europeennes-a-lheure-des-choix-numeriques-resister-ou-subir\/124007\/\" \/>\n<meta property=\"og:site_name\" content=\"Territorial Challenges\" \/>\n<meta property=\"article:published_time\" content=\"2025-02-25T20:51:38+00:00\" \/>\n<meta property=\"article:modified_time\" content=\"2025-02-25T20:51:39+00:00\" \/>\n<meta property=\"og:image\" content=\"https:\/\/territorialchallenges.com\/wp-content\/uploads\/2025\/02\/reflexionFaite25.02.25.Image_.jpg\" \/>\n\t<meta property=\"og:image:width\" content=\"1280\" \/>\n\t<meta property=\"og:image:height\" content=\"1047\" \/>\n\t<meta property=\"og:image:type\" content=\"image\/jpeg\" \/>\n<meta name=\"author\" content=\"ni.abdi\" \/>\n<meta name=\"twitter:card\" content=\"summary_large_image\" \/>\n<meta name=\"twitter:creator\" content=\"@Ni.abdi\" \/>\n<meta name=\"twitter:label1\" content=\"Escrito por\" \/>\n\t<meta name=\"twitter:data1\" content=\"ni.abdi\" \/>\n\t<meta name=\"twitter:label2\" content=\"Tiempo de lectura\" \/>\n\t<meta name=\"twitter:data2\" content=\"3 minutos\" \/>\n<script type=\"application\/ld+json\" class=\"yoast-schema-graph\">{\"@context\":\"https:\/\/schema.org\",\"@graph\":[{\"@type\":\"Article\",\"@id\":\"https:\/\/territorialchallenges.com\/2025\/02\/25\/les-collectivites-territoriales-europeennes-a-lheure-des-choix-numeriques-resister-ou-subir\/124007\/#article\",\"isPartOf\":{\"@id\":\"https:\/\/territorialchallenges.com\/2025\/02\/25\/les-collectivites-territoriales-europeennes-a-lheure-des-choix-numeriques-resister-ou-subir\/124007\/\"},\"author\":{\"name\":\"ni.abdi\",\"@id\":\"https:\/\/territorialchallenges.com\/#\/schema\/person\/098f145c7c61a021c425e010f840080f\"},\"headline\":\"Les collectivit\u00e9s territoriales europ\u00e9ennes \u00e0 l\u2019heure des choix num\u00e9riques : r\u00e9sister ou subir ?\",\"datePublished\":\"2025-02-25T20:51:38+00:00\",\"dateModified\":\"2025-02-25T20:51:39+00:00\",\"mainEntityOfPage\":{\"@id\":\"https:\/\/territorialchallenges.com\/2025\/02\/25\/les-collectivites-territoriales-europeennes-a-lheure-des-choix-numeriques-resister-ou-subir\/124007\/\"},\"wordCount\":676,\"publisher\":{\"@id\":\"https:\/\/territorialchallenges.com\/#organization\"},\"articleSection\":[\"R\u00e9flexion faite\",\"\u00c9cosyst\u00e8me\"],\"inLanguage\":\"es\"},{\"@type\":\"WebPage\",\"@id\":\"https:\/\/territorialchallenges.com\/2025\/02\/25\/les-collectivites-territoriales-europeennes-a-lheure-des-choix-numeriques-resister-ou-subir\/124007\/\",\"url\":\"https:\/\/territorialchallenges.com\/2025\/02\/25\/les-collectivites-territoriales-europeennes-a-lheure-des-choix-numeriques-resister-ou-subir\/124007\/\",\"name\":\"Les collectivit\u00e9s territoriales europ\u00e9ennes \u00e0 l\u2019heure des choix num\u00e9riques : r\u00e9sister ou subir ? - Territorial Challenges\",\"isPartOf\":{\"@id\":\"https:\/\/territorialchallenges.com\/#website\"},\"datePublished\":\"2025-02-25T20:51:38+00:00\",\"dateModified\":\"2025-02-25T20:51:39+00:00\",\"breadcrumb\":{\"@id\":\"https:\/\/territorialchallenges.com\/2025\/02\/25\/les-collectivites-territoriales-europeennes-a-lheure-des-choix-numeriques-resister-ou-subir\/124007\/#breadcrumb\"},\"inLanguage\":\"es\",\"potentialAction\":[{\"@type\":\"ReadAction\",\"target\":[\"https:\/\/territorialchallenges.com\/2025\/02\/25\/les-collectivites-territoriales-europeennes-a-lheure-des-choix-numeriques-resister-ou-subir\/124007\/\"]}]},{\"@type\":\"BreadcrumbList\",\"@id\":\"https:\/\/territorialchallenges.com\/2025\/02\/25\/les-collectivites-territoriales-europeennes-a-lheure-des-choix-numeriques-resister-ou-subir\/124007\/#breadcrumb\",\"itemListElement\":[{\"@type\":\"ListItem\",\"position\":1,\"name\":\"Home\",\"item\":\"https:\/\/territorialchallenges.com\/\"},{\"@type\":\"ListItem\",\"position\":2,\"name\":\"Les collectivit\u00e9s territoriales europ\u00e9ennes \u00e0 l\u2019heure des choix num\u00e9riques : r\u00e9sister ou subir ?\"}]},{\"@type\":\"WebSite\",\"@id\":\"https:\/\/territorialchallenges.com\/#website\",\"url\":\"https:\/\/territorialchallenges.com\/\",\"name\":\"Territorial Challenges\",\"description\":\"Veille Internationale - Strat\u00e9gie Intelligentes - Bonnes pratiques\",\"publisher\":{\"@id\":\"https:\/\/territorialchallenges.com\/#organization\"},\"potentialAction\":[{\"@type\":\"SearchAction\",\"target\":{\"@type\":\"EntryPoint\",\"urlTemplate\":\"https:\/\/territorialchallenges.com\/?s={search_term_string}\"},\"query-input\":\"required name=search_term_string\"}],\"inLanguage\":\"es\"},{\"@type\":\"Organization\",\"@id\":\"https:\/\/territorialchallenges.com\/#organization\",\"name\":\"Territorial Challenges\",\"url\":\"https:\/\/territorialchallenges.com\/\",\"logo\":{\"@type\":\"ImageObject\",\"inLanguage\":\"es\",\"@id\":\"https:\/\/territorialchallenges.com\/#\/schema\/logo\/image\/\",\"url\":\"https:\/\/territorialchallenges.com\/wp-content\/uploads\/2023\/10\/logo-1.png\",\"contentUrl\":\"https:\/\/territorialchallenges.com\/wp-content\/uploads\/2023\/10\/logo-1.png\",\"width\":1832,\"height\":576,\"caption\":\"Territorial Challenges\"},\"image\":{\"@id\":\"https:\/\/territorialchallenges.com\/#\/schema\/logo\/image\/\"}},{\"@type\":\"Person\",\"@id\":\"https:\/\/territorialchallenges.com\/#\/schema\/person\/098f145c7c61a021c425e010f840080f\",\"name\":\"ni.abdi\",\"image\":{\"@type\":\"ImageObject\",\"inLanguage\":\"es\",\"@id\":\"https:\/\/territorialchallenges.com\/#\/schema\/person\/image\/\",\"url\":\"https:\/\/secure.gravatar.com\/avatar\/2a2f2491f3c80039986ba989b1e4b510?s=96&d=identicon&r=g\",\"contentUrl\":\"https:\/\/secure.gravatar.com\/avatar\/2a2f2491f3c80039986ba989b1e4b510?s=96&d=identicon&r=g\",\"caption\":\"ni.abdi\"},\"sameAs\":[\"https:\/\/twitter.com\/Ni.abdi\"],\"url\":\"https:\/\/territorialchallenges.com\/es\/author\/ni-abdi\/\"}]}<\/script>\n<!-- \/ Yoast SEO plugin. -->","yoast_head_json":{"title":"Les collectivit\u00e9s territoriales europ\u00e9ennes \u00e0 l\u2019heure des choix num\u00e9riques : r\u00e9sister ou subir ? - Territorial Challenges","robots":{"index":"index","follow":"follow","max-snippet":"max-snippet:-1","max-image-preview":"max-image-preview:large","max-video-preview":"max-video-preview:-1"},"canonical":"https:\/\/territorialchallenges.com\/es\/2025\/02\/25\/les-collectivites-territoriales-europeennes-a-lheure-des-choix-numeriques-resister-ou-subir\/124007\/","og_locale":"es_ES","og_type":"article","og_title":"Les collectivit\u00e9s territoriales europ\u00e9ennes \u00e0 l\u2019heure des choix num\u00e9riques : r\u00e9sister ou subir ? - Territorial Challenges","og_description":"Les collectivit\u00e9s territoriales europ\u00e9ennes se trouvent \u00e0 un tournant strat\u00e9gique. Face \u00e0 l\u2019emprise des g\u00e9ants am\u00e9ricains du num\u00e9rique, souvent adoss\u00e9s \u00e0 des visions politiques libertariennes, elles doivent choisir entre subir ou reprendre le contr\u00f4le de leur souverainet\u00e9 num\u00e9rique. L\u2019exemple du Pays tarusate, communaut\u00e9 de communes des Landes, qui a quitt\u00e9 Facebook apr\u00e8s les d\u00e9clarations pol\u00e9miques [&hellip;]","og_url":"https:\/\/territorialchallenges.com\/es\/2025\/02\/25\/les-collectivites-territoriales-europeennes-a-lheure-des-choix-numeriques-resister-ou-subir\/124007\/","og_site_name":"Territorial Challenges","article_published_time":"2025-02-25T20:51:38+00:00","article_modified_time":"2025-02-25T20:51:39+00:00","og_image":[{"width":1280,"height":1047,"url":"https:\/\/territorialchallenges.com\/wp-content\/uploads\/2025\/02\/reflexionFaite25.02.25.Image_.jpg","type":"image\/jpeg"}],"author":"ni.abdi","twitter_card":"summary_large_image","twitter_creator":"@Ni.abdi","twitter_misc":{"Escrito por":"ni.abdi","Tiempo de lectura":"3 minutos"},"schema":{"@context":"https:\/\/schema.org","@graph":[{"@type":"Article","@id":"https:\/\/territorialchallenges.com\/2025\/02\/25\/les-collectivites-territoriales-europeennes-a-lheure-des-choix-numeriques-resister-ou-subir\/124007\/#article","isPartOf":{"@id":"https:\/\/territorialchallenges.com\/2025\/02\/25\/les-collectivites-territoriales-europeennes-a-lheure-des-choix-numeriques-resister-ou-subir\/124007\/"},"author":{"name":"ni.abdi","@id":"https:\/\/territorialchallenges.com\/#\/schema\/person\/098f145c7c61a021c425e010f840080f"},"headline":"Les collectivit\u00e9s territoriales europ\u00e9ennes \u00e0 l\u2019heure des choix num\u00e9riques : r\u00e9sister ou subir ?","datePublished":"2025-02-25T20:51:38+00:00","dateModified":"2025-02-25T20:51:39+00:00","mainEntityOfPage":{"@id":"https:\/\/territorialchallenges.com\/2025\/02\/25\/les-collectivites-territoriales-europeennes-a-lheure-des-choix-numeriques-resister-ou-subir\/124007\/"},"wordCount":676,"publisher":{"@id":"https:\/\/territorialchallenges.com\/#organization"},"articleSection":["R\u00e9flexion faite","\u00c9cosyst\u00e8me"],"inLanguage":"es"},{"@type":"WebPage","@id":"https:\/\/territorialchallenges.com\/2025\/02\/25\/les-collectivites-territoriales-europeennes-a-lheure-des-choix-numeriques-resister-ou-subir\/124007\/","url":"https:\/\/territorialchallenges.com\/2025\/02\/25\/les-collectivites-territoriales-europeennes-a-lheure-des-choix-numeriques-resister-ou-subir\/124007\/","name":"Les collectivit\u00e9s territoriales europ\u00e9ennes \u00e0 l\u2019heure des choix num\u00e9riques : r\u00e9sister ou subir ? - Territorial Challenges","isPartOf":{"@id":"https:\/\/territorialchallenges.com\/#website"},"datePublished":"2025-02-25T20:51:38+00:00","dateModified":"2025-02-25T20:51:39+00:00","breadcrumb":{"@id":"https:\/\/territorialchallenges.com\/2025\/02\/25\/les-collectivites-territoriales-europeennes-a-lheure-des-choix-numeriques-resister-ou-subir\/124007\/#breadcrumb"},"inLanguage":"es","potentialAction":[{"@type":"ReadAction","target":["https:\/\/territorialchallenges.com\/2025\/02\/25\/les-collectivites-territoriales-europeennes-a-lheure-des-choix-numeriques-resister-ou-subir\/124007\/"]}]},{"@type":"BreadcrumbList","@id":"https:\/\/territorialchallenges.com\/2025\/02\/25\/les-collectivites-territoriales-europeennes-a-lheure-des-choix-numeriques-resister-ou-subir\/124007\/#breadcrumb","itemListElement":[{"@type":"ListItem","position":1,"name":"Home","item":"https:\/\/territorialchallenges.com\/"},{"@type":"ListItem","position":2,"name":"Les collectivit\u00e9s territoriales europ\u00e9ennes \u00e0 l\u2019heure des choix num\u00e9riques : r\u00e9sister ou subir ?"}]},{"@type":"WebSite","@id":"https:\/\/territorialchallenges.com\/#website","url":"https:\/\/territorialchallenges.com\/","name":"Desaf\u00edos territoriales","description":"Monitoreo Internacional - Estrategias Inteligentes - Mejores Pr\u00e1cticas","publisher":{"@id":"https:\/\/territorialchallenges.com\/#organization"},"potentialAction":[{"@type":"SearchAction","target":{"@type":"EntryPoint","urlTemplate":"https:\/\/territorialchallenges.com\/?s={search_term_string}"},"query-input":"required name=search_term_string"}],"inLanguage":"es"},{"@type":"Organization","@id":"https:\/\/territorialchallenges.com\/#organization","name":"Desaf\u00edos territoriales","url":"https:\/\/territorialchallenges.com\/","logo":{"@type":"ImageObject","inLanguage":"es","@id":"https:\/\/territorialchallenges.com\/#\/schema\/logo\/image\/","url":"https:\/\/territorialchallenges.com\/wp-content\/uploads\/2023\/10\/logo-1.png","contentUrl":"https:\/\/territorialchallenges.com\/wp-content\/uploads\/2023\/10\/logo-1.png","width":1832,"height":576,"caption":"Territorial Challenges"},"image":{"@id":"https:\/\/territorialchallenges.com\/#\/schema\/logo\/image\/"}},{"@type":"Person","@id":"https:\/\/territorialchallenges.com\/#\/schema\/person\/098f145c7c61a021c425e010f840080f","name":"ni.abdi","image":{"@type":"ImageObject","inLanguage":"es","@id":"https:\/\/territorialchallenges.com\/#\/schema\/person\/image\/","url":"https:\/\/secure.gravatar.com\/avatar\/2a2f2491f3c80039986ba989b1e4b510?s=96&d=identicon&r=g","contentUrl":"https:\/\/secure.gravatar.com\/avatar\/2a2f2491f3c80039986ba989b1e4b510?s=96&d=identicon&r=g","caption":"ni.abdi"},"sameAs":["https:\/\/twitter.com\/Ni.abdi"],"url":"https:\/\/territorialchallenges.com\/es\/author\/ni-abdi\/"}]}},"_links":{"self":[{"href":"https:\/\/territorialchallenges.com\/es\/wp-json\/wp\/v2\/posts\/124007"}],"collection":[{"href":"https:\/\/territorialchallenges.com\/es\/wp-json\/wp\/v2\/posts"}],"about":[{"href":"https:\/\/territorialchallenges.com\/es\/wp-json\/wp\/v2\/types\/post"}],"author":[{"embeddable":true,"href":"https:\/\/territorialchallenges.com\/es\/wp-json\/wp\/v2\/users\/11"}],"replies":[{"embeddable":true,"href":"https:\/\/territorialchallenges.com\/es\/wp-json\/wp\/v2\/comments?post=124007"}],"version-history":[{"count":1,"href":"https:\/\/territorialchallenges.com\/es\/wp-json\/wp\/v2\/posts\/124007\/revisions"}],"predecessor-version":[{"id":124009,"href":"https:\/\/territorialchallenges.com\/es\/wp-json\/wp\/v2\/posts\/124007\/revisions\/124009"}],"wp:featuredmedia":[{"embeddable":true,"href":"https:\/\/territorialchallenges.com\/es\/wp-json\/wp\/v2\/media\/124008"}],"wp:attachment":[{"href":"https:\/\/territorialchallenges.com\/es\/wp-json\/wp\/v2\/media?parent=124007"}],"wp:term":[{"taxonomy":"category","embeddable":true,"href":"https:\/\/territorialchallenges.com\/es\/wp-json\/wp\/v2\/categories?post=124007"},{"taxonomy":"post_tag","embeddable":true,"href":"https:\/\/territorialchallenges.com\/es\/wp-json\/wp\/v2\/tags?post=124007"}],"curies":[{"name":"gracias","href":"https:\/\/api.w.org\/{rel}","templated":true}]}}