{"id":124002,"date":"2025-02-25T21:40:24","date_gmt":"2025-02-25T20:40:24","guid":{"rendered":"https:\/\/territorialchallenges.com\/?p=124002"},"modified":"2025-02-25T21:44:36","modified_gmt":"2025-02-25T20:44:36","slug":"ana-paiva-une-visionnaire-de-lintelligence-artificielle-au-coeur-du-gouvernement-portugais","status":"publish","type":"post","link":"https:\/\/territorialchallenges.com\/es\/2025\/02\/25\/ana-paiva-une-visionnaire-de-lintelligence-artificielle-au-coeur-du-gouvernement-portugais\/124002\/","title":{"rendered":"Ana Paiva: una visionaria de la inteligencia artificial en el coraz\u00f3n del gobierno portugu\u00e9s"},"content":{"rendered":"<p>Desde abril de 2024, Ana Paiva es Secretaria de Estado de Ciencia de Portugal, aportando una valiosa experiencia en el campo de la inteligencia artificial (IA). Su nombramiento marca un paso crucial para el pa\u00eds y para Europa, al colocar a una figura de renombre mundial en IA en el centro de la formulaci\u00f3n de pol\u00edticas. Ana Paiva no es\u2026 <\/p>\n<div class=\"pmpro_content_message\">Art\u00edculo disponible s\u00f3lo para suscriptores.<br \/><a href=\"https:\/\/territorialchallenges.com\/wp-login.php\">Acceso<\/a><br \/><a href=\"https:\/\/territorialchallenges.com\/es\/wp-login.php\/?action=register\">Registro<\/a><\/div>","protected":false},"excerpt":{"rendered":"<p>Depuis avril 2024, Ana Paiva occupe le poste de Secr\u00e9taire d\u2019\u00c9tat \u00e0 la Science au Portugal, apportant une expertise inestimable dans le domaine de l&rsquo;intelligence artificielle (IA). Sa nomination marque une \u00e9tape cruciale pour le pays et pour l&rsquo;Europe, pla\u00e7ant une figure mondialement reconnue de l&rsquo;IA au c\u0153ur des d\u00e9cisions politiques. Ana Paiva n&rsquo;est pas... <\/p>\n<div class=\"pmpro_content_message\">Art\u00edculo disponible s\u00f3lo para suscriptores.<br \/><a href=\"https:\/\/territorialchallenges.com\/wp-login.php\">Acceso<\/a><br \/><a href=\"https:\/\/territorialchallenges.com\/es\/wp-login.php\/?action=register\">Registro<\/a><\/div>","protected":false},"author":11,"featured_media":124006,"comment_status":"closed","ping_status":"closed","sticky":true,"template":"","format":"standard","meta":{"pmpro_default_level":0,"footnotes":""},"categories":[126,117],"tags":[],"blocksy_meta":"","yoast_head":"<!-- This site is optimized with the Yoast SEO plugin v21.5 - https:\/\/yoast.com\/wordpress\/plugins\/seo\/ -->\n<title>Ana Paiva : une visionnaire de l&#039;intelligence artificielle au c\u0153ur du gouvernement portugais - Territorial Challenges<\/title>\n<meta name=\"robots\" content=\"index, follow, max-snippet:-1, max-image-preview:large, max-video-preview:-1\" \/>\n<link rel=\"canonical\" href=\"https:\/\/territorialchallenges.com\/es\/2025\/02\/25\/ana-paiva-une-visionnaire-de-lintelligence-artificielle-au-coeur-du-gouvernement-portugais\/124002\/\" \/>\n<meta property=\"og:locale\" content=\"es_ES\" \/>\n<meta property=\"og:type\" content=\"article\" \/>\n<meta property=\"og:title\" content=\"Ana Paiva : une visionnaire de l&#039;intelligence artificielle au c\u0153ur du gouvernement portugais - Territorial Challenges\" \/>\n<meta property=\"og:description\" content=\"Depuis avril 2024, Ana Paiva occupe le poste de Secr\u00e9taire d\u2019\u00c9tat \u00e0 la Science au Portugal, apportant une expertise inestimable dans le domaine de l&rsquo;intelligence artificielle (IA). Sa nomination marque une \u00e9tape cruciale pour le pays et pour l&rsquo;Europe, pla\u00e7ant une figure mondialement reconnue de l&rsquo;IA au c\u0153ur des d\u00e9cisions politiques. Ana Paiva n&rsquo;est pas [&hellip;]\" \/>\n<meta property=\"og:url\" content=\"https:\/\/territorialchallenges.com\/es\/2025\/02\/25\/ana-paiva-une-visionnaire-de-lintelligence-artificielle-au-coeur-du-gouvernement-portugais\/124002\/\" \/>\n<meta property=\"og:site_name\" content=\"Territorial Challenges\" \/>\n<meta property=\"article:published_time\" content=\"2025-02-25T20:40:24+00:00\" \/>\n<meta property=\"article:modified_time\" content=\"2025-02-25T20:44:36+00:00\" \/>\n<meta property=\"og:image\" content=\"https:\/\/territorialchallenges.com\/wp-content\/uploads\/2025\/02\/1onparledeux25.02.25.jpg\" \/>\n\t<meta property=\"og:image:width\" content=\"800\" \/>\n\t<meta property=\"og:image:height\" content=\"682\" \/>\n\t<meta property=\"og:image:type\" content=\"image\/jpeg\" \/>\n<meta name=\"author\" content=\"ni.abdi\" \/>\n<meta name=\"twitter:card\" content=\"summary_large_image\" \/>\n<meta name=\"twitter:creator\" content=\"@Ni.abdi\" \/>\n<meta name=\"twitter:label1\" content=\"Escrito por\" \/>\n\t<meta name=\"twitter:data1\" content=\"ni.abdi\" \/>\n\t<meta name=\"twitter:label2\" content=\"Tiempo de lectura\" \/>\n\t<meta name=\"twitter:data2\" content=\"3 minutos\" \/>\n<script type=\"application\/ld+json\" class=\"yoast-schema-graph\">{\"@context\":\"https:\/\/schema.org\",\"@graph\":[{\"@type\":\"Article\",\"@id\":\"https:\/\/territorialchallenges.com\/2025\/02\/25\/ana-paiva-une-visionnaire-de-lintelligence-artificielle-au-coeur-du-gouvernement-portugais\/124002\/#article\",\"isPartOf\":{\"@id\":\"https:\/\/territorialchallenges.com\/2025\/02\/25\/ana-paiva-une-visionnaire-de-lintelligence-artificielle-au-coeur-du-gouvernement-portugais\/124002\/\"},\"author\":{\"name\":\"ni.abdi\",\"@id\":\"https:\/\/territorialchallenges.com\/#\/schema\/person\/098f145c7c61a021c425e010f840080f\"},\"headline\":\"Ana Paiva : une visionnaire de l&rsquo;intelligence artificielle au c\u0153ur du gouvernement portugais\",\"datePublished\":\"2025-02-25T20:40:24+00:00\",\"dateModified\":\"2025-02-25T20:44:36+00:00\",\"mainEntityOfPage\":{\"@id\":\"https:\/\/territorialchallenges.com\/2025\/02\/25\/ana-paiva-une-visionnaire-de-lintelligence-artificielle-au-coeur-du-gouvernement-portugais\/124002\/\"},\"wordCount\":480,\"publisher\":{\"@id\":\"https:\/\/territorialchallenges.com\/#organization\"},\"articleSection\":[\"On parle d'eux\",\"\u00c9cosyst\u00e8me\"],\"inLanguage\":\"es\"},{\"@type\":\"WebPage\",\"@id\":\"https:\/\/territorialchallenges.com\/2025\/02\/25\/ana-paiva-une-visionnaire-de-lintelligence-artificielle-au-coeur-du-gouvernement-portugais\/124002\/\",\"url\":\"https:\/\/territorialchallenges.com\/2025\/02\/25\/ana-paiva-une-visionnaire-de-lintelligence-artificielle-au-coeur-du-gouvernement-portugais\/124002\/\",\"name\":\"Ana Paiva : une visionnaire de l'intelligence artificielle au c\u0153ur du gouvernement portugais - Territorial Challenges\",\"isPartOf\":{\"@id\":\"https:\/\/territorialchallenges.com\/#website\"},\"datePublished\":\"2025-02-25T20:40:24+00:00\",\"dateModified\":\"2025-02-25T20:44:36+00:00\",\"breadcrumb\":{\"@id\":\"https:\/\/territorialchallenges.com\/2025\/02\/25\/ana-paiva-une-visionnaire-de-lintelligence-artificielle-au-coeur-du-gouvernement-portugais\/124002\/#breadcrumb\"},\"inLanguage\":\"es\",\"potentialAction\":[{\"@type\":\"ReadAction\",\"target\":[\"https:\/\/territorialchallenges.com\/2025\/02\/25\/ana-paiva-une-visionnaire-de-lintelligence-artificielle-au-coeur-du-gouvernement-portugais\/124002\/\"]}]},{\"@type\":\"BreadcrumbList\",\"@id\":\"https:\/\/territorialchallenges.com\/2025\/02\/25\/ana-paiva-une-visionnaire-de-lintelligence-artificielle-au-coeur-du-gouvernement-portugais\/124002\/#breadcrumb\",\"itemListElement\":[{\"@type\":\"ListItem\",\"position\":1,\"name\":\"Home\",\"item\":\"https:\/\/territorialchallenges.com\/\"},{\"@type\":\"ListItem\",\"position\":2,\"name\":\"Ana Paiva : une visionnaire de l&rsquo;intelligence artificielle au c\u0153ur du gouvernement portugais\"}]},{\"@type\":\"WebSite\",\"@id\":\"https:\/\/territorialchallenges.com\/#website\",\"url\":\"https:\/\/territorialchallenges.com\/\",\"name\":\"Territorial Challenges\",\"description\":\"Veille Internationale - Strat\u00e9gie Intelligentes - Bonnes pratiques\",\"publisher\":{\"@id\":\"https:\/\/territorialchallenges.com\/#organization\"},\"potentialAction\":[{\"@type\":\"SearchAction\",\"target\":{\"@type\":\"EntryPoint\",\"urlTemplate\":\"https:\/\/territorialchallenges.com\/?s={search_term_string}\"},\"query-input\":\"required name=search_term_string\"}],\"inLanguage\":\"es\"},{\"@type\":\"Organization\",\"@id\":\"https:\/\/territorialchallenges.com\/#organization\",\"name\":\"Territorial Challenges\",\"url\":\"https:\/\/territorialchallenges.com\/\",\"logo\":{\"@type\":\"ImageObject\",\"inLanguage\":\"es\",\"@id\":\"https:\/\/territorialchallenges.com\/#\/schema\/logo\/image\/\",\"url\":\"https:\/\/territorialchallenges.com\/wp-content\/uploads\/2023\/10\/logo-1.png\",\"contentUrl\":\"https:\/\/territorialchallenges.com\/wp-content\/uploads\/2023\/10\/logo-1.png\",\"width\":1832,\"height\":576,\"caption\":\"Territorial Challenges\"},\"image\":{\"@id\":\"https:\/\/territorialchallenges.com\/#\/schema\/logo\/image\/\"}},{\"@type\":\"Person\",\"@id\":\"https:\/\/territorialchallenges.com\/#\/schema\/person\/098f145c7c61a021c425e010f840080f\",\"name\":\"ni.abdi\",\"image\":{\"@type\":\"ImageObject\",\"inLanguage\":\"es\",\"@id\":\"https:\/\/territorialchallenges.com\/#\/schema\/person\/image\/\",\"url\":\"https:\/\/secure.gravatar.com\/avatar\/2a2f2491f3c80039986ba989b1e4b510?s=96&d=identicon&r=g\",\"contentUrl\":\"https:\/\/secure.gravatar.com\/avatar\/2a2f2491f3c80039986ba989b1e4b510?s=96&d=identicon&r=g\",\"caption\":\"ni.abdi\"},\"sameAs\":[\"https:\/\/twitter.com\/Ni.abdi\"],\"url\":\"https:\/\/territorialchallenges.com\/es\/author\/ni-abdi\/\"}]}<\/script>\n<!-- \/ Yoast SEO plugin. -->","yoast_head_json":{"title":"Ana Paiva : une visionnaire de l'intelligence artificielle au c\u0153ur du gouvernement portugais - Territorial Challenges","robots":{"index":"index","follow":"follow","max-snippet":"max-snippet:-1","max-image-preview":"max-image-preview:large","max-video-preview":"max-video-preview:-1"},"canonical":"https:\/\/territorialchallenges.com\/es\/2025\/02\/25\/ana-paiva-une-visionnaire-de-lintelligence-artificielle-au-coeur-du-gouvernement-portugais\/124002\/","og_locale":"es_ES","og_type":"article","og_title":"Ana Paiva : une visionnaire de l'intelligence artificielle au c\u0153ur du gouvernement portugais - Territorial Challenges","og_description":"Depuis avril 2024, Ana Paiva occupe le poste de Secr\u00e9taire d\u2019\u00c9tat \u00e0 la Science au Portugal, apportant une expertise inestimable dans le domaine de l&rsquo;intelligence artificielle (IA). Sa nomination marque une \u00e9tape cruciale pour le pays et pour l&rsquo;Europe, pla\u00e7ant une figure mondialement reconnue de l&rsquo;IA au c\u0153ur des d\u00e9cisions politiques. Ana Paiva n&rsquo;est pas [&hellip;]","og_url":"https:\/\/territorialchallenges.com\/es\/2025\/02\/25\/ana-paiva-une-visionnaire-de-lintelligence-artificielle-au-coeur-du-gouvernement-portugais\/124002\/","og_site_name":"Territorial Challenges","article_published_time":"2025-02-25T20:40:24+00:00","article_modified_time":"2025-02-25T20:44:36+00:00","og_image":[{"width":800,"height":682,"url":"https:\/\/territorialchallenges.com\/wp-content\/uploads\/2025\/02\/1onparledeux25.02.25.jpg","type":"image\/jpeg"}],"author":"ni.abdi","twitter_card":"summary_large_image","twitter_creator":"@Ni.abdi","twitter_misc":{"Escrito por":"ni.abdi","Tiempo de lectura":"3 minutos"},"schema":{"@context":"https:\/\/schema.org","@graph":[{"@type":"Article","@id":"https:\/\/territorialchallenges.com\/2025\/02\/25\/ana-paiva-une-visionnaire-de-lintelligence-artificielle-au-coeur-du-gouvernement-portugais\/124002\/#article","isPartOf":{"@id":"https:\/\/territorialchallenges.com\/2025\/02\/25\/ana-paiva-une-visionnaire-de-lintelligence-artificielle-au-coeur-du-gouvernement-portugais\/124002\/"},"author":{"name":"ni.abdi","@id":"https:\/\/territorialchallenges.com\/#\/schema\/person\/098f145c7c61a021c425e010f840080f"},"headline":"Ana Paiva : une visionnaire de l&rsquo;intelligence artificielle au c\u0153ur du gouvernement portugais","datePublished":"2025-02-25T20:40:24+00:00","dateModified":"2025-02-25T20:44:36+00:00","mainEntityOfPage":{"@id":"https:\/\/territorialchallenges.com\/2025\/02\/25\/ana-paiva-une-visionnaire-de-lintelligence-artificielle-au-coeur-du-gouvernement-portugais\/124002\/"},"wordCount":480,"publisher":{"@id":"https:\/\/territorialchallenges.com\/#organization"},"articleSection":["On parle d'eux","\u00c9cosyst\u00e8me"],"inLanguage":"es"},{"@type":"WebPage","@id":"https:\/\/territorialchallenges.com\/2025\/02\/25\/ana-paiva-une-visionnaire-de-lintelligence-artificielle-au-coeur-du-gouvernement-portugais\/124002\/","url":"https:\/\/territorialchallenges.com\/2025\/02\/25\/ana-paiva-une-visionnaire-de-lintelligence-artificielle-au-coeur-du-gouvernement-portugais\/124002\/","name":"Ana Paiva : une visionnaire de l'intelligence artificielle au c\u0153ur du gouvernement portugais - Territorial Challenges","isPartOf":{"@id":"https:\/\/territorialchallenges.com\/#website"},"datePublished":"2025-02-25T20:40:24+00:00","dateModified":"2025-02-25T20:44:36+00:00","breadcrumb":{"@id":"https:\/\/territorialchallenges.com\/2025\/02\/25\/ana-paiva-une-visionnaire-de-lintelligence-artificielle-au-coeur-du-gouvernement-portugais\/124002\/#breadcrumb"},"inLanguage":"es","potentialAction":[{"@type":"ReadAction","target":["https:\/\/territorialchallenges.com\/2025\/02\/25\/ana-paiva-une-visionnaire-de-lintelligence-artificielle-au-coeur-du-gouvernement-portugais\/124002\/"]}]},{"@type":"BreadcrumbList","@id":"https:\/\/territorialchallenges.com\/2025\/02\/25\/ana-paiva-une-visionnaire-de-lintelligence-artificielle-au-coeur-du-gouvernement-portugais\/124002\/#breadcrumb","itemListElement":[{"@type":"ListItem","position":1,"name":"Home","item":"https:\/\/territorialchallenges.com\/"},{"@type":"ListItem","position":2,"name":"Ana Paiva : une visionnaire de l&rsquo;intelligence artificielle au c\u0153ur du gouvernement portugais"}]},{"@type":"WebSite","@id":"https:\/\/territorialchallenges.com\/#website","url":"https:\/\/territorialchallenges.com\/","name":"Desaf\u00edos territoriales","description":"Monitoreo Internacional - Estrategias Inteligentes - Mejores Pr\u00e1cticas","publisher":{"@id":"https:\/\/territorialchallenges.com\/#organization"},"potentialAction":[{"@type":"SearchAction","target":{"@type":"EntryPoint","urlTemplate":"https:\/\/territorialchallenges.com\/?s={search_term_string}"},"query-input":"required name=search_term_string"}],"inLanguage":"es"},{"@type":"Organization","@id":"https:\/\/territorialchallenges.com\/#organization","name":"Desaf\u00edos territoriales","url":"https:\/\/territorialchallenges.com\/","logo":{"@type":"ImageObject","inLanguage":"es","@id":"https:\/\/territorialchallenges.com\/#\/schema\/logo\/image\/","url":"https:\/\/territorialchallenges.com\/wp-content\/uploads\/2023\/10\/logo-1.png","contentUrl":"https:\/\/territorialchallenges.com\/wp-content\/uploads\/2023\/10\/logo-1.png","width":1832,"height":576,"caption":"Territorial Challenges"},"image":{"@id":"https:\/\/territorialchallenges.com\/#\/schema\/logo\/image\/"}},{"@type":"Person","@id":"https:\/\/territorialchallenges.com\/#\/schema\/person\/098f145c7c61a021c425e010f840080f","name":"ni.abdi","image":{"@type":"ImageObject","inLanguage":"es","@id":"https:\/\/territorialchallenges.com\/#\/schema\/person\/image\/","url":"https:\/\/secure.gravatar.com\/avatar\/2a2f2491f3c80039986ba989b1e4b510?s=96&d=identicon&r=g","contentUrl":"https:\/\/secure.gravatar.com\/avatar\/2a2f2491f3c80039986ba989b1e4b510?s=96&d=identicon&r=g","caption":"ni.abdi"},"sameAs":["https:\/\/twitter.com\/Ni.abdi"],"url":"https:\/\/territorialchallenges.com\/es\/author\/ni-abdi\/"}]}},"_links":{"self":[{"href":"https:\/\/territorialchallenges.com\/es\/wp-json\/wp\/v2\/posts\/124002"}],"collection":[{"href":"https:\/\/territorialchallenges.com\/es\/wp-json\/wp\/v2\/posts"}],"about":[{"href":"https:\/\/territorialchallenges.com\/es\/wp-json\/wp\/v2\/types\/post"}],"author":[{"embeddable":true,"href":"https:\/\/territorialchallenges.com\/es\/wp-json\/wp\/v2\/users\/11"}],"replies":[{"embeddable":true,"href":"https:\/\/territorialchallenges.com\/es\/wp-json\/wp\/v2\/comments?post=124002"}],"version-history":[{"count":1,"href":"https:\/\/territorialchallenges.com\/es\/wp-json\/wp\/v2\/posts\/124002\/revisions"}],"predecessor-version":[{"id":124004,"href":"https:\/\/territorialchallenges.com\/es\/wp-json\/wp\/v2\/posts\/124002\/revisions\/124004"}],"wp:featuredmedia":[{"embeddable":true,"href":"https:\/\/territorialchallenges.com\/es\/wp-json\/wp\/v2\/media\/124006"}],"wp:attachment":[{"href":"https:\/\/territorialchallenges.com\/es\/wp-json\/wp\/v2\/media?parent=124002"}],"wp:term":[{"taxonomy":"category","embeddable":true,"href":"https:\/\/territorialchallenges.com\/es\/wp-json\/wp\/v2\/categories?post=124002"},{"taxonomy":"post_tag","embeddable":true,"href":"https:\/\/territorialchallenges.com\/es\/wp-json\/wp\/v2\/tags?post=124002"}],"curies":[{"name":"gracias","href":"https:\/\/api.w.org\/{rel}","templated":true}]}}