{"id":123971,"date":"2025-02-19T10:00:24","date_gmt":"2025-02-19T09:00:24","guid":{"rendered":"https:\/\/territorialchallenges.com\/?p=123971"},"modified":"2025-02-19T10:00:24","modified_gmt":"2025-02-19T09:00:24","slug":"numerique-les-collectivites-europeennes-face-au-tournant-des-relations-transatlantiques","status":"publish","type":"post","link":"https:\/\/territorialchallenges.com\/es\/2025\/02\/19\/numerique-les-collectivites-europeennes-face-au-tournant-des-relations-transatlantiques\/123971\/","title":{"rendered":"Digital: Las comunidades europeas se enfrentan a un punto de inflexi\u00f3n en las relaciones transatl\u00e1nticas"},"content":{"rendered":"<p>La Uni\u00f3n Europea (UE) se encuentra en una encrucijada cr\u00edtica ante los crecientes desaf\u00edos digitales, exacerbados por el trumpismo y la creciente influencia de las GAFA. La decisi\u00f3n de la UE de abandonar la Directiva sobre Responsabilidad de la IA, tras el discurso antirregulaci\u00f3n del vicepresidente estadounidense J.D. Vance, plantea interrogantes sobre la soberan\u00eda... <\/p>\n<div class=\"pmpro_content_message\">Art\u00edculo disponible s\u00f3lo para suscriptores.<br \/><a href=\"https:\/\/territorialchallenges.com\/wp-login.php\">Acceso<\/a><br \/><a href=\"https:\/\/territorialchallenges.com\/es\/wp-login.php\/?action=register\">Registro<\/a><\/div>","protected":false},"excerpt":{"rendered":"<p>L&rsquo;Union Europ\u00e9enne (UE) se trouve \u00e0 un carrefour critique face \u00e0 la mont\u00e9e des d\u00e9fis num\u00e9riques, exacerb\u00e9s par le trumpisme et l&rsquo;influence croissante des GAFA. La d\u00e9cision de l&rsquo;UE de renoncer \u00e0 la directive sur la responsabilit\u00e9 de l&rsquo;IA, au lendemain du discours anti-r\u00e9glementation du vice-pr\u00e9sident am\u00e9ricain JD Vance, soul\u00e8ve des questions sur la souverainet\u00e9... <\/p>\n<div class=\"pmpro_content_message\">Art\u00edculo disponible s\u00f3lo para suscriptores.<br \/><a href=\"https:\/\/territorialchallenges.com\/wp-login.php\">Acceso<\/a><br \/><a href=\"https:\/\/territorialchallenges.com\/es\/wp-login.php\/?action=register\">Registro<\/a><\/div>","protected":false},"author":11,"featured_media":123972,"comment_status":"closed","ping_status":"closed","sticky":true,"template":"","format":"standard","meta":{"pmpro_default_level":0,"footnotes":""},"categories":[130,117],"tags":[],"blocksy_meta":"","yoast_head":"<!-- This site is optimized with the Yoast SEO plugin v21.5 - https:\/\/yoast.com\/wordpress\/plugins\/seo\/ -->\n<title>Num\u00e9rique: les collectivit\u00e9s europ\u00e9ennes face au tournant des relations transatlantiques - Territorial Challenges<\/title>\n<meta name=\"robots\" content=\"index, follow, max-snippet:-1, max-image-preview:large, max-video-preview:-1\" \/>\n<link rel=\"canonical\" href=\"https:\/\/territorialchallenges.com\/es\/2025\/02\/19\/numerique-les-collectivites-europeennes-face-au-tournant-des-relations-transatlantiques\/123971\/\" \/>\n<meta property=\"og:locale\" content=\"es_ES\" \/>\n<meta property=\"og:type\" content=\"article\" \/>\n<meta property=\"og:title\" content=\"Num\u00e9rique: les collectivit\u00e9s europ\u00e9ennes face au tournant des relations transatlantiques - Territorial Challenges\" \/>\n<meta property=\"og:description\" content=\"L&rsquo;Union Europ\u00e9enne (UE) se trouve \u00e0 un carrefour critique face \u00e0 la mont\u00e9e des d\u00e9fis num\u00e9riques, exacerb\u00e9s par le trumpisme et l&rsquo;influence croissante des GAFA. La d\u00e9cision de l&rsquo;UE de renoncer \u00e0 la directive sur la responsabilit\u00e9 de l&rsquo;IA, au lendemain du discours anti-r\u00e9glementation du vice-pr\u00e9sident am\u00e9ricain JD Vance, soul\u00e8ve des questions sur la souverainet\u00e9 [&hellip;]\" \/>\n<meta property=\"og:url\" content=\"https:\/\/territorialchallenges.com\/es\/2025\/02\/19\/numerique-les-collectivites-europeennes-face-au-tournant-des-relations-transatlantiques\/123971\/\" \/>\n<meta property=\"og:site_name\" content=\"Territorial Challenges\" \/>\n<meta property=\"article:published_time\" content=\"2025-02-19T09:00:24+00:00\" \/>\n<meta property=\"og:image\" content=\"https:\/\/territorialchallenges.com\/wp-content\/uploads\/2025\/02\/reflexionfaiteImage-1.jpg\" \/>\n\t<meta property=\"og:image:width\" content=\"1280\" \/>\n\t<meta property=\"og:image:height\" content=\"948\" \/>\n\t<meta property=\"og:image:type\" content=\"image\/jpeg\" \/>\n<meta name=\"author\" content=\"ni.abdi\" \/>\n<meta name=\"twitter:card\" content=\"summary_large_image\" \/>\n<meta name=\"twitter:creator\" content=\"@Ni.abdi\" \/>\n<meta name=\"twitter:label1\" content=\"Escrito por\" \/>\n\t<meta name=\"twitter:data1\" content=\"ni.abdi\" \/>\n\t<meta name=\"twitter:label2\" content=\"Tiempo de lectura\" \/>\n\t<meta name=\"twitter:data2\" content=\"4 minutos\" \/>\n<script type=\"application\/ld+json\" class=\"yoast-schema-graph\">{\"@context\":\"https:\/\/schema.org\",\"@graph\":[{\"@type\":\"Article\",\"@id\":\"https:\/\/territorialchallenges.com\/2025\/02\/19\/numerique-les-collectivites-europeennes-face-au-tournant-des-relations-transatlantiques\/123971\/#article\",\"isPartOf\":{\"@id\":\"https:\/\/territorialchallenges.com\/2025\/02\/19\/numerique-les-collectivites-europeennes-face-au-tournant-des-relations-transatlantiques\/123971\/\"},\"author\":{\"name\":\"ni.abdi\",\"@id\":\"https:\/\/territorialchallenges.com\/#\/schema\/person\/098f145c7c61a021c425e010f840080f\"},\"headline\":\"Num\u00e9rique: les collectivit\u00e9s europ\u00e9ennes face au tournant des relations transatlantiques\",\"datePublished\":\"2025-02-19T09:00:24+00:00\",\"dateModified\":\"2025-02-19T09:00:24+00:00\",\"mainEntityOfPage\":{\"@id\":\"https:\/\/territorialchallenges.com\/2025\/02\/19\/numerique-les-collectivites-europeennes-face-au-tournant-des-relations-transatlantiques\/123971\/\"},\"wordCount\":730,\"publisher\":{\"@id\":\"https:\/\/territorialchallenges.com\/#organization\"},\"articleSection\":[\"R\u00e9flexion faite\",\"\u00c9cosyst\u00e8me\"],\"inLanguage\":\"es\"},{\"@type\":\"WebPage\",\"@id\":\"https:\/\/territorialchallenges.com\/2025\/02\/19\/numerique-les-collectivites-europeennes-face-au-tournant-des-relations-transatlantiques\/123971\/\",\"url\":\"https:\/\/territorialchallenges.com\/2025\/02\/19\/numerique-les-collectivites-europeennes-face-au-tournant-des-relations-transatlantiques\/123971\/\",\"name\":\"Num\u00e9rique: les collectivit\u00e9s europ\u00e9ennes face au tournant des relations transatlantiques - Territorial Challenges\",\"isPartOf\":{\"@id\":\"https:\/\/territorialchallenges.com\/#website\"},\"datePublished\":\"2025-02-19T09:00:24+00:00\",\"dateModified\":\"2025-02-19T09:00:24+00:00\",\"breadcrumb\":{\"@id\":\"https:\/\/territorialchallenges.com\/2025\/02\/19\/numerique-les-collectivites-europeennes-face-au-tournant-des-relations-transatlantiques\/123971\/#breadcrumb\"},\"inLanguage\":\"es\",\"potentialAction\":[{\"@type\":\"ReadAction\",\"target\":[\"https:\/\/territorialchallenges.com\/2025\/02\/19\/numerique-les-collectivites-europeennes-face-au-tournant-des-relations-transatlantiques\/123971\/\"]}]},{\"@type\":\"BreadcrumbList\",\"@id\":\"https:\/\/territorialchallenges.com\/2025\/02\/19\/numerique-les-collectivites-europeennes-face-au-tournant-des-relations-transatlantiques\/123971\/#breadcrumb\",\"itemListElement\":[{\"@type\":\"ListItem\",\"position\":1,\"name\":\"Home\",\"item\":\"https:\/\/territorialchallenges.com\/\"},{\"@type\":\"ListItem\",\"position\":2,\"name\":\"Num\u00e9rique: les collectivit\u00e9s europ\u00e9ennes face au tournant des relations transatlantiques\"}]},{\"@type\":\"WebSite\",\"@id\":\"https:\/\/territorialchallenges.com\/#website\",\"url\":\"https:\/\/territorialchallenges.com\/\",\"name\":\"Territorial Challenges\",\"description\":\"Veille Internationale - Strat\u00e9gie Intelligentes - Bonnes pratiques\",\"publisher\":{\"@id\":\"https:\/\/territorialchallenges.com\/#organization\"},\"potentialAction\":[{\"@type\":\"SearchAction\",\"target\":{\"@type\":\"EntryPoint\",\"urlTemplate\":\"https:\/\/territorialchallenges.com\/?s={search_term_string}\"},\"query-input\":\"required name=search_term_string\"}],\"inLanguage\":\"es\"},{\"@type\":\"Organization\",\"@id\":\"https:\/\/territorialchallenges.com\/#organization\",\"name\":\"Territorial Challenges\",\"url\":\"https:\/\/territorialchallenges.com\/\",\"logo\":{\"@type\":\"ImageObject\",\"inLanguage\":\"es\",\"@id\":\"https:\/\/territorialchallenges.com\/#\/schema\/logo\/image\/\",\"url\":\"https:\/\/territorialchallenges.com\/wp-content\/uploads\/2023\/10\/logo-1.png\",\"contentUrl\":\"https:\/\/territorialchallenges.com\/wp-content\/uploads\/2023\/10\/logo-1.png\",\"width\":1832,\"height\":576,\"caption\":\"Territorial Challenges\"},\"image\":{\"@id\":\"https:\/\/territorialchallenges.com\/#\/schema\/logo\/image\/\"}},{\"@type\":\"Person\",\"@id\":\"https:\/\/territorialchallenges.com\/#\/schema\/person\/098f145c7c61a021c425e010f840080f\",\"name\":\"ni.abdi\",\"image\":{\"@type\":\"ImageObject\",\"inLanguage\":\"es\",\"@id\":\"https:\/\/territorialchallenges.com\/#\/schema\/person\/image\/\",\"url\":\"https:\/\/secure.gravatar.com\/avatar\/2a2f2491f3c80039986ba989b1e4b510?s=96&d=identicon&r=g\",\"contentUrl\":\"https:\/\/secure.gravatar.com\/avatar\/2a2f2491f3c80039986ba989b1e4b510?s=96&d=identicon&r=g\",\"caption\":\"ni.abdi\"},\"sameAs\":[\"https:\/\/twitter.com\/Ni.abdi\"],\"url\":\"https:\/\/territorialchallenges.com\/es\/author\/ni-abdi\/\"}]}<\/script>\n<!-- \/ Yoast SEO plugin. -->","yoast_head_json":{"title":"Num\u00e9rique: les collectivit\u00e9s europ\u00e9ennes face au tournant des relations transatlantiques - Territorial Challenges","robots":{"index":"index","follow":"follow","max-snippet":"max-snippet:-1","max-image-preview":"max-image-preview:large","max-video-preview":"max-video-preview:-1"},"canonical":"https:\/\/territorialchallenges.com\/es\/2025\/02\/19\/numerique-les-collectivites-europeennes-face-au-tournant-des-relations-transatlantiques\/123971\/","og_locale":"es_ES","og_type":"article","og_title":"Num\u00e9rique: les collectivit\u00e9s europ\u00e9ennes face au tournant des relations transatlantiques - Territorial Challenges","og_description":"L&rsquo;Union Europ\u00e9enne (UE) se trouve \u00e0 un carrefour critique face \u00e0 la mont\u00e9e des d\u00e9fis num\u00e9riques, exacerb\u00e9s par le trumpisme et l&rsquo;influence croissante des GAFA. La d\u00e9cision de l&rsquo;UE de renoncer \u00e0 la directive sur la responsabilit\u00e9 de l&rsquo;IA, au lendemain du discours anti-r\u00e9glementation du vice-pr\u00e9sident am\u00e9ricain JD Vance, soul\u00e8ve des questions sur la souverainet\u00e9 [&hellip;]","og_url":"https:\/\/territorialchallenges.com\/es\/2025\/02\/19\/numerique-les-collectivites-europeennes-face-au-tournant-des-relations-transatlantiques\/123971\/","og_site_name":"Territorial Challenges","article_published_time":"2025-02-19T09:00:24+00:00","og_image":[{"width":1280,"height":948,"url":"https:\/\/territorialchallenges.com\/wp-content\/uploads\/2025\/02\/reflexionfaiteImage-1.jpg","type":"image\/jpeg"}],"author":"ni.abdi","twitter_card":"summary_large_image","twitter_creator":"@Ni.abdi","twitter_misc":{"Escrito por":"ni.abdi","Tiempo de lectura":"4 minutos"},"schema":{"@context":"https:\/\/schema.org","@graph":[{"@type":"Article","@id":"https:\/\/territorialchallenges.com\/2025\/02\/19\/numerique-les-collectivites-europeennes-face-au-tournant-des-relations-transatlantiques\/123971\/#article","isPartOf":{"@id":"https:\/\/territorialchallenges.com\/2025\/02\/19\/numerique-les-collectivites-europeennes-face-au-tournant-des-relations-transatlantiques\/123971\/"},"author":{"name":"ni.abdi","@id":"https:\/\/territorialchallenges.com\/#\/schema\/person\/098f145c7c61a021c425e010f840080f"},"headline":"Num\u00e9rique: les collectivit\u00e9s europ\u00e9ennes face au tournant des relations transatlantiques","datePublished":"2025-02-19T09:00:24+00:00","dateModified":"2025-02-19T09:00:24+00:00","mainEntityOfPage":{"@id":"https:\/\/territorialchallenges.com\/2025\/02\/19\/numerique-les-collectivites-europeennes-face-au-tournant-des-relations-transatlantiques\/123971\/"},"wordCount":730,"publisher":{"@id":"https:\/\/territorialchallenges.com\/#organization"},"articleSection":["R\u00e9flexion faite","\u00c9cosyst\u00e8me"],"inLanguage":"es"},{"@type":"WebPage","@id":"https:\/\/territorialchallenges.com\/2025\/02\/19\/numerique-les-collectivites-europeennes-face-au-tournant-des-relations-transatlantiques\/123971\/","url":"https:\/\/territorialchallenges.com\/2025\/02\/19\/numerique-les-collectivites-europeennes-face-au-tournant-des-relations-transatlantiques\/123971\/","name":"Num\u00e9rique: les collectivit\u00e9s europ\u00e9ennes face au tournant des relations transatlantiques - Territorial Challenges","isPartOf":{"@id":"https:\/\/territorialchallenges.com\/#website"},"datePublished":"2025-02-19T09:00:24+00:00","dateModified":"2025-02-19T09:00:24+00:00","breadcrumb":{"@id":"https:\/\/territorialchallenges.com\/2025\/02\/19\/numerique-les-collectivites-europeennes-face-au-tournant-des-relations-transatlantiques\/123971\/#breadcrumb"},"inLanguage":"es","potentialAction":[{"@type":"ReadAction","target":["https:\/\/territorialchallenges.com\/2025\/02\/19\/numerique-les-collectivites-europeennes-face-au-tournant-des-relations-transatlantiques\/123971\/"]}]},{"@type":"BreadcrumbList","@id":"https:\/\/territorialchallenges.com\/2025\/02\/19\/numerique-les-collectivites-europeennes-face-au-tournant-des-relations-transatlantiques\/123971\/#breadcrumb","itemListElement":[{"@type":"ListItem","position":1,"name":"Home","item":"https:\/\/territorialchallenges.com\/"},{"@type":"ListItem","position":2,"name":"Num\u00e9rique: les collectivit\u00e9s europ\u00e9ennes face au tournant des relations transatlantiques"}]},{"@type":"WebSite","@id":"https:\/\/territorialchallenges.com\/#website","url":"https:\/\/territorialchallenges.com\/","name":"Desaf\u00edos territoriales","description":"Monitoreo Internacional - Estrategias Inteligentes - Mejores Pr\u00e1cticas","publisher":{"@id":"https:\/\/territorialchallenges.com\/#organization"},"potentialAction":[{"@type":"SearchAction","target":{"@type":"EntryPoint","urlTemplate":"https:\/\/territorialchallenges.com\/?s={search_term_string}"},"query-input":"required name=search_term_string"}],"inLanguage":"es"},{"@type":"Organization","@id":"https:\/\/territorialchallenges.com\/#organization","name":"Desaf\u00edos territoriales","url":"https:\/\/territorialchallenges.com\/","logo":{"@type":"ImageObject","inLanguage":"es","@id":"https:\/\/territorialchallenges.com\/#\/schema\/logo\/image\/","url":"https:\/\/territorialchallenges.com\/wp-content\/uploads\/2023\/10\/logo-1.png","contentUrl":"https:\/\/territorialchallenges.com\/wp-content\/uploads\/2023\/10\/logo-1.png","width":1832,"height":576,"caption":"Territorial Challenges"},"image":{"@id":"https:\/\/territorialchallenges.com\/#\/schema\/logo\/image\/"}},{"@type":"Person","@id":"https:\/\/territorialchallenges.com\/#\/schema\/person\/098f145c7c61a021c425e010f840080f","name":"ni.abdi","image":{"@type":"ImageObject","inLanguage":"es","@id":"https:\/\/territorialchallenges.com\/#\/schema\/person\/image\/","url":"https:\/\/secure.gravatar.com\/avatar\/2a2f2491f3c80039986ba989b1e4b510?s=96&d=identicon&r=g","contentUrl":"https:\/\/secure.gravatar.com\/avatar\/2a2f2491f3c80039986ba989b1e4b510?s=96&d=identicon&r=g","caption":"ni.abdi"},"sameAs":["https:\/\/twitter.com\/Ni.abdi"],"url":"https:\/\/territorialchallenges.com\/es\/author\/ni-abdi\/"}]}},"_links":{"self":[{"href":"https:\/\/territorialchallenges.com\/es\/wp-json\/wp\/v2\/posts\/123971"}],"collection":[{"href":"https:\/\/territorialchallenges.com\/es\/wp-json\/wp\/v2\/posts"}],"about":[{"href":"https:\/\/territorialchallenges.com\/es\/wp-json\/wp\/v2\/types\/post"}],"author":[{"embeddable":true,"href":"https:\/\/territorialchallenges.com\/es\/wp-json\/wp\/v2\/users\/11"}],"replies":[{"embeddable":true,"href":"https:\/\/territorialchallenges.com\/es\/wp-json\/wp\/v2\/comments?post=123971"}],"version-history":[{"count":1,"href":"https:\/\/territorialchallenges.com\/es\/wp-json\/wp\/v2\/posts\/123971\/revisions"}],"predecessor-version":[{"id":123973,"href":"https:\/\/territorialchallenges.com\/es\/wp-json\/wp\/v2\/posts\/123971\/revisions\/123973"}],"wp:featuredmedia":[{"embeddable":true,"href":"https:\/\/territorialchallenges.com\/es\/wp-json\/wp\/v2\/media\/123972"}],"wp:attachment":[{"href":"https:\/\/territorialchallenges.com\/es\/wp-json\/wp\/v2\/media?parent=123971"}],"wp:term":[{"taxonomy":"category","embeddable":true,"href":"https:\/\/territorialchallenges.com\/es\/wp-json\/wp\/v2\/categories?post=123971"},{"taxonomy":"post_tag","embeddable":true,"href":"https:\/\/territorialchallenges.com\/es\/wp-json\/wp\/v2\/tags?post=123971"}],"curies":[{"name":"gracias","href":"https:\/\/api.w.org\/{rel}","templated":true}]}}