{"id":123922,"date":"2025-02-12T09:15:32","date_gmt":"2025-02-12T08:15:32","guid":{"rendered":"https:\/\/territorialchallenges.com\/?p=123922"},"modified":"2025-02-12T10:00:50","modified_gmt":"2025-02-12T09:00:50","slug":"les-technologies-intelligentes-moteur-de-lindustrie-6-0-et-au-dela","status":"publish","type":"post","link":"https:\/\/territorialchallenges.com\/es\/2025\/02\/12\/les-technologies-intelligentes-moteur-de-lindustrie-6-0-et-au-dela\/123922\/","title":{"rendered":"Tecnolog\u00edas inteligentes: impulsando la Industria 6.0 y m\u00e1s all\u00e1"},"content":{"rendered":"<p>La Industria 6.0 marca la llegada de sistemas inteligentes totalmente aut\u00f3nomos, que revolucionan la log\u00edstica, las infraestructuras cr\u00edticas y los modelos industriales. Lejos de ser una simple evoluci\u00f3n tecnol\u00f3gica, esta transformaci\u00f3n requiere una renovaci\u00f3n de estrategias y habilidades para garantizar una integraci\u00f3n fluida y segura. Si bien algunas empresas a\u00fan integran los principios de la Industria 4.0, basados en\u2026 <\/p>\n<div class=\"pmpro_content_message\">Art\u00edculo disponible s\u00f3lo para suscriptores.<br \/><a href=\"https:\/\/territorialchallenges.com\/wp-login.php\">Acceso<\/a><br \/><a href=\"https:\/\/territorialchallenges.com\/es\/wp-login.php\/?action=register\">Registro<\/a><\/div>","protected":false},"excerpt":{"rendered":"<p>L&rsquo;industrie 6.0 marque l&rsquo;av\u00e8nement de syst\u00e8mes intelligents totalement autonomes, r\u00e9volutionnant la logistique, les infrastructures critiques et les mod\u00e8les industriels. Loin d&rsquo;\u00eatre une simple \u00e9volution technologique, cette transformation impose une refonte des strat\u00e9gies et des comp\u00e9tences pour garantir une int\u00e9gration harmonieuse et s\u00e9curis\u00e9e. Alors que certaines entreprises int\u00e8grent encore les principes de l&rsquo;industrie 4.0, bas\u00e9e sur... <\/p>\n<div class=\"pmpro_content_message\">Art\u00edculo disponible s\u00f3lo para suscriptores.<br \/><a href=\"https:\/\/territorialchallenges.com\/wp-login.php\">Acceso<\/a><br \/><a href=\"https:\/\/territorialchallenges.com\/es\/wp-login.php\/?action=register\">Registro<\/a><\/div>","protected":false},"author":11,"featured_media":123940,"comment_status":"closed","ping_status":"closed","sticky":true,"template":"","format":"standard","meta":{"pmpro_default_level":0,"footnotes":""},"categories":[17,124],"tags":[],"blocksy_meta":"","yoast_head":"<!-- This site is optimized with the Yoast SEO plugin v21.5 - https:\/\/yoast.com\/wordpress\/plugins\/seo\/ -->\n<title>Les technologies intelligentes : moteur de l&#039;industrie 6.0 et au-del\u00e0 - Territorial Challenges<\/title>\n<meta name=\"robots\" content=\"index, follow, max-snippet:-1, max-image-preview:large, max-video-preview:-1\" \/>\n<link rel=\"canonical\" href=\"https:\/\/territorialchallenges.com\/es\/2025\/02\/12\/les-technologies-intelligentes-moteur-de-lindustrie-6-0-et-au-dela\/123922\/\" \/>\n<meta property=\"og:locale\" content=\"es_ES\" \/>\n<meta property=\"og:type\" content=\"article\" \/>\n<meta property=\"og:title\" content=\"Les technologies intelligentes : moteur de l&#039;industrie 6.0 et au-del\u00e0 - Territorial Challenges\" \/>\n<meta property=\"og:description\" content=\"L&rsquo;industrie 6.0 marque l&rsquo;av\u00e8nement de syst\u00e8mes intelligents totalement autonomes, r\u00e9volutionnant la logistique, les infrastructures critiques et les mod\u00e8les industriels. Loin d&rsquo;\u00eatre une simple \u00e9volution technologique, cette transformation impose une refonte des strat\u00e9gies et des comp\u00e9tences pour garantir une int\u00e9gration harmonieuse et s\u00e9curis\u00e9e. Alors que certaines entreprises int\u00e8grent encore les principes de l&rsquo;industrie 4.0, bas\u00e9e sur [&hellip;]\" \/>\n<meta property=\"og:url\" content=\"https:\/\/territorialchallenges.com\/es\/2025\/02\/12\/les-technologies-intelligentes-moteur-de-lindustrie-6-0-et-au-dela\/123922\/\" \/>\n<meta property=\"og:site_name\" content=\"Territorial Challenges\" \/>\n<meta property=\"article:published_time\" content=\"2025-02-12T08:15:32+00:00\" \/>\n<meta property=\"article:modified_time\" content=\"2025-02-12T09:00:50+00:00\" \/>\n<meta property=\"og:image\" content=\"https:\/\/territorialchallenges.com\/wp-content\/uploads\/2025\/02\/industryImage11.02.25.jpg\" \/>\n\t<meta property=\"og:image:width\" content=\"1280\" \/>\n\t<meta property=\"og:image:height\" content=\"853\" \/>\n\t<meta property=\"og:image:type\" content=\"image\/jpeg\" \/>\n<meta name=\"author\" content=\"ni.abdi\" \/>\n<meta name=\"twitter:card\" content=\"summary_large_image\" \/>\n<meta name=\"twitter:creator\" content=\"@Ni.abdi\" \/>\n<meta name=\"twitter:label1\" content=\"Escrito por\" \/>\n\t<meta name=\"twitter:data1\" content=\"ni.abdi\" \/>\n\t<meta name=\"twitter:label2\" content=\"Tiempo de lectura\" \/>\n\t<meta name=\"twitter:data2\" content=\"3 minutos\" \/>\n<script type=\"application\/ld+json\" class=\"yoast-schema-graph\">{\"@context\":\"https:\/\/schema.org\",\"@graph\":[{\"@type\":\"Article\",\"@id\":\"https:\/\/territorialchallenges.com\/2025\/02\/12\/les-technologies-intelligentes-moteur-de-lindustrie-6-0-et-au-dela\/123922\/#article\",\"isPartOf\":{\"@id\":\"https:\/\/territorialchallenges.com\/2025\/02\/12\/les-technologies-intelligentes-moteur-de-lindustrie-6-0-et-au-dela\/123922\/\"},\"author\":{\"name\":\"ni.abdi\",\"@id\":\"https:\/\/territorialchallenges.com\/#\/schema\/person\/098f145c7c61a021c425e010f840080f\"},\"headline\":\"Les technologies intelligentes : moteur de l&rsquo;industrie 6.0 et au-del\u00e0\",\"datePublished\":\"2025-02-12T08:15:32+00:00\",\"dateModified\":\"2025-02-12T09:00:50+00:00\",\"mainEntityOfPage\":{\"@id\":\"https:\/\/territorialchallenges.com\/2025\/02\/12\/les-technologies-intelligentes-moteur-de-lindustrie-6-0-et-au-dela\/123922\/\"},\"wordCount\":543,\"publisher\":{\"@id\":\"https:\/\/territorialchallenges.com\/#organization\"},\"articleSection\":[\"Industrie 5.0\",\"Actualit\u00e9 internationale\"],\"inLanguage\":\"es\"},{\"@type\":\"WebPage\",\"@id\":\"https:\/\/territorialchallenges.com\/2025\/02\/12\/les-technologies-intelligentes-moteur-de-lindustrie-6-0-et-au-dela\/123922\/\",\"url\":\"https:\/\/territorialchallenges.com\/2025\/02\/12\/les-technologies-intelligentes-moteur-de-lindustrie-6-0-et-au-dela\/123922\/\",\"name\":\"Les technologies intelligentes : moteur de l'industrie 6.0 et au-del\u00e0 - Territorial Challenges\",\"isPartOf\":{\"@id\":\"https:\/\/territorialchallenges.com\/#website\"},\"datePublished\":\"2025-02-12T08:15:32+00:00\",\"dateModified\":\"2025-02-12T09:00:50+00:00\",\"breadcrumb\":{\"@id\":\"https:\/\/territorialchallenges.com\/2025\/02\/12\/les-technologies-intelligentes-moteur-de-lindustrie-6-0-et-au-dela\/123922\/#breadcrumb\"},\"inLanguage\":\"es\",\"potentialAction\":[{\"@type\":\"ReadAction\",\"target\":[\"https:\/\/territorialchallenges.com\/2025\/02\/12\/les-technologies-intelligentes-moteur-de-lindustrie-6-0-et-au-dela\/123922\/\"]}]},{\"@type\":\"BreadcrumbList\",\"@id\":\"https:\/\/territorialchallenges.com\/2025\/02\/12\/les-technologies-intelligentes-moteur-de-lindustrie-6-0-et-au-dela\/123922\/#breadcrumb\",\"itemListElement\":[{\"@type\":\"ListItem\",\"position\":1,\"name\":\"Home\",\"item\":\"https:\/\/territorialchallenges.com\/\"},{\"@type\":\"ListItem\",\"position\":2,\"name\":\"Les technologies intelligentes : moteur de l&rsquo;industrie 6.0 et au-del\u00e0\"}]},{\"@type\":\"WebSite\",\"@id\":\"https:\/\/territorialchallenges.com\/#website\",\"url\":\"https:\/\/territorialchallenges.com\/\",\"name\":\"Territorial Challenges\",\"description\":\"Veille Internationale - Strat\u00e9gie Intelligentes - Bonnes pratiques\",\"publisher\":{\"@id\":\"https:\/\/territorialchallenges.com\/#organization\"},\"potentialAction\":[{\"@type\":\"SearchAction\",\"target\":{\"@type\":\"EntryPoint\",\"urlTemplate\":\"https:\/\/territorialchallenges.com\/?s={search_term_string}\"},\"query-input\":\"required name=search_term_string\"}],\"inLanguage\":\"es\"},{\"@type\":\"Organization\",\"@id\":\"https:\/\/territorialchallenges.com\/#organization\",\"name\":\"Territorial Challenges\",\"url\":\"https:\/\/territorialchallenges.com\/\",\"logo\":{\"@type\":\"ImageObject\",\"inLanguage\":\"es\",\"@id\":\"https:\/\/territorialchallenges.com\/#\/schema\/logo\/image\/\",\"url\":\"https:\/\/territorialchallenges.com\/wp-content\/uploads\/2023\/10\/logo-1.png\",\"contentUrl\":\"https:\/\/territorialchallenges.com\/wp-content\/uploads\/2023\/10\/logo-1.png\",\"width\":1832,\"height\":576,\"caption\":\"Territorial Challenges\"},\"image\":{\"@id\":\"https:\/\/territorialchallenges.com\/#\/schema\/logo\/image\/\"}},{\"@type\":\"Person\",\"@id\":\"https:\/\/territorialchallenges.com\/#\/schema\/person\/098f145c7c61a021c425e010f840080f\",\"name\":\"ni.abdi\",\"image\":{\"@type\":\"ImageObject\",\"inLanguage\":\"es\",\"@id\":\"https:\/\/territorialchallenges.com\/#\/schema\/person\/image\/\",\"url\":\"https:\/\/secure.gravatar.com\/avatar\/2a2f2491f3c80039986ba989b1e4b510?s=96&d=identicon&r=g\",\"contentUrl\":\"https:\/\/secure.gravatar.com\/avatar\/2a2f2491f3c80039986ba989b1e4b510?s=96&d=identicon&r=g\",\"caption\":\"ni.abdi\"},\"sameAs\":[\"https:\/\/twitter.com\/Ni.abdi\"],\"url\":\"https:\/\/territorialchallenges.com\/es\/author\/ni-abdi\/\"}]}<\/script>\n<!-- \/ Yoast SEO plugin. -->","yoast_head_json":{"title":"Les technologies intelligentes : moteur de l'industrie 6.0 et au-del\u00e0 - Territorial Challenges","robots":{"index":"index","follow":"follow","max-snippet":"max-snippet:-1","max-image-preview":"max-image-preview:large","max-video-preview":"max-video-preview:-1"},"canonical":"https:\/\/territorialchallenges.com\/es\/2025\/02\/12\/les-technologies-intelligentes-moteur-de-lindustrie-6-0-et-au-dela\/123922\/","og_locale":"es_ES","og_type":"article","og_title":"Les technologies intelligentes : moteur de l'industrie 6.0 et au-del\u00e0 - Territorial Challenges","og_description":"L&rsquo;industrie 6.0 marque l&rsquo;av\u00e8nement de syst\u00e8mes intelligents totalement autonomes, r\u00e9volutionnant la logistique, les infrastructures critiques et les mod\u00e8les industriels. Loin d&rsquo;\u00eatre une simple \u00e9volution technologique, cette transformation impose une refonte des strat\u00e9gies et des comp\u00e9tences pour garantir une int\u00e9gration harmonieuse et s\u00e9curis\u00e9e. Alors que certaines entreprises int\u00e8grent encore les principes de l&rsquo;industrie 4.0, bas\u00e9e sur [&hellip;]","og_url":"https:\/\/territorialchallenges.com\/es\/2025\/02\/12\/les-technologies-intelligentes-moteur-de-lindustrie-6-0-et-au-dela\/123922\/","og_site_name":"Territorial Challenges","article_published_time":"2025-02-12T08:15:32+00:00","article_modified_time":"2025-02-12T09:00:50+00:00","og_image":[{"width":1280,"height":853,"url":"https:\/\/territorialchallenges.com\/wp-content\/uploads\/2025\/02\/industryImage11.02.25.jpg","type":"image\/jpeg"}],"author":"ni.abdi","twitter_card":"summary_large_image","twitter_creator":"@Ni.abdi","twitter_misc":{"Escrito por":"ni.abdi","Tiempo de lectura":"3 minutos"},"schema":{"@context":"https:\/\/schema.org","@graph":[{"@type":"Article","@id":"https:\/\/territorialchallenges.com\/2025\/02\/12\/les-technologies-intelligentes-moteur-de-lindustrie-6-0-et-au-dela\/123922\/#article","isPartOf":{"@id":"https:\/\/territorialchallenges.com\/2025\/02\/12\/les-technologies-intelligentes-moteur-de-lindustrie-6-0-et-au-dela\/123922\/"},"author":{"name":"ni.abdi","@id":"https:\/\/territorialchallenges.com\/#\/schema\/person\/098f145c7c61a021c425e010f840080f"},"headline":"Les technologies intelligentes : moteur de l&rsquo;industrie 6.0 et au-del\u00e0","datePublished":"2025-02-12T08:15:32+00:00","dateModified":"2025-02-12T09:00:50+00:00","mainEntityOfPage":{"@id":"https:\/\/territorialchallenges.com\/2025\/02\/12\/les-technologies-intelligentes-moteur-de-lindustrie-6-0-et-au-dela\/123922\/"},"wordCount":543,"publisher":{"@id":"https:\/\/territorialchallenges.com\/#organization"},"articleSection":["Industrie 5.0","Actualit\u00e9 internationale"],"inLanguage":"es"},{"@type":"WebPage","@id":"https:\/\/territorialchallenges.com\/2025\/02\/12\/les-technologies-intelligentes-moteur-de-lindustrie-6-0-et-au-dela\/123922\/","url":"https:\/\/territorialchallenges.com\/2025\/02\/12\/les-technologies-intelligentes-moteur-de-lindustrie-6-0-et-au-dela\/123922\/","name":"Les technologies intelligentes : moteur de l'industrie 6.0 et au-del\u00e0 - Territorial Challenges","isPartOf":{"@id":"https:\/\/territorialchallenges.com\/#website"},"datePublished":"2025-02-12T08:15:32+00:00","dateModified":"2025-02-12T09:00:50+00:00","breadcrumb":{"@id":"https:\/\/territorialchallenges.com\/2025\/02\/12\/les-technologies-intelligentes-moteur-de-lindustrie-6-0-et-au-dela\/123922\/#breadcrumb"},"inLanguage":"es","potentialAction":[{"@type":"ReadAction","target":["https:\/\/territorialchallenges.com\/2025\/02\/12\/les-technologies-intelligentes-moteur-de-lindustrie-6-0-et-au-dela\/123922\/"]}]},{"@type":"BreadcrumbList","@id":"https:\/\/territorialchallenges.com\/2025\/02\/12\/les-technologies-intelligentes-moteur-de-lindustrie-6-0-et-au-dela\/123922\/#breadcrumb","itemListElement":[{"@type":"ListItem","position":1,"name":"Home","item":"https:\/\/territorialchallenges.com\/"},{"@type":"ListItem","position":2,"name":"Les technologies intelligentes : moteur de l&rsquo;industrie 6.0 et au-del\u00e0"}]},{"@type":"WebSite","@id":"https:\/\/territorialchallenges.com\/#website","url":"https:\/\/territorialchallenges.com\/","name":"Desaf\u00edos territoriales","description":"Monitoreo Internacional - Estrategias Inteligentes - Mejores Pr\u00e1cticas","publisher":{"@id":"https:\/\/territorialchallenges.com\/#organization"},"potentialAction":[{"@type":"SearchAction","target":{"@type":"EntryPoint","urlTemplate":"https:\/\/territorialchallenges.com\/?s={search_term_string}"},"query-input":"required name=search_term_string"}],"inLanguage":"es"},{"@type":"Organization","@id":"https:\/\/territorialchallenges.com\/#organization","name":"Desaf\u00edos territoriales","url":"https:\/\/territorialchallenges.com\/","logo":{"@type":"ImageObject","inLanguage":"es","@id":"https:\/\/territorialchallenges.com\/#\/schema\/logo\/image\/","url":"https:\/\/territorialchallenges.com\/wp-content\/uploads\/2023\/10\/logo-1.png","contentUrl":"https:\/\/territorialchallenges.com\/wp-content\/uploads\/2023\/10\/logo-1.png","width":1832,"height":576,"caption":"Territorial Challenges"},"image":{"@id":"https:\/\/territorialchallenges.com\/#\/schema\/logo\/image\/"}},{"@type":"Person","@id":"https:\/\/territorialchallenges.com\/#\/schema\/person\/098f145c7c61a021c425e010f840080f","name":"ni.abdi","image":{"@type":"ImageObject","inLanguage":"es","@id":"https:\/\/territorialchallenges.com\/#\/schema\/person\/image\/","url":"https:\/\/secure.gravatar.com\/avatar\/2a2f2491f3c80039986ba989b1e4b510?s=96&d=identicon&r=g","contentUrl":"https:\/\/secure.gravatar.com\/avatar\/2a2f2491f3c80039986ba989b1e4b510?s=96&d=identicon&r=g","caption":"ni.abdi"},"sameAs":["https:\/\/twitter.com\/Ni.abdi"],"url":"https:\/\/territorialchallenges.com\/es\/author\/ni-abdi\/"}]}},"_links":{"self":[{"href":"https:\/\/territorialchallenges.com\/es\/wp-json\/wp\/v2\/posts\/123922"}],"collection":[{"href":"https:\/\/territorialchallenges.com\/es\/wp-json\/wp\/v2\/posts"}],"about":[{"href":"https:\/\/territorialchallenges.com\/es\/wp-json\/wp\/v2\/types\/post"}],"author":[{"embeddable":true,"href":"https:\/\/territorialchallenges.com\/es\/wp-json\/wp\/v2\/users\/11"}],"replies":[{"embeddable":true,"href":"https:\/\/territorialchallenges.com\/es\/wp-json\/wp\/v2\/comments?post=123922"}],"version-history":[{"count":1,"href":"https:\/\/territorialchallenges.com\/es\/wp-json\/wp\/v2\/posts\/123922\/revisions"}],"predecessor-version":[{"id":123924,"href":"https:\/\/territorialchallenges.com\/es\/wp-json\/wp\/v2\/posts\/123922\/revisions\/123924"}],"wp:featuredmedia":[{"embeddable":true,"href":"https:\/\/territorialchallenges.com\/es\/wp-json\/wp\/v2\/media\/123940"}],"wp:attachment":[{"href":"https:\/\/territorialchallenges.com\/es\/wp-json\/wp\/v2\/media?parent=123922"}],"wp:term":[{"taxonomy":"category","embeddable":true,"href":"https:\/\/territorialchallenges.com\/es\/wp-json\/wp\/v2\/categories?post=123922"},{"taxonomy":"post_tag","embeddable":true,"href":"https:\/\/territorialchallenges.com\/es\/wp-json\/wp\/v2\/tags?post=123922"}],"curies":[{"name":"gracias","href":"https:\/\/api.w.org\/{rel}","templated":true}]}}